{"id":1065,"date":"2026-04-25T23:07:48","date_gmt":"2026-04-26T02:07:48","guid":{"rendered":"https:\/\/portalincluir.com.br\/?p=1065"},"modified":"2026-04-25T23:07:48","modified_gmt":"2026-04-26T02:07:48","slug":"bahia-oficializa-libras-como-meio-legal-de-comunicacao-e-amplia-direitos-da-comunidade-surda","status":"publish","type":"post","link":"https:\/\/portalincluir.com.br\/index.php\/2026\/04\/25\/bahia-oficializa-libras-como-meio-legal-de-comunicacao-e-amplia-direitos-da-comunidade-surda\/","title":{"rendered":"Bahia oficializa Libras como meio legal de comunica\u00e7\u00e3o e amplia direitos da comunidade surda"},"content":{"rendered":"\n<p>O governador Jer\u00f4nimo Rodrigues sancionou uma nova lei que reconhece a L\u00edngua Brasileira de Sinais (Libras) como meio oficial de comunica\u00e7\u00e3o no estado da Bahia. A medida consolida avan\u00e7os na garantia de direitos da comunidade surda e fortalece a pol\u00edtica de acessibilidade em servi\u00e7os p\u00fablicos.<\/p>\n\n\n\n<p>A legisla\u00e7\u00e3o estabelece que a Libras passa a ter reconhecimento institucional como sistema lingu\u00edstico leg\u00edtimo para express\u00e3o e comunica\u00e7\u00e3o, ampliando sua presen\u00e7a em \u00f3rg\u00e3os governamentais e no atendimento \u00e0 popula\u00e7\u00e3o. Na pr\u00e1tica, o texto cria respaldo legal para que o idioma seja incorporado de forma mais estruturada em \u00e1reas como sa\u00fade, educa\u00e7\u00e3o e reparti\u00e7\u00f5es administrativas.<\/p>\n\n\n\n<p>A san\u00e7\u00e3o ocorreu durante agenda oficial no munic\u00edpio de Brumado, no sudoeste baiano. A escolha do local refor\u00e7a a interioriza\u00e7\u00e3o de a\u00e7\u00f5es voltadas \u00e0 inclus\u00e3o, descentralizando iniciativas que historicamente se concentravam na capital.<\/p>\n\n\n\n<p>Com a nova lei, o governo estadual passa a ter diretrizes mais claras para ampliar a oferta de int\u00e9rpretes de Libras, investir na forma\u00e7\u00e3o de servidores p\u00fablicos e desenvolver pol\u00edticas permanentes de acessibilidade comunicacional. A expectativa \u00e9 de que a medida contribua para reduzir barreiras enfrentadas por pessoas surdas no acesso a servi\u00e7os essenciais.<\/p>\n\n\n\n<p>Al\u00e9m do impacto direto na rotina da popula\u00e7\u00e3o, a iniciativa tamb\u00e9m representa um reconhecimento da Libras como elemento central da identidade cultural da comunidade surda. Especialistas apontam que medidas desse tipo fortalecem n\u00e3o apenas a inclus\u00e3o social, mas tamb\u00e9m a valoriza\u00e7\u00e3o da diversidade lingu\u00edstica no pa\u00eds.<\/p>\n\n\n\n<p>A nova legisla\u00e7\u00e3o alinha a Bahia a diretrizes nacionais de acessibilidade e amplia o debate sobre o direito \u00e0 comunica\u00e7\u00e3o como pilar fundamental da cidadania.<\/p>\n","protected":false},"excerpt":{"rendered":"<p>O governador Jer\u00f4nimo Rodrigues sancionou uma nova lei que reconhece a L\u00edngua Brasileira de Sinais<\/p>\n","protected":false},"author":1,"featured_media":1067,"comment_status":"open","ping_status":"open","sticky":false,"template":"","format":"standard","meta":{"om_disable_all_campaigns":false,"_monsterinsights_skip_tracking":false,"_monsterinsights_sitenote_active":false,"_monsterinsights_sitenote_note":"","_monsterinsights_sitenote_category":0,"_uf_show_specific_survey":0,"_uf_disable_surveys":false,"footnotes":""},"categories":[15,9],"tags":[],"class_list":["post-1065","post","type-post","status-publish","format-standard","has-post-thumbnail","hentry","category-deficiencia-visual","category-noticias"],"yoast_head":"<!-- This site is optimized with the Yoast SEO plugin v27.4 - https:\/\/yoast.com\/product\/yoast-seo-wordpress\/ -->\n<title>Bahia oficializa Libras como meio legal de comunica\u00e7\u00e3o e amplia direitos da comunidade surda - PORTAL INCLUIR<\/title>\n<meta name=\"robots\" content=\"index, follow, max-snippet:-1, max-image-preview:large, max-video-preview:-1\" \/>\n<link rel=\"canonical\" href=\"https:\/\/portalincluir.com.br\/index.php\/2026\/04\/25\/bahia-oficializa-libras-como-meio-legal-de-comunicacao-e-amplia-direitos-da-comunidade-surda\/\" \/>\n<meta property=\"og:locale\" content=\"pt_BR\" \/>\n<meta property=\"og:type\" content=\"article\" \/>\n<meta property=\"og:title\" content=\"Bahia oficializa Libras como meio legal de comunica\u00e7\u00e3o e amplia direitos da comunidade surda - PORTAL INCLUIR\" \/>\n<meta property=\"og:description\" content=\"O governador Jer\u00f4nimo Rodrigues sancionou uma nova lei que reconhece a L\u00edngua Brasileira de Sinais\" \/>\n<meta property=\"og:url\" content=\"https:\/\/portalincluir.com.br\/index.php\/2026\/04\/25\/bahia-oficializa-libras-como-meio-legal-de-comunicacao-e-amplia-direitos-da-comunidade-surda\/\" \/>\n<meta property=\"og:site_name\" content=\"PORTAL INCLUIR\" \/>\n<meta property=\"article:published_time\" content=\"2026-04-26T02:07:48+00:00\" \/>\n<meta property=\"og:image\" content=\"https:\/\/portalincluir.com.br\/wp-content\/uploads\/2026\/04\/libras.jpg\" \/>\n\t<meta property=\"og:image:width\" content=\"1672\" \/>\n\t<meta property=\"og:image:height\" content=\"941\" \/>\n\t<meta property=\"og:image:type\" content=\"image\/jpeg\" \/>\n<meta name=\"author\" content=\"Portal Incluir\" \/>\n<meta name=\"twitter:card\" content=\"summary_large_image\" \/>\n<meta name=\"twitter:label1\" content=\"Escrito por\" \/>\n\t<meta name=\"twitter:data1\" content=\"Portal Incluir\" \/>\n\t<meta name=\"twitter:label2\" content=\"Est. tempo de leitura\" \/>\n\t<meta name=\"twitter:data2\" content=\"2 minutos\" \/>\n<script type=\"application\/ld+json\" class=\"yoast-schema-graph\">{\"@context\":\"https:\\\/\\\/schema.org\",\"@graph\":[{\"@type\":[\"Article\",\"BlogPosting\"],\"@id\":\"https:\\\/\\\/portalincluir.com.br\\\/index.php\\\/2026\\\/04\\\/25\\\/bahia-oficializa-libras-como-meio-legal-de-comunicacao-e-amplia-direitos-da-comunidade-surda\\\/#article\",\"isPartOf\":{\"@id\":\"https:\\\/\\\/portalincluir.com.br\\\/index.php\\\/2026\\\/04\\\/25\\\/bahia-oficializa-libras-como-meio-legal-de-comunicacao-e-amplia-direitos-da-comunidade-surda\\\/\"},\"author\":{\"name\":\"Portal Incluir\",\"@id\":\"https:\\\/\\\/portalincluir.com.br\\\/#\\\/schema\\\/person\\\/8823664e5902eee555607fb75c4c35ae\"},\"headline\":\"Bahia oficializa Libras como meio legal de comunica\u00e7\u00e3o e amplia direitos da comunidade surda\",\"datePublished\":\"2026-04-26T02:07:48+00:00\",\"mainEntityOfPage\":{\"@id\":\"https:\\\/\\\/portalincluir.com.br\\\/index.php\\\/2026\\\/04\\\/25\\\/bahia-oficializa-libras-como-meio-legal-de-comunicacao-e-amplia-direitos-da-comunidade-surda\\\/\"},\"wordCount\":310,\"commentCount\":0,\"image\":{\"@id\":\"https:\\\/\\\/portalincluir.com.br\\\/index.php\\\/2026\\\/04\\\/25\\\/bahia-oficializa-libras-como-meio-legal-de-comunicacao-e-amplia-direitos-da-comunidade-surda\\\/#primaryimage\"},\"thumbnailUrl\":\"https:\\\/\\\/portalincluir.com.br\\\/wp-content\\\/uploads\\\/2026\\\/04\\\/libras.jpg\",\"articleSection\":[\"Defici\u00eancia Visual\",\"Not\u00edcias\"],\"inLanguage\":\"pt-BR\",\"potentialAction\":[{\"@type\":\"CommentAction\",\"name\":\"Comment\",\"target\":[\"https:\\\/\\\/portalincluir.com.br\\\/index.php\\\/2026\\\/04\\\/25\\\/bahia-oficializa-libras-como-meio-legal-de-comunicacao-e-amplia-direitos-da-comunidade-surda\\\/#respond\"]}]},{\"@type\":\"WebPage\",\"@id\":\"https:\\\/\\\/portalincluir.com.br\\\/index.php\\\/2026\\\/04\\\/25\\\/bahia-oficializa-libras-como-meio-legal-de-comunicacao-e-amplia-direitos-da-comunidade-surda\\\/\",\"url\":\"https:\\\/\\\/portalincluir.com.br\\\/index.php\\\/2026\\\/04\\\/25\\\/bahia-oficializa-libras-como-meio-legal-de-comunicacao-e-amplia-direitos-da-comunidade-surda\\\/\",\"name\":\"Bahia oficializa Libras como meio legal de comunica\u00e7\u00e3o e amplia direitos da comunidade surda - PORTAL INCLUIR\",\"isPartOf\":{\"@id\":\"https:\\\/\\\/portalincluir.com.br\\\/#website\"},\"primaryImageOfPage\":{\"@id\":\"https:\\\/\\\/portalincluir.com.br\\\/index.php\\\/2026\\\/04\\\/25\\\/bahia-oficializa-libras-como-meio-legal-de-comunicacao-e-amplia-direitos-da-comunidade-surda\\\/#primaryimage\"},\"image\":{\"@id\":\"https:\\\/\\\/portalincluir.com.br\\\/index.php\\\/2026\\\/04\\\/25\\\/bahia-oficializa-libras-como-meio-legal-de-comunicacao-e-amplia-direitos-da-comunidade-surda\\\/#primaryimage\"},\"thumbnailUrl\":\"https:\\\/\\\/portalincluir.com.br\\\/wp-content\\\/uploads\\\/2026\\\/04\\\/libras.jpg\",\"datePublished\":\"2026-04-26T02:07:48+00:00\",\"author\":{\"@id\":\"https:\\\/\\\/portalincluir.com.br\\\/#\\\/schema\\\/person\\\/8823664e5902eee555607fb75c4c35ae\"},\"breadcrumb\":{\"@id\":\"https:\\\/\\\/portalincluir.com.br\\\/index.php\\\/2026\\\/04\\\/25\\\/bahia-oficializa-libras-como-meio-legal-de-comunicacao-e-amplia-direitos-da-comunidade-surda\\\/#breadcrumb\"},\"inLanguage\":\"pt-BR\",\"potentialAction\":[{\"@type\":\"ReadAction\",\"target\":[\"https:\\\/\\\/portalincluir.com.br\\\/index.php\\\/2026\\\/04\\\/25\\\/bahia-oficializa-libras-como-meio-legal-de-comunicacao-e-amplia-direitos-da-comunidade-surda\\\/\"]}]},{\"@type\":\"ImageObject\",\"inLanguage\":\"pt-BR\",\"@id\":\"https:\\\/\\\/portalincluir.com.br\\\/index.php\\\/2026\\\/04\\\/25\\\/bahia-oficializa-libras-como-meio-legal-de-comunicacao-e-amplia-direitos-da-comunidade-surda\\\/#primaryimage\",\"url\":\"https:\\\/\\\/portalincluir.com.br\\\/wp-content\\\/uploads\\\/2026\\\/04\\\/libras.jpg\",\"contentUrl\":\"https:\\\/\\\/portalincluir.com.br\\\/wp-content\\\/uploads\\\/2026\\\/04\\\/libras.jpg\",\"width\":1672,\"height\":941},{\"@type\":\"BreadcrumbList\",\"@id\":\"https:\\\/\\\/portalincluir.com.br\\\/index.php\\\/2026\\\/04\\\/25\\\/bahia-oficializa-libras-como-meio-legal-de-comunicacao-e-amplia-direitos-da-comunidade-surda\\\/#breadcrumb\",\"itemListElement\":[{\"@type\":\"ListItem\",\"position\":1,\"name\":\"In\u00edcio\",\"item\":\"https:\\\/\\\/portalincluir.com.br\\\/\"},{\"@type\":\"ListItem\",\"position\":2,\"name\":\"Bahia oficializa Libras como meio legal de comunica\u00e7\u00e3o e amplia direitos da comunidade surda\"}]},{\"@type\":\"WebSite\",\"@id\":\"https:\\\/\\\/portalincluir.com.br\\\/#website\",\"url\":\"https:\\\/\\\/portalincluir.com.br\\\/\",\"name\":\"PORTAL INCLUIR\",\"description\":\"\",\"potentialAction\":[{\"@type\":\"SearchAction\",\"target\":{\"@type\":\"EntryPoint\",\"urlTemplate\":\"https:\\\/\\\/portalincluir.com.br\\\/?s={search_term_string}\"},\"query-input\":{\"@type\":\"PropertyValueSpecification\",\"valueRequired\":true,\"valueName\":\"search_term_string\"}}],\"inLanguage\":\"pt-BR\"},{\"@type\":\"Person\",\"@id\":\"https:\\\/\\\/portalincluir.com.br\\\/#\\\/schema\\\/person\\\/8823664e5902eee555607fb75c4c35ae\",\"name\":\"Portal Incluir\",\"image\":{\"@type\":\"ImageObject\",\"inLanguage\":\"pt-BR\",\"@id\":\"https:\\\/\\\/secure.gravatar.com\\\/avatar\\\/12085fe17e70c3550551519fe1f8f51fae69b1748563a47fc3bea53d91fbcbbd?s=96&d=mm&r=g\",\"url\":\"https:\\\/\\\/secure.gravatar.com\\\/avatar\\\/12085fe17e70c3550551519fe1f8f51fae69b1748563a47fc3bea53d91fbcbbd?s=96&d=mm&r=g\",\"contentUrl\":\"https:\\\/\\\/secure.gravatar.com\\\/avatar\\\/12085fe17e70c3550551519fe1f8f51fae69b1748563a47fc3bea53d91fbcbbd?s=96&d=mm&r=g\",\"caption\":\"Portal Incluir\"},\"sameAs\":[\"http:\\\/\\\/portalincluir.com.br\"],\"url\":\"https:\\\/\\\/portalincluir.com.br\\\/index.php\\\/author\\\/portalincluir-com-br\\\/\"}]}<\/script>\n<!-- \/ Yoast SEO plugin. -->","yoast_head_json":{"title":"Bahia oficializa Libras como meio legal de comunica\u00e7\u00e3o e amplia direitos da comunidade surda - PORTAL INCLUIR","robots":{"index":"index","follow":"follow","max-snippet":"max-snippet:-1","max-image-preview":"max-image-preview:large","max-video-preview":"max-video-preview:-1"},"canonical":"https:\/\/portalincluir.com.br\/index.php\/2026\/04\/25\/bahia-oficializa-libras-como-meio-legal-de-comunicacao-e-amplia-direitos-da-comunidade-surda\/","og_locale":"pt_BR","og_type":"article","og_title":"Bahia oficializa Libras como meio legal de comunica\u00e7\u00e3o e amplia direitos da comunidade surda - PORTAL INCLUIR","og_description":"O governador Jer\u00f4nimo Rodrigues sancionou uma nova lei que reconhece a L\u00edngua Brasileira de Sinais","og_url":"https:\/\/portalincluir.com.br\/index.php\/2026\/04\/25\/bahia-oficializa-libras-como-meio-legal-de-comunicacao-e-amplia-direitos-da-comunidade-surda\/","og_site_name":"PORTAL INCLUIR","article_published_time":"2026-04-26T02:07:48+00:00","og_image":[{"width":1672,"height":941,"url":"https:\/\/portalincluir.com.br\/wp-content\/uploads\/2026\/04\/libras.jpg","type":"image\/jpeg"}],"author":"Portal Incluir","twitter_card":"summary_large_image","twitter_misc":{"Escrito por":"Portal Incluir","Est. tempo de leitura":"2 minutos"},"schema":{"@context":"https:\/\/schema.org","@graph":[{"@type":["Article","BlogPosting"],"@id":"https:\/\/portalincluir.com.br\/index.php\/2026\/04\/25\/bahia-oficializa-libras-como-meio-legal-de-comunicacao-e-amplia-direitos-da-comunidade-surda\/#article","isPartOf":{"@id":"https:\/\/portalincluir.com.br\/index.php\/2026\/04\/25\/bahia-oficializa-libras-como-meio-legal-de-comunicacao-e-amplia-direitos-da-comunidade-surda\/"},"author":{"name":"Portal Incluir","@id":"https:\/\/portalincluir.com.br\/#\/schema\/person\/8823664e5902eee555607fb75c4c35ae"},"headline":"Bahia oficializa Libras como meio legal de comunica\u00e7\u00e3o e amplia direitos da comunidade surda","datePublished":"2026-04-26T02:07:48+00:00","mainEntityOfPage":{"@id":"https:\/\/portalincluir.com.br\/index.php\/2026\/04\/25\/bahia-oficializa-libras-como-meio-legal-de-comunicacao-e-amplia-direitos-da-comunidade-surda\/"},"wordCount":310,"commentCount":0,"image":{"@id":"https:\/\/portalincluir.com.br\/index.php\/2026\/04\/25\/bahia-oficializa-libras-como-meio-legal-de-comunicacao-e-amplia-direitos-da-comunidade-surda\/#primaryimage"},"thumbnailUrl":"https:\/\/portalincluir.com.br\/wp-content\/uploads\/2026\/04\/libras.jpg","articleSection":["Defici\u00eancia Visual","Not\u00edcias"],"inLanguage":"pt-BR","potentialAction":[{"@type":"CommentAction","name":"Comment","target":["https:\/\/portalincluir.com.br\/index.php\/2026\/04\/25\/bahia-oficializa-libras-como-meio-legal-de-comunicacao-e-amplia-direitos-da-comunidade-surda\/#respond"]}]},{"@type":"WebPage","@id":"https:\/\/portalincluir.com.br\/index.php\/2026\/04\/25\/bahia-oficializa-libras-como-meio-legal-de-comunicacao-e-amplia-direitos-da-comunidade-surda\/","url":"https:\/\/portalincluir.com.br\/index.php\/2026\/04\/25\/bahia-oficializa-libras-como-meio-legal-de-comunicacao-e-amplia-direitos-da-comunidade-surda\/","name":"Bahia oficializa Libras como meio legal de comunica\u00e7\u00e3o e amplia direitos da comunidade surda - PORTAL INCLUIR","isPartOf":{"@id":"https:\/\/portalincluir.com.br\/#website"},"primaryImageOfPage":{"@id":"https:\/\/portalincluir.com.br\/index.php\/2026\/04\/25\/bahia-oficializa-libras-como-meio-legal-de-comunicacao-e-amplia-direitos-da-comunidade-surda\/#primaryimage"},"image":{"@id":"https:\/\/portalincluir.com.br\/index.php\/2026\/04\/25\/bahia-oficializa-libras-como-meio-legal-de-comunicacao-e-amplia-direitos-da-comunidade-surda\/#primaryimage"},"thumbnailUrl":"https:\/\/portalincluir.com.br\/wp-content\/uploads\/2026\/04\/libras.jpg","datePublished":"2026-04-26T02:07:48+00:00","author":{"@id":"https:\/\/portalincluir.com.br\/#\/schema\/person\/8823664e5902eee555607fb75c4c35ae"},"breadcrumb":{"@id":"https:\/\/portalincluir.com.br\/index.php\/2026\/04\/25\/bahia-oficializa-libras-como-meio-legal-de-comunicacao-e-amplia-direitos-da-comunidade-surda\/#breadcrumb"},"inLanguage":"pt-BR","potentialAction":[{"@type":"ReadAction","target":["https:\/\/portalincluir.com.br\/index.php\/2026\/04\/25\/bahia-oficializa-libras-como-meio-legal-de-comunicacao-e-amplia-direitos-da-comunidade-surda\/"]}]},{"@type":"ImageObject","inLanguage":"pt-BR","@id":"https:\/\/portalincluir.com.br\/index.php\/2026\/04\/25\/bahia-oficializa-libras-como-meio-legal-de-comunicacao-e-amplia-direitos-da-comunidade-surda\/#primaryimage","url":"https:\/\/portalincluir.com.br\/wp-content\/uploads\/2026\/04\/libras.jpg","contentUrl":"https:\/\/portalincluir.com.br\/wp-content\/uploads\/2026\/04\/libras.jpg","width":1672,"height":941},{"@type":"BreadcrumbList","@id":"https:\/\/portalincluir.com.br\/index.php\/2026\/04\/25\/bahia-oficializa-libras-como-meio-legal-de-comunicacao-e-amplia-direitos-da-comunidade-surda\/#breadcrumb","itemListElement":[{"@type":"ListItem","position":1,"name":"In\u00edcio","item":"https:\/\/portalincluir.com.br\/"},{"@type":"ListItem","position":2,"name":"Bahia oficializa Libras como meio legal de comunica\u00e7\u00e3o e amplia direitos da comunidade surda"}]},{"@type":"WebSite","@id":"https:\/\/portalincluir.com.br\/#website","url":"https:\/\/portalincluir.com.br\/","name":"PORTAL INCLUIR","description":"","potentialAction":[{"@type":"SearchAction","target":{"@type":"EntryPoint","urlTemplate":"https:\/\/portalincluir.com.br\/?s={search_term_string}"},"query-input":{"@type":"PropertyValueSpecification","valueRequired":true,"valueName":"search_term_string"}}],"inLanguage":"pt-BR"},{"@type":"Person","@id":"https:\/\/portalincluir.com.br\/#\/schema\/person\/8823664e5902eee555607fb75c4c35ae","name":"Portal Incluir","image":{"@type":"ImageObject","inLanguage":"pt-BR","@id":"https:\/\/secure.gravatar.com\/avatar\/12085fe17e70c3550551519fe1f8f51fae69b1748563a47fc3bea53d91fbcbbd?s=96&d=mm&r=g","url":"https:\/\/secure.gravatar.com\/avatar\/12085fe17e70c3550551519fe1f8f51fae69b1748563a47fc3bea53d91fbcbbd?s=96&d=mm&r=g","contentUrl":"https:\/\/secure.gravatar.com\/avatar\/12085fe17e70c3550551519fe1f8f51fae69b1748563a47fc3bea53d91fbcbbd?s=96&d=mm&r=g","caption":"Portal Incluir"},"sameAs":["http:\/\/portalincluir.com.br"],"url":"https:\/\/portalincluir.com.br\/index.php\/author\/portalincluir-com-br\/"}]}},"_links":{"self":[{"href":"https:\/\/portalincluir.com.br\/index.php\/wp-json\/wp\/v2\/posts\/1065","targetHints":{"allow":["GET"]}}],"collection":[{"href":"https:\/\/portalincluir.com.br\/index.php\/wp-json\/wp\/v2\/posts"}],"about":[{"href":"https:\/\/portalincluir.com.br\/index.php\/wp-json\/wp\/v2\/types\/post"}],"author":[{"embeddable":true,"href":"https:\/\/portalincluir.com.br\/index.php\/wp-json\/wp\/v2\/users\/1"}],"replies":[{"embeddable":true,"href":"https:\/\/portalincluir.com.br\/index.php\/wp-json\/wp\/v2\/comments?post=1065"}],"version-history":[{"count":1,"href":"https:\/\/portalincluir.com.br\/index.php\/wp-json\/wp\/v2\/posts\/1065\/revisions"}],"predecessor-version":[{"id":1068,"href":"https:\/\/portalincluir.com.br\/index.php\/wp-json\/wp\/v2\/posts\/1065\/revisions\/1068"}],"wp:featuredmedia":[{"embeddable":true,"href":"https:\/\/portalincluir.com.br\/index.php\/wp-json\/wp\/v2\/media\/1067"}],"wp:attachment":[{"href":"https:\/\/portalincluir.com.br\/index.php\/wp-json\/wp\/v2\/media?parent=1065"}],"wp:term":[{"taxonomy":"category","embeddable":true,"href":"https:\/\/portalincluir.com.br\/index.php\/wp-json\/wp\/v2\/categories?post=1065"},{"taxonomy":"post_tag","embeddable":true,"href":"https:\/\/portalincluir.com.br\/index.php\/wp-json\/wp\/v2\/tags?post=1065"}],"curies":[{"name":"wp","href":"https:\/\/api.w.org\/{rel}","templated":true}]}}