{"id":116,"date":"2024-01-22T20:18:45","date_gmt":"2024-01-22T23:18:45","guid":{"rendered":"https:\/\/portalincluir.com.br\/?p=116"},"modified":"2024-01-22T20:23:50","modified_gmt":"2024-01-22T23:23:50","slug":"quais-os-tipos-de-autismo","status":"publish","type":"post","link":"https:\/\/portalincluir.com.br\/index.php\/2024\/01\/22\/quais-os-tipos-de-autismo\/","title":{"rendered":"Quais os tipos de autismo?"},"content":{"rendered":"\n<p>De acordo com a&nbsp;<strong>CID-11<\/strong>&nbsp;(<em>Classifica\u00e7\u00e3o Internacional de Doen\u00e7as \u2013 11.\u00aa revis\u00e3o)<\/em>, hoje o autismo \u00e9 classificado por n\u00edveis (ou&nbsp;<a href=\"https:\/\/genialcare.com.br\/blog\/graus-de-autismo\/\" target=\"_blank\" rel=\"noreferrer noopener\">graus<\/a>) de 1 a 3, que variam e refletem na necessidade de suporte que uma crian\u00e7a necessita para se desenvolver.<\/p>\n\n\n\n<ul class=\"wp-block-list\">\n<li><strong>N\u00edvel 1:&nbsp;<\/strong>leve&nbsp;\u2013 necessidade de pouco apoio;<\/li>\n\n\n\n<li><strong>N\u00edvel 2:&nbsp;<\/strong>moderado&nbsp;\u2013 necessidade moderada de apoio;<\/li>\n\n\n\n<li><strong>N\u00edvel 3:&nbsp;<\/strong>severo&nbsp;\u2013 muita necessidade de apoio substancial<\/li>\n<\/ul>\n\n\n\n<!--more-->\n\n\n\n<p>Vale lembrar que autismo leve, moderado ou severo, s\u00e3o terminologias que fazem parte de uma linguagem coloquial, para assim facilitar o entendimento das pessoas cuidadoras, e tornar acess\u00edvel \u00e0 informa\u00e7\u00e3o para diferentes n\u00edveis de jornada e conhecimento.<\/p>\n\n\n\n<p>A CID-11, \u00e9 um manual organizado pela Organiza\u00e7\u00e3o Mundial da Sa\u00fade (OMS), que tem como objetivo&nbsp;<strong>oferecer uma linguagem comum para que profissionais da sa\u00fade de especialidades e pa\u00edses diferentes possam se comunicar sobre transtornos, doen\u00e7as, les\u00f5es e causas de mortalidade<\/strong>. Nele constam informa\u00e7\u00f5es diagn\u00f3sticas do Transtorno do Espectro do Autismo (TEA).<\/p>\n\n\n\n<h3 class=\"wp-block-heading\">CID-10<\/h3>\n\n\n\n<p>Antes de ser reestruturada, a CID-11 tamb\u00e9m apresentava em sua classifica\u00e7\u00e3o os&nbsp;<strong>tipos de autismo<\/strong>. Em sua 10\u00aa edi\u00e7\u00e3o, a anterior CID-10 (<em>Classifica\u00e7\u00e3o Internacional de Doen\u00e7as \u2013 10a revis\u00e3o<\/em>), o autismo se encontrava na classifica\u00e7\u00e3o dos Transtornos Globais do Desenvolvimento (F84).<\/p>\n\n\n\n<p>Dessa forma, era poss\u00edvel que uma pessoa fosse diagnosticada com:<\/p>\n\n\n\n<ul class=\"wp-block-list\">\n<li><strong>F84.0<\/strong>&nbsp;\u2013&nbsp;Autismo infantil<\/li>\n\n\n\n<li><strong>F84.1<\/strong>&nbsp;\u2013 Autismo at\u00edpico<\/li>\n\n\n\n<li><strong>F84.2<\/strong>&nbsp;\u2013 S\u00edndrome de Rett<\/li>\n\n\n\n<li><strong>F84.3<\/strong>&nbsp;\u2013 Outro transtorno desintegrativo da inf\u00e2ncia<\/li>\n\n\n\n<li><strong>F84.4<\/strong>&nbsp;\u2013 Transtorno de hipercinesia associada a retardo mental e a movimentos estereotipados<\/li>\n\n\n\n<li><strong>F84.5<\/strong>&nbsp;\u2013&nbsp;S\u00edndrome de Asperger<\/li>\n\n\n\n<li><strong>F84.8<\/strong>&nbsp;\u2013 Outros transtornos globais do desenvolvimento<\/li>\n\n\n\n<li><strong>F84.9<\/strong>&nbsp;\u2013 Transtornos globais n\u00e3o especificados do desenvolvimento<\/li>\n<\/ul>\n\n\n\n<p>Com a mudan\u00e7a, o TEA passou a ser classificado de acordo com a necessidade de suporte de cada pessoa e a gravidade dos sintomas.<\/p>\n\n\n\n<p>\u00c9 importante lembrar que a necessidade de suporte varia conforme as diferentes idades e tamb\u00e9m situa\u00e7\u00f5es em que a crian\u00e7a est\u00e1 inserida, como, por exemplo, quando a fam\u00edlia recebeu o diagn\u00f3stico, quando iniciou as terapias com os profissionais indicados e at\u00e9 mesmo quando a crian\u00e7a passou a apresentar os&nbsp;<strong>sinais de autismo<\/strong>.<\/p>\n\n\n\n<p>Fonte:&nbsp;<a href=\"https:\/\/genialcare.com.br\/blog\/\" target=\"_blank\" rel=\"noreferrer noopener\">Genial Care<\/a><\/p>\n","protected":false},"excerpt":{"rendered":"<p>De acordo com a&nbsp;CID-11&nbsp;(Classifica\u00e7\u00e3o Internacional de Doen\u00e7as \u2013 11.\u00aa revis\u00e3o), hoje o autismo \u00e9 classificado<\/p>\n","protected":false},"author":1,"featured_media":117,"comment_status":"open","ping_status":"open","sticky":false,"template":"","format":"standard","meta":{"om_disable_all_campaigns":false,"_monsterinsights_skip_tracking":false,"_monsterinsights_sitenote_active":false,"_monsterinsights_sitenote_note":"","_monsterinsights_sitenote_category":0,"_uf_show_specific_survey":0,"_uf_disable_surveys":false,"footnotes":""},"categories":[6],"tags":[],"class_list":["post-116","post","type-post","status-publish","format-standard","has-post-thumbnail","hentry","category-autismo"],"yoast_head":"<!-- This site is optimized with the Yoast SEO plugin v27.4 - https:\/\/yoast.com\/product\/yoast-seo-wordpress\/ -->\n<title>Quais os tipos de autismo? - PORTAL INCLUIR<\/title>\n<meta name=\"robots\" content=\"index, follow, max-snippet:-1, max-image-preview:large, max-video-preview:-1\" \/>\n<link rel=\"canonical\" href=\"https:\/\/portalincluir.com.br\/index.php\/2024\/01\/22\/quais-os-tipos-de-autismo\/\" \/>\n<meta property=\"og:locale\" content=\"pt_BR\" \/>\n<meta property=\"og:type\" content=\"article\" \/>\n<meta property=\"og:title\" content=\"Quais os tipos de autismo? - PORTAL INCLUIR\" \/>\n<meta property=\"og:description\" content=\"De acordo com a&nbsp;CID-11&nbsp;(Classifica\u00e7\u00e3o Internacional de Doen\u00e7as \u2013 11.\u00aa revis\u00e3o), hoje o autismo \u00e9 classificado\" \/>\n<meta property=\"og:url\" content=\"https:\/\/portalincluir.com.br\/index.php\/2024\/01\/22\/quais-os-tipos-de-autismo\/\" \/>\n<meta property=\"og:site_name\" content=\"PORTAL INCLUIR\" \/>\n<meta property=\"article:published_time\" content=\"2024-01-22T23:18:45+00:00\" \/>\n<meta property=\"article:modified_time\" content=\"2024-01-22T23:23:50+00:00\" \/>\n<meta property=\"og:image\" content=\"https:\/\/portalincluir.com.br\/wp-content\/uploads\/2024\/01\/peca-do-quebra-cabeca-simbolo-do-autismo-1009x10241-1.png\" \/>\n\t<meta property=\"og:image:width\" content=\"1009\" \/>\n\t<meta property=\"og:image:height\" content=\"1024\" \/>\n\t<meta property=\"og:image:type\" content=\"image\/png\" \/>\n<meta name=\"author\" content=\"Portal Incluir\" \/>\n<meta name=\"twitter:card\" content=\"summary_large_image\" \/>\n<meta name=\"twitter:label1\" content=\"Escrito por\" \/>\n\t<meta name=\"twitter:data1\" content=\"Portal Incluir\" \/>\n\t<meta name=\"twitter:label2\" content=\"Est. tempo de leitura\" \/>\n\t<meta name=\"twitter:data2\" content=\"2 minutos\" \/>\n<script type=\"application\/ld+json\" class=\"yoast-schema-graph\">{\"@context\":\"https:\\\/\\\/schema.org\",\"@graph\":[{\"@type\":[\"Article\",\"BlogPosting\"],\"@id\":\"https:\\\/\\\/portalincluir.com.br\\\/index.php\\\/2024\\\/01\\\/22\\\/quais-os-tipos-de-autismo\\\/#article\",\"isPartOf\":{\"@id\":\"https:\\\/\\\/portalincluir.com.br\\\/index.php\\\/2024\\\/01\\\/22\\\/quais-os-tipos-de-autismo\\\/\"},\"author\":{\"name\":\"Portal Incluir\",\"@id\":\"https:\\\/\\\/portalincluir.com.br\\\/#\\\/schema\\\/person\\\/8823664e5902eee555607fb75c4c35ae\"},\"headline\":\"Quais os tipos de autismo?\",\"datePublished\":\"2024-01-22T23:18:45+00:00\",\"dateModified\":\"2024-01-22T23:23:50+00:00\",\"mainEntityOfPage\":{\"@id\":\"https:\\\/\\\/portalincluir.com.br\\\/index.php\\\/2024\\\/01\\\/22\\\/quais-os-tipos-de-autismo\\\/\"},\"wordCount\":382,\"commentCount\":0,\"image\":{\"@id\":\"https:\\\/\\\/portalincluir.com.br\\\/index.php\\\/2024\\\/01\\\/22\\\/quais-os-tipos-de-autismo\\\/#primaryimage\"},\"thumbnailUrl\":\"https:\\\/\\\/portalincluir.com.br\\\/wp-content\\\/uploads\\\/2024\\\/01\\\/peca-do-quebra-cabeca-simbolo-do-autismo-1009x10241-1.png\",\"articleSection\":[\"Autismo\"],\"inLanguage\":\"pt-BR\",\"potentialAction\":[{\"@type\":\"CommentAction\",\"name\":\"Comment\",\"target\":[\"https:\\\/\\\/portalincluir.com.br\\\/index.php\\\/2024\\\/01\\\/22\\\/quais-os-tipos-de-autismo\\\/#respond\"]}]},{\"@type\":\"WebPage\",\"@id\":\"https:\\\/\\\/portalincluir.com.br\\\/index.php\\\/2024\\\/01\\\/22\\\/quais-os-tipos-de-autismo\\\/\",\"url\":\"https:\\\/\\\/portalincluir.com.br\\\/index.php\\\/2024\\\/01\\\/22\\\/quais-os-tipos-de-autismo\\\/\",\"name\":\"Quais os tipos de autismo? - PORTAL INCLUIR\",\"isPartOf\":{\"@id\":\"https:\\\/\\\/portalincluir.com.br\\\/#website\"},\"primaryImageOfPage\":{\"@id\":\"https:\\\/\\\/portalincluir.com.br\\\/index.php\\\/2024\\\/01\\\/22\\\/quais-os-tipos-de-autismo\\\/#primaryimage\"},\"image\":{\"@id\":\"https:\\\/\\\/portalincluir.com.br\\\/index.php\\\/2024\\\/01\\\/22\\\/quais-os-tipos-de-autismo\\\/#primaryimage\"},\"thumbnailUrl\":\"https:\\\/\\\/portalincluir.com.br\\\/wp-content\\\/uploads\\\/2024\\\/01\\\/peca-do-quebra-cabeca-simbolo-do-autismo-1009x10241-1.png\",\"datePublished\":\"2024-01-22T23:18:45+00:00\",\"dateModified\":\"2024-01-22T23:23:50+00:00\",\"author\":{\"@id\":\"https:\\\/\\\/portalincluir.com.br\\\/#\\\/schema\\\/person\\\/8823664e5902eee555607fb75c4c35ae\"},\"breadcrumb\":{\"@id\":\"https:\\\/\\\/portalincluir.com.br\\\/index.php\\\/2024\\\/01\\\/22\\\/quais-os-tipos-de-autismo\\\/#breadcrumb\"},\"inLanguage\":\"pt-BR\",\"potentialAction\":[{\"@type\":\"ReadAction\",\"target\":[\"https:\\\/\\\/portalincluir.com.br\\\/index.php\\\/2024\\\/01\\\/22\\\/quais-os-tipos-de-autismo\\\/\"]}]},{\"@type\":\"ImageObject\",\"inLanguage\":\"pt-BR\",\"@id\":\"https:\\\/\\\/portalincluir.com.br\\\/index.php\\\/2024\\\/01\\\/22\\\/quais-os-tipos-de-autismo\\\/#primaryimage\",\"url\":\"https:\\\/\\\/portalincluir.com.br\\\/wp-content\\\/uploads\\\/2024\\\/01\\\/peca-do-quebra-cabeca-simbolo-do-autismo-1009x10241-1.png\",\"contentUrl\":\"https:\\\/\\\/portalincluir.com.br\\\/wp-content\\\/uploads\\\/2024\\\/01\\\/peca-do-quebra-cabeca-simbolo-do-autismo-1009x10241-1.png\",\"width\":1009,\"height\":1024},{\"@type\":\"BreadcrumbList\",\"@id\":\"https:\\\/\\\/portalincluir.com.br\\\/index.php\\\/2024\\\/01\\\/22\\\/quais-os-tipos-de-autismo\\\/#breadcrumb\",\"itemListElement\":[{\"@type\":\"ListItem\",\"position\":1,\"name\":\"In\u00edcio\",\"item\":\"https:\\\/\\\/portalincluir.com.br\\\/\"},{\"@type\":\"ListItem\",\"position\":2,\"name\":\"Quais os tipos de autismo?\"}]},{\"@type\":\"WebSite\",\"@id\":\"https:\\\/\\\/portalincluir.com.br\\\/#website\",\"url\":\"https:\\\/\\\/portalincluir.com.br\\\/\",\"name\":\"PORTAL INCLUIR\",\"description\":\"\",\"potentialAction\":[{\"@type\":\"SearchAction\",\"target\":{\"@type\":\"EntryPoint\",\"urlTemplate\":\"https:\\\/\\\/portalincluir.com.br\\\/?s={search_term_string}\"},\"query-input\":{\"@type\":\"PropertyValueSpecification\",\"valueRequired\":true,\"valueName\":\"search_term_string\"}}],\"inLanguage\":\"pt-BR\"},{\"@type\":\"Person\",\"@id\":\"https:\\\/\\\/portalincluir.com.br\\\/#\\\/schema\\\/person\\\/8823664e5902eee555607fb75c4c35ae\",\"name\":\"Portal Incluir\",\"image\":{\"@type\":\"ImageObject\",\"inLanguage\":\"pt-BR\",\"@id\":\"https:\\\/\\\/secure.gravatar.com\\\/avatar\\\/12085fe17e70c3550551519fe1f8f51fae69b1748563a47fc3bea53d91fbcbbd?s=96&d=mm&r=g\",\"url\":\"https:\\\/\\\/secure.gravatar.com\\\/avatar\\\/12085fe17e70c3550551519fe1f8f51fae69b1748563a47fc3bea53d91fbcbbd?s=96&d=mm&r=g\",\"contentUrl\":\"https:\\\/\\\/secure.gravatar.com\\\/avatar\\\/12085fe17e70c3550551519fe1f8f51fae69b1748563a47fc3bea53d91fbcbbd?s=96&d=mm&r=g\",\"caption\":\"Portal Incluir\"},\"sameAs\":[\"http:\\\/\\\/portalincluir.com.br\"],\"url\":\"https:\\\/\\\/portalincluir.com.br\\\/index.php\\\/author\\\/portalincluir-com-br\\\/\"}]}<\/script>\n<!-- \/ Yoast SEO plugin. -->","yoast_head_json":{"title":"Quais os tipos de autismo? - PORTAL INCLUIR","robots":{"index":"index","follow":"follow","max-snippet":"max-snippet:-1","max-image-preview":"max-image-preview:large","max-video-preview":"max-video-preview:-1"},"canonical":"https:\/\/portalincluir.com.br\/index.php\/2024\/01\/22\/quais-os-tipos-de-autismo\/","og_locale":"pt_BR","og_type":"article","og_title":"Quais os tipos de autismo? - PORTAL INCLUIR","og_description":"De acordo com a&nbsp;CID-11&nbsp;(Classifica\u00e7\u00e3o Internacional de Doen\u00e7as \u2013 11.\u00aa revis\u00e3o), hoje o autismo \u00e9 classificado","og_url":"https:\/\/portalincluir.com.br\/index.php\/2024\/01\/22\/quais-os-tipos-de-autismo\/","og_site_name":"PORTAL INCLUIR","article_published_time":"2024-01-22T23:18:45+00:00","article_modified_time":"2024-01-22T23:23:50+00:00","og_image":[{"width":1009,"height":1024,"url":"https:\/\/portalincluir.com.br\/wp-content\/uploads\/2024\/01\/peca-do-quebra-cabeca-simbolo-do-autismo-1009x10241-1.png","type":"image\/png"}],"author":"Portal Incluir","twitter_card":"summary_large_image","twitter_misc":{"Escrito por":"Portal Incluir","Est. tempo de leitura":"2 minutos"},"schema":{"@context":"https:\/\/schema.org","@graph":[{"@type":["Article","BlogPosting"],"@id":"https:\/\/portalincluir.com.br\/index.php\/2024\/01\/22\/quais-os-tipos-de-autismo\/#article","isPartOf":{"@id":"https:\/\/portalincluir.com.br\/index.php\/2024\/01\/22\/quais-os-tipos-de-autismo\/"},"author":{"name":"Portal Incluir","@id":"https:\/\/portalincluir.com.br\/#\/schema\/person\/8823664e5902eee555607fb75c4c35ae"},"headline":"Quais os tipos de autismo?","datePublished":"2024-01-22T23:18:45+00:00","dateModified":"2024-01-22T23:23:50+00:00","mainEntityOfPage":{"@id":"https:\/\/portalincluir.com.br\/index.php\/2024\/01\/22\/quais-os-tipos-de-autismo\/"},"wordCount":382,"commentCount":0,"image":{"@id":"https:\/\/portalincluir.com.br\/index.php\/2024\/01\/22\/quais-os-tipos-de-autismo\/#primaryimage"},"thumbnailUrl":"https:\/\/portalincluir.com.br\/wp-content\/uploads\/2024\/01\/peca-do-quebra-cabeca-simbolo-do-autismo-1009x10241-1.png","articleSection":["Autismo"],"inLanguage":"pt-BR","potentialAction":[{"@type":"CommentAction","name":"Comment","target":["https:\/\/portalincluir.com.br\/index.php\/2024\/01\/22\/quais-os-tipos-de-autismo\/#respond"]}]},{"@type":"WebPage","@id":"https:\/\/portalincluir.com.br\/index.php\/2024\/01\/22\/quais-os-tipos-de-autismo\/","url":"https:\/\/portalincluir.com.br\/index.php\/2024\/01\/22\/quais-os-tipos-de-autismo\/","name":"Quais os tipos de autismo? - PORTAL INCLUIR","isPartOf":{"@id":"https:\/\/portalincluir.com.br\/#website"},"primaryImageOfPage":{"@id":"https:\/\/portalincluir.com.br\/index.php\/2024\/01\/22\/quais-os-tipos-de-autismo\/#primaryimage"},"image":{"@id":"https:\/\/portalincluir.com.br\/index.php\/2024\/01\/22\/quais-os-tipos-de-autismo\/#primaryimage"},"thumbnailUrl":"https:\/\/portalincluir.com.br\/wp-content\/uploads\/2024\/01\/peca-do-quebra-cabeca-simbolo-do-autismo-1009x10241-1.png","datePublished":"2024-01-22T23:18:45+00:00","dateModified":"2024-01-22T23:23:50+00:00","author":{"@id":"https:\/\/portalincluir.com.br\/#\/schema\/person\/8823664e5902eee555607fb75c4c35ae"},"breadcrumb":{"@id":"https:\/\/portalincluir.com.br\/index.php\/2024\/01\/22\/quais-os-tipos-de-autismo\/#breadcrumb"},"inLanguage":"pt-BR","potentialAction":[{"@type":"ReadAction","target":["https:\/\/portalincluir.com.br\/index.php\/2024\/01\/22\/quais-os-tipos-de-autismo\/"]}]},{"@type":"ImageObject","inLanguage":"pt-BR","@id":"https:\/\/portalincluir.com.br\/index.php\/2024\/01\/22\/quais-os-tipos-de-autismo\/#primaryimage","url":"https:\/\/portalincluir.com.br\/wp-content\/uploads\/2024\/01\/peca-do-quebra-cabeca-simbolo-do-autismo-1009x10241-1.png","contentUrl":"https:\/\/portalincluir.com.br\/wp-content\/uploads\/2024\/01\/peca-do-quebra-cabeca-simbolo-do-autismo-1009x10241-1.png","width":1009,"height":1024},{"@type":"BreadcrumbList","@id":"https:\/\/portalincluir.com.br\/index.php\/2024\/01\/22\/quais-os-tipos-de-autismo\/#breadcrumb","itemListElement":[{"@type":"ListItem","position":1,"name":"In\u00edcio","item":"https:\/\/portalincluir.com.br\/"},{"@type":"ListItem","position":2,"name":"Quais os tipos de autismo?"}]},{"@type":"WebSite","@id":"https:\/\/portalincluir.com.br\/#website","url":"https:\/\/portalincluir.com.br\/","name":"PORTAL INCLUIR","description":"","potentialAction":[{"@type":"SearchAction","target":{"@type":"EntryPoint","urlTemplate":"https:\/\/portalincluir.com.br\/?s={search_term_string}"},"query-input":{"@type":"PropertyValueSpecification","valueRequired":true,"valueName":"search_term_string"}}],"inLanguage":"pt-BR"},{"@type":"Person","@id":"https:\/\/portalincluir.com.br\/#\/schema\/person\/8823664e5902eee555607fb75c4c35ae","name":"Portal Incluir","image":{"@type":"ImageObject","inLanguage":"pt-BR","@id":"https:\/\/secure.gravatar.com\/avatar\/12085fe17e70c3550551519fe1f8f51fae69b1748563a47fc3bea53d91fbcbbd?s=96&d=mm&r=g","url":"https:\/\/secure.gravatar.com\/avatar\/12085fe17e70c3550551519fe1f8f51fae69b1748563a47fc3bea53d91fbcbbd?s=96&d=mm&r=g","contentUrl":"https:\/\/secure.gravatar.com\/avatar\/12085fe17e70c3550551519fe1f8f51fae69b1748563a47fc3bea53d91fbcbbd?s=96&d=mm&r=g","caption":"Portal Incluir"},"sameAs":["http:\/\/portalincluir.com.br"],"url":"https:\/\/portalincluir.com.br\/index.php\/author\/portalincluir-com-br\/"}]}},"_links":{"self":[{"href":"https:\/\/portalincluir.com.br\/index.php\/wp-json\/wp\/v2\/posts\/116","targetHints":{"allow":["GET"]}}],"collection":[{"href":"https:\/\/portalincluir.com.br\/index.php\/wp-json\/wp\/v2\/posts"}],"about":[{"href":"https:\/\/portalincluir.com.br\/index.php\/wp-json\/wp\/v2\/types\/post"}],"author":[{"embeddable":true,"href":"https:\/\/portalincluir.com.br\/index.php\/wp-json\/wp\/v2\/users\/1"}],"replies":[{"embeddable":true,"href":"https:\/\/portalincluir.com.br\/index.php\/wp-json\/wp\/v2\/comments?post=116"}],"version-history":[{"count":4,"href":"https:\/\/portalincluir.com.br\/index.php\/wp-json\/wp\/v2\/posts\/116\/revisions"}],"predecessor-version":[{"id":125,"href":"https:\/\/portalincluir.com.br\/index.php\/wp-json\/wp\/v2\/posts\/116\/revisions\/125"}],"wp:featuredmedia":[{"embeddable":true,"href":"https:\/\/portalincluir.com.br\/index.php\/wp-json\/wp\/v2\/media\/117"}],"wp:attachment":[{"href":"https:\/\/portalincluir.com.br\/index.php\/wp-json\/wp\/v2\/media?parent=116"}],"wp:term":[{"taxonomy":"category","embeddable":true,"href":"https:\/\/portalincluir.com.br\/index.php\/wp-json\/wp\/v2\/categories?post=116"},{"taxonomy":"post_tag","embeddable":true,"href":"https:\/\/portalincluir.com.br\/index.php\/wp-json\/wp\/v2\/tags?post=116"}],"curies":[{"name":"wp","href":"https:\/\/api.w.org\/{rel}","templated":true}]}}