{"id":173,"date":"2024-02-07T16:49:00","date_gmt":"2024-02-07T19:49:00","guid":{"rendered":"https:\/\/portalincluir.com.br\/?p=173"},"modified":"2024-02-07T22:12:52","modified_gmt":"2024-02-08T01:12:52","slug":"pcd-o-que-significa-e-quais-sao-os-tipos-de-deficiencia","status":"publish","type":"post","link":"https:\/\/portalincluir.com.br\/index.php\/2024\/02\/07\/pcd-o-que-significa-e-quais-sao-os-tipos-de-deficiencia\/","title":{"rendered":"PcD: o que significa e quais s\u00e3o os tipos de defici\u00eancia?"},"content":{"rendered":"\n<p class=\"has-vivid-red-color has-text-color has-link-color wp-elements-d34682f0801d36a918d619c1e7418ef7\"><strong><em>Lendo o site Catcho Comunica\u00e7\u00e3o, me deparei com um excelente texto que fala sobre tipos de Defici\u00eancia e aqui trago para conhecimento dos nossos leitores;<\/em><\/strong><\/p>\n\n\n\n<figure class=\"wp-block-image size-large\"><img loading=\"lazy\" decoding=\"async\" width=\"1024\" height=\"219\" src=\"http:\/\/portalincluir.com.br\/wp-content\/uploads\/2023\/08\/banners_sites_pmj_PCD-1024x219.png\" alt=\"\" class=\"wp-image-43\" srcset=\"https:\/\/portalincluir.com.br\/wp-content\/uploads\/2023\/08\/banners_sites_pmj_PCD-1024x219.png 1024w, https:\/\/portalincluir.com.br\/wp-content\/uploads\/2023\/08\/banners_sites_pmj_PCD-300x64.png 300w, https:\/\/portalincluir.com.br\/wp-content\/uploads\/2023\/08\/banners_sites_pmj_PCD-768x165.png 768w, https:\/\/portalincluir.com.br\/wp-content\/uploads\/2023\/08\/banners_sites_pmj_PCD.png 1400w\" sizes=\"auto, (max-width: 1024px) 100vw, 1024px\" \/><\/figure>\n\n\n\n<p>Voc\u00ea j\u00e1 deve ter visto a sigla escrita em situa\u00e7\u00f5es di\u00e1rias, como no mercado ou em uma vaga de estacionamento. Mas voc\u00ea sabe&nbsp;<strong>o que \u00e9 PcD<\/strong>&nbsp;e quais os tipos de deficientes existentes?<\/p>\n\n\n\n<p>Bem, este termo \u00e9 utilizado para se referir \u00e0s pessoas que possuem algum tipo de defici\u00eancia, seja ela de nascen\u00e7a ou adquirida ao longo da vida.<\/p>\n\n\n\n<p>A inclus\u00e3o e acessibilidade de homens e mulheres com esta condi\u00e7\u00e3o ainda \u00e9 um grande desafio na sociedade, seja no mercado de trabalho ou no acesso a alguns servi\u00e7os, mesmo ela sendo garantida por lei no nosso pa\u00eds.<\/p>\n\n\n\n<p>Infelizmente ainda h\u00e1 um grande preconceito com os servi\u00e7os e benef\u00edcios dados as pessoas com defici\u00eancia e alguns&nbsp;<strong>mitos e verdades do mercado de trabalho para PcD<\/strong>&nbsp;gera muitas discuss\u00f5es.<\/p>\n\n\n\n<p>Se voc\u00ea quer saber mais sobre o tema, n\u00f3s preparamos um conte\u00fado explicando como usar a sigla corretamente e quais direitos essas pessoas possuem no mercado de trabalho, confira!<\/p>\n\n\n\n<h2 class=\"wp-block-heading\" id=\"O_que_e_PcD\">O que \u00e9 PcD?<\/h2>\n\n\n\n<p>A sigla \u201cPcD\u201d \u00e9 a abrevia\u00e7\u00e3o de \u201cpessoa com defici\u00eancia\u201d. Ela \u00e9&nbsp;<strong>utilizada para se referir a qualquer indiv\u00edduo que possui algum tipo de defici\u00eancia<\/strong>, seja ela f\u00edsica, mental, sensorial ou intelectual. Essa condi\u00e7\u00e3o pode estar presente desde o nascimento ou adquirida durante a vida (ap\u00f3s um acidente ou doen\u00e7a, por exemplo).<\/p>\n\n\n\n<p>O termo \u00e9 utilizado desde 2006, ap\u00f3s publica\u00e7\u00e3o da Conven\u00e7\u00e3o sobre os Direitos da Pessoa com Defici\u00eancia pela Organiza\u00e7\u00e3o das Na\u00e7\u00f5es Unidas (ONU).<\/p>\n\n\n\n<p>No curr\u00edculo, o termo PcD identifica que o candidato possui algum tipo de defici\u00eancia e pode ser contratado para as vagas reservadas para esse p\u00fablico. Deve estar descrito o tipo de defici\u00eancia para que o contratante identifique uma vaga compat\u00edvel e garanta a infraestrutura necess\u00e1ria para a sua contrata\u00e7\u00e3o.<\/p>\n\n\n\n<h2 class=\"wp-block-heading\" id=\"O_que_e_uma_deficiencia\">O que \u00e9 uma defici\u00eancia?<\/h2>\n\n\n\n<p>Em s\u00edntese, a defici\u00eancia \u00e9 uma<strong>&nbsp;limita\u00e7\u00e3o f\u00edsica, intelectual, visual ou auditiva<\/strong>&nbsp;que pode dificultar a realiza\u00e7\u00e3o de atividades, quando comparado com pessoas sem defici\u00eancia.<\/p>\n\n\n\n<p>A\u00a0defici\u00eancia\u00a0pode ser de nascimento (quando a pessoa nasce com a defici\u00eancia) ou adquirida (quando uma doen\u00e7a ou acidente causa a defici\u00eancia).<\/p>\n\n\n\n<p>A legisla\u00e7\u00e3o brasileira define a defici\u00eancia como:<\/p>\n\n\n\n<blockquote class=\"wp-block-quote is-layout-flow wp-block-quote-is-layout-flow\">\n<p><em>\u201cum impedimento de longo prazo de natureza f\u00edsica, mental, intelectual ou sensorial, o qual, em intera\u00e7\u00e3o com uma ou mais barreiras, pode obstruir sua participa\u00e7\u00e3o plena e efetiva na sociedade em igualdade de condi\u00e7\u00f5es com as demais pessoas\u201d (Lei n.\u00ba 13146\/2015 \u2013 Estatuto da Pessoa com Defici\u00eancia)<\/em><\/p>\n<\/blockquote>\n\n\n\n<h2 class=\"wp-block-heading\" id=\"Obstaculos_comuns_que_o_PcD_encontra_na_empregabilidade\">Obst\u00e1culos comuns que o PcD encontra na empregabilidade<\/h2>\n\n\n\n<p>Alguns&nbsp;<strong>obst\u00e1culos de inclus\u00e3o de um PcD no mercado de trabalho<\/strong>&nbsp;podem impactar negativamente na sua carreira profissional. A falta de acessibilidade \u00e9 a principal delas e pode abranger problemas de infraestrutura urbana, no transporte adequado, no ambiente f\u00edsico de trabalho, no acesso ao material de trabalho.<\/p>\n\n\n\n<p>Al\u00e9m disso este p\u00fablico pode sofrer preconceitos devido ao despreparo de seus gestores e encontrar ainda dificuldades para encontrar oportunidades de crescer e atingir cargos mais elevados no mercado de trabalho.<\/p>\n\n\n\n<h2 class=\"wp-block-heading\" id=\"O_que_e_vaga_PcD\">O que \u00e9 vaga PcD?<\/h2>\n\n\n\n<p>As vagas para PcD no mercado de trabalho s\u00e3o destinadas \u00e0s pessoas com algum tipo de defici\u00eancia.&nbsp;<strong>Elas s\u00e3o garantidas pela Lei 8.213\/91, regulamentada em 2000<\/strong>, conhecida como&nbsp;Lei das Cotas, veja o que diz o artigo 93:<\/p>\n\n\n\n<blockquote class=\"wp-block-quote is-layout-flow wp-block-quote-is-layout-flow\">\n<p>A empresa com 100 (cem) ou mais empregados est\u00e1 obrigada a preencher de 2% (dois por cento) a 5% (cinco por cento) dos seus cargos com benefici\u00e1rios reabilitados ou pessoas portadoras de defici\u00eancia, habilitadas na seguinte propor\u00e7\u00e3o:<br>I \u2013 at\u00e9 200 empregados\u2026\u2026\u2026\u2026\u2026\u2026\u2026\u20262%<br>II \u2013 de 201 a 500\u2026\u2026\u2026\u2026\u2026\u2026\u2026\u2026\u2026\u2026\u2026.3%<br>III \u2013 de 501 a 1.000\u2026\u2026\u2026\u2026\u2026\u2026\u2026\u2026\u2026\u20264%<br>IV \u2013 de 1.001 em diante\u2026\u2026\u2026\u2026\u2026\u2026\u20265%<\/p>\n<\/blockquote>\n\n\n\n<p>O principal objetivo dessa medida \u00e9 garantir a inclus\u00e3o social de homens e mulheres com defici\u00eancia no mercado de trabalho e no meio social de forma respeitosa. Apesar de essa lei existir h\u00e1 mais de 29 anos e os&nbsp;empregos formais para pessoas com defici\u00eancia&nbsp;terem crescido,<strong>&nbsp;muitos empres\u00e1rios e recrutadores afirmam desconhecer a obrigatoriedade<\/strong>&nbsp;ou encontram dificuldades em encontrar vagas para PcD.<\/p>\n\n\n\n<p>No entanto, esse cen\u00e1rio est\u00e1 mudando e cada vez mais \u00e9 poss\u00edvel encontrar vagas para PcD\u2019s. Este p\u00fablico deve sempre optar por empresas que respeitem as leis.<\/p>\n\n\n\n<p>A Catho \u00e9 uma plataforma de recrutamento online inclusiva que oferece diversas<a href=\"https:\/\/www.catho.com.br\/vagas\/pcd\/?q=pcd\" target=\"_blank\" rel=\"noreferrer noopener\">&nbsp;<strong>oportunidades de emprego para pessoas com defici\u00eancia<\/strong><\/a>. Nosso site possui acessibilidade em libras e oferece gratuidade ilimitada ao plano Profissional para PcDs e reabilitados do INSS.<\/p>\n\n\n\n<p>Al\u00e9m disso, todas as vagas cadastradas no site, s\u00e3o liberadas para a candidatura de PcDs. Ou seja, mesmo que n\u00e3o esteja voltadas a essas pessoas, o candidato pode enviar o seu CV, pois nenhuma vaga \u00e9 exclusiva para um grupo de pessoas.<\/p>\n\n\n\n<h3 class=\"wp-block-heading\" id=\"O_que_o_mercado_busca_para_empregar_um_PcD\">O que o mercado busca para empregar um PcD?<\/h3>\n\n\n\n<p>Al\u00e9m de cumprir com a lei, uma empresa que se interessa em contratar um PcD busca&nbsp;<strong>promover a inclus\u00e3o no mercado de trabalho e combater a exclus\u00e3o de pessoas na sociedade<\/strong>.<\/p>\n\n\n\n<p>Um ambiente de trabalho acess\u00edvel \u00e9 aquele que adapta seu espa\u00e7o f\u00edsico, suas ferramentas e cultura para atender todos os diferentes tipos de defici\u00eancia que uma pessoa pode possuir. Al\u00e9m disso, sua gest\u00e3o deve estar preparada para promover oportunidades igualit\u00e1rias a essas pessoas.<\/p>\n\n\n\n<h2 class=\"wp-block-heading\" id=\"Quais_os_beneficios_de_um_PcD\">Quais os benef\u00edcios de um PcD?<\/h2>\n\n\n\n<p>Al\u00e9m das reservas a vagas de trabalho, outros benef\u00edcios s\u00e3o garantidos pela Lei n\u00ba 13.146 \u00e0s pessoas com defici\u00eancia, entre eles:<\/p>\n\n\n\n<ul class=\"wp-block-list\">\n<li>Isen\u00e7\u00e3o de impostos,como Imposto Sobre Produtos Industrializados (IPI), Imposto sobre a Propriedade de Ve\u00edculos Automotores (IPVA), Imposto sobre Opera\u00e7\u00f5es Financeiras (IOF), dentre outras;<\/li>\n\n\n\n<li>Acesso ao transporte p\u00fablico gratuito;<\/li>\n\n\n\n<li>Direito a meia-entrada em shows, jogos, cinemas, eventos culturais e museus;<\/li>\n\n\n\n<li>Cota de 10% de vagas em cursos de ensino superior, t\u00e9cnico ou tecnol\u00f3gico;<\/li>\n\n\n\n<li>Aux\u00edlio inclus\u00e3o, para aqueles que conseguirem um emprego formalizado na carteira de trabalho;<\/li>\n\n\n\n<li>Atendimento priorit\u00e1rio em todas as institui\u00e7\u00f5es e servi\u00e7os de atendimento p\u00fablico e privado.<\/li>\n<\/ul>\n\n\n\n<h2 class=\"wp-block-heading\" id=\"Quem_se_enquadra_em_PcD_Conheca_os_tipos_de_deficiencia\">Quem se enquadra em PcD? Conhe\u00e7a os tipos de defici\u00eancia<\/h2>\n\n\n\n<p>Como j\u00e1 dizemos, PcD se refere a pessoas com diferentes tipos de defici\u00eancia. Essas caracter\u00edsticas podem existir de forma natural (desde o nascimento) ou adquirida ap\u00f3s algum acidente, ou doen\u00e7a. Em qualquer uma das op\u00e7\u00f5es,&nbsp;<strong>\u00e9 necess\u00e1rio a defici\u00eancia ser comprovada pelo&nbsp;<\/strong><strong>Laudo M\u00e9dico para Pessoas com Defici\u00eancia<\/strong>, emitido por um profissional de sa\u00fade habilitado do INSS.<\/p>\n\n\n\n<p>Veja agora os tipos de defici\u00eancia:<\/p>\n\n\n\n<h3 class=\"wp-block-heading\" id=\"1_Deficiencia_fisica\">1. Defici\u00eancia f\u00edsica<\/h3>\n\n\n\n<p>A defici\u00eancia f\u00edsica se refere a alguma condi\u00e7\u00e3o que dificulta a mobilidade de uma pessoa. Ou seja, \u00e9 alguma caracter\u00edstica que altera o funcionamento do corpo. Alguns tipos s\u00e3o:<\/p>\n\n\n\n<ul class=\"wp-block-list\">\n<li><strong>amputa\u00e7\u00e3o:<\/strong>&nbsp;perda ou falta de algum membro (como perna, bra\u00e7o, m\u00e3o, dedo);<\/li>\n\n\n\n<li><strong>paralisia cerebral:<\/strong>&nbsp;les\u00e3o ou m\u00e1 forma\u00e7\u00e3o do c\u00e9rebro;<\/li>\n\n\n\n<li><strong>paraplegia:&nbsp;<\/strong>paralisia das pernas e p\u00e9s;<\/li>\n\n\n\n<li><strong>malforma\u00e7\u00e3o cong\u00eanita:&nbsp;<\/strong>qualquer altera\u00e7\u00e3o como na estrutura de \u00f3rg\u00e3os, aus\u00eancia de membros, originada durante a vida intrauterina;<\/li>\n\n\n\n<li><strong>nanismo:&nbsp;<\/strong>defici\u00eancia no crescimento;<\/li>\n\n\n\n<li><strong>tetraplegia:<\/strong>&nbsp;perda dos movimentos do tronco, pernas e bra\u00e7os.<\/li>\n<\/ul>\n\n\n\n<h3 class=\"wp-block-heading\" id=\"2_Deficiencia_visual\">2. Defici\u00eancia visual<\/h3>\n\n\n\n<p>A&nbsp;<a href=\"https:\/\/www.catho.com.br\/carreira-sucesso\/deficiencia-visual-definicoes-e-perspectivas\/\" target=\"_blank\" rel=\"noreferrer noopener\">defici\u00eancia visual<\/a>, tamb\u00e9m chamada de cegueira, \u00e9 o comprometimento total ou parcial da capacidade de vis\u00e3o que n\u00e3o pode ser corrigida com tratamento cl\u00ednico, cirurgias, medica\u00e7\u00e3o ou uso de lentes. O tipos mais comuns s\u00e3o:<\/p>\n\n\n\n<ul class=\"wp-block-list\">\n<li><strong>Baixa vis\u00e3o:<\/strong>&nbsp;qualquer grau de enfraquecimento visual abaixo de 30%, mas ainda conserva alguma capacidade visual;<\/li>\n\n\n\n<li><strong>cegueira:<\/strong>&nbsp;total incapacidade de enxergar ou vis\u00e3o residual que incapacite a realiza\u00e7\u00e3o de atividades di\u00e1rias como ler e escrever;<\/li>\n\n\n\n<li><strong>vis\u00e3o monocular:&nbsp;<\/strong>um dos olhos n\u00e3o tem capacidade visual.<\/li>\n<\/ul>\n\n\n\n<h3 class=\"wp-block-heading\" id=\"3_Deficiencia_intelectual\">3. Defici\u00eancia intelectual<\/h3>\n\n\n\n<p>Na defici\u00eancia intelectual ou mental a pessoa apresenta um atraso no seu desenvolvimento onde algumas habilidades podem ser prejudicadas como controle das emo\u00e7\u00f5es, adapta\u00e7\u00e3o, aprendizagem, capacidade de se comunicar ou intera\u00e7\u00e3o social. Veja alguns tipos:<\/p>\n\n\n\n<ul class=\"wp-block-list\">\n<li><strong>S\u00edndrome de Asperger:&nbsp;<\/strong>\u00e9 considerado um autismo leve, que pode afetar a comunica\u00e7\u00e3o no meio social;<\/li>\n\n\n\n<li><strong>S\u00edndrome de Prader-Willi:&nbsp;<\/strong>pode provocar problemas f\u00edsicos, comportamentais e de aprendizagem;<\/li>\n\n\n\n<li><strong>S\u00edndrome do X fr\u00e1gil:&nbsp;<\/strong>causa atraso mental, altera\u00e7\u00e3o f\u00edsica como face alongada, orelhas grandes al\u00e9m do comprometimento social at\u00edpico, ocular e timidez;<\/li>\n\n\n\n<li><strong>S\u00edndrome de Down:&nbsp;<\/strong>pode provocar retardo no desenvolvimento f\u00edsico e mental;<\/li>\n\n\n\n<li><strong>S\u00edndrome de Angelman:<\/strong>&nbsp;caracterizada por atraso intelectual, aus\u00eancia de fala, riso excessivo, convuls\u00f5es e movimentos desconexos.<\/li>\n<\/ul>\n\n\n\n<p>As defici\u00eancias mentais podem ter grau leve, moderado, severo e cada tipo ou n\u00edvel pode influenciar em determinada atividade. O diagn\u00f3stico precoce em alguns casos pode garantir que a pessoa desenvolva e melhore suas capacidades ao longo da vida.<\/p>\n\n\n\n<h3 class=\"wp-block-heading\" id=\"4_Deficiencia_auditiva\">4. Defici\u00eancia auditiva<\/h3>\n\n\n\n<p>Se refere a perda total ou parcial da habilidade auditiva, \u00e9 importante ressaltar que o termo \u201csurdo-mudo\u201d que foi usado por muito tempo n\u00e3o \u00e9 o correto para se referir a pessoas com essa condi\u00e7\u00e3o.&nbsp;<strong>Uma pessoa com esse tipo de defici\u00eancia tem dificuldade de ouvir di\u00e1logos, sons e de relacion\u00e1-los com a fala.<\/strong><\/p>\n\n\n\n<p>Considera-se que a audi\u00e7\u00e3o normal corresponde a capacidade de detectar sons at\u00e9 25 decib\u00e9is, valores acima dessa quantidade s\u00e3o considerados perda auditiva.<\/p>\n\n\n\n<p>Ela pode ocorrer devido \u00e0 m\u00e1 forma\u00e7\u00e3o cong\u00eanita no ouvido, a exposi\u00e7\u00e3o em excesso a ru\u00eddos, com algumas doen\u00e7as, ou at\u00e9 mesmo com envelhecimento. A defici\u00eancia auditiva pode ser unilateral, quando a surdez atinge apenas um dos ouvidos ou bilateral, quando ocorre a perda de audi\u00e7\u00e3o nos dois ouvidos.<\/p>\n\n\n\n<h2 class=\"wp-block-heading\" id=\"Pesquisa_Catho_mercado_de_trabalho_para_PcDs\"><strong>Mercado de trabalho para PcDs<\/strong><\/h2>\n\n\n\n<p>Em todo dia 21 de setembro \u00e9 comemorado o Dia Nacional de Luta da Pessoa com Defici\u00eancia, data necess\u00e1ria e importante para refletir sobre a desigualdade em oportunidades de emprego que ainda existe no Brasil para pessoas com algum tipo de defici\u00eancia.&nbsp;<\/p>\n\n\n\n<p>De acordo com o IBGE, menos de 1% do total de empregos formais no pa\u00eds s\u00e3o ocupados por essas pessoas. Al\u00e9m disso, para 45% dos profissionais a m\u00e9dia de ofertas de emprego no per\u00edodo de um ano \u00e9 zero, segundo uma pesquisa realizada pela Catho no ano de 2022 que revela alguns pontos bem relevantes quanto ao mercado de trabalho nacional para pessoas com defici\u00eancia.&nbsp;<\/p>\n\n\n\n<p>Ainda segundo o levantamento,&nbsp;dentro dos profissionais PcDs que est\u00e3o atuando, cerca de 33% ocupam o cargo de auxiliar e 30% operacional, os outros respondentes est\u00e3o divididos entre os cargos de assistente, t\u00e9cnico, estagi\u00e1rio, jovem aprendiz, supervisor, diretor e outros.&nbsp;<\/p>\n\n\n\n<p>De acordo com a percep\u00e7\u00e3o dos respondentes sobre o motivo pelo qual as empresas contratam pessoas com defici\u00eancia, 45% afirmam que isso acontece apenas pelo comprimento da lei de cotas exigida pelo governo. Para estes candidatos, a m\u00e9dia salarial varia de R$1.212,00 at\u00e9 R$2.000,00.&nbsp;<\/p>\n\n\n\n<p>Analise melhor o que a pesquisa Catho sobre o mercado de trabalho para PcDs revelou neste gr\u00e1fico:&nbsp;<\/p>\n\n\n\n<figure class=\"wp-block-image aligncenter\"><img decoding=\"async\" src=\"https:\/\/s24534.pcdn.co\/carreira-sucesso\/wp-content\/uploads\/sites\/3\/2022\/09\/CATHO_Infografico-1024x1024.png\" alt=\"Pesquisa Catho PcD 2022\" class=\"wp-image-132436\"\/><\/figure>\n\n\n\n<p><\/p>\n\n\n\n<p>Autor<\/p>\n\n\n\n<h4 class=\"wp-block-heading\"><a href=\"https:\/\/www.catho.com.br\/carreira-sucesso\/author\/catho_comunicacao\/\">Catho Comunica\u00e7\u00e3o<\/a><\/h4>\n\n\n\n<p>Time de profissionais da Catho, onde reunimos especialistas para falar sobre mercado de trabalho, processos seletivos, entrevista de emprego e muito mais!<\/p>\n\n\n\n<p><\/p>\n","protected":false},"excerpt":{"rendered":"<p>Lendo o site Catcho Comunica\u00e7\u00e3o, me deparei com um excelente texto que fala sobre tipos<\/p>\n","protected":false},"author":1,"featured_media":53,"comment_status":"open","ping_status":"open","sticky":false,"template":"","format":"standard","meta":{"om_disable_all_campaigns":false,"_monsterinsights_skip_tracking":false,"_monsterinsights_sitenote_active":false,"_monsterinsights_sitenote_note":"","_monsterinsights_sitenote_category":0,"_uf_show_specific_survey":0,"_uf_disable_surveys":false,"footnotes":""},"categories":[9],"tags":[],"class_list":["post-173","post","type-post","status-publish","format-standard","has-post-thumbnail","hentry","category-noticias"],"yoast_head":"<!-- This site is optimized with the Yoast SEO plugin v27.4 - https:\/\/yoast.com\/product\/yoast-seo-wordpress\/ -->\n<title>PcD: o que significa e quais s\u00e3o os tipos de defici\u00eancia? - PORTAL INCLUIR<\/title>\n<meta name=\"robots\" content=\"index, follow, max-snippet:-1, max-image-preview:large, max-video-preview:-1\" \/>\n<link rel=\"canonical\" href=\"https:\/\/portalincluir.com.br\/index.php\/2024\/02\/07\/pcd-o-que-significa-e-quais-sao-os-tipos-de-deficiencia\/\" \/>\n<meta property=\"og:locale\" content=\"pt_BR\" \/>\n<meta property=\"og:type\" content=\"article\" \/>\n<meta property=\"og:title\" content=\"PcD: o que significa e quais s\u00e3o os tipos de defici\u00eancia? - PORTAL INCLUIR\" \/>\n<meta property=\"og:description\" content=\"Lendo o site Catcho Comunica\u00e7\u00e3o, me deparei com um excelente texto que fala sobre tipos\" \/>\n<meta property=\"og:url\" content=\"https:\/\/portalincluir.com.br\/index.php\/2024\/02\/07\/pcd-o-que-significa-e-quais-sao-os-tipos-de-deficiencia\/\" \/>\n<meta property=\"og:site_name\" content=\"PORTAL INCLUIR\" \/>\n<meta property=\"article:published_time\" content=\"2024-02-07T19:49:00+00:00\" \/>\n<meta property=\"article:modified_time\" content=\"2024-02-08T01:12:52+00:00\" \/>\n<meta property=\"og:image\" content=\"https:\/\/portalincluir.com.br\/wp-content\/uploads\/2023\/08\/cropped-19_PCDcotas-1.webp\" \/>\n\t<meta property=\"og:image:width\" content=\"1440\" \/>\n\t<meta property=\"og:image:height\" content=\"649\" \/>\n\t<meta property=\"og:image:type\" content=\"image\/webp\" \/>\n<meta name=\"author\" content=\"Portal Incluir\" \/>\n<meta name=\"twitter:card\" content=\"summary_large_image\" \/>\n<meta name=\"twitter:label1\" content=\"Escrito por\" \/>\n\t<meta name=\"twitter:data1\" content=\"Portal Incluir\" \/>\n\t<meta name=\"twitter:label2\" content=\"Est. tempo de leitura\" \/>\n\t<meta name=\"twitter:data2\" content=\"10 minutos\" \/>\n<script type=\"application\/ld+json\" class=\"yoast-schema-graph\">{\"@context\":\"https:\\\/\\\/schema.org\",\"@graph\":[{\"@type\":[\"Article\",\"BlogPosting\"],\"@id\":\"https:\\\/\\\/portalincluir.com.br\\\/index.php\\\/2024\\\/02\\\/07\\\/pcd-o-que-significa-e-quais-sao-os-tipos-de-deficiencia\\\/#article\",\"isPartOf\":{\"@id\":\"https:\\\/\\\/portalincluir.com.br\\\/index.php\\\/2024\\\/02\\\/07\\\/pcd-o-que-significa-e-quais-sao-os-tipos-de-deficiencia\\\/\"},\"author\":{\"name\":\"Portal Incluir\",\"@id\":\"https:\\\/\\\/portalincluir.com.br\\\/#\\\/schema\\\/person\\\/8823664e5902eee555607fb75c4c35ae\"},\"headline\":\"PcD: o que significa e quais s\u00e3o os tipos de defici\u00eancia?\",\"datePublished\":\"2024-02-07T19:49:00+00:00\",\"dateModified\":\"2024-02-08T01:12:52+00:00\",\"mainEntityOfPage\":{\"@id\":\"https:\\\/\\\/portalincluir.com.br\\\/index.php\\\/2024\\\/02\\\/07\\\/pcd-o-que-significa-e-quais-sao-os-tipos-de-deficiencia\\\/\"},\"wordCount\":1933,\"commentCount\":0,\"image\":{\"@id\":\"https:\\\/\\\/portalincluir.com.br\\\/index.php\\\/2024\\\/02\\\/07\\\/pcd-o-que-significa-e-quais-sao-os-tipos-de-deficiencia\\\/#primaryimage\"},\"thumbnailUrl\":\"https:\\\/\\\/portalincluir.com.br\\\/wp-content\\\/uploads\\\/2023\\\/08\\\/cropped-19_PCDcotas-1.webp\",\"articleSection\":[\"Not\u00edcias\"],\"inLanguage\":\"pt-BR\",\"potentialAction\":[{\"@type\":\"CommentAction\",\"name\":\"Comment\",\"target\":[\"https:\\\/\\\/portalincluir.com.br\\\/index.php\\\/2024\\\/02\\\/07\\\/pcd-o-que-significa-e-quais-sao-os-tipos-de-deficiencia\\\/#respond\"]}]},{\"@type\":\"WebPage\",\"@id\":\"https:\\\/\\\/portalincluir.com.br\\\/index.php\\\/2024\\\/02\\\/07\\\/pcd-o-que-significa-e-quais-sao-os-tipos-de-deficiencia\\\/\",\"url\":\"https:\\\/\\\/portalincluir.com.br\\\/index.php\\\/2024\\\/02\\\/07\\\/pcd-o-que-significa-e-quais-sao-os-tipos-de-deficiencia\\\/\",\"name\":\"PcD: o que significa e quais s\u00e3o os tipos de defici\u00eancia? - PORTAL INCLUIR\",\"isPartOf\":{\"@id\":\"https:\\\/\\\/portalincluir.com.br\\\/#website\"},\"primaryImageOfPage\":{\"@id\":\"https:\\\/\\\/portalincluir.com.br\\\/index.php\\\/2024\\\/02\\\/07\\\/pcd-o-que-significa-e-quais-sao-os-tipos-de-deficiencia\\\/#primaryimage\"},\"image\":{\"@id\":\"https:\\\/\\\/portalincluir.com.br\\\/index.php\\\/2024\\\/02\\\/07\\\/pcd-o-que-significa-e-quais-sao-os-tipos-de-deficiencia\\\/#primaryimage\"},\"thumbnailUrl\":\"https:\\\/\\\/portalincluir.com.br\\\/wp-content\\\/uploads\\\/2023\\\/08\\\/cropped-19_PCDcotas-1.webp\",\"datePublished\":\"2024-02-07T19:49:00+00:00\",\"dateModified\":\"2024-02-08T01:12:52+00:00\",\"author\":{\"@id\":\"https:\\\/\\\/portalincluir.com.br\\\/#\\\/schema\\\/person\\\/8823664e5902eee555607fb75c4c35ae\"},\"breadcrumb\":{\"@id\":\"https:\\\/\\\/portalincluir.com.br\\\/index.php\\\/2024\\\/02\\\/07\\\/pcd-o-que-significa-e-quais-sao-os-tipos-de-deficiencia\\\/#breadcrumb\"},\"inLanguage\":\"pt-BR\",\"potentialAction\":[{\"@type\":\"ReadAction\",\"target\":[\"https:\\\/\\\/portalincluir.com.br\\\/index.php\\\/2024\\\/02\\\/07\\\/pcd-o-que-significa-e-quais-sao-os-tipos-de-deficiencia\\\/\"]}]},{\"@type\":\"ImageObject\",\"inLanguage\":\"pt-BR\",\"@id\":\"https:\\\/\\\/portalincluir.com.br\\\/index.php\\\/2024\\\/02\\\/07\\\/pcd-o-que-significa-e-quais-sao-os-tipos-de-deficiencia\\\/#primaryimage\",\"url\":\"https:\\\/\\\/portalincluir.com.br\\\/wp-content\\\/uploads\\\/2023\\\/08\\\/cropped-19_PCDcotas-1.webp\",\"contentUrl\":\"https:\\\/\\\/portalincluir.com.br\\\/wp-content\\\/uploads\\\/2023\\\/08\\\/cropped-19_PCDcotas-1.webp\",\"width\":1440,\"height\":649},{\"@type\":\"BreadcrumbList\",\"@id\":\"https:\\\/\\\/portalincluir.com.br\\\/index.php\\\/2024\\\/02\\\/07\\\/pcd-o-que-significa-e-quais-sao-os-tipos-de-deficiencia\\\/#breadcrumb\",\"itemListElement\":[{\"@type\":\"ListItem\",\"position\":1,\"name\":\"In\u00edcio\",\"item\":\"https:\\\/\\\/portalincluir.com.br\\\/\"},{\"@type\":\"ListItem\",\"position\":2,\"name\":\"PcD: o que significa e quais s\u00e3o os tipos de defici\u00eancia?\"}]},{\"@type\":\"WebSite\",\"@id\":\"https:\\\/\\\/portalincluir.com.br\\\/#website\",\"url\":\"https:\\\/\\\/portalincluir.com.br\\\/\",\"name\":\"PORTAL INCLUIR\",\"description\":\"\",\"potentialAction\":[{\"@type\":\"SearchAction\",\"target\":{\"@type\":\"EntryPoint\",\"urlTemplate\":\"https:\\\/\\\/portalincluir.com.br\\\/?s={search_term_string}\"},\"query-input\":{\"@type\":\"PropertyValueSpecification\",\"valueRequired\":true,\"valueName\":\"search_term_string\"}}],\"inLanguage\":\"pt-BR\"},{\"@type\":\"Person\",\"@id\":\"https:\\\/\\\/portalincluir.com.br\\\/#\\\/schema\\\/person\\\/8823664e5902eee555607fb75c4c35ae\",\"name\":\"Portal Incluir\",\"image\":{\"@type\":\"ImageObject\",\"inLanguage\":\"pt-BR\",\"@id\":\"https:\\\/\\\/secure.gravatar.com\\\/avatar\\\/12085fe17e70c3550551519fe1f8f51fae69b1748563a47fc3bea53d91fbcbbd?s=96&d=mm&r=g\",\"url\":\"https:\\\/\\\/secure.gravatar.com\\\/avatar\\\/12085fe17e70c3550551519fe1f8f51fae69b1748563a47fc3bea53d91fbcbbd?s=96&d=mm&r=g\",\"contentUrl\":\"https:\\\/\\\/secure.gravatar.com\\\/avatar\\\/12085fe17e70c3550551519fe1f8f51fae69b1748563a47fc3bea53d91fbcbbd?s=96&d=mm&r=g\",\"caption\":\"Portal Incluir\"},\"sameAs\":[\"http:\\\/\\\/portalincluir.com.br\"],\"url\":\"https:\\\/\\\/portalincluir.com.br\\\/index.php\\\/author\\\/portalincluir-com-br\\\/\"}]}<\/script>\n<!-- \/ Yoast SEO plugin. -->","yoast_head_json":{"title":"PcD: o que significa e quais s\u00e3o os tipos de defici\u00eancia? - PORTAL INCLUIR","robots":{"index":"index","follow":"follow","max-snippet":"max-snippet:-1","max-image-preview":"max-image-preview:large","max-video-preview":"max-video-preview:-1"},"canonical":"https:\/\/portalincluir.com.br\/index.php\/2024\/02\/07\/pcd-o-que-significa-e-quais-sao-os-tipos-de-deficiencia\/","og_locale":"pt_BR","og_type":"article","og_title":"PcD: o que significa e quais s\u00e3o os tipos de defici\u00eancia? - PORTAL INCLUIR","og_description":"Lendo o site Catcho Comunica\u00e7\u00e3o, me deparei com um excelente texto que fala sobre tipos","og_url":"https:\/\/portalincluir.com.br\/index.php\/2024\/02\/07\/pcd-o-que-significa-e-quais-sao-os-tipos-de-deficiencia\/","og_site_name":"PORTAL INCLUIR","article_published_time":"2024-02-07T19:49:00+00:00","article_modified_time":"2024-02-08T01:12:52+00:00","og_image":[{"width":1440,"height":649,"url":"https:\/\/portalincluir.com.br\/wp-content\/uploads\/2023\/08\/cropped-19_PCDcotas-1.webp","type":"image\/webp"}],"author":"Portal Incluir","twitter_card":"summary_large_image","twitter_misc":{"Escrito por":"Portal Incluir","Est. tempo de leitura":"10 minutos"},"schema":{"@context":"https:\/\/schema.org","@graph":[{"@type":["Article","BlogPosting"],"@id":"https:\/\/portalincluir.com.br\/index.php\/2024\/02\/07\/pcd-o-que-significa-e-quais-sao-os-tipos-de-deficiencia\/#article","isPartOf":{"@id":"https:\/\/portalincluir.com.br\/index.php\/2024\/02\/07\/pcd-o-que-significa-e-quais-sao-os-tipos-de-deficiencia\/"},"author":{"name":"Portal Incluir","@id":"https:\/\/portalincluir.com.br\/#\/schema\/person\/8823664e5902eee555607fb75c4c35ae"},"headline":"PcD: o que significa e quais s\u00e3o os tipos de defici\u00eancia?","datePublished":"2024-02-07T19:49:00+00:00","dateModified":"2024-02-08T01:12:52+00:00","mainEntityOfPage":{"@id":"https:\/\/portalincluir.com.br\/index.php\/2024\/02\/07\/pcd-o-que-significa-e-quais-sao-os-tipos-de-deficiencia\/"},"wordCount":1933,"commentCount":0,"image":{"@id":"https:\/\/portalincluir.com.br\/index.php\/2024\/02\/07\/pcd-o-que-significa-e-quais-sao-os-tipos-de-deficiencia\/#primaryimage"},"thumbnailUrl":"https:\/\/portalincluir.com.br\/wp-content\/uploads\/2023\/08\/cropped-19_PCDcotas-1.webp","articleSection":["Not\u00edcias"],"inLanguage":"pt-BR","potentialAction":[{"@type":"CommentAction","name":"Comment","target":["https:\/\/portalincluir.com.br\/index.php\/2024\/02\/07\/pcd-o-que-significa-e-quais-sao-os-tipos-de-deficiencia\/#respond"]}]},{"@type":"WebPage","@id":"https:\/\/portalincluir.com.br\/index.php\/2024\/02\/07\/pcd-o-que-significa-e-quais-sao-os-tipos-de-deficiencia\/","url":"https:\/\/portalincluir.com.br\/index.php\/2024\/02\/07\/pcd-o-que-significa-e-quais-sao-os-tipos-de-deficiencia\/","name":"PcD: o que significa e quais s\u00e3o os tipos de defici\u00eancia? - PORTAL INCLUIR","isPartOf":{"@id":"https:\/\/portalincluir.com.br\/#website"},"primaryImageOfPage":{"@id":"https:\/\/portalincluir.com.br\/index.php\/2024\/02\/07\/pcd-o-que-significa-e-quais-sao-os-tipos-de-deficiencia\/#primaryimage"},"image":{"@id":"https:\/\/portalincluir.com.br\/index.php\/2024\/02\/07\/pcd-o-que-significa-e-quais-sao-os-tipos-de-deficiencia\/#primaryimage"},"thumbnailUrl":"https:\/\/portalincluir.com.br\/wp-content\/uploads\/2023\/08\/cropped-19_PCDcotas-1.webp","datePublished":"2024-02-07T19:49:00+00:00","dateModified":"2024-02-08T01:12:52+00:00","author":{"@id":"https:\/\/portalincluir.com.br\/#\/schema\/person\/8823664e5902eee555607fb75c4c35ae"},"breadcrumb":{"@id":"https:\/\/portalincluir.com.br\/index.php\/2024\/02\/07\/pcd-o-que-significa-e-quais-sao-os-tipos-de-deficiencia\/#breadcrumb"},"inLanguage":"pt-BR","potentialAction":[{"@type":"ReadAction","target":["https:\/\/portalincluir.com.br\/index.php\/2024\/02\/07\/pcd-o-que-significa-e-quais-sao-os-tipos-de-deficiencia\/"]}]},{"@type":"ImageObject","inLanguage":"pt-BR","@id":"https:\/\/portalincluir.com.br\/index.php\/2024\/02\/07\/pcd-o-que-significa-e-quais-sao-os-tipos-de-deficiencia\/#primaryimage","url":"https:\/\/portalincluir.com.br\/wp-content\/uploads\/2023\/08\/cropped-19_PCDcotas-1.webp","contentUrl":"https:\/\/portalincluir.com.br\/wp-content\/uploads\/2023\/08\/cropped-19_PCDcotas-1.webp","width":1440,"height":649},{"@type":"BreadcrumbList","@id":"https:\/\/portalincluir.com.br\/index.php\/2024\/02\/07\/pcd-o-que-significa-e-quais-sao-os-tipos-de-deficiencia\/#breadcrumb","itemListElement":[{"@type":"ListItem","position":1,"name":"In\u00edcio","item":"https:\/\/portalincluir.com.br\/"},{"@type":"ListItem","position":2,"name":"PcD: o que significa e quais s\u00e3o os tipos de defici\u00eancia?"}]},{"@type":"WebSite","@id":"https:\/\/portalincluir.com.br\/#website","url":"https:\/\/portalincluir.com.br\/","name":"PORTAL INCLUIR","description":"","potentialAction":[{"@type":"SearchAction","target":{"@type":"EntryPoint","urlTemplate":"https:\/\/portalincluir.com.br\/?s={search_term_string}"},"query-input":{"@type":"PropertyValueSpecification","valueRequired":true,"valueName":"search_term_string"}}],"inLanguage":"pt-BR"},{"@type":"Person","@id":"https:\/\/portalincluir.com.br\/#\/schema\/person\/8823664e5902eee555607fb75c4c35ae","name":"Portal Incluir","image":{"@type":"ImageObject","inLanguage":"pt-BR","@id":"https:\/\/secure.gravatar.com\/avatar\/12085fe17e70c3550551519fe1f8f51fae69b1748563a47fc3bea53d91fbcbbd?s=96&d=mm&r=g","url":"https:\/\/secure.gravatar.com\/avatar\/12085fe17e70c3550551519fe1f8f51fae69b1748563a47fc3bea53d91fbcbbd?s=96&d=mm&r=g","contentUrl":"https:\/\/secure.gravatar.com\/avatar\/12085fe17e70c3550551519fe1f8f51fae69b1748563a47fc3bea53d91fbcbbd?s=96&d=mm&r=g","caption":"Portal Incluir"},"sameAs":["http:\/\/portalincluir.com.br"],"url":"https:\/\/portalincluir.com.br\/index.php\/author\/portalincluir-com-br\/"}]}},"_links":{"self":[{"href":"https:\/\/portalincluir.com.br\/index.php\/wp-json\/wp\/v2\/posts\/173","targetHints":{"allow":["GET"]}}],"collection":[{"href":"https:\/\/portalincluir.com.br\/index.php\/wp-json\/wp\/v2\/posts"}],"about":[{"href":"https:\/\/portalincluir.com.br\/index.php\/wp-json\/wp\/v2\/types\/post"}],"author":[{"embeddable":true,"href":"https:\/\/portalincluir.com.br\/index.php\/wp-json\/wp\/v2\/users\/1"}],"replies":[{"embeddable":true,"href":"https:\/\/portalincluir.com.br\/index.php\/wp-json\/wp\/v2\/comments?post=173"}],"version-history":[{"count":2,"href":"https:\/\/portalincluir.com.br\/index.php\/wp-json\/wp\/v2\/posts\/173\/revisions"}],"predecessor-version":[{"id":176,"href":"https:\/\/portalincluir.com.br\/index.php\/wp-json\/wp\/v2\/posts\/173\/revisions\/176"}],"wp:featuredmedia":[{"embeddable":true,"href":"https:\/\/portalincluir.com.br\/index.php\/wp-json\/wp\/v2\/media\/53"}],"wp:attachment":[{"href":"https:\/\/portalincluir.com.br\/index.php\/wp-json\/wp\/v2\/media?parent=173"}],"wp:term":[{"taxonomy":"category","embeddable":true,"href":"https:\/\/portalincluir.com.br\/index.php\/wp-json\/wp\/v2\/categories?post=173"},{"taxonomy":"post_tag","embeddable":true,"href":"https:\/\/portalincluir.com.br\/index.php\/wp-json\/wp\/v2\/tags?post=173"}],"curies":[{"name":"wp","href":"https:\/\/api.w.org\/{rel}","templated":true}]}}