{"id":205,"date":"2024-02-21T23:13:01","date_gmt":"2024-02-22T02:13:01","guid":{"rendered":"https:\/\/portalincluir.com.br\/?p=205"},"modified":"2024-03-03T23:21:41","modified_gmt":"2024-03-04T02:21:41","slug":"podcast-camara-adaptacao-e-inclusao-no-retorno-as-escolas","status":"publish","type":"post","link":"https:\/\/portalincluir.com.br\/index.php\/2024\/02\/21\/podcast-camara-adaptacao-e-inclusao-no-retorno-as-escolas\/","title":{"rendered":"PodCast C\u00e2mara &#8211; Adapta\u00e7\u00e3o e inclus\u00e3o no retorno as escolas"},"content":{"rendered":"\n<figure class=\"wp-block-embed is-type-video is-provider-youtube wp-block-embed-youtube wp-embed-aspect-16-9 wp-has-aspect-ratio\"><div class=\"wp-block-embed__wrapper\">\n<iframe loading=\"lazy\" title=\"R\u00c1DIO C\u00c2MARA: #PODCAST - C\u00e2mara Inclusiva EP08 - Adapta\u00e7\u00e3o e inclus\u00e3o no retorno as escolas\" width=\"640\" height=\"360\" src=\"https:\/\/www.youtube.com\/embed\/UGYng6cm71A?feature=oembed\" frameborder=\"0\" allow=\"accelerometer; autoplay; clipboard-write; encrypted-media; gyroscope; picture-in-picture; web-share\" referrerpolicy=\"strict-origin-when-cross-origin\" allowfullscreen><\/iframe>\n<\/div><\/figure>\n","protected":false},"excerpt":{"rendered":"<p>Inclus\u00e3o e adapta\u00e7\u00e3o escolar \u00e9 o tema do primeiro epis\u00f3dio da segunda temporada do podcast C\u00e2mara Inclusiva.<\/p>\n","protected":false},"author":1,"featured_media":206,"comment_status":"open","ping_status":"open","sticky":false,"template":"","format":"standard","meta":{"om_disable_all_campaigns":false,"_monsterinsights_skip_tracking":false,"_monsterinsights_sitenote_active":false,"_monsterinsights_sitenote_note":"","_monsterinsights_sitenote_category":0,"_uf_show_specific_survey":0,"_uf_disable_surveys":false,"footnotes":""},"categories":[13],"tags":[],"class_list":["post-205","post","type-post","status-publish","format-standard","has-post-thumbnail","hentry","category-podcast"],"yoast_head":"<!-- This site is optimized with the Yoast SEO plugin v27.4 - https:\/\/yoast.com\/product\/yoast-seo-wordpress\/ -->\n<title>PodCast C\u00e2mara - Adapta\u00e7\u00e3o e inclus\u00e3o no retorno as escolas - PORTAL INCLUIR<\/title>\n<meta name=\"robots\" content=\"index, follow, max-snippet:-1, max-image-preview:large, max-video-preview:-1\" \/>\n<link rel=\"canonical\" href=\"https:\/\/portalincluir.com.br\/index.php\/2024\/02\/21\/podcast-camara-adaptacao-e-inclusao-no-retorno-as-escolas\/\" \/>\n<meta property=\"og:locale\" content=\"pt_BR\" \/>\n<meta property=\"og:type\" content=\"article\" \/>\n<meta property=\"og:title\" content=\"PodCast C\u00e2mara - Adapta\u00e7\u00e3o e inclus\u00e3o no retorno as escolas - PORTAL INCLUIR\" \/>\n<meta property=\"og:description\" content=\"Inclus\u00e3o e adapta\u00e7\u00e3o escolar \u00e9 o tema do primeiro epis\u00f3dio da segunda temporada do podcast C\u00e2mara Inclusiva.\" \/>\n<meta property=\"og:url\" content=\"https:\/\/portalincluir.com.br\/index.php\/2024\/02\/21\/podcast-camara-adaptacao-e-inclusao-no-retorno-as-escolas\/\" \/>\n<meta property=\"og:site_name\" content=\"PORTAL INCLUIR\" \/>\n<meta property=\"article:published_time\" content=\"2024-02-22T02:13:01+00:00\" \/>\n<meta property=\"article:modified_time\" content=\"2024-03-04T02:21:41+00:00\" \/>\n<meta property=\"og:image\" content=\"https:\/\/portalincluir.com.br\/wp-content\/uploads\/2024\/03\/34937_noticia1.jpg\" \/>\n\t<meta property=\"og:image:width\" content=\"800\" \/>\n\t<meta property=\"og:image:height\" content=\"600\" \/>\n\t<meta property=\"og:image:type\" content=\"image\/jpeg\" \/>\n<meta name=\"author\" content=\"Portal Incluir\" \/>\n<meta name=\"twitter:card\" content=\"summary_large_image\" \/>\n<meta name=\"twitter:label1\" content=\"Escrito por\" \/>\n\t<meta name=\"twitter:data1\" content=\"Portal Incluir\" \/>\n<script type=\"application\/ld+json\" class=\"yoast-schema-graph\">{\"@context\":\"https:\\\/\\\/schema.org\",\"@graph\":[{\"@type\":[\"Article\",\"BlogPosting\"],\"@id\":\"https:\\\/\\\/portalincluir.com.br\\\/index.php\\\/2024\\\/02\\\/21\\\/podcast-camara-adaptacao-e-inclusao-no-retorno-as-escolas\\\/#article\",\"isPartOf\":{\"@id\":\"https:\\\/\\\/portalincluir.com.br\\\/index.php\\\/2024\\\/02\\\/21\\\/podcast-camara-adaptacao-e-inclusao-no-retorno-as-escolas\\\/\"},\"author\":{\"name\":\"Portal Incluir\",\"@id\":\"https:\\\/\\\/portalincluir.com.br\\\/#\\\/schema\\\/person\\\/8823664e5902eee555607fb75c4c35ae\"},\"headline\":\"PodCast C\u00e2mara &#8211; Adapta\u00e7\u00e3o e inclus\u00e3o no retorno as escolas\",\"datePublished\":\"2024-02-22T02:13:01+00:00\",\"dateModified\":\"2024-03-04T02:21:41+00:00\",\"mainEntityOfPage\":{\"@id\":\"https:\\\/\\\/portalincluir.com.br\\\/index.php\\\/2024\\\/02\\\/21\\\/podcast-camara-adaptacao-e-inclusao-no-retorno-as-escolas\\\/\"},\"wordCount\":22,\"commentCount\":0,\"image\":{\"@id\":\"https:\\\/\\\/portalincluir.com.br\\\/index.php\\\/2024\\\/02\\\/21\\\/podcast-camara-adaptacao-e-inclusao-no-retorno-as-escolas\\\/#primaryimage\"},\"thumbnailUrl\":\"https:\\\/\\\/portalincluir.com.br\\\/wp-content\\\/uploads\\\/2024\\\/03\\\/34937_noticia1.jpg\",\"articleSection\":[\"PodCast\"],\"inLanguage\":\"pt-BR\",\"potentialAction\":[{\"@type\":\"CommentAction\",\"name\":\"Comment\",\"target\":[\"https:\\\/\\\/portalincluir.com.br\\\/index.php\\\/2024\\\/02\\\/21\\\/podcast-camara-adaptacao-e-inclusao-no-retorno-as-escolas\\\/#respond\"]}]},{\"@type\":\"WebPage\",\"@id\":\"https:\\\/\\\/portalincluir.com.br\\\/index.php\\\/2024\\\/02\\\/21\\\/podcast-camara-adaptacao-e-inclusao-no-retorno-as-escolas\\\/\",\"url\":\"https:\\\/\\\/portalincluir.com.br\\\/index.php\\\/2024\\\/02\\\/21\\\/podcast-camara-adaptacao-e-inclusao-no-retorno-as-escolas\\\/\",\"name\":\"PodCast C\u00e2mara - Adapta\u00e7\u00e3o e inclus\u00e3o no retorno as escolas - PORTAL INCLUIR\",\"isPartOf\":{\"@id\":\"https:\\\/\\\/portalincluir.com.br\\\/#website\"},\"primaryImageOfPage\":{\"@id\":\"https:\\\/\\\/portalincluir.com.br\\\/index.php\\\/2024\\\/02\\\/21\\\/podcast-camara-adaptacao-e-inclusao-no-retorno-as-escolas\\\/#primaryimage\"},\"image\":{\"@id\":\"https:\\\/\\\/portalincluir.com.br\\\/index.php\\\/2024\\\/02\\\/21\\\/podcast-camara-adaptacao-e-inclusao-no-retorno-as-escolas\\\/#primaryimage\"},\"thumbnailUrl\":\"https:\\\/\\\/portalincluir.com.br\\\/wp-content\\\/uploads\\\/2024\\\/03\\\/34937_noticia1.jpg\",\"datePublished\":\"2024-02-22T02:13:01+00:00\",\"dateModified\":\"2024-03-04T02:21:41+00:00\",\"author\":{\"@id\":\"https:\\\/\\\/portalincluir.com.br\\\/#\\\/schema\\\/person\\\/8823664e5902eee555607fb75c4c35ae\"},\"breadcrumb\":{\"@id\":\"https:\\\/\\\/portalincluir.com.br\\\/index.php\\\/2024\\\/02\\\/21\\\/podcast-camara-adaptacao-e-inclusao-no-retorno-as-escolas\\\/#breadcrumb\"},\"inLanguage\":\"pt-BR\",\"potentialAction\":[{\"@type\":\"ReadAction\",\"target\":[\"https:\\\/\\\/portalincluir.com.br\\\/index.php\\\/2024\\\/02\\\/21\\\/podcast-camara-adaptacao-e-inclusao-no-retorno-as-escolas\\\/\"]}]},{\"@type\":\"ImageObject\",\"inLanguage\":\"pt-BR\",\"@id\":\"https:\\\/\\\/portalincluir.com.br\\\/index.php\\\/2024\\\/02\\\/21\\\/podcast-camara-adaptacao-e-inclusao-no-retorno-as-escolas\\\/#primaryimage\",\"url\":\"https:\\\/\\\/portalincluir.com.br\\\/wp-content\\\/uploads\\\/2024\\\/03\\\/34937_noticia1.jpg\",\"contentUrl\":\"https:\\\/\\\/portalincluir.com.br\\\/wp-content\\\/uploads\\\/2024\\\/03\\\/34937_noticia1.jpg\",\"width\":800,\"height\":600},{\"@type\":\"BreadcrumbList\",\"@id\":\"https:\\\/\\\/portalincluir.com.br\\\/index.php\\\/2024\\\/02\\\/21\\\/podcast-camara-adaptacao-e-inclusao-no-retorno-as-escolas\\\/#breadcrumb\",\"itemListElement\":[{\"@type\":\"ListItem\",\"position\":1,\"name\":\"In\u00edcio\",\"item\":\"https:\\\/\\\/portalincluir.com.br\\\/\"},{\"@type\":\"ListItem\",\"position\":2,\"name\":\"PodCast C\u00e2mara &#8211; Adapta\u00e7\u00e3o e inclus\u00e3o no retorno as escolas\"}]},{\"@type\":\"WebSite\",\"@id\":\"https:\\\/\\\/portalincluir.com.br\\\/#website\",\"url\":\"https:\\\/\\\/portalincluir.com.br\\\/\",\"name\":\"PORTAL INCLUIR\",\"description\":\"\",\"potentialAction\":[{\"@type\":\"SearchAction\",\"target\":{\"@type\":\"EntryPoint\",\"urlTemplate\":\"https:\\\/\\\/portalincluir.com.br\\\/?s={search_term_string}\"},\"query-input\":{\"@type\":\"PropertyValueSpecification\",\"valueRequired\":true,\"valueName\":\"search_term_string\"}}],\"inLanguage\":\"pt-BR\"},{\"@type\":\"Person\",\"@id\":\"https:\\\/\\\/portalincluir.com.br\\\/#\\\/schema\\\/person\\\/8823664e5902eee555607fb75c4c35ae\",\"name\":\"Portal Incluir\",\"image\":{\"@type\":\"ImageObject\",\"inLanguage\":\"pt-BR\",\"@id\":\"https:\\\/\\\/secure.gravatar.com\\\/avatar\\\/12085fe17e70c3550551519fe1f8f51fae69b1748563a47fc3bea53d91fbcbbd?s=96&d=mm&r=g\",\"url\":\"https:\\\/\\\/secure.gravatar.com\\\/avatar\\\/12085fe17e70c3550551519fe1f8f51fae69b1748563a47fc3bea53d91fbcbbd?s=96&d=mm&r=g\",\"contentUrl\":\"https:\\\/\\\/secure.gravatar.com\\\/avatar\\\/12085fe17e70c3550551519fe1f8f51fae69b1748563a47fc3bea53d91fbcbbd?s=96&d=mm&r=g\",\"caption\":\"Portal Incluir\"},\"sameAs\":[\"http:\\\/\\\/portalincluir.com.br\"],\"url\":\"https:\\\/\\\/portalincluir.com.br\\\/index.php\\\/author\\\/portalincluir-com-br\\\/\"}]}<\/script>\n<!-- \/ Yoast SEO plugin. -->","yoast_head_json":{"title":"PodCast C\u00e2mara - Adapta\u00e7\u00e3o e inclus\u00e3o no retorno as escolas - PORTAL INCLUIR","robots":{"index":"index","follow":"follow","max-snippet":"max-snippet:-1","max-image-preview":"max-image-preview:large","max-video-preview":"max-video-preview:-1"},"canonical":"https:\/\/portalincluir.com.br\/index.php\/2024\/02\/21\/podcast-camara-adaptacao-e-inclusao-no-retorno-as-escolas\/","og_locale":"pt_BR","og_type":"article","og_title":"PodCast C\u00e2mara - Adapta\u00e7\u00e3o e inclus\u00e3o no retorno as escolas - PORTAL INCLUIR","og_description":"Inclus\u00e3o e adapta\u00e7\u00e3o escolar \u00e9 o tema do primeiro epis\u00f3dio da segunda temporada do podcast C\u00e2mara Inclusiva.","og_url":"https:\/\/portalincluir.com.br\/index.php\/2024\/02\/21\/podcast-camara-adaptacao-e-inclusao-no-retorno-as-escolas\/","og_site_name":"PORTAL INCLUIR","article_published_time":"2024-02-22T02:13:01+00:00","article_modified_time":"2024-03-04T02:21:41+00:00","og_image":[{"width":800,"height":600,"url":"https:\/\/portalincluir.com.br\/wp-content\/uploads\/2024\/03\/34937_noticia1.jpg","type":"image\/jpeg"}],"author":"Portal Incluir","twitter_card":"summary_large_image","twitter_misc":{"Escrito por":"Portal Incluir"},"schema":{"@context":"https:\/\/schema.org","@graph":[{"@type":["Article","BlogPosting"],"@id":"https:\/\/portalincluir.com.br\/index.php\/2024\/02\/21\/podcast-camara-adaptacao-e-inclusao-no-retorno-as-escolas\/#article","isPartOf":{"@id":"https:\/\/portalincluir.com.br\/index.php\/2024\/02\/21\/podcast-camara-adaptacao-e-inclusao-no-retorno-as-escolas\/"},"author":{"name":"Portal Incluir","@id":"https:\/\/portalincluir.com.br\/#\/schema\/person\/8823664e5902eee555607fb75c4c35ae"},"headline":"PodCast C\u00e2mara &#8211; Adapta\u00e7\u00e3o e inclus\u00e3o no retorno as escolas","datePublished":"2024-02-22T02:13:01+00:00","dateModified":"2024-03-04T02:21:41+00:00","mainEntityOfPage":{"@id":"https:\/\/portalincluir.com.br\/index.php\/2024\/02\/21\/podcast-camara-adaptacao-e-inclusao-no-retorno-as-escolas\/"},"wordCount":22,"commentCount":0,"image":{"@id":"https:\/\/portalincluir.com.br\/index.php\/2024\/02\/21\/podcast-camara-adaptacao-e-inclusao-no-retorno-as-escolas\/#primaryimage"},"thumbnailUrl":"https:\/\/portalincluir.com.br\/wp-content\/uploads\/2024\/03\/34937_noticia1.jpg","articleSection":["PodCast"],"inLanguage":"pt-BR","potentialAction":[{"@type":"CommentAction","name":"Comment","target":["https:\/\/portalincluir.com.br\/index.php\/2024\/02\/21\/podcast-camara-adaptacao-e-inclusao-no-retorno-as-escolas\/#respond"]}]},{"@type":"WebPage","@id":"https:\/\/portalincluir.com.br\/index.php\/2024\/02\/21\/podcast-camara-adaptacao-e-inclusao-no-retorno-as-escolas\/","url":"https:\/\/portalincluir.com.br\/index.php\/2024\/02\/21\/podcast-camara-adaptacao-e-inclusao-no-retorno-as-escolas\/","name":"PodCast C\u00e2mara - Adapta\u00e7\u00e3o e inclus\u00e3o no retorno as escolas - PORTAL INCLUIR","isPartOf":{"@id":"https:\/\/portalincluir.com.br\/#website"},"primaryImageOfPage":{"@id":"https:\/\/portalincluir.com.br\/index.php\/2024\/02\/21\/podcast-camara-adaptacao-e-inclusao-no-retorno-as-escolas\/#primaryimage"},"image":{"@id":"https:\/\/portalincluir.com.br\/index.php\/2024\/02\/21\/podcast-camara-adaptacao-e-inclusao-no-retorno-as-escolas\/#primaryimage"},"thumbnailUrl":"https:\/\/portalincluir.com.br\/wp-content\/uploads\/2024\/03\/34937_noticia1.jpg","datePublished":"2024-02-22T02:13:01+00:00","dateModified":"2024-03-04T02:21:41+00:00","author":{"@id":"https:\/\/portalincluir.com.br\/#\/schema\/person\/8823664e5902eee555607fb75c4c35ae"},"breadcrumb":{"@id":"https:\/\/portalincluir.com.br\/index.php\/2024\/02\/21\/podcast-camara-adaptacao-e-inclusao-no-retorno-as-escolas\/#breadcrumb"},"inLanguage":"pt-BR","potentialAction":[{"@type":"ReadAction","target":["https:\/\/portalincluir.com.br\/index.php\/2024\/02\/21\/podcast-camara-adaptacao-e-inclusao-no-retorno-as-escolas\/"]}]},{"@type":"ImageObject","inLanguage":"pt-BR","@id":"https:\/\/portalincluir.com.br\/index.php\/2024\/02\/21\/podcast-camara-adaptacao-e-inclusao-no-retorno-as-escolas\/#primaryimage","url":"https:\/\/portalincluir.com.br\/wp-content\/uploads\/2024\/03\/34937_noticia1.jpg","contentUrl":"https:\/\/portalincluir.com.br\/wp-content\/uploads\/2024\/03\/34937_noticia1.jpg","width":800,"height":600},{"@type":"BreadcrumbList","@id":"https:\/\/portalincluir.com.br\/index.php\/2024\/02\/21\/podcast-camara-adaptacao-e-inclusao-no-retorno-as-escolas\/#breadcrumb","itemListElement":[{"@type":"ListItem","position":1,"name":"In\u00edcio","item":"https:\/\/portalincluir.com.br\/"},{"@type":"ListItem","position":2,"name":"PodCast C\u00e2mara &#8211; Adapta\u00e7\u00e3o e inclus\u00e3o no retorno as escolas"}]},{"@type":"WebSite","@id":"https:\/\/portalincluir.com.br\/#website","url":"https:\/\/portalincluir.com.br\/","name":"PORTAL INCLUIR","description":"","potentialAction":[{"@type":"SearchAction","target":{"@type":"EntryPoint","urlTemplate":"https:\/\/portalincluir.com.br\/?s={search_term_string}"},"query-input":{"@type":"PropertyValueSpecification","valueRequired":true,"valueName":"search_term_string"}}],"inLanguage":"pt-BR"},{"@type":"Person","@id":"https:\/\/portalincluir.com.br\/#\/schema\/person\/8823664e5902eee555607fb75c4c35ae","name":"Portal Incluir","image":{"@type":"ImageObject","inLanguage":"pt-BR","@id":"https:\/\/secure.gravatar.com\/avatar\/12085fe17e70c3550551519fe1f8f51fae69b1748563a47fc3bea53d91fbcbbd?s=96&d=mm&r=g","url":"https:\/\/secure.gravatar.com\/avatar\/12085fe17e70c3550551519fe1f8f51fae69b1748563a47fc3bea53d91fbcbbd?s=96&d=mm&r=g","contentUrl":"https:\/\/secure.gravatar.com\/avatar\/12085fe17e70c3550551519fe1f8f51fae69b1748563a47fc3bea53d91fbcbbd?s=96&d=mm&r=g","caption":"Portal Incluir"},"sameAs":["http:\/\/portalincluir.com.br"],"url":"https:\/\/portalincluir.com.br\/index.php\/author\/portalincluir-com-br\/"}]}},"_links":{"self":[{"href":"https:\/\/portalincluir.com.br\/index.php\/wp-json\/wp\/v2\/posts\/205","targetHints":{"allow":["GET"]}}],"collection":[{"href":"https:\/\/portalincluir.com.br\/index.php\/wp-json\/wp\/v2\/posts"}],"about":[{"href":"https:\/\/portalincluir.com.br\/index.php\/wp-json\/wp\/v2\/types\/post"}],"author":[{"embeddable":true,"href":"https:\/\/portalincluir.com.br\/index.php\/wp-json\/wp\/v2\/users\/1"}],"replies":[{"embeddable":true,"href":"https:\/\/portalincluir.com.br\/index.php\/wp-json\/wp\/v2\/comments?post=205"}],"version-history":[{"count":2,"href":"https:\/\/portalincluir.com.br\/index.php\/wp-json\/wp\/v2\/posts\/205\/revisions"}],"predecessor-version":[{"id":208,"href":"https:\/\/portalincluir.com.br\/index.php\/wp-json\/wp\/v2\/posts\/205\/revisions\/208"}],"wp:featuredmedia":[{"embeddable":true,"href":"https:\/\/portalincluir.com.br\/index.php\/wp-json\/wp\/v2\/media\/206"}],"wp:attachment":[{"href":"https:\/\/portalincluir.com.br\/index.php\/wp-json\/wp\/v2\/media?parent=205"}],"wp:term":[{"taxonomy":"category","embeddable":true,"href":"https:\/\/portalincluir.com.br\/index.php\/wp-json\/wp\/v2\/categories?post=205"},{"taxonomy":"post_tag","embeddable":true,"href":"https:\/\/portalincluir.com.br\/index.php\/wp-json\/wp\/v2\/tags?post=205"}],"curies":[{"name":"wp","href":"https:\/\/api.w.org\/{rel}","templated":true}]}}