{"id":217,"date":"2024-03-13T19:28:05","date_gmt":"2024-03-13T22:28:05","guid":{"rendered":"https:\/\/portalincluir.com.br\/?p=217"},"modified":"2024-03-13T19:31:12","modified_gmt":"2024-03-13T22:31:12","slug":"dia-internacional-da-sindrome-de-down","status":"publish","type":"post","link":"https:\/\/portalincluir.com.br\/index.php\/2024\/03\/13\/dia-internacional-da-sindrome-de-down\/","title":{"rendered":"Dia Internacional da S\u00edndrome de Down"},"content":{"rendered":"\n<p>O tema de 2024 para o Dia Internacional da s\u00edndrome de Down \u00e9 &#8220;Chega de estere\u00f3tipos, abaixo o capacitismo&#8221;. Os estere\u00f3tipos s\u00e3o muitas vezes baseados em informa\u00e7\u00f5es limitadas ou em experi\u00eancias pessoais, e eles impedem as pessoas com s\u00edndrome de Down e defici\u00eancia intelectual de serem tratadas como as outras pessoas. Muitas vezes a sociedade cria um estere\u00f3tipo, uma imagem infantilizada e subestimada dessas pessoas, levando a exclus\u00e3o e ao preconceito.<\/p>\n\n\n\n<figure class=\"wp-block-image size-full\"><img loading=\"lazy\" decoding=\"async\" width=\"800\" height=\"434\" src=\"https:\/\/portalincluir.com.br\/wp-content\/uploads\/2024\/03\/mano-down-e1710368853918.jpeg\" alt=\"\" class=\"wp-image-218\" srcset=\"https:\/\/portalincluir.com.br\/wp-content\/uploads\/2024\/03\/mano-down-e1710368853918.jpeg 800w, https:\/\/portalincluir.com.br\/wp-content\/uploads\/2024\/03\/mano-down-e1710368853918-300x163.jpeg 300w, https:\/\/portalincluir.com.br\/wp-content\/uploads\/2024\/03\/mano-down-e1710368853918-768x417.jpeg 768w\" sizes=\"auto, (max-width: 800px) 100vw, 800px\" \/><\/figure>\n\n\n\n<p>Uma vez formado, um estere\u00f3tipo pode ser dif\u00edcil de mudar. Mas a campanha de 2024 \u00e9 justamente um convite para mudarmos nosso olhar e termos consci\u00eancia de que cada ser humano \u00e9 \u00fanico, e claro, com as pessoas com T21 e defici\u00eancia intelectual n\u00e3o \u00e9 diferente. Cada um tem sua identidade individual, interesses, gostos e desgostos, dons e talentos.<\/p>\n\n\n\n<p>O Instituto Mano Down vem lutando h\u00e1 mais de 12 anos para quebrar barreiras sociais e proporcionar desenvolvimento e autonomia para pessoas com s\u00edndrome de Down e defici\u00eancias intelectuais.<\/p>\n\n\n\n<p>Preparamos nossos educandos para o mundo, por\u00e9m, tem que ser uma via de m\u00e3o dupla. O mundo tem que estar preparado para receber essas pessoas, pois de nada adianta elas estarem preparadas para estar em todos os espa\u00e7os da sociedade, se as pessoas n\u00e3o mudarem seus olhares e quebrarem estere\u00f3tipos que levam ao preconceito e segrega\u00e7\u00e3o.<\/p>\n\n\n\n<p>Vamos juntos, levantar a bandeira pela inclus\u00e3o? O Instituto Mano Down te convida a ser um agente de mudan\u00e7as e nos ajudar a trocar a palavra exclus\u00e3o por oportunidade!<\/p>\n\n\n\n<p>Fonte: <a href=\"https:\/\/manodown.com.br\/\" target=\"_blank\" rel=\"noopener\" title=\"\">Instituto Mano Down<\/a><\/p>\n","protected":false},"excerpt":{"rendered":"<p>O tema de 2024 para o Dia Internacional da s\u00edndrome de Down \u00e9 &#8220;Chega de<\/p>\n","protected":false},"author":1,"featured_media":218,"comment_status":"open","ping_status":"open","sticky":false,"template":"","format":"standard","meta":{"om_disable_all_campaigns":false,"_monsterinsights_skip_tracking":false,"_monsterinsights_sitenote_active":false,"_monsterinsights_sitenote_note":"","_monsterinsights_sitenote_category":0,"_uf_show_specific_survey":0,"_uf_disable_surveys":false,"footnotes":""},"categories":[9],"tags":[],"class_list":["post-217","post","type-post","status-publish","format-standard","has-post-thumbnail","hentry","category-noticias"],"yoast_head":"<!-- This site is optimized with the Yoast SEO plugin v27.4 - https:\/\/yoast.com\/product\/yoast-seo-wordpress\/ -->\n<title>Dia Internacional da S\u00edndrome de Down - PORTAL INCLUIR<\/title>\n<meta name=\"robots\" content=\"index, follow, max-snippet:-1, max-image-preview:large, max-video-preview:-1\" \/>\n<link rel=\"canonical\" href=\"https:\/\/portalincluir.com.br\/index.php\/2024\/03\/13\/dia-internacional-da-sindrome-de-down\/\" \/>\n<meta property=\"og:locale\" content=\"pt_BR\" \/>\n<meta property=\"og:type\" content=\"article\" \/>\n<meta property=\"og:title\" content=\"Dia Internacional da S\u00edndrome de Down - PORTAL INCLUIR\" \/>\n<meta property=\"og:description\" content=\"O tema de 2024 para o Dia Internacional da s\u00edndrome de Down \u00e9 &#8220;Chega de\" \/>\n<meta property=\"og:url\" content=\"https:\/\/portalincluir.com.br\/index.php\/2024\/03\/13\/dia-internacional-da-sindrome-de-down\/\" \/>\n<meta property=\"og:site_name\" content=\"PORTAL INCLUIR\" \/>\n<meta property=\"article:published_time\" content=\"2024-03-13T22:28:05+00:00\" \/>\n<meta property=\"article:modified_time\" content=\"2024-03-13T22:31:12+00:00\" \/>\n<meta property=\"og:image\" content=\"https:\/\/portalincluir.com.br\/wp-content\/uploads\/2024\/03\/mano-down-e1710368853918.jpeg\" \/>\n\t<meta property=\"og:image:width\" content=\"800\" \/>\n\t<meta property=\"og:image:height\" content=\"434\" \/>\n\t<meta property=\"og:image:type\" content=\"image\/jpeg\" \/>\n<meta name=\"author\" content=\"Portal Incluir\" \/>\n<meta name=\"twitter:card\" content=\"summary_large_image\" \/>\n<meta name=\"twitter:label1\" content=\"Escrito por\" \/>\n\t<meta name=\"twitter:data1\" content=\"Portal Incluir\" \/>\n\t<meta name=\"twitter:label2\" content=\"Est. tempo de leitura\" \/>\n\t<meta name=\"twitter:data2\" content=\"1 minuto\" \/>\n<script type=\"application\/ld+json\" class=\"yoast-schema-graph\">{\"@context\":\"https:\\\/\\\/schema.org\",\"@graph\":[{\"@type\":[\"Article\",\"BlogPosting\"],\"@id\":\"https:\\\/\\\/portalincluir.com.br\\\/index.php\\\/2024\\\/03\\\/13\\\/dia-internacional-da-sindrome-de-down\\\/#article\",\"isPartOf\":{\"@id\":\"https:\\\/\\\/portalincluir.com.br\\\/index.php\\\/2024\\\/03\\\/13\\\/dia-internacional-da-sindrome-de-down\\\/\"},\"author\":{\"name\":\"Portal Incluir\",\"@id\":\"https:\\\/\\\/portalincluir.com.br\\\/#\\\/schema\\\/person\\\/8823664e5902eee555607fb75c4c35ae\"},\"headline\":\"Dia Internacional da S\u00edndrome de Down\",\"datePublished\":\"2024-03-13T22:28:05+00:00\",\"dateModified\":\"2024-03-13T22:31:12+00:00\",\"mainEntityOfPage\":{\"@id\":\"https:\\\/\\\/portalincluir.com.br\\\/index.php\\\/2024\\\/03\\\/13\\\/dia-internacional-da-sindrome-de-down\\\/\"},\"wordCount\":274,\"commentCount\":0,\"image\":{\"@id\":\"https:\\\/\\\/portalincluir.com.br\\\/index.php\\\/2024\\\/03\\\/13\\\/dia-internacional-da-sindrome-de-down\\\/#primaryimage\"},\"thumbnailUrl\":\"https:\\\/\\\/portalincluir.com.br\\\/wp-content\\\/uploads\\\/2024\\\/03\\\/mano-down-e1710368853918.jpeg\",\"articleSection\":[\"Not\u00edcias\"],\"inLanguage\":\"pt-BR\",\"potentialAction\":[{\"@type\":\"CommentAction\",\"name\":\"Comment\",\"target\":[\"https:\\\/\\\/portalincluir.com.br\\\/index.php\\\/2024\\\/03\\\/13\\\/dia-internacional-da-sindrome-de-down\\\/#respond\"]}]},{\"@type\":\"WebPage\",\"@id\":\"https:\\\/\\\/portalincluir.com.br\\\/index.php\\\/2024\\\/03\\\/13\\\/dia-internacional-da-sindrome-de-down\\\/\",\"url\":\"https:\\\/\\\/portalincluir.com.br\\\/index.php\\\/2024\\\/03\\\/13\\\/dia-internacional-da-sindrome-de-down\\\/\",\"name\":\"Dia Internacional da S\u00edndrome de Down - PORTAL INCLUIR\",\"isPartOf\":{\"@id\":\"https:\\\/\\\/portalincluir.com.br\\\/#website\"},\"primaryImageOfPage\":{\"@id\":\"https:\\\/\\\/portalincluir.com.br\\\/index.php\\\/2024\\\/03\\\/13\\\/dia-internacional-da-sindrome-de-down\\\/#primaryimage\"},\"image\":{\"@id\":\"https:\\\/\\\/portalincluir.com.br\\\/index.php\\\/2024\\\/03\\\/13\\\/dia-internacional-da-sindrome-de-down\\\/#primaryimage\"},\"thumbnailUrl\":\"https:\\\/\\\/portalincluir.com.br\\\/wp-content\\\/uploads\\\/2024\\\/03\\\/mano-down-e1710368853918.jpeg\",\"datePublished\":\"2024-03-13T22:28:05+00:00\",\"dateModified\":\"2024-03-13T22:31:12+00:00\",\"author\":{\"@id\":\"https:\\\/\\\/portalincluir.com.br\\\/#\\\/schema\\\/person\\\/8823664e5902eee555607fb75c4c35ae\"},\"breadcrumb\":{\"@id\":\"https:\\\/\\\/portalincluir.com.br\\\/index.php\\\/2024\\\/03\\\/13\\\/dia-internacional-da-sindrome-de-down\\\/#breadcrumb\"},\"inLanguage\":\"pt-BR\",\"potentialAction\":[{\"@type\":\"ReadAction\",\"target\":[\"https:\\\/\\\/portalincluir.com.br\\\/index.php\\\/2024\\\/03\\\/13\\\/dia-internacional-da-sindrome-de-down\\\/\"]}]},{\"@type\":\"ImageObject\",\"inLanguage\":\"pt-BR\",\"@id\":\"https:\\\/\\\/portalincluir.com.br\\\/index.php\\\/2024\\\/03\\\/13\\\/dia-internacional-da-sindrome-de-down\\\/#primaryimage\",\"url\":\"https:\\\/\\\/portalincluir.com.br\\\/wp-content\\\/uploads\\\/2024\\\/03\\\/mano-down-e1710368853918.jpeg\",\"contentUrl\":\"https:\\\/\\\/portalincluir.com.br\\\/wp-content\\\/uploads\\\/2024\\\/03\\\/mano-down-e1710368853918.jpeg\",\"width\":800,\"height\":434},{\"@type\":\"BreadcrumbList\",\"@id\":\"https:\\\/\\\/portalincluir.com.br\\\/index.php\\\/2024\\\/03\\\/13\\\/dia-internacional-da-sindrome-de-down\\\/#breadcrumb\",\"itemListElement\":[{\"@type\":\"ListItem\",\"position\":1,\"name\":\"In\u00edcio\",\"item\":\"https:\\\/\\\/portalincluir.com.br\\\/\"},{\"@type\":\"ListItem\",\"position\":2,\"name\":\"Dia Internacional da S\u00edndrome de Down\"}]},{\"@type\":\"WebSite\",\"@id\":\"https:\\\/\\\/portalincluir.com.br\\\/#website\",\"url\":\"https:\\\/\\\/portalincluir.com.br\\\/\",\"name\":\"PORTAL INCLUIR\",\"description\":\"\",\"potentialAction\":[{\"@type\":\"SearchAction\",\"target\":{\"@type\":\"EntryPoint\",\"urlTemplate\":\"https:\\\/\\\/portalincluir.com.br\\\/?s={search_term_string}\"},\"query-input\":{\"@type\":\"PropertyValueSpecification\",\"valueRequired\":true,\"valueName\":\"search_term_string\"}}],\"inLanguage\":\"pt-BR\"},{\"@type\":\"Person\",\"@id\":\"https:\\\/\\\/portalincluir.com.br\\\/#\\\/schema\\\/person\\\/8823664e5902eee555607fb75c4c35ae\",\"name\":\"Portal Incluir\",\"image\":{\"@type\":\"ImageObject\",\"inLanguage\":\"pt-BR\",\"@id\":\"https:\\\/\\\/secure.gravatar.com\\\/avatar\\\/12085fe17e70c3550551519fe1f8f51fae69b1748563a47fc3bea53d91fbcbbd?s=96&d=mm&r=g\",\"url\":\"https:\\\/\\\/secure.gravatar.com\\\/avatar\\\/12085fe17e70c3550551519fe1f8f51fae69b1748563a47fc3bea53d91fbcbbd?s=96&d=mm&r=g\",\"contentUrl\":\"https:\\\/\\\/secure.gravatar.com\\\/avatar\\\/12085fe17e70c3550551519fe1f8f51fae69b1748563a47fc3bea53d91fbcbbd?s=96&d=mm&r=g\",\"caption\":\"Portal Incluir\"},\"sameAs\":[\"http:\\\/\\\/portalincluir.com.br\"],\"url\":\"https:\\\/\\\/portalincluir.com.br\\\/index.php\\\/author\\\/portalincluir-com-br\\\/\"}]}<\/script>\n<!-- \/ Yoast SEO plugin. -->","yoast_head_json":{"title":"Dia Internacional da S\u00edndrome de Down - PORTAL INCLUIR","robots":{"index":"index","follow":"follow","max-snippet":"max-snippet:-1","max-image-preview":"max-image-preview:large","max-video-preview":"max-video-preview:-1"},"canonical":"https:\/\/portalincluir.com.br\/index.php\/2024\/03\/13\/dia-internacional-da-sindrome-de-down\/","og_locale":"pt_BR","og_type":"article","og_title":"Dia Internacional da S\u00edndrome de Down - PORTAL INCLUIR","og_description":"O tema de 2024 para o Dia Internacional da s\u00edndrome de Down \u00e9 &#8220;Chega de","og_url":"https:\/\/portalincluir.com.br\/index.php\/2024\/03\/13\/dia-internacional-da-sindrome-de-down\/","og_site_name":"PORTAL INCLUIR","article_published_time":"2024-03-13T22:28:05+00:00","article_modified_time":"2024-03-13T22:31:12+00:00","og_image":[{"width":800,"height":434,"url":"https:\/\/portalincluir.com.br\/wp-content\/uploads\/2024\/03\/mano-down-e1710368853918.jpeg","type":"image\/jpeg"}],"author":"Portal Incluir","twitter_card":"summary_large_image","twitter_misc":{"Escrito por":"Portal Incluir","Est. tempo de leitura":"1 minuto"},"schema":{"@context":"https:\/\/schema.org","@graph":[{"@type":["Article","BlogPosting"],"@id":"https:\/\/portalincluir.com.br\/index.php\/2024\/03\/13\/dia-internacional-da-sindrome-de-down\/#article","isPartOf":{"@id":"https:\/\/portalincluir.com.br\/index.php\/2024\/03\/13\/dia-internacional-da-sindrome-de-down\/"},"author":{"name":"Portal Incluir","@id":"https:\/\/portalincluir.com.br\/#\/schema\/person\/8823664e5902eee555607fb75c4c35ae"},"headline":"Dia Internacional da S\u00edndrome de Down","datePublished":"2024-03-13T22:28:05+00:00","dateModified":"2024-03-13T22:31:12+00:00","mainEntityOfPage":{"@id":"https:\/\/portalincluir.com.br\/index.php\/2024\/03\/13\/dia-internacional-da-sindrome-de-down\/"},"wordCount":274,"commentCount":0,"image":{"@id":"https:\/\/portalincluir.com.br\/index.php\/2024\/03\/13\/dia-internacional-da-sindrome-de-down\/#primaryimage"},"thumbnailUrl":"https:\/\/portalincluir.com.br\/wp-content\/uploads\/2024\/03\/mano-down-e1710368853918.jpeg","articleSection":["Not\u00edcias"],"inLanguage":"pt-BR","potentialAction":[{"@type":"CommentAction","name":"Comment","target":["https:\/\/portalincluir.com.br\/index.php\/2024\/03\/13\/dia-internacional-da-sindrome-de-down\/#respond"]}]},{"@type":"WebPage","@id":"https:\/\/portalincluir.com.br\/index.php\/2024\/03\/13\/dia-internacional-da-sindrome-de-down\/","url":"https:\/\/portalincluir.com.br\/index.php\/2024\/03\/13\/dia-internacional-da-sindrome-de-down\/","name":"Dia Internacional da S\u00edndrome de Down - PORTAL INCLUIR","isPartOf":{"@id":"https:\/\/portalincluir.com.br\/#website"},"primaryImageOfPage":{"@id":"https:\/\/portalincluir.com.br\/index.php\/2024\/03\/13\/dia-internacional-da-sindrome-de-down\/#primaryimage"},"image":{"@id":"https:\/\/portalincluir.com.br\/index.php\/2024\/03\/13\/dia-internacional-da-sindrome-de-down\/#primaryimage"},"thumbnailUrl":"https:\/\/portalincluir.com.br\/wp-content\/uploads\/2024\/03\/mano-down-e1710368853918.jpeg","datePublished":"2024-03-13T22:28:05+00:00","dateModified":"2024-03-13T22:31:12+00:00","author":{"@id":"https:\/\/portalincluir.com.br\/#\/schema\/person\/8823664e5902eee555607fb75c4c35ae"},"breadcrumb":{"@id":"https:\/\/portalincluir.com.br\/index.php\/2024\/03\/13\/dia-internacional-da-sindrome-de-down\/#breadcrumb"},"inLanguage":"pt-BR","potentialAction":[{"@type":"ReadAction","target":["https:\/\/portalincluir.com.br\/index.php\/2024\/03\/13\/dia-internacional-da-sindrome-de-down\/"]}]},{"@type":"ImageObject","inLanguage":"pt-BR","@id":"https:\/\/portalincluir.com.br\/index.php\/2024\/03\/13\/dia-internacional-da-sindrome-de-down\/#primaryimage","url":"https:\/\/portalincluir.com.br\/wp-content\/uploads\/2024\/03\/mano-down-e1710368853918.jpeg","contentUrl":"https:\/\/portalincluir.com.br\/wp-content\/uploads\/2024\/03\/mano-down-e1710368853918.jpeg","width":800,"height":434},{"@type":"BreadcrumbList","@id":"https:\/\/portalincluir.com.br\/index.php\/2024\/03\/13\/dia-internacional-da-sindrome-de-down\/#breadcrumb","itemListElement":[{"@type":"ListItem","position":1,"name":"In\u00edcio","item":"https:\/\/portalincluir.com.br\/"},{"@type":"ListItem","position":2,"name":"Dia Internacional da S\u00edndrome de Down"}]},{"@type":"WebSite","@id":"https:\/\/portalincluir.com.br\/#website","url":"https:\/\/portalincluir.com.br\/","name":"PORTAL INCLUIR","description":"","potentialAction":[{"@type":"SearchAction","target":{"@type":"EntryPoint","urlTemplate":"https:\/\/portalincluir.com.br\/?s={search_term_string}"},"query-input":{"@type":"PropertyValueSpecification","valueRequired":true,"valueName":"search_term_string"}}],"inLanguage":"pt-BR"},{"@type":"Person","@id":"https:\/\/portalincluir.com.br\/#\/schema\/person\/8823664e5902eee555607fb75c4c35ae","name":"Portal Incluir","image":{"@type":"ImageObject","inLanguage":"pt-BR","@id":"https:\/\/secure.gravatar.com\/avatar\/12085fe17e70c3550551519fe1f8f51fae69b1748563a47fc3bea53d91fbcbbd?s=96&d=mm&r=g","url":"https:\/\/secure.gravatar.com\/avatar\/12085fe17e70c3550551519fe1f8f51fae69b1748563a47fc3bea53d91fbcbbd?s=96&d=mm&r=g","contentUrl":"https:\/\/secure.gravatar.com\/avatar\/12085fe17e70c3550551519fe1f8f51fae69b1748563a47fc3bea53d91fbcbbd?s=96&d=mm&r=g","caption":"Portal Incluir"},"sameAs":["http:\/\/portalincluir.com.br"],"url":"https:\/\/portalincluir.com.br\/index.php\/author\/portalincluir-com-br\/"}]}},"_links":{"self":[{"href":"https:\/\/portalincluir.com.br\/index.php\/wp-json\/wp\/v2\/posts\/217","targetHints":{"allow":["GET"]}}],"collection":[{"href":"https:\/\/portalincluir.com.br\/index.php\/wp-json\/wp\/v2\/posts"}],"about":[{"href":"https:\/\/portalincluir.com.br\/index.php\/wp-json\/wp\/v2\/types\/post"}],"author":[{"embeddable":true,"href":"https:\/\/portalincluir.com.br\/index.php\/wp-json\/wp\/v2\/users\/1"}],"replies":[{"embeddable":true,"href":"https:\/\/portalincluir.com.br\/index.php\/wp-json\/wp\/v2\/comments?post=217"}],"version-history":[{"count":3,"href":"https:\/\/portalincluir.com.br\/index.php\/wp-json\/wp\/v2\/posts\/217\/revisions"}],"predecessor-version":[{"id":222,"href":"https:\/\/portalincluir.com.br\/index.php\/wp-json\/wp\/v2\/posts\/217\/revisions\/222"}],"wp:featuredmedia":[{"embeddable":true,"href":"https:\/\/portalincluir.com.br\/index.php\/wp-json\/wp\/v2\/media\/218"}],"wp:attachment":[{"href":"https:\/\/portalincluir.com.br\/index.php\/wp-json\/wp\/v2\/media?parent=217"}],"wp:term":[{"taxonomy":"category","embeddable":true,"href":"https:\/\/portalincluir.com.br\/index.php\/wp-json\/wp\/v2\/categories?post=217"},{"taxonomy":"post_tag","embeddable":true,"href":"https:\/\/portalincluir.com.br\/index.php\/wp-json\/wp\/v2\/tags?post=217"}],"curies":[{"name":"wp","href":"https:\/\/api.w.org\/{rel}","templated":true}]}}