{"id":224,"date":"2024-03-19T17:01:31","date_gmt":"2024-03-19T20:01:31","guid":{"rendered":"https:\/\/portalincluir.com.br\/?p=224"},"modified":"2024-03-20T00:10:28","modified_gmt":"2024-03-20T03:10:28","slug":"dia-da-sindrome-de-down-marco-importante-na-luta-contra-preconceito","status":"publish","type":"post","link":"https:\/\/portalincluir.com.br\/index.php\/2024\/03\/19\/dia-da-sindrome-de-down-marco-importante-na-luta-contra-preconceito\/","title":{"rendered":"Dia da S\u00edndrome de Down: marco importante na luta contra preconceito"},"content":{"rendered":"\n<figure class=\"wp-block-image alignleft size-large is-resized\"><img decoding=\"async\" src=\"https:\/\/viverdown.com.br\/wp-content\/uploads\/2024\/03\/ALICE-SORRINDO-e1710877116964-806x1024.jpg\" alt=\"\" style=\"width:346px;height:auto\"\/><\/figure>\n\n\n\n<p>O primeiro&nbsp;<strong>Dia da S\u00edndrome de Down<\/strong>, tamb\u00e9m conhecido mundialmente pela sigla em ingl\u00eas \u2018\u2019WDSD\u2019\u2019, foi realizado em 21 de mar\u00e7o de 2006, no entanto, foi oficialmente reconhecido pelas Na\u00e7\u00f5es Unidas em 2012. O dia e o m\u00eas desta data t\u00e3o marcante n\u00e3o foram escolhidos por acaso, e sim especificamente para corresponder a 3 c\u00f3pias do cromossomo 21.&nbsp;<\/p>\n\n\n\n<p>Todos os anos, nesta data, institui\u00e7\u00f5es do mundo inteiro convidam pessoas a usar meias estranhas para apoiar o Dia Internacional da S\u00edndrome de Down. Em 2013, o incentivo a usar \u2018\u2019meias diferentes\u2019\u2019 foi iniciado para aumentar a conscientiza\u00e7\u00e3o. A ideia foi criada porque os cromossomos t\u00eam o formato de \u201cmeias\u201d e as pessoas com s\u00edndrome de Down t\u00eam um cromossomo extra.<\/p>\n\n\n\n<p>Pessoas de todo o mundo usam meias coloridas, atraentes e divertidas no&nbsp;<strong>Dia da S\u00edndrome de Down<\/strong>&nbsp;para serem notadas. Outras atividades tem\u00e1ticas de meias, como confec\u00e7\u00e3o de fantoches e brincadeiras, tamb\u00e9m s\u00e3o realizadas em escolas, grupos de recrea\u00e7\u00e3o, creches e esta\u00e7\u00f5es de trabalho.<\/p>\n\n\n\n<h2 class=\"wp-block-heading\"><strong>21 de Mar\u00e7o: conhe\u00e7a a hist\u00f3ria do Dia da S\u00edndrome de Down<\/strong><\/h2>\n\n\n\n<p>O Dia da S\u00edndrome de Down possui esta data por ser&nbsp; o 21\u00ba dia do 3\u00ba m\u00eas, a escolha faz refer\u00eancia a singularidade da triplica\u00e7\u00e3o do cromossomo 21 que causa a S\u00edndrome de Down.&nbsp;<\/p>\n\n\n\n<p>Nesta \u00e9poca do mundo, o mundo inteiro celebra os talentos e habilidades (\u00fanicos) das pessoas com s\u00edndrome de Down. E o convite se estende por todo o mundo para apoiar a campanh<em>a #lots of socks<\/em>&nbsp;usando meias. Para fazer as pessoas conversarem e fazerem perguntas, os criadores do&nbsp;Dia da S\u00edndrome de Down&nbsp;recomendam usar n\u00e3o apenas qualquer meia, mas sim: meias coloridas, meias incompat\u00edveis, meias compridas, meias estampadas. Talvez at\u00e9 tr\u00eas meias, uma para cada cromossomo.<\/p>\n\n\n\n<h3 class=\"wp-block-heading\">Como participar ativamente do Dia da S\u00edndrome de Down?<\/h3>\n\n\n\n<p>Ficou interessado em participar ativamente das colabora\u00e7\u00f5es para o Dia da S\u00edndrome de Down?&nbsp;<\/p>\n\n\n\n<p>Al\u00e9m de usar meias diferenciadas, voc\u00ea tamb\u00e9m pode:&nbsp;<\/p>\n\n\n\n<ul class=\"wp-block-list\">\n<li>Apoiar institui\u00e7\u00f5es parceiras de pessoas com s\u00edndromes de Down;<\/li>\n\n\n\n<li>Apoiar as pessoas com s\u00edndrome de Down e suas fam\u00edlias\/cuidadores a fim de garantir uma experi\u00eancia positiva na sociedade civil;<\/li>\n\n\n\n<li>Cria\u00e7\u00e3o e atualiza\u00e7\u00e3o de passaportes hospitalares para que os pacientes possam comunicar facilmente seus gostos, desgostos e informa\u00e7\u00f5es importantes que representar\u00e3o a necessidade de atendimento individualizado.<\/li>\n\n\n\n<li>Criar informa\u00e7\u00f5es de f\u00e1cil leitura, hist\u00f3rias ilustradas e outras ferramentas de comunica\u00e7\u00e3o para apoiar pessoas com Dificuldades de Aprendizagem;<\/li>\n\n\n\n<li>Trabalhar em conjunto com pacientes com Dificuldades de Aprendizagem para melhorar a viv\u00eancia;<\/li>\n\n\n\n<li>Apoiar a implementa\u00e7\u00e3o de projetos e programas voltados para pessoas com s\u00edndrome de down;&nbsp;<\/li>\n\n\n\n<li>Promover a sa\u00fade e o bem-estar espec\u00edficos de indiv\u00edduos com Dificuldades de Aprendizagem;<\/li>\n\n\n\n<li>Crie oportunidades que gerem o empoderamento.&nbsp;<\/li>\n<\/ul>\n\n\n\n<h2 class=\"wp-block-heading\"><strong>Qual a import\u00e2ncia do Dia da S\u00edndrome de Down?&nbsp;<\/strong><\/h2>\n\n\n\n<p>O&nbsp;<strong>Dia Mundial da S\u00edndrome de Down<\/strong>, em 21 de mar\u00e7o, permite que pessoas com S\u00edndrome de Down, e seus defensores, tenham uma voz e uma oportunidade de serem ouvidas. \u00c9 um dia onde diversos setores da sociedade, sobretudo institui\u00e7\u00f5es, se re\u00fanem para promover a sensibiliza\u00e7\u00e3o e conscientiza\u00e7\u00e3o p\u00fablica sobre o dist\u00farbio gen\u00e9tico. O objetivo \u00e9 educar outras pessoas sobre a import\u00e2ncia de apoiar nossos amigos e familiares que direta e indiretamente vivenciaram a vida com s\u00edndrome de Down.<\/p>\n\n\n\n<p>A&nbsp;s\u00edndrome de Down&nbsp;\u00e9 um arranjo cromoss\u00f4mico natural que sempre fez parte da condi\u00e7\u00e3o humana. Existe em todas as regi\u00f5es do mundo e comumente afeta estilos de aprendizagem, caracter\u00edsticas f\u00edsicas e sa\u00fade geral. Para garantir um crescimento e desenvolvimento adequados, os programas de aprendizagem social apoiam e integram qualquer pessoa com s\u00edndrome de Down.<\/p>\n\n\n\n<p>Fonte:&nbsp;<a href=\"https:\/\/manodown.com.br\/noticias\/dia-da-sindrome-de-down-marco-importante-na-luta-contra-preconceito\/\" target=\"_blank\" rel=\"noreferrer noopener\">Instituto Mano Down<\/a><\/p>\n","protected":false},"excerpt":{"rendered":"<p>O primeiro&nbsp;Dia da S\u00edndrome de Down, tamb\u00e9m conhecido mundialmente pela sigla em ingl\u00eas \u2018\u2019WDSD\u2019\u2019, foi<\/p>\n","protected":false},"author":1,"featured_media":225,"comment_status":"open","ping_status":"open","sticky":false,"template":"","format":"standard","meta":{"om_disable_all_campaigns":false,"_monsterinsights_skip_tracking":false,"_monsterinsights_sitenote_active":false,"_monsterinsights_sitenote_note":"","_monsterinsights_sitenote_category":0,"_uf_show_specific_survey":0,"_uf_disable_surveys":false,"footnotes":""},"categories":[9,7],"tags":[],"class_list":["post-224","post","type-post","status-publish","format-standard","has-post-thumbnail","hentry","category-noticias","category-t21"],"yoast_head":"<!-- This site is optimized with the Yoast SEO plugin v27.4 - https:\/\/yoast.com\/product\/yoast-seo-wordpress\/ -->\n<title>Dia da S\u00edndrome de Down: marco importante na luta contra preconceito - PORTAL INCLUIR<\/title>\n<meta name=\"robots\" content=\"index, follow, max-snippet:-1, max-image-preview:large, max-video-preview:-1\" \/>\n<link rel=\"canonical\" href=\"https:\/\/portalincluir.com.br\/index.php\/2024\/03\/19\/dia-da-sindrome-de-down-marco-importante-na-luta-contra-preconceito\/\" \/>\n<meta property=\"og:locale\" content=\"pt_BR\" \/>\n<meta property=\"og:type\" content=\"article\" \/>\n<meta property=\"og:title\" content=\"Dia da S\u00edndrome de Down: marco importante na luta contra preconceito - PORTAL INCLUIR\" \/>\n<meta property=\"og:description\" content=\"O primeiro&nbsp;Dia da S\u00edndrome de Down, tamb\u00e9m conhecido mundialmente pela sigla em ingl\u00eas \u2018\u2019WDSD\u2019\u2019, foi\" \/>\n<meta property=\"og:url\" content=\"https:\/\/portalincluir.com.br\/index.php\/2024\/03\/19\/dia-da-sindrome-de-down-marco-importante-na-luta-contra-preconceito\/\" \/>\n<meta property=\"og:site_name\" content=\"PORTAL INCLUIR\" \/>\n<meta property=\"article:published_time\" content=\"2024-03-19T20:01:31+00:00\" \/>\n<meta property=\"article:modified_time\" content=\"2024-03-20T03:10:28+00:00\" \/>\n<meta property=\"og:image\" content=\"https:\/\/portalincluir.com.br\/wp-content\/uploads\/2024\/03\/ALICE-SORRINDO-e1710878482411.jpg\" \/>\n\t<meta property=\"og:image:width\" content=\"898\" \/>\n\t<meta property=\"og:image:height\" content=\"808\" \/>\n\t<meta property=\"og:image:type\" content=\"image\/jpeg\" \/>\n<meta name=\"author\" content=\"Portal Incluir\" \/>\n<meta name=\"twitter:card\" content=\"summary_large_image\" \/>\n<meta name=\"twitter:label1\" content=\"Escrito por\" \/>\n\t<meta name=\"twitter:data1\" content=\"Portal Incluir\" \/>\n\t<meta name=\"twitter:label2\" content=\"Est. tempo de leitura\" \/>\n\t<meta name=\"twitter:data2\" content=\"3 minutos\" \/>\n<script type=\"application\/ld+json\" class=\"yoast-schema-graph\">{\"@context\":\"https:\\\/\\\/schema.org\",\"@graph\":[{\"@type\":[\"Article\",\"BlogPosting\"],\"@id\":\"https:\\\/\\\/portalincluir.com.br\\\/index.php\\\/2024\\\/03\\\/19\\\/dia-da-sindrome-de-down-marco-importante-na-luta-contra-preconceito\\\/#article\",\"isPartOf\":{\"@id\":\"https:\\\/\\\/portalincluir.com.br\\\/index.php\\\/2024\\\/03\\\/19\\\/dia-da-sindrome-de-down-marco-importante-na-luta-contra-preconceito\\\/\"},\"author\":{\"name\":\"Portal Incluir\",\"@id\":\"https:\\\/\\\/portalincluir.com.br\\\/#\\\/schema\\\/person\\\/8823664e5902eee555607fb75c4c35ae\"},\"headline\":\"Dia da S\u00edndrome de Down: marco importante na luta contra preconceito\",\"datePublished\":\"2024-03-19T20:01:31+00:00\",\"dateModified\":\"2024-03-20T03:10:28+00:00\",\"mainEntityOfPage\":{\"@id\":\"https:\\\/\\\/portalincluir.com.br\\\/index.php\\\/2024\\\/03\\\/19\\\/dia-da-sindrome-de-down-marco-importante-na-luta-contra-preconceito\\\/\"},\"wordCount\":683,\"commentCount\":0,\"image\":{\"@id\":\"https:\\\/\\\/portalincluir.com.br\\\/index.php\\\/2024\\\/03\\\/19\\\/dia-da-sindrome-de-down-marco-importante-na-luta-contra-preconceito\\\/#primaryimage\"},\"thumbnailUrl\":\"https:\\\/\\\/portalincluir.com.br\\\/wp-content\\\/uploads\\\/2024\\\/03\\\/ALICE-SORRINDO-e1710878482411.jpg\",\"articleSection\":[\"Not\u00edcias\",\"T21\"],\"inLanguage\":\"pt-BR\",\"potentialAction\":[{\"@type\":\"CommentAction\",\"name\":\"Comment\",\"target\":[\"https:\\\/\\\/portalincluir.com.br\\\/index.php\\\/2024\\\/03\\\/19\\\/dia-da-sindrome-de-down-marco-importante-na-luta-contra-preconceito\\\/#respond\"]}]},{\"@type\":\"WebPage\",\"@id\":\"https:\\\/\\\/portalincluir.com.br\\\/index.php\\\/2024\\\/03\\\/19\\\/dia-da-sindrome-de-down-marco-importante-na-luta-contra-preconceito\\\/\",\"url\":\"https:\\\/\\\/portalincluir.com.br\\\/index.php\\\/2024\\\/03\\\/19\\\/dia-da-sindrome-de-down-marco-importante-na-luta-contra-preconceito\\\/\",\"name\":\"Dia da S\u00edndrome de Down: marco importante na luta contra preconceito - PORTAL INCLUIR\",\"isPartOf\":{\"@id\":\"https:\\\/\\\/portalincluir.com.br\\\/#website\"},\"primaryImageOfPage\":{\"@id\":\"https:\\\/\\\/portalincluir.com.br\\\/index.php\\\/2024\\\/03\\\/19\\\/dia-da-sindrome-de-down-marco-importante-na-luta-contra-preconceito\\\/#primaryimage\"},\"image\":{\"@id\":\"https:\\\/\\\/portalincluir.com.br\\\/index.php\\\/2024\\\/03\\\/19\\\/dia-da-sindrome-de-down-marco-importante-na-luta-contra-preconceito\\\/#primaryimage\"},\"thumbnailUrl\":\"https:\\\/\\\/portalincluir.com.br\\\/wp-content\\\/uploads\\\/2024\\\/03\\\/ALICE-SORRINDO-e1710878482411.jpg\",\"datePublished\":\"2024-03-19T20:01:31+00:00\",\"dateModified\":\"2024-03-20T03:10:28+00:00\",\"author\":{\"@id\":\"https:\\\/\\\/portalincluir.com.br\\\/#\\\/schema\\\/person\\\/8823664e5902eee555607fb75c4c35ae\"},\"breadcrumb\":{\"@id\":\"https:\\\/\\\/portalincluir.com.br\\\/index.php\\\/2024\\\/03\\\/19\\\/dia-da-sindrome-de-down-marco-importante-na-luta-contra-preconceito\\\/#breadcrumb\"},\"inLanguage\":\"pt-BR\",\"potentialAction\":[{\"@type\":\"ReadAction\",\"target\":[\"https:\\\/\\\/portalincluir.com.br\\\/index.php\\\/2024\\\/03\\\/19\\\/dia-da-sindrome-de-down-marco-importante-na-luta-contra-preconceito\\\/\"]}]},{\"@type\":\"ImageObject\",\"inLanguage\":\"pt-BR\",\"@id\":\"https:\\\/\\\/portalincluir.com.br\\\/index.php\\\/2024\\\/03\\\/19\\\/dia-da-sindrome-de-down-marco-importante-na-luta-contra-preconceito\\\/#primaryimage\",\"url\":\"https:\\\/\\\/portalincluir.com.br\\\/wp-content\\\/uploads\\\/2024\\\/03\\\/ALICE-SORRINDO-e1710878482411.jpg\",\"contentUrl\":\"https:\\\/\\\/portalincluir.com.br\\\/wp-content\\\/uploads\\\/2024\\\/03\\\/ALICE-SORRINDO-e1710878482411.jpg\",\"width\":898,\"height\":808},{\"@type\":\"BreadcrumbList\",\"@id\":\"https:\\\/\\\/portalincluir.com.br\\\/index.php\\\/2024\\\/03\\\/19\\\/dia-da-sindrome-de-down-marco-importante-na-luta-contra-preconceito\\\/#breadcrumb\",\"itemListElement\":[{\"@type\":\"ListItem\",\"position\":1,\"name\":\"In\u00edcio\",\"item\":\"https:\\\/\\\/portalincluir.com.br\\\/\"},{\"@type\":\"ListItem\",\"position\":2,\"name\":\"Dia da S\u00edndrome de Down: marco importante na luta contra preconceito\"}]},{\"@type\":\"WebSite\",\"@id\":\"https:\\\/\\\/portalincluir.com.br\\\/#website\",\"url\":\"https:\\\/\\\/portalincluir.com.br\\\/\",\"name\":\"PORTAL INCLUIR\",\"description\":\"\",\"potentialAction\":[{\"@type\":\"SearchAction\",\"target\":{\"@type\":\"EntryPoint\",\"urlTemplate\":\"https:\\\/\\\/portalincluir.com.br\\\/?s={search_term_string}\"},\"query-input\":{\"@type\":\"PropertyValueSpecification\",\"valueRequired\":true,\"valueName\":\"search_term_string\"}}],\"inLanguage\":\"pt-BR\"},{\"@type\":\"Person\",\"@id\":\"https:\\\/\\\/portalincluir.com.br\\\/#\\\/schema\\\/person\\\/8823664e5902eee555607fb75c4c35ae\",\"name\":\"Portal Incluir\",\"image\":{\"@type\":\"ImageObject\",\"inLanguage\":\"pt-BR\",\"@id\":\"https:\\\/\\\/secure.gravatar.com\\\/avatar\\\/12085fe17e70c3550551519fe1f8f51fae69b1748563a47fc3bea53d91fbcbbd?s=96&d=mm&r=g\",\"url\":\"https:\\\/\\\/secure.gravatar.com\\\/avatar\\\/12085fe17e70c3550551519fe1f8f51fae69b1748563a47fc3bea53d91fbcbbd?s=96&d=mm&r=g\",\"contentUrl\":\"https:\\\/\\\/secure.gravatar.com\\\/avatar\\\/12085fe17e70c3550551519fe1f8f51fae69b1748563a47fc3bea53d91fbcbbd?s=96&d=mm&r=g\",\"caption\":\"Portal Incluir\"},\"sameAs\":[\"http:\\\/\\\/portalincluir.com.br\"],\"url\":\"https:\\\/\\\/portalincluir.com.br\\\/index.php\\\/author\\\/portalincluir-com-br\\\/\"}]}<\/script>\n<!-- \/ Yoast SEO plugin. -->","yoast_head_json":{"title":"Dia da S\u00edndrome de Down: marco importante na luta contra preconceito - PORTAL INCLUIR","robots":{"index":"index","follow":"follow","max-snippet":"max-snippet:-1","max-image-preview":"max-image-preview:large","max-video-preview":"max-video-preview:-1"},"canonical":"https:\/\/portalincluir.com.br\/index.php\/2024\/03\/19\/dia-da-sindrome-de-down-marco-importante-na-luta-contra-preconceito\/","og_locale":"pt_BR","og_type":"article","og_title":"Dia da S\u00edndrome de Down: marco importante na luta contra preconceito - PORTAL INCLUIR","og_description":"O primeiro&nbsp;Dia da S\u00edndrome de Down, tamb\u00e9m conhecido mundialmente pela sigla em ingl\u00eas \u2018\u2019WDSD\u2019\u2019, foi","og_url":"https:\/\/portalincluir.com.br\/index.php\/2024\/03\/19\/dia-da-sindrome-de-down-marco-importante-na-luta-contra-preconceito\/","og_site_name":"PORTAL INCLUIR","article_published_time":"2024-03-19T20:01:31+00:00","article_modified_time":"2024-03-20T03:10:28+00:00","og_image":[{"width":898,"height":808,"url":"https:\/\/portalincluir.com.br\/wp-content\/uploads\/2024\/03\/ALICE-SORRINDO-e1710878482411.jpg","type":"image\/jpeg"}],"author":"Portal Incluir","twitter_card":"summary_large_image","twitter_misc":{"Escrito por":"Portal Incluir","Est. tempo de leitura":"3 minutos"},"schema":{"@context":"https:\/\/schema.org","@graph":[{"@type":["Article","BlogPosting"],"@id":"https:\/\/portalincluir.com.br\/index.php\/2024\/03\/19\/dia-da-sindrome-de-down-marco-importante-na-luta-contra-preconceito\/#article","isPartOf":{"@id":"https:\/\/portalincluir.com.br\/index.php\/2024\/03\/19\/dia-da-sindrome-de-down-marco-importante-na-luta-contra-preconceito\/"},"author":{"name":"Portal Incluir","@id":"https:\/\/portalincluir.com.br\/#\/schema\/person\/8823664e5902eee555607fb75c4c35ae"},"headline":"Dia da S\u00edndrome de Down: marco importante na luta contra preconceito","datePublished":"2024-03-19T20:01:31+00:00","dateModified":"2024-03-20T03:10:28+00:00","mainEntityOfPage":{"@id":"https:\/\/portalincluir.com.br\/index.php\/2024\/03\/19\/dia-da-sindrome-de-down-marco-importante-na-luta-contra-preconceito\/"},"wordCount":683,"commentCount":0,"image":{"@id":"https:\/\/portalincluir.com.br\/index.php\/2024\/03\/19\/dia-da-sindrome-de-down-marco-importante-na-luta-contra-preconceito\/#primaryimage"},"thumbnailUrl":"https:\/\/portalincluir.com.br\/wp-content\/uploads\/2024\/03\/ALICE-SORRINDO-e1710878482411.jpg","articleSection":["Not\u00edcias","T21"],"inLanguage":"pt-BR","potentialAction":[{"@type":"CommentAction","name":"Comment","target":["https:\/\/portalincluir.com.br\/index.php\/2024\/03\/19\/dia-da-sindrome-de-down-marco-importante-na-luta-contra-preconceito\/#respond"]}]},{"@type":"WebPage","@id":"https:\/\/portalincluir.com.br\/index.php\/2024\/03\/19\/dia-da-sindrome-de-down-marco-importante-na-luta-contra-preconceito\/","url":"https:\/\/portalincluir.com.br\/index.php\/2024\/03\/19\/dia-da-sindrome-de-down-marco-importante-na-luta-contra-preconceito\/","name":"Dia da S\u00edndrome de Down: marco importante na luta contra preconceito - PORTAL INCLUIR","isPartOf":{"@id":"https:\/\/portalincluir.com.br\/#website"},"primaryImageOfPage":{"@id":"https:\/\/portalincluir.com.br\/index.php\/2024\/03\/19\/dia-da-sindrome-de-down-marco-importante-na-luta-contra-preconceito\/#primaryimage"},"image":{"@id":"https:\/\/portalincluir.com.br\/index.php\/2024\/03\/19\/dia-da-sindrome-de-down-marco-importante-na-luta-contra-preconceito\/#primaryimage"},"thumbnailUrl":"https:\/\/portalincluir.com.br\/wp-content\/uploads\/2024\/03\/ALICE-SORRINDO-e1710878482411.jpg","datePublished":"2024-03-19T20:01:31+00:00","dateModified":"2024-03-20T03:10:28+00:00","author":{"@id":"https:\/\/portalincluir.com.br\/#\/schema\/person\/8823664e5902eee555607fb75c4c35ae"},"breadcrumb":{"@id":"https:\/\/portalincluir.com.br\/index.php\/2024\/03\/19\/dia-da-sindrome-de-down-marco-importante-na-luta-contra-preconceito\/#breadcrumb"},"inLanguage":"pt-BR","potentialAction":[{"@type":"ReadAction","target":["https:\/\/portalincluir.com.br\/index.php\/2024\/03\/19\/dia-da-sindrome-de-down-marco-importante-na-luta-contra-preconceito\/"]}]},{"@type":"ImageObject","inLanguage":"pt-BR","@id":"https:\/\/portalincluir.com.br\/index.php\/2024\/03\/19\/dia-da-sindrome-de-down-marco-importante-na-luta-contra-preconceito\/#primaryimage","url":"https:\/\/portalincluir.com.br\/wp-content\/uploads\/2024\/03\/ALICE-SORRINDO-e1710878482411.jpg","contentUrl":"https:\/\/portalincluir.com.br\/wp-content\/uploads\/2024\/03\/ALICE-SORRINDO-e1710878482411.jpg","width":898,"height":808},{"@type":"BreadcrumbList","@id":"https:\/\/portalincluir.com.br\/index.php\/2024\/03\/19\/dia-da-sindrome-de-down-marco-importante-na-luta-contra-preconceito\/#breadcrumb","itemListElement":[{"@type":"ListItem","position":1,"name":"In\u00edcio","item":"https:\/\/portalincluir.com.br\/"},{"@type":"ListItem","position":2,"name":"Dia da S\u00edndrome de Down: marco importante na luta contra preconceito"}]},{"@type":"WebSite","@id":"https:\/\/portalincluir.com.br\/#website","url":"https:\/\/portalincluir.com.br\/","name":"PORTAL INCLUIR","description":"","potentialAction":[{"@type":"SearchAction","target":{"@type":"EntryPoint","urlTemplate":"https:\/\/portalincluir.com.br\/?s={search_term_string}"},"query-input":{"@type":"PropertyValueSpecification","valueRequired":true,"valueName":"search_term_string"}}],"inLanguage":"pt-BR"},{"@type":"Person","@id":"https:\/\/portalincluir.com.br\/#\/schema\/person\/8823664e5902eee555607fb75c4c35ae","name":"Portal Incluir","image":{"@type":"ImageObject","inLanguage":"pt-BR","@id":"https:\/\/secure.gravatar.com\/avatar\/12085fe17e70c3550551519fe1f8f51fae69b1748563a47fc3bea53d91fbcbbd?s=96&d=mm&r=g","url":"https:\/\/secure.gravatar.com\/avatar\/12085fe17e70c3550551519fe1f8f51fae69b1748563a47fc3bea53d91fbcbbd?s=96&d=mm&r=g","contentUrl":"https:\/\/secure.gravatar.com\/avatar\/12085fe17e70c3550551519fe1f8f51fae69b1748563a47fc3bea53d91fbcbbd?s=96&d=mm&r=g","caption":"Portal Incluir"},"sameAs":["http:\/\/portalincluir.com.br"],"url":"https:\/\/portalincluir.com.br\/index.php\/author\/portalincluir-com-br\/"}]}},"_links":{"self":[{"href":"https:\/\/portalincluir.com.br\/index.php\/wp-json\/wp\/v2\/posts\/224","targetHints":{"allow":["GET"]}}],"collection":[{"href":"https:\/\/portalincluir.com.br\/index.php\/wp-json\/wp\/v2\/posts"}],"about":[{"href":"https:\/\/portalincluir.com.br\/index.php\/wp-json\/wp\/v2\/types\/post"}],"author":[{"embeddable":true,"href":"https:\/\/portalincluir.com.br\/index.php\/wp-json\/wp\/v2\/users\/1"}],"replies":[{"embeddable":true,"href":"https:\/\/portalincluir.com.br\/index.php\/wp-json\/wp\/v2\/comments?post=224"}],"version-history":[{"count":3,"href":"https:\/\/portalincluir.com.br\/index.php\/wp-json\/wp\/v2\/posts\/224\/revisions"}],"predecessor-version":[{"id":233,"href":"https:\/\/portalincluir.com.br\/index.php\/wp-json\/wp\/v2\/posts\/224\/revisions\/233"}],"wp:featuredmedia":[{"embeddable":true,"href":"https:\/\/portalincluir.com.br\/index.php\/wp-json\/wp\/v2\/media\/225"}],"wp:attachment":[{"href":"https:\/\/portalincluir.com.br\/index.php\/wp-json\/wp\/v2\/media?parent=224"}],"wp:term":[{"taxonomy":"category","embeddable":true,"href":"https:\/\/portalincluir.com.br\/index.php\/wp-json\/wp\/v2\/categories?post=224"},{"taxonomy":"post_tag","embeddable":true,"href":"https:\/\/portalincluir.com.br\/index.php\/wp-json\/wp\/v2\/tags?post=224"}],"curies":[{"name":"wp","href":"https:\/\/api.w.org\/{rel}","templated":true}]}}