{"id":237,"date":"2024-03-23T00:39:06","date_gmt":"2024-03-23T03:39:06","guid":{"rendered":"https:\/\/portalincluir.com.br\/?p=237"},"modified":"2024-05-08T23:21:46","modified_gmt":"2024-05-09T02:21:46","slug":"blog-viverdown-e-associacao-conquista-down-presentes-em-mais-um-evento-relacionado-a-conscientizacao-sobre-t21","status":"publish","type":"post","link":"https:\/\/portalincluir.com.br\/index.php\/2024\/03\/23\/blog-viverdown-e-associacao-conquista-down-presentes-em-mais-um-evento-relacionado-a-conscientizacao-sobre-t21\/","title":{"rendered":"Portal Incluir e Associa\u00e7\u00e3o Conquista Down presentes em mais um evento relacionado a conscientiza\u00e7\u00e3o sobre T21"},"content":{"rendered":"\n<p>Durante esta semana v\u00e1rias atividades foram realizadas na cidade de Vit\u00f3ria da Conquista, voltadas para a divulga\u00e7\u00e3o do Dia Internacional da S\u00edndrome de Down. Nesta sexta-feira, 22, o Blog Viverdown\/Portal Incluir e a Associa\u00e7\u00e3o Conquista Down foram convidados para realizar um bate papo com jovens atendidos pelo Senac, Unidade de Vit\u00f3ria da Conquista atrav\u00e9s do programa Jovem Aprendiz. <\/p>\n\n\n\n<figure class=\"wp-block-image size-large\"><img loading=\"lazy\" decoding=\"async\" width=\"1024\" height=\"768\" src=\"https:\/\/portalincluir.com.br\/wp-content\/uploads\/2024\/03\/senac-1-1024x768.jpg\" alt=\"\" class=\"wp-image-238\" srcset=\"https:\/\/portalincluir.com.br\/wp-content\/uploads\/2024\/03\/senac-1-1024x768.jpg 1024w, https:\/\/portalincluir.com.br\/wp-content\/uploads\/2024\/03\/senac-1-300x225.jpg 300w, https:\/\/portalincluir.com.br\/wp-content\/uploads\/2024\/03\/senac-1-768x576.jpg 768w, https:\/\/portalincluir.com.br\/wp-content\/uploads\/2024\/03\/senac-1-1536x1152.jpg 1536w, https:\/\/portalincluir.com.br\/wp-content\/uploads\/2024\/03\/senac-1.jpg 1600w\" sizes=\"auto, (max-width: 1024px) 100vw, 1024px\" \/><\/figure>\n\n\n\n<p>Na oportunidade, o criador do Blog, J\u00fanior Patente e a presidente do Conquista Down, Geisa de F\u00e1tima, falaram sobre a data e destacaram a import\u00e2ncia da realiza\u00e7\u00e3o da mobiliza\u00e7\u00e3o \u201cLots Of Socks\u201d, que significa \u201cMuitas Meias\u201d, uma campanha mundial que promove a conscientiza\u00e7\u00e3o sobre a S\u00edndrome de Down, convidando a todos para  celebrar a diversidade e lembrar as pessoas da import\u00e2ncia de respeitar  e apreciar as diferen\u00e7as.<\/p>\n\n\n\n<p>O Capacitismo foi um dos problemas lembrados pelos palestrantes. &#8220;Uma das consequ\u00eancias mais graves \u00e9 a exclus\u00e3o das pessoas com defici\u00eancia, deixando-os em situa\u00e7\u00e3o de vulnerabilidade, j\u00e1 que acabam n\u00e3o tendo as mesmas oportunidades de educa\u00e7\u00e3o e de trabalho acabam mergulhando em s\u00e9rios problemas de sa\u00fade como sa\u00fade mental, ansiedade e depress\u00e3o, devido ao estigma e discrimina\u00e7\u00e3o enfrentados por estas pessoas&#8221;, afirmou Patente. Por sua vez, Geisa lembrou que o capacitismo \u00e9 um dos principais  problemas para as pessoas com defici\u00eancia, tendo como consequ\u00eancias a priva\u00e7\u00e3o ou uma dificuldade exagerada em participar da vida de sua comunidade e  viverem de forma independente e aut\u00f4noma&#8221;.<\/p>\n\n\n\n<p>Foi apresentado aos jovens termos e frases utilizadas com frequencia para se referir \u00e0 pessoas com S\u00edndrome de Down que acabam dificultando ainda mais o desenvolvimento dos mesmos e, que, portanto devem ser evitadas. <\/p>\n\n\n\n<p>J\u00fanior destacou que &#8220;\u00e9 importante que essa nova gera\u00e7\u00e3o (crian\u00e7as) que est\u00e1 iniciando a sua jornada j\u00e1 seja conscientizada a respeito da importancia do tratamento a ser dado \u00e0s PCDs para que eles possam ser acolhidos com naturalidade e isso facilite o processo de desenvolvimento dos mesmos&#8221;, enquanto por sua vez, Geisa convidou os jovens a &#8220;mudarem de atitude ao se referir a essa popula\u00e7\u00e3o com defici\u00eancias, pois nunca \u00e9 tarde para fazer o bem&#8221;.<\/p>\n\n\n\n<p>Se voc\u00ea tem uma escola, \u00e9 professor, ou representante de qualquer institui\u00e7\u00e3o e quer levar esse trabalho de conscientiza\u00e7\u00e3o ao seu p\u00fablico, pode nos chamar pelo WhatsApp<a href=\"https:\/\/api.whatsapp.com\/send\/?phone=998609002&amp;text&amp;type=phone_number&amp;app_absent=0\" target=\"_blank\" rel=\"noreferrer noopener\"> clicando aqui<\/a>.<\/p>\n\n\n\n<figure class=\"wp-block-gallery has-nested-images columns-default is-cropped wp-block-gallery-1 is-layout-flex wp-block-gallery-is-layout-flex\">\n<figure class=\"wp-block-image size-large\"><img loading=\"lazy\" decoding=\"async\" width=\"1024\" height=\"768\" data-id=\"240\" src=\"https:\/\/portalincluir.com.br\/wp-content\/uploads\/2024\/03\/senac-2-1024x768.jpg\" alt=\"\" class=\"wp-image-240\" srcset=\"https:\/\/portalincluir.com.br\/wp-content\/uploads\/2024\/03\/senac-2-1024x768.jpg 1024w, https:\/\/portalincluir.com.br\/wp-content\/uploads\/2024\/03\/senac-2-300x225.jpg 300w, https:\/\/portalincluir.com.br\/wp-content\/uploads\/2024\/03\/senac-2-768x576.jpg 768w, https:\/\/portalincluir.com.br\/wp-content\/uploads\/2024\/03\/senac-2-1536x1152.jpg 1536w, https:\/\/portalincluir.com.br\/wp-content\/uploads\/2024\/03\/senac-2.jpg 1600w\" sizes=\"auto, (max-width: 1024px) 100vw, 1024px\" \/><\/figure>\n\n\n\n<figure class=\"wp-block-image size-large\"><img loading=\"lazy\" decoding=\"async\" width=\"1024\" height=\"461\" data-id=\"241\" src=\"https:\/\/portalincluir.com.br\/wp-content\/uploads\/2024\/03\/senac-3-1024x461.jpg\" alt=\"\" class=\"wp-image-241\" srcset=\"https:\/\/portalincluir.com.br\/wp-content\/uploads\/2024\/03\/senac-3-1024x461.jpg 1024w, https:\/\/portalincluir.com.br\/wp-content\/uploads\/2024\/03\/senac-3-300x135.jpg 300w, https:\/\/portalincluir.com.br\/wp-content\/uploads\/2024\/03\/senac-3-768x346.jpg 768w, https:\/\/portalincluir.com.br\/wp-content\/uploads\/2024\/03\/senac-3-1536x691.jpg 1536w, https:\/\/portalincluir.com.br\/wp-content\/uploads\/2024\/03\/senac-3-2048x922.jpg 2048w\" sizes=\"auto, (max-width: 1024px) 100vw, 1024px\" \/><\/figure>\n\n\n\n<figure class=\"wp-block-image size-large\"><img loading=\"lazy\" decoding=\"async\" width=\"1024\" height=\"461\" data-id=\"242\" src=\"https:\/\/portalincluir.com.br\/wp-content\/uploads\/2024\/03\/senac-4-1024x461.jpg\" alt=\"\" class=\"wp-image-242\" srcset=\"https:\/\/portalincluir.com.br\/wp-content\/uploads\/2024\/03\/senac-4-1024x461.jpg 1024w, https:\/\/portalincluir.com.br\/wp-content\/uploads\/2024\/03\/senac-4-300x135.jpg 300w, https:\/\/portalincluir.com.br\/wp-content\/uploads\/2024\/03\/senac-4-768x346.jpg 768w, https:\/\/portalincluir.com.br\/wp-content\/uploads\/2024\/03\/senac-4-1536x691.jpg 1536w, https:\/\/portalincluir.com.br\/wp-content\/uploads\/2024\/03\/senac-4-2048x922.jpg 2048w\" sizes=\"auto, (max-width: 1024px) 100vw, 1024px\" \/><\/figure>\n\n\n\n<figure class=\"wp-block-image size-large\"><img loading=\"lazy\" decoding=\"async\" width=\"1024\" height=\"461\" data-id=\"243\" src=\"https:\/\/portalincluir.com.br\/wp-content\/uploads\/2024\/03\/senac-5-1024x461.jpg\" alt=\"\" class=\"wp-image-243\" srcset=\"https:\/\/portalincluir.com.br\/wp-content\/uploads\/2024\/03\/senac-5-1024x461.jpg 1024w, https:\/\/portalincluir.com.br\/wp-content\/uploads\/2024\/03\/senac-5-300x135.jpg 300w, https:\/\/portalincluir.com.br\/wp-content\/uploads\/2024\/03\/senac-5-768x346.jpg 768w, https:\/\/portalincluir.com.br\/wp-content\/uploads\/2024\/03\/senac-5-1536x691.jpg 1536w, https:\/\/portalincluir.com.br\/wp-content\/uploads\/2024\/03\/senac-5-2048x922.jpg 2048w\" sizes=\"auto, (max-width: 1024px) 100vw, 1024px\" \/><\/figure>\n<\/figure>\n","protected":false},"excerpt":{"rendered":"<p>Durante esta semana v\u00e1rias atividades foram realizadas na cidade de Vit\u00f3ria da Conquista, voltadas para<\/p>\n","protected":false},"author":1,"featured_media":243,"comment_status":"open","ping_status":"open","sticky":false,"template":"","format":"standard","meta":{"om_disable_all_campaigns":false,"_monsterinsights_skip_tracking":false,"_monsterinsights_sitenote_active":false,"_monsterinsights_sitenote_note":"","_monsterinsights_sitenote_category":0,"_uf_show_specific_survey":0,"_uf_disable_surveys":false,"footnotes":""},"categories":[9,7],"tags":[],"class_list":["post-237","post","type-post","status-publish","format-standard","has-post-thumbnail","hentry","category-noticias","category-t21"],"yoast_head":"<!-- This site is optimized with the Yoast SEO plugin v27.4 - https:\/\/yoast.com\/product\/yoast-seo-wordpress\/ -->\n<title>Portal Incluir e Associa\u00e7\u00e3o Conquista Down presentes em mais um evento relacionado a conscientiza\u00e7\u00e3o sobre T21 - PORTAL INCLUIR<\/title>\n<meta name=\"robots\" content=\"index, follow, max-snippet:-1, max-image-preview:large, max-video-preview:-1\" \/>\n<link rel=\"canonical\" href=\"https:\/\/portalincluir.com.br\/index.php\/2024\/03\/23\/blog-viverdown-e-associacao-conquista-down-presentes-em-mais-um-evento-relacionado-a-conscientizacao-sobre-t21\/\" \/>\n<meta property=\"og:locale\" content=\"pt_BR\" \/>\n<meta property=\"og:type\" content=\"article\" \/>\n<meta property=\"og:title\" content=\"Portal Incluir e Associa\u00e7\u00e3o Conquista Down presentes em mais um evento relacionado a conscientiza\u00e7\u00e3o sobre T21 - PORTAL INCLUIR\" \/>\n<meta property=\"og:description\" content=\"Durante esta semana v\u00e1rias atividades foram realizadas na cidade de Vit\u00f3ria da Conquista, voltadas para\" \/>\n<meta property=\"og:url\" content=\"https:\/\/portalincluir.com.br\/index.php\/2024\/03\/23\/blog-viverdown-e-associacao-conquista-down-presentes-em-mais-um-evento-relacionado-a-conscientizacao-sobre-t21\/\" \/>\n<meta property=\"og:site_name\" content=\"PORTAL INCLUIR\" \/>\n<meta property=\"article:published_time\" content=\"2024-03-23T03:39:06+00:00\" \/>\n<meta property=\"article:modified_time\" content=\"2024-05-09T02:21:46+00:00\" \/>\n<meta property=\"og:image\" content=\"https:\/\/portalincluir.com.br\/wp-content\/uploads\/2024\/03\/senac-5-scaled.jpg\" \/>\n\t<meta property=\"og:image:width\" content=\"2560\" \/>\n\t<meta property=\"og:image:height\" content=\"1152\" \/>\n\t<meta property=\"og:image:type\" content=\"image\/jpeg\" \/>\n<meta name=\"author\" content=\"Portal Incluir\" \/>\n<meta name=\"twitter:card\" content=\"summary_large_image\" \/>\n<meta name=\"twitter:label1\" content=\"Escrito por\" \/>\n\t<meta name=\"twitter:data1\" content=\"Portal Incluir\" \/>\n\t<meta name=\"twitter:label2\" content=\"Est. tempo de leitura\" \/>\n\t<meta name=\"twitter:data2\" content=\"2 minutos\" \/>\n<script type=\"application\/ld+json\" class=\"yoast-schema-graph\">{\"@context\":\"https:\\\/\\\/schema.org\",\"@graph\":[{\"@type\":[\"Article\",\"BlogPosting\"],\"@id\":\"https:\\\/\\\/portalincluir.com.br\\\/index.php\\\/2024\\\/03\\\/23\\\/blog-viverdown-e-associacao-conquista-down-presentes-em-mais-um-evento-relacionado-a-conscientizacao-sobre-t21\\\/#article\",\"isPartOf\":{\"@id\":\"https:\\\/\\\/portalincluir.com.br\\\/index.php\\\/2024\\\/03\\\/23\\\/blog-viverdown-e-associacao-conquista-down-presentes-em-mais-um-evento-relacionado-a-conscientizacao-sobre-t21\\\/\"},\"author\":{\"name\":\"Portal Incluir\",\"@id\":\"https:\\\/\\\/portalincluir.com.br\\\/#\\\/schema\\\/person\\\/8823664e5902eee555607fb75c4c35ae\"},\"headline\":\"Portal Incluir e Associa\u00e7\u00e3o Conquista Down presentes em mais um evento relacionado a conscientiza\u00e7\u00e3o sobre T21\",\"datePublished\":\"2024-03-23T03:39:06+00:00\",\"dateModified\":\"2024-05-09T02:21:46+00:00\",\"mainEntityOfPage\":{\"@id\":\"https:\\\/\\\/portalincluir.com.br\\\/index.php\\\/2024\\\/03\\\/23\\\/blog-viverdown-e-associacao-conquista-down-presentes-em-mais-um-evento-relacionado-a-conscientizacao-sobre-t21\\\/\"},\"wordCount\":419,\"commentCount\":0,\"image\":{\"@id\":\"https:\\\/\\\/portalincluir.com.br\\\/index.php\\\/2024\\\/03\\\/23\\\/blog-viverdown-e-associacao-conquista-down-presentes-em-mais-um-evento-relacionado-a-conscientizacao-sobre-t21\\\/#primaryimage\"},\"thumbnailUrl\":\"https:\\\/\\\/portalincluir.com.br\\\/wp-content\\\/uploads\\\/2024\\\/03\\\/senac-5-scaled.jpg\",\"articleSection\":[\"Not\u00edcias\",\"T21\"],\"inLanguage\":\"pt-BR\",\"potentialAction\":[{\"@type\":\"CommentAction\",\"name\":\"Comment\",\"target\":[\"https:\\\/\\\/portalincluir.com.br\\\/index.php\\\/2024\\\/03\\\/23\\\/blog-viverdown-e-associacao-conquista-down-presentes-em-mais-um-evento-relacionado-a-conscientizacao-sobre-t21\\\/#respond\"]}]},{\"@type\":\"WebPage\",\"@id\":\"https:\\\/\\\/portalincluir.com.br\\\/index.php\\\/2024\\\/03\\\/23\\\/blog-viverdown-e-associacao-conquista-down-presentes-em-mais-um-evento-relacionado-a-conscientizacao-sobre-t21\\\/\",\"url\":\"https:\\\/\\\/portalincluir.com.br\\\/index.php\\\/2024\\\/03\\\/23\\\/blog-viverdown-e-associacao-conquista-down-presentes-em-mais-um-evento-relacionado-a-conscientizacao-sobre-t21\\\/\",\"name\":\"Portal Incluir e Associa\u00e7\u00e3o Conquista Down presentes em mais um evento relacionado a conscientiza\u00e7\u00e3o sobre T21 - PORTAL INCLUIR\",\"isPartOf\":{\"@id\":\"https:\\\/\\\/portalincluir.com.br\\\/#website\"},\"primaryImageOfPage\":{\"@id\":\"https:\\\/\\\/portalincluir.com.br\\\/index.php\\\/2024\\\/03\\\/23\\\/blog-viverdown-e-associacao-conquista-down-presentes-em-mais-um-evento-relacionado-a-conscientizacao-sobre-t21\\\/#primaryimage\"},\"image\":{\"@id\":\"https:\\\/\\\/portalincluir.com.br\\\/index.php\\\/2024\\\/03\\\/23\\\/blog-viverdown-e-associacao-conquista-down-presentes-em-mais-um-evento-relacionado-a-conscientizacao-sobre-t21\\\/#primaryimage\"},\"thumbnailUrl\":\"https:\\\/\\\/portalincluir.com.br\\\/wp-content\\\/uploads\\\/2024\\\/03\\\/senac-5-scaled.jpg\",\"datePublished\":\"2024-03-23T03:39:06+00:00\",\"dateModified\":\"2024-05-09T02:21:46+00:00\",\"author\":{\"@id\":\"https:\\\/\\\/portalincluir.com.br\\\/#\\\/schema\\\/person\\\/8823664e5902eee555607fb75c4c35ae\"},\"breadcrumb\":{\"@id\":\"https:\\\/\\\/portalincluir.com.br\\\/index.php\\\/2024\\\/03\\\/23\\\/blog-viverdown-e-associacao-conquista-down-presentes-em-mais-um-evento-relacionado-a-conscientizacao-sobre-t21\\\/#breadcrumb\"},\"inLanguage\":\"pt-BR\",\"potentialAction\":[{\"@type\":\"ReadAction\",\"target\":[\"https:\\\/\\\/portalincluir.com.br\\\/index.php\\\/2024\\\/03\\\/23\\\/blog-viverdown-e-associacao-conquista-down-presentes-em-mais-um-evento-relacionado-a-conscientizacao-sobre-t21\\\/\"]}]},{\"@type\":\"ImageObject\",\"inLanguage\":\"pt-BR\",\"@id\":\"https:\\\/\\\/portalincluir.com.br\\\/index.php\\\/2024\\\/03\\\/23\\\/blog-viverdown-e-associacao-conquista-down-presentes-em-mais-um-evento-relacionado-a-conscientizacao-sobre-t21\\\/#primaryimage\",\"url\":\"https:\\\/\\\/portalincluir.com.br\\\/wp-content\\\/uploads\\\/2024\\\/03\\\/senac-5-scaled.jpg\",\"contentUrl\":\"https:\\\/\\\/portalincluir.com.br\\\/wp-content\\\/uploads\\\/2024\\\/03\\\/senac-5-scaled.jpg\",\"width\":2560,\"height\":1152},{\"@type\":\"BreadcrumbList\",\"@id\":\"https:\\\/\\\/portalincluir.com.br\\\/index.php\\\/2024\\\/03\\\/23\\\/blog-viverdown-e-associacao-conquista-down-presentes-em-mais-um-evento-relacionado-a-conscientizacao-sobre-t21\\\/#breadcrumb\",\"itemListElement\":[{\"@type\":\"ListItem\",\"position\":1,\"name\":\"In\u00edcio\",\"item\":\"https:\\\/\\\/portalincluir.com.br\\\/\"},{\"@type\":\"ListItem\",\"position\":2,\"name\":\"Portal Incluir e Associa\u00e7\u00e3o Conquista Down presentes em mais um evento relacionado a conscientiza\u00e7\u00e3o sobre T21\"}]},{\"@type\":\"WebSite\",\"@id\":\"https:\\\/\\\/portalincluir.com.br\\\/#website\",\"url\":\"https:\\\/\\\/portalincluir.com.br\\\/\",\"name\":\"PORTAL INCLUIR\",\"description\":\"\",\"potentialAction\":[{\"@type\":\"SearchAction\",\"target\":{\"@type\":\"EntryPoint\",\"urlTemplate\":\"https:\\\/\\\/portalincluir.com.br\\\/?s={search_term_string}\"},\"query-input\":{\"@type\":\"PropertyValueSpecification\",\"valueRequired\":true,\"valueName\":\"search_term_string\"}}],\"inLanguage\":\"pt-BR\"},{\"@type\":\"Person\",\"@id\":\"https:\\\/\\\/portalincluir.com.br\\\/#\\\/schema\\\/person\\\/8823664e5902eee555607fb75c4c35ae\",\"name\":\"Portal Incluir\",\"image\":{\"@type\":\"ImageObject\",\"inLanguage\":\"pt-BR\",\"@id\":\"https:\\\/\\\/secure.gravatar.com\\\/avatar\\\/12085fe17e70c3550551519fe1f8f51fae69b1748563a47fc3bea53d91fbcbbd?s=96&d=mm&r=g\",\"url\":\"https:\\\/\\\/secure.gravatar.com\\\/avatar\\\/12085fe17e70c3550551519fe1f8f51fae69b1748563a47fc3bea53d91fbcbbd?s=96&d=mm&r=g\",\"contentUrl\":\"https:\\\/\\\/secure.gravatar.com\\\/avatar\\\/12085fe17e70c3550551519fe1f8f51fae69b1748563a47fc3bea53d91fbcbbd?s=96&d=mm&r=g\",\"caption\":\"Portal Incluir\"},\"sameAs\":[\"http:\\\/\\\/portalincluir.com.br\"],\"url\":\"https:\\\/\\\/portalincluir.com.br\\\/index.php\\\/author\\\/portalincluir-com-br\\\/\"}]}<\/script>\n<!-- \/ Yoast SEO plugin. -->","yoast_head_json":{"title":"Portal Incluir e Associa\u00e7\u00e3o Conquista Down presentes em mais um evento relacionado a conscientiza\u00e7\u00e3o sobre T21 - PORTAL INCLUIR","robots":{"index":"index","follow":"follow","max-snippet":"max-snippet:-1","max-image-preview":"max-image-preview:large","max-video-preview":"max-video-preview:-1"},"canonical":"https:\/\/portalincluir.com.br\/index.php\/2024\/03\/23\/blog-viverdown-e-associacao-conquista-down-presentes-em-mais-um-evento-relacionado-a-conscientizacao-sobre-t21\/","og_locale":"pt_BR","og_type":"article","og_title":"Portal Incluir e Associa\u00e7\u00e3o Conquista Down presentes em mais um evento relacionado a conscientiza\u00e7\u00e3o sobre T21 - PORTAL INCLUIR","og_description":"Durante esta semana v\u00e1rias atividades foram realizadas na cidade de Vit\u00f3ria da Conquista, voltadas para","og_url":"https:\/\/portalincluir.com.br\/index.php\/2024\/03\/23\/blog-viverdown-e-associacao-conquista-down-presentes-em-mais-um-evento-relacionado-a-conscientizacao-sobre-t21\/","og_site_name":"PORTAL INCLUIR","article_published_time":"2024-03-23T03:39:06+00:00","article_modified_time":"2024-05-09T02:21:46+00:00","og_image":[{"width":2560,"height":1152,"url":"https:\/\/portalincluir.com.br\/wp-content\/uploads\/2024\/03\/senac-5-scaled.jpg","type":"image\/jpeg"}],"author":"Portal Incluir","twitter_card":"summary_large_image","twitter_misc":{"Escrito por":"Portal Incluir","Est. tempo de leitura":"2 minutos"},"schema":{"@context":"https:\/\/schema.org","@graph":[{"@type":["Article","BlogPosting"],"@id":"https:\/\/portalincluir.com.br\/index.php\/2024\/03\/23\/blog-viverdown-e-associacao-conquista-down-presentes-em-mais-um-evento-relacionado-a-conscientizacao-sobre-t21\/#article","isPartOf":{"@id":"https:\/\/portalincluir.com.br\/index.php\/2024\/03\/23\/blog-viverdown-e-associacao-conquista-down-presentes-em-mais-um-evento-relacionado-a-conscientizacao-sobre-t21\/"},"author":{"name":"Portal Incluir","@id":"https:\/\/portalincluir.com.br\/#\/schema\/person\/8823664e5902eee555607fb75c4c35ae"},"headline":"Portal Incluir e Associa\u00e7\u00e3o Conquista Down presentes em mais um evento relacionado a conscientiza\u00e7\u00e3o sobre T21","datePublished":"2024-03-23T03:39:06+00:00","dateModified":"2024-05-09T02:21:46+00:00","mainEntityOfPage":{"@id":"https:\/\/portalincluir.com.br\/index.php\/2024\/03\/23\/blog-viverdown-e-associacao-conquista-down-presentes-em-mais-um-evento-relacionado-a-conscientizacao-sobre-t21\/"},"wordCount":419,"commentCount":0,"image":{"@id":"https:\/\/portalincluir.com.br\/index.php\/2024\/03\/23\/blog-viverdown-e-associacao-conquista-down-presentes-em-mais-um-evento-relacionado-a-conscientizacao-sobre-t21\/#primaryimage"},"thumbnailUrl":"https:\/\/portalincluir.com.br\/wp-content\/uploads\/2024\/03\/senac-5-scaled.jpg","articleSection":["Not\u00edcias","T21"],"inLanguage":"pt-BR","potentialAction":[{"@type":"CommentAction","name":"Comment","target":["https:\/\/portalincluir.com.br\/index.php\/2024\/03\/23\/blog-viverdown-e-associacao-conquista-down-presentes-em-mais-um-evento-relacionado-a-conscientizacao-sobre-t21\/#respond"]}]},{"@type":"WebPage","@id":"https:\/\/portalincluir.com.br\/index.php\/2024\/03\/23\/blog-viverdown-e-associacao-conquista-down-presentes-em-mais-um-evento-relacionado-a-conscientizacao-sobre-t21\/","url":"https:\/\/portalincluir.com.br\/index.php\/2024\/03\/23\/blog-viverdown-e-associacao-conquista-down-presentes-em-mais-um-evento-relacionado-a-conscientizacao-sobre-t21\/","name":"Portal Incluir e Associa\u00e7\u00e3o Conquista Down presentes em mais um evento relacionado a conscientiza\u00e7\u00e3o sobre T21 - PORTAL INCLUIR","isPartOf":{"@id":"https:\/\/portalincluir.com.br\/#website"},"primaryImageOfPage":{"@id":"https:\/\/portalincluir.com.br\/index.php\/2024\/03\/23\/blog-viverdown-e-associacao-conquista-down-presentes-em-mais-um-evento-relacionado-a-conscientizacao-sobre-t21\/#primaryimage"},"image":{"@id":"https:\/\/portalincluir.com.br\/index.php\/2024\/03\/23\/blog-viverdown-e-associacao-conquista-down-presentes-em-mais-um-evento-relacionado-a-conscientizacao-sobre-t21\/#primaryimage"},"thumbnailUrl":"https:\/\/portalincluir.com.br\/wp-content\/uploads\/2024\/03\/senac-5-scaled.jpg","datePublished":"2024-03-23T03:39:06+00:00","dateModified":"2024-05-09T02:21:46+00:00","author":{"@id":"https:\/\/portalincluir.com.br\/#\/schema\/person\/8823664e5902eee555607fb75c4c35ae"},"breadcrumb":{"@id":"https:\/\/portalincluir.com.br\/index.php\/2024\/03\/23\/blog-viverdown-e-associacao-conquista-down-presentes-em-mais-um-evento-relacionado-a-conscientizacao-sobre-t21\/#breadcrumb"},"inLanguage":"pt-BR","potentialAction":[{"@type":"ReadAction","target":["https:\/\/portalincluir.com.br\/index.php\/2024\/03\/23\/blog-viverdown-e-associacao-conquista-down-presentes-em-mais-um-evento-relacionado-a-conscientizacao-sobre-t21\/"]}]},{"@type":"ImageObject","inLanguage":"pt-BR","@id":"https:\/\/portalincluir.com.br\/index.php\/2024\/03\/23\/blog-viverdown-e-associacao-conquista-down-presentes-em-mais-um-evento-relacionado-a-conscientizacao-sobre-t21\/#primaryimage","url":"https:\/\/portalincluir.com.br\/wp-content\/uploads\/2024\/03\/senac-5-scaled.jpg","contentUrl":"https:\/\/portalincluir.com.br\/wp-content\/uploads\/2024\/03\/senac-5-scaled.jpg","width":2560,"height":1152},{"@type":"BreadcrumbList","@id":"https:\/\/portalincluir.com.br\/index.php\/2024\/03\/23\/blog-viverdown-e-associacao-conquista-down-presentes-em-mais-um-evento-relacionado-a-conscientizacao-sobre-t21\/#breadcrumb","itemListElement":[{"@type":"ListItem","position":1,"name":"In\u00edcio","item":"https:\/\/portalincluir.com.br\/"},{"@type":"ListItem","position":2,"name":"Portal Incluir e Associa\u00e7\u00e3o Conquista Down presentes em mais um evento relacionado a conscientiza\u00e7\u00e3o sobre T21"}]},{"@type":"WebSite","@id":"https:\/\/portalincluir.com.br\/#website","url":"https:\/\/portalincluir.com.br\/","name":"PORTAL INCLUIR","description":"","potentialAction":[{"@type":"SearchAction","target":{"@type":"EntryPoint","urlTemplate":"https:\/\/portalincluir.com.br\/?s={search_term_string}"},"query-input":{"@type":"PropertyValueSpecification","valueRequired":true,"valueName":"search_term_string"}}],"inLanguage":"pt-BR"},{"@type":"Person","@id":"https:\/\/portalincluir.com.br\/#\/schema\/person\/8823664e5902eee555607fb75c4c35ae","name":"Portal Incluir","image":{"@type":"ImageObject","inLanguage":"pt-BR","@id":"https:\/\/secure.gravatar.com\/avatar\/12085fe17e70c3550551519fe1f8f51fae69b1748563a47fc3bea53d91fbcbbd?s=96&d=mm&r=g","url":"https:\/\/secure.gravatar.com\/avatar\/12085fe17e70c3550551519fe1f8f51fae69b1748563a47fc3bea53d91fbcbbd?s=96&d=mm&r=g","contentUrl":"https:\/\/secure.gravatar.com\/avatar\/12085fe17e70c3550551519fe1f8f51fae69b1748563a47fc3bea53d91fbcbbd?s=96&d=mm&r=g","caption":"Portal Incluir"},"sameAs":["http:\/\/portalincluir.com.br"],"url":"https:\/\/portalincluir.com.br\/index.php\/author\/portalincluir-com-br\/"}]}},"_links":{"self":[{"href":"https:\/\/portalincluir.com.br\/index.php\/wp-json\/wp\/v2\/posts\/237","targetHints":{"allow":["GET"]}}],"collection":[{"href":"https:\/\/portalincluir.com.br\/index.php\/wp-json\/wp\/v2\/posts"}],"about":[{"href":"https:\/\/portalincluir.com.br\/index.php\/wp-json\/wp\/v2\/types\/post"}],"author":[{"embeddable":true,"href":"https:\/\/portalincluir.com.br\/index.php\/wp-json\/wp\/v2\/users\/1"}],"replies":[{"embeddable":true,"href":"https:\/\/portalincluir.com.br\/index.php\/wp-json\/wp\/v2\/comments?post=237"}],"version-history":[{"count":2,"href":"https:\/\/portalincluir.com.br\/index.php\/wp-json\/wp\/v2\/posts\/237\/revisions"}],"predecessor-version":[{"id":327,"href":"https:\/\/portalincluir.com.br\/index.php\/wp-json\/wp\/v2\/posts\/237\/revisions\/327"}],"wp:featuredmedia":[{"embeddable":true,"href":"https:\/\/portalincluir.com.br\/index.php\/wp-json\/wp\/v2\/media\/243"}],"wp:attachment":[{"href":"https:\/\/portalincluir.com.br\/index.php\/wp-json\/wp\/v2\/media?parent=237"}],"wp:term":[{"taxonomy":"category","embeddable":true,"href":"https:\/\/portalincluir.com.br\/index.php\/wp-json\/wp\/v2\/categories?post=237"},{"taxonomy":"post_tag","embeddable":true,"href":"https:\/\/portalincluir.com.br\/index.php\/wp-json\/wp\/v2\/tags?post=237"}],"curies":[{"name":"wp","href":"https:\/\/api.w.org\/{rel}","templated":true}]}}