{"id":247,"date":"2024-04-02T14:27:14","date_gmt":"2024-04-02T17:27:14","guid":{"rendered":"https:\/\/portalincluir.com.br\/?p=247"},"modified":"2024-04-02T14:28:46","modified_gmt":"2024-04-02T17:28:46","slug":"02-de-abril-dia-mundial-de-conscientizacao-do-autismo","status":"publish","type":"post","link":"https:\/\/portalincluir.com.br\/index.php\/2024\/04\/02\/02-de-abril-dia-mundial-de-conscientizacao-do-autismo\/","title":{"rendered":"02 de abril &#8211; Dia Mundial de Conscientiza\u00e7\u00e3o do Autismo"},"content":{"rendered":"\n<p>O Dia Mundial de Conscientiza\u00e7\u00e3o do Autismo foi criado pela Organiza\u00e7\u00e3o das Na\u00e7\u00f5es Unidas (ONU), no ano de 2007. \u00c9 uma data importante para a conscientiza\u00e7\u00e3o da sociedade sobre o Transtorno do Espectro Autista (TEA), sendo fundamental a propaga\u00e7\u00e3o de informa\u00e7\u00e3o de qualidade.<\/p>\n\n\n\n<figure class=\"wp-block-image alignright size-full is-resized\"><img loading=\"lazy\" decoding=\"async\" width=\"540\" height=\"540\" src=\"https:\/\/portalincluir.com.br\/wp-content\/uploads\/2024\/04\/dia-autismo.jpeg\" alt=\"\" class=\"wp-image-248\" style=\"width:343px;height:auto\" srcset=\"https:\/\/portalincluir.com.br\/wp-content\/uploads\/2024\/04\/dia-autismo.jpeg 540w, https:\/\/portalincluir.com.br\/wp-content\/uploads\/2024\/04\/dia-autismo-300x300.jpeg 300w, https:\/\/portalincluir.com.br\/wp-content\/uploads\/2024\/04\/dia-autismo-150x150.jpeg 150w\" sizes=\"auto, (max-width: 540px) 100vw, 540px\" \/><\/figure>\n\n\n\n<p>O TEA apresenta m\u00faltiplas formas de manifesta\u00e7\u00e3o que implicam em diferen\u00e7as principalmente na intera\u00e7\u00e3o social e tamb\u00e9m nas potencialidades e necessidades espec\u00edficas de cada pessoa. Devido a essa complexidade, \u00e9 usado o termo \u201cespectro\u201d.<\/p>\n\n\n\n<p>O acompanhamento profissional adequado a cada caracter\u00edstica desse espectro e a conscientiza\u00e7\u00e3o social ajudam as pessoas com TEA a melhorarem sua intera\u00e7\u00e3o nos contextos em que vivem e, especialmente, contribuem para que a sociedade possa melhor compreender e se relacionar com quem apresenta esta condi\u00e7\u00e3o.<\/p>\n\n\n\n<p>No ano de 2020, foi sancionada a<strong>Lei n\u00ba 13.977 (de 08 de janeiro)<\/strong><strong>,<\/strong>&nbsp;que institui a Carteira de Identifica\u00e7\u00e3o da Pessoa com Transtorno do Espectro Autista (Ciptea). A lei ficou conhecida como \u201cLei Romeo Mion\u201d &#8211; filho do apresentador Marcos Mion &#8211; que \u00e9 uma pessoa com Transtorno do Espectro Autista (TEA).<\/p>\n\n\n\n<p>De acordo com a lei, a pessoa com TEA tem direito a uma<strong>carteira de identifica\u00e7\u00e3o<\/strong>com o objetivo de \u201cgarantir aten\u00e7\u00e3o integral, pronto atendimento e prioridade no acesso aos servi\u00e7os p\u00fablicos e privados, em especial nas \u00e1reas de sa\u00fade, educa\u00e7\u00e3o e assist\u00eancia social\u201d para esse p\u00fablico.<\/p>\n\n\n\n<p>Para identificar a prioridade \u00e0 pessoa com TEA, \u00e9 utilizada uma fita com desenho de quebra-cabe\u00e7as, que \u00e9 o s\u00edmbolo mundial de conscientiza\u00e7\u00e3o do Transtorno do Espectro Autista.<\/p>\n\n\n\n<p>A Pr\u00f3-reitoria de Pol\u00edticas Estudantis e Direitos Humanos (PROPEDH) refor\u00e7a que, atrav\u00e9s do N\u00facleo de Educa\u00e7\u00e3o Especial e Inclusiva (NESPI) presente no Centro de Educa\u00e7\u00e3o em Direitos Humanos (CEDH) dos 7 campi da Unespar, estudantes com TEA, juntamente com docentes de seus cursos, tamb\u00e9m podem buscar apoio de atendimento educacional especializado (AEE) para construir alternativas pedag\u00f3gicas que melhor potencializem sua forma\u00e7\u00e3o acad\u00eamica.<\/p>\n\n\n\n<p>Fonte: <a href=\"https:\/\/www.unespar.edu.br\/noticias\/02-de-abril-dia-mundial-de-conscientizacao-do-autismo\" target=\"_blank\" rel=\"noopener\" title=\"\">UNESPAR<\/a><\/p>\n","protected":false},"excerpt":{"rendered":"<p>O Dia Mundial de Conscientiza\u00e7\u00e3o do Autismo foi criado pela Organiza\u00e7\u00e3o das Na\u00e7\u00f5es Unidas (ONU),<\/p>\n","protected":false},"author":1,"featured_media":250,"comment_status":"open","ping_status":"open","sticky":false,"template":"","format":"standard","meta":{"om_disable_all_campaigns":false,"_monsterinsights_skip_tracking":false,"_monsterinsights_sitenote_active":false,"_monsterinsights_sitenote_note":"","_monsterinsights_sitenote_category":0,"_uf_show_specific_survey":0,"_uf_disable_surveys":false,"footnotes":""},"categories":[6,9],"tags":[],"class_list":["post-247","post","type-post","status-publish","format-standard","has-post-thumbnail","hentry","category-autismo","category-noticias"],"yoast_head":"<!-- This site is optimized with the Yoast SEO plugin v27.4 - https:\/\/yoast.com\/product\/yoast-seo-wordpress\/ -->\n<title>02 de abril - Dia Mundial de Conscientiza\u00e7\u00e3o do Autismo - PORTAL INCLUIR<\/title>\n<meta name=\"robots\" content=\"index, follow, max-snippet:-1, max-image-preview:large, max-video-preview:-1\" \/>\n<link rel=\"canonical\" href=\"https:\/\/portalincluir.com.br\/index.php\/2024\/04\/02\/02-de-abril-dia-mundial-de-conscientizacao-do-autismo\/\" \/>\n<meta property=\"og:locale\" content=\"pt_BR\" \/>\n<meta property=\"og:type\" content=\"article\" \/>\n<meta property=\"og:title\" content=\"02 de abril - Dia Mundial de Conscientiza\u00e7\u00e3o do Autismo - PORTAL INCLUIR\" \/>\n<meta property=\"og:description\" content=\"O Dia Mundial de Conscientiza\u00e7\u00e3o do Autismo foi criado pela Organiza\u00e7\u00e3o das Na\u00e7\u00f5es Unidas (ONU),\" \/>\n<meta property=\"og:url\" content=\"https:\/\/portalincluir.com.br\/index.php\/2024\/04\/02\/02-de-abril-dia-mundial-de-conscientizacao-do-autismo\/\" \/>\n<meta property=\"og:site_name\" content=\"PORTAL INCLUIR\" \/>\n<meta property=\"article:published_time\" content=\"2024-04-02T17:27:14+00:00\" \/>\n<meta property=\"article:modified_time\" content=\"2024-04-02T17:28:46+00:00\" \/>\n<meta property=\"og:image\" content=\"https:\/\/portalincluir.com.br\/wp-content\/uploads\/2024\/04\/AUTISMO.jpg\" \/>\n\t<meta property=\"og:image:width\" content=\"1500\" \/>\n\t<meta property=\"og:image:height\" content=\"850\" \/>\n\t<meta property=\"og:image:type\" content=\"image\/jpeg\" \/>\n<meta name=\"author\" content=\"Portal Incluir\" \/>\n<meta name=\"twitter:card\" content=\"summary_large_image\" \/>\n<meta name=\"twitter:label1\" content=\"Escrito por\" \/>\n\t<meta name=\"twitter:data1\" content=\"Portal Incluir\" \/>\n\t<meta name=\"twitter:label2\" content=\"Est. tempo de leitura\" \/>\n\t<meta name=\"twitter:data2\" content=\"2 minutos\" \/>\n<script type=\"application\/ld+json\" class=\"yoast-schema-graph\">{\"@context\":\"https:\\\/\\\/schema.org\",\"@graph\":[{\"@type\":[\"Article\",\"BlogPosting\"],\"@id\":\"https:\\\/\\\/portalincluir.com.br\\\/index.php\\\/2024\\\/04\\\/02\\\/02-de-abril-dia-mundial-de-conscientizacao-do-autismo\\\/#article\",\"isPartOf\":{\"@id\":\"https:\\\/\\\/portalincluir.com.br\\\/index.php\\\/2024\\\/04\\\/02\\\/02-de-abril-dia-mundial-de-conscientizacao-do-autismo\\\/\"},\"author\":{\"name\":\"Portal Incluir\",\"@id\":\"https:\\\/\\\/portalincluir.com.br\\\/#\\\/schema\\\/person\\\/8823664e5902eee555607fb75c4c35ae\"},\"headline\":\"02 de abril &#8211; Dia Mundial de Conscientiza\u00e7\u00e3o do Autismo\",\"datePublished\":\"2024-04-02T17:27:14+00:00\",\"dateModified\":\"2024-04-02T17:28:46+00:00\",\"mainEntityOfPage\":{\"@id\":\"https:\\\/\\\/portalincluir.com.br\\\/index.php\\\/2024\\\/04\\\/02\\\/02-de-abril-dia-mundial-de-conscientizacao-do-autismo\\\/\"},\"wordCount\":350,\"commentCount\":0,\"image\":{\"@id\":\"https:\\\/\\\/portalincluir.com.br\\\/index.php\\\/2024\\\/04\\\/02\\\/02-de-abril-dia-mundial-de-conscientizacao-do-autismo\\\/#primaryimage\"},\"thumbnailUrl\":\"https:\\\/\\\/portalincluir.com.br\\\/wp-content\\\/uploads\\\/2024\\\/04\\\/AUTISMO.jpg\",\"articleSection\":[\"Autismo\",\"Not\u00edcias\"],\"inLanguage\":\"pt-BR\",\"potentialAction\":[{\"@type\":\"CommentAction\",\"name\":\"Comment\",\"target\":[\"https:\\\/\\\/portalincluir.com.br\\\/index.php\\\/2024\\\/04\\\/02\\\/02-de-abril-dia-mundial-de-conscientizacao-do-autismo\\\/#respond\"]}]},{\"@type\":\"WebPage\",\"@id\":\"https:\\\/\\\/portalincluir.com.br\\\/index.php\\\/2024\\\/04\\\/02\\\/02-de-abril-dia-mundial-de-conscientizacao-do-autismo\\\/\",\"url\":\"https:\\\/\\\/portalincluir.com.br\\\/index.php\\\/2024\\\/04\\\/02\\\/02-de-abril-dia-mundial-de-conscientizacao-do-autismo\\\/\",\"name\":\"02 de abril - Dia Mundial de Conscientiza\u00e7\u00e3o do Autismo - PORTAL INCLUIR\",\"isPartOf\":{\"@id\":\"https:\\\/\\\/portalincluir.com.br\\\/#website\"},\"primaryImageOfPage\":{\"@id\":\"https:\\\/\\\/portalincluir.com.br\\\/index.php\\\/2024\\\/04\\\/02\\\/02-de-abril-dia-mundial-de-conscientizacao-do-autismo\\\/#primaryimage\"},\"image\":{\"@id\":\"https:\\\/\\\/portalincluir.com.br\\\/index.php\\\/2024\\\/04\\\/02\\\/02-de-abril-dia-mundial-de-conscientizacao-do-autismo\\\/#primaryimage\"},\"thumbnailUrl\":\"https:\\\/\\\/portalincluir.com.br\\\/wp-content\\\/uploads\\\/2024\\\/04\\\/AUTISMO.jpg\",\"datePublished\":\"2024-04-02T17:27:14+00:00\",\"dateModified\":\"2024-04-02T17:28:46+00:00\",\"author\":{\"@id\":\"https:\\\/\\\/portalincluir.com.br\\\/#\\\/schema\\\/person\\\/8823664e5902eee555607fb75c4c35ae\"},\"breadcrumb\":{\"@id\":\"https:\\\/\\\/portalincluir.com.br\\\/index.php\\\/2024\\\/04\\\/02\\\/02-de-abril-dia-mundial-de-conscientizacao-do-autismo\\\/#breadcrumb\"},\"inLanguage\":\"pt-BR\",\"potentialAction\":[{\"@type\":\"ReadAction\",\"target\":[\"https:\\\/\\\/portalincluir.com.br\\\/index.php\\\/2024\\\/04\\\/02\\\/02-de-abril-dia-mundial-de-conscientizacao-do-autismo\\\/\"]}]},{\"@type\":\"ImageObject\",\"inLanguage\":\"pt-BR\",\"@id\":\"https:\\\/\\\/portalincluir.com.br\\\/index.php\\\/2024\\\/04\\\/02\\\/02-de-abril-dia-mundial-de-conscientizacao-do-autismo\\\/#primaryimage\",\"url\":\"https:\\\/\\\/portalincluir.com.br\\\/wp-content\\\/uploads\\\/2024\\\/04\\\/AUTISMO.jpg\",\"contentUrl\":\"https:\\\/\\\/portalincluir.com.br\\\/wp-content\\\/uploads\\\/2024\\\/04\\\/AUTISMO.jpg\",\"width\":1500,\"height\":850},{\"@type\":\"BreadcrumbList\",\"@id\":\"https:\\\/\\\/portalincluir.com.br\\\/index.php\\\/2024\\\/04\\\/02\\\/02-de-abril-dia-mundial-de-conscientizacao-do-autismo\\\/#breadcrumb\",\"itemListElement\":[{\"@type\":\"ListItem\",\"position\":1,\"name\":\"In\u00edcio\",\"item\":\"https:\\\/\\\/portalincluir.com.br\\\/\"},{\"@type\":\"ListItem\",\"position\":2,\"name\":\"02 de abril &#8211; Dia Mundial de Conscientiza\u00e7\u00e3o do Autismo\"}]},{\"@type\":\"WebSite\",\"@id\":\"https:\\\/\\\/portalincluir.com.br\\\/#website\",\"url\":\"https:\\\/\\\/portalincluir.com.br\\\/\",\"name\":\"PORTAL INCLUIR\",\"description\":\"\",\"potentialAction\":[{\"@type\":\"SearchAction\",\"target\":{\"@type\":\"EntryPoint\",\"urlTemplate\":\"https:\\\/\\\/portalincluir.com.br\\\/?s={search_term_string}\"},\"query-input\":{\"@type\":\"PropertyValueSpecification\",\"valueRequired\":true,\"valueName\":\"search_term_string\"}}],\"inLanguage\":\"pt-BR\"},{\"@type\":\"Person\",\"@id\":\"https:\\\/\\\/portalincluir.com.br\\\/#\\\/schema\\\/person\\\/8823664e5902eee555607fb75c4c35ae\",\"name\":\"Portal Incluir\",\"image\":{\"@type\":\"ImageObject\",\"inLanguage\":\"pt-BR\",\"@id\":\"https:\\\/\\\/secure.gravatar.com\\\/avatar\\\/12085fe17e70c3550551519fe1f8f51fae69b1748563a47fc3bea53d91fbcbbd?s=96&d=mm&r=g\",\"url\":\"https:\\\/\\\/secure.gravatar.com\\\/avatar\\\/12085fe17e70c3550551519fe1f8f51fae69b1748563a47fc3bea53d91fbcbbd?s=96&d=mm&r=g\",\"contentUrl\":\"https:\\\/\\\/secure.gravatar.com\\\/avatar\\\/12085fe17e70c3550551519fe1f8f51fae69b1748563a47fc3bea53d91fbcbbd?s=96&d=mm&r=g\",\"caption\":\"Portal Incluir\"},\"sameAs\":[\"http:\\\/\\\/portalincluir.com.br\"],\"url\":\"https:\\\/\\\/portalincluir.com.br\\\/index.php\\\/author\\\/portalincluir-com-br\\\/\"}]}<\/script>\n<!-- \/ Yoast SEO plugin. -->","yoast_head_json":{"title":"02 de abril - Dia Mundial de Conscientiza\u00e7\u00e3o do Autismo - PORTAL INCLUIR","robots":{"index":"index","follow":"follow","max-snippet":"max-snippet:-1","max-image-preview":"max-image-preview:large","max-video-preview":"max-video-preview:-1"},"canonical":"https:\/\/portalincluir.com.br\/index.php\/2024\/04\/02\/02-de-abril-dia-mundial-de-conscientizacao-do-autismo\/","og_locale":"pt_BR","og_type":"article","og_title":"02 de abril - Dia Mundial de Conscientiza\u00e7\u00e3o do Autismo - PORTAL INCLUIR","og_description":"O Dia Mundial de Conscientiza\u00e7\u00e3o do Autismo foi criado pela Organiza\u00e7\u00e3o das Na\u00e7\u00f5es Unidas (ONU),","og_url":"https:\/\/portalincluir.com.br\/index.php\/2024\/04\/02\/02-de-abril-dia-mundial-de-conscientizacao-do-autismo\/","og_site_name":"PORTAL INCLUIR","article_published_time":"2024-04-02T17:27:14+00:00","article_modified_time":"2024-04-02T17:28:46+00:00","og_image":[{"width":1500,"height":850,"url":"https:\/\/portalincluir.com.br\/wp-content\/uploads\/2024\/04\/AUTISMO.jpg","type":"image\/jpeg"}],"author":"Portal Incluir","twitter_card":"summary_large_image","twitter_misc":{"Escrito por":"Portal Incluir","Est. tempo de leitura":"2 minutos"},"schema":{"@context":"https:\/\/schema.org","@graph":[{"@type":["Article","BlogPosting"],"@id":"https:\/\/portalincluir.com.br\/index.php\/2024\/04\/02\/02-de-abril-dia-mundial-de-conscientizacao-do-autismo\/#article","isPartOf":{"@id":"https:\/\/portalincluir.com.br\/index.php\/2024\/04\/02\/02-de-abril-dia-mundial-de-conscientizacao-do-autismo\/"},"author":{"name":"Portal Incluir","@id":"https:\/\/portalincluir.com.br\/#\/schema\/person\/8823664e5902eee555607fb75c4c35ae"},"headline":"02 de abril &#8211; Dia Mundial de Conscientiza\u00e7\u00e3o do Autismo","datePublished":"2024-04-02T17:27:14+00:00","dateModified":"2024-04-02T17:28:46+00:00","mainEntityOfPage":{"@id":"https:\/\/portalincluir.com.br\/index.php\/2024\/04\/02\/02-de-abril-dia-mundial-de-conscientizacao-do-autismo\/"},"wordCount":350,"commentCount":0,"image":{"@id":"https:\/\/portalincluir.com.br\/index.php\/2024\/04\/02\/02-de-abril-dia-mundial-de-conscientizacao-do-autismo\/#primaryimage"},"thumbnailUrl":"https:\/\/portalincluir.com.br\/wp-content\/uploads\/2024\/04\/AUTISMO.jpg","articleSection":["Autismo","Not\u00edcias"],"inLanguage":"pt-BR","potentialAction":[{"@type":"CommentAction","name":"Comment","target":["https:\/\/portalincluir.com.br\/index.php\/2024\/04\/02\/02-de-abril-dia-mundial-de-conscientizacao-do-autismo\/#respond"]}]},{"@type":"WebPage","@id":"https:\/\/portalincluir.com.br\/index.php\/2024\/04\/02\/02-de-abril-dia-mundial-de-conscientizacao-do-autismo\/","url":"https:\/\/portalincluir.com.br\/index.php\/2024\/04\/02\/02-de-abril-dia-mundial-de-conscientizacao-do-autismo\/","name":"02 de abril - Dia Mundial de Conscientiza\u00e7\u00e3o do Autismo - PORTAL INCLUIR","isPartOf":{"@id":"https:\/\/portalincluir.com.br\/#website"},"primaryImageOfPage":{"@id":"https:\/\/portalincluir.com.br\/index.php\/2024\/04\/02\/02-de-abril-dia-mundial-de-conscientizacao-do-autismo\/#primaryimage"},"image":{"@id":"https:\/\/portalincluir.com.br\/index.php\/2024\/04\/02\/02-de-abril-dia-mundial-de-conscientizacao-do-autismo\/#primaryimage"},"thumbnailUrl":"https:\/\/portalincluir.com.br\/wp-content\/uploads\/2024\/04\/AUTISMO.jpg","datePublished":"2024-04-02T17:27:14+00:00","dateModified":"2024-04-02T17:28:46+00:00","author":{"@id":"https:\/\/portalincluir.com.br\/#\/schema\/person\/8823664e5902eee555607fb75c4c35ae"},"breadcrumb":{"@id":"https:\/\/portalincluir.com.br\/index.php\/2024\/04\/02\/02-de-abril-dia-mundial-de-conscientizacao-do-autismo\/#breadcrumb"},"inLanguage":"pt-BR","potentialAction":[{"@type":"ReadAction","target":["https:\/\/portalincluir.com.br\/index.php\/2024\/04\/02\/02-de-abril-dia-mundial-de-conscientizacao-do-autismo\/"]}]},{"@type":"ImageObject","inLanguage":"pt-BR","@id":"https:\/\/portalincluir.com.br\/index.php\/2024\/04\/02\/02-de-abril-dia-mundial-de-conscientizacao-do-autismo\/#primaryimage","url":"https:\/\/portalincluir.com.br\/wp-content\/uploads\/2024\/04\/AUTISMO.jpg","contentUrl":"https:\/\/portalincluir.com.br\/wp-content\/uploads\/2024\/04\/AUTISMO.jpg","width":1500,"height":850},{"@type":"BreadcrumbList","@id":"https:\/\/portalincluir.com.br\/index.php\/2024\/04\/02\/02-de-abril-dia-mundial-de-conscientizacao-do-autismo\/#breadcrumb","itemListElement":[{"@type":"ListItem","position":1,"name":"In\u00edcio","item":"https:\/\/portalincluir.com.br\/"},{"@type":"ListItem","position":2,"name":"02 de abril &#8211; Dia Mundial de Conscientiza\u00e7\u00e3o do Autismo"}]},{"@type":"WebSite","@id":"https:\/\/portalincluir.com.br\/#website","url":"https:\/\/portalincluir.com.br\/","name":"PORTAL INCLUIR","description":"","potentialAction":[{"@type":"SearchAction","target":{"@type":"EntryPoint","urlTemplate":"https:\/\/portalincluir.com.br\/?s={search_term_string}"},"query-input":{"@type":"PropertyValueSpecification","valueRequired":true,"valueName":"search_term_string"}}],"inLanguage":"pt-BR"},{"@type":"Person","@id":"https:\/\/portalincluir.com.br\/#\/schema\/person\/8823664e5902eee555607fb75c4c35ae","name":"Portal Incluir","image":{"@type":"ImageObject","inLanguage":"pt-BR","@id":"https:\/\/secure.gravatar.com\/avatar\/12085fe17e70c3550551519fe1f8f51fae69b1748563a47fc3bea53d91fbcbbd?s=96&d=mm&r=g","url":"https:\/\/secure.gravatar.com\/avatar\/12085fe17e70c3550551519fe1f8f51fae69b1748563a47fc3bea53d91fbcbbd?s=96&d=mm&r=g","contentUrl":"https:\/\/secure.gravatar.com\/avatar\/12085fe17e70c3550551519fe1f8f51fae69b1748563a47fc3bea53d91fbcbbd?s=96&d=mm&r=g","caption":"Portal Incluir"},"sameAs":["http:\/\/portalincluir.com.br"],"url":"https:\/\/portalincluir.com.br\/index.php\/author\/portalincluir-com-br\/"}]}},"_links":{"self":[{"href":"https:\/\/portalincluir.com.br\/index.php\/wp-json\/wp\/v2\/posts\/247","targetHints":{"allow":["GET"]}}],"collection":[{"href":"https:\/\/portalincluir.com.br\/index.php\/wp-json\/wp\/v2\/posts"}],"about":[{"href":"https:\/\/portalincluir.com.br\/index.php\/wp-json\/wp\/v2\/types\/post"}],"author":[{"embeddable":true,"href":"https:\/\/portalincluir.com.br\/index.php\/wp-json\/wp\/v2\/users\/1"}],"replies":[{"embeddable":true,"href":"https:\/\/portalincluir.com.br\/index.php\/wp-json\/wp\/v2\/comments?post=247"}],"version-history":[{"count":1,"href":"https:\/\/portalincluir.com.br\/index.php\/wp-json\/wp\/v2\/posts\/247\/revisions"}],"predecessor-version":[{"id":249,"href":"https:\/\/portalincluir.com.br\/index.php\/wp-json\/wp\/v2\/posts\/247\/revisions\/249"}],"wp:featuredmedia":[{"embeddable":true,"href":"https:\/\/portalincluir.com.br\/index.php\/wp-json\/wp\/v2\/media\/250"}],"wp:attachment":[{"href":"https:\/\/portalincluir.com.br\/index.php\/wp-json\/wp\/v2\/media?parent=247"}],"wp:term":[{"taxonomy":"category","embeddable":true,"href":"https:\/\/portalincluir.com.br\/index.php\/wp-json\/wp\/v2\/categories?post=247"},{"taxonomy":"post_tag","embeddable":true,"href":"https:\/\/portalincluir.com.br\/index.php\/wp-json\/wp\/v2\/tags?post=247"}],"curies":[{"name":"wp","href":"https:\/\/api.w.org\/{rel}","templated":true}]}}