{"id":254,"date":"2024-04-02T19:39:32","date_gmt":"2024-04-02T22:39:32","guid":{"rendered":"https:\/\/portalincluir.com.br\/?p=254"},"modified":"2024-04-02T19:41:51","modified_gmt":"2024-04-02T22:41:51","slug":"autismo-nao-e-problema-o-problema-e-a-falta-de-informacao","status":"publish","type":"post","link":"https:\/\/portalincluir.com.br\/index.php\/2024\/04\/02\/autismo-nao-e-problema-o-problema-e-a-falta-de-informacao\/","title":{"rendered":"Autismo n\u00e3o \u00e9 problema, o problema \u00e9 a falta\u00a0de\u00a0informa\u00e7\u00e3o"},"content":{"rendered":"\n<figure class=\"wp-block-image size-large\"><img loading=\"lazy\" decoding=\"async\" width=\"1024\" height=\"768\" src=\"https:\/\/portalincluir.com.br\/wp-content\/uploads\/2024\/04\/denizi-e-miguell-1024x768.jpg\" alt=\"\" class=\"wp-image-255\" srcset=\"https:\/\/portalincluir.com.br\/wp-content\/uploads\/2024\/04\/denizi-e-miguell-1024x768.jpg 1024w, https:\/\/portalincluir.com.br\/wp-content\/uploads\/2024\/04\/denizi-e-miguell-300x225.jpg 300w, https:\/\/portalincluir.com.br\/wp-content\/uploads\/2024\/04\/denizi-e-miguell-768x576.jpg 768w, https:\/\/portalincluir.com.br\/wp-content\/uploads\/2024\/04\/denizi-e-miguell.jpg 1280w\" sizes=\"auto, (max-width: 1024px) 100vw, 1024px\" \/><\/figure>\n\n\n\n<p>N\u00e3o sou guerreira, nem forte o tempo todo e nem estou pagando nenhum pecado. Sou apenas uma m\u00e3e. Apenas uma m\u00e3e At\u00edpica, que busca por respeito, empatia e inclus\u00e3o. Autismo n\u00e3o est\u00e1 na moda!<\/p>\n\n\n\n<p>Eu ouvi de tudo: est\u00e1 procurando doen\u00e7a, pelo em ovo, t\u00e1 sofrendo a toa, t\u00e1 tudo normal, cada crian\u00e7a tem seu tempo, e n\u00e3o, eu n\u00e3o estava errada, eu sabia. M\u00e3e que \u00e9 m\u00e3e sabe e vai em busca. Nunca medi esfor\u00e7o pra ajudar meu filho nessa jornada de se desenvolver da melhor forma. Infelizmente todo tratamento \u00e9 caro, a consulta com neuro \u00e9 caro, terapias s\u00e3o caras, tem um plano de sa\u00fade que paga mis\u00e9ria para os profissionais, o SUS nem se fala. Passamos por in\u00fameros profissionais, v\u00e1rios tratamentos incompletos, falhos e de m\u00e1 qualidade, mas tudo que eu fiz at\u00e9 hoje foi por AMOR. <\/p>\n\n\n\n<p>Sinto muito por n\u00e3o ter feito mais, ter investido mais, acabava sempre ficando no raso, acreditando que n\u00e3o era nada, que era s\u00f3 um atraso de desenvolvimento que 30 minutos 1 vez por semana resolveria de psic\u00f3loga e fonodiologa, perdemos muito com isso. V\u00e1rias podas neurais que se tivesse sido estimuladas no tempo certo menos preju\u00edzos teria. Me d\u00f3i n\u00e3o ter dado um tratamento de verdade, mas infelizmente eu n\u00e3o sabia tudo que sei hoje depois de muita busca e estudos noites a dentro. Mas fa\u00e7o e farei at\u00e9 meus \u00faltimos dias nessa terra se for preciso para da uma qualidade de vida mais leve para meu filho! O autismo n\u00e3o \u00e9 problema, o problema \u00e9 a falta\u00a0de\u00a0informa\u00e7\u00e3o.<\/p>\n\n\n\n<p>Denizi Carvalho, m\u00e3e de Miguell &#8211; Recife\/PE<\/p>\n","protected":false},"excerpt":{"rendered":"<p>N\u00e3o sou guerreira, nem forte o tempo todo e nem estou pagando nenhum pecado. Sou<\/p>\n","protected":false},"author":1,"featured_media":255,"comment_status":"open","ping_status":"open","sticky":false,"template":"","format":"standard","meta":{"om_disable_all_campaigns":false,"_monsterinsights_skip_tracking":false,"_monsterinsights_sitenote_active":false,"_monsterinsights_sitenote_note":"","_monsterinsights_sitenote_category":0,"_uf_show_specific_survey":0,"_uf_disable_surveys":false,"footnotes":""},"categories":[6,9],"tags":[],"class_list":["post-254","post","type-post","status-publish","format-standard","has-post-thumbnail","hentry","category-autismo","category-noticias"],"yoast_head":"<!-- This site is optimized with the Yoast SEO plugin v27.4 - https:\/\/yoast.com\/product\/yoast-seo-wordpress\/ -->\n<title>Autismo n\u00e3o \u00e9 problema, o problema \u00e9 a falta\u00a0de\u00a0informa\u00e7\u00e3o - PORTAL INCLUIR<\/title>\n<meta name=\"robots\" content=\"index, follow, max-snippet:-1, max-image-preview:large, max-video-preview:-1\" \/>\n<link rel=\"canonical\" href=\"https:\/\/portalincluir.com.br\/index.php\/2024\/04\/02\/autismo-nao-e-problema-o-problema-e-a-falta-de-informacao\/\" \/>\n<meta property=\"og:locale\" content=\"pt_BR\" \/>\n<meta property=\"og:type\" content=\"article\" \/>\n<meta property=\"og:title\" content=\"Autismo n\u00e3o \u00e9 problema, o problema \u00e9 a falta\u00a0de\u00a0informa\u00e7\u00e3o - PORTAL INCLUIR\" \/>\n<meta property=\"og:description\" content=\"N\u00e3o sou guerreira, nem forte o tempo todo e nem estou pagando nenhum pecado. Sou\" \/>\n<meta property=\"og:url\" content=\"https:\/\/portalincluir.com.br\/index.php\/2024\/04\/02\/autismo-nao-e-problema-o-problema-e-a-falta-de-informacao\/\" \/>\n<meta property=\"og:site_name\" content=\"PORTAL INCLUIR\" \/>\n<meta property=\"article:published_time\" content=\"2024-04-02T22:39:32+00:00\" \/>\n<meta property=\"article:modified_time\" content=\"2024-04-02T22:41:51+00:00\" \/>\n<meta property=\"og:image\" content=\"https:\/\/portalincluir.com.br\/wp-content\/uploads\/2024\/04\/denizi-e-miguell.jpg\" \/>\n\t<meta property=\"og:image:width\" content=\"1280\" \/>\n\t<meta property=\"og:image:height\" content=\"960\" \/>\n\t<meta property=\"og:image:type\" content=\"image\/jpeg\" \/>\n<meta name=\"author\" content=\"Portal Incluir\" \/>\n<meta name=\"twitter:card\" content=\"summary_large_image\" \/>\n<meta name=\"twitter:label1\" content=\"Escrito por\" \/>\n\t<meta name=\"twitter:data1\" content=\"Portal Incluir\" \/>\n\t<meta name=\"twitter:label2\" content=\"Est. tempo de leitura\" \/>\n\t<meta name=\"twitter:data2\" content=\"1 minuto\" \/>\n<script type=\"application\/ld+json\" class=\"yoast-schema-graph\">{\"@context\":\"https:\\\/\\\/schema.org\",\"@graph\":[{\"@type\":[\"Article\",\"BlogPosting\"],\"@id\":\"https:\\\/\\\/portalincluir.com.br\\\/index.php\\\/2024\\\/04\\\/02\\\/autismo-nao-e-problema-o-problema-e-a-falta-de-informacao\\\/#article\",\"isPartOf\":{\"@id\":\"https:\\\/\\\/portalincluir.com.br\\\/index.php\\\/2024\\\/04\\\/02\\\/autismo-nao-e-problema-o-problema-e-a-falta-de-informacao\\\/\"},\"author\":{\"name\":\"Portal Incluir\",\"@id\":\"https:\\\/\\\/portalincluir.com.br\\\/#\\\/schema\\\/person\\\/8823664e5902eee555607fb75c4c35ae\"},\"headline\":\"Autismo n\u00e3o \u00e9 problema, o problema \u00e9 a falta\u00a0de\u00a0informa\u00e7\u00e3o\",\"datePublished\":\"2024-04-02T22:39:32+00:00\",\"dateModified\":\"2024-04-02T22:41:51+00:00\",\"mainEntityOfPage\":{\"@id\":\"https:\\\/\\\/portalincluir.com.br\\\/index.php\\\/2024\\\/04\\\/02\\\/autismo-nao-e-problema-o-problema-e-a-falta-de-informacao\\\/\"},\"wordCount\":302,\"commentCount\":0,\"image\":{\"@id\":\"https:\\\/\\\/portalincluir.com.br\\\/index.php\\\/2024\\\/04\\\/02\\\/autismo-nao-e-problema-o-problema-e-a-falta-de-informacao\\\/#primaryimage\"},\"thumbnailUrl\":\"https:\\\/\\\/portalincluir.com.br\\\/wp-content\\\/uploads\\\/2024\\\/04\\\/denizi-e-miguell.jpg\",\"articleSection\":[\"Autismo\",\"Not\u00edcias\"],\"inLanguage\":\"pt-BR\",\"potentialAction\":[{\"@type\":\"CommentAction\",\"name\":\"Comment\",\"target\":[\"https:\\\/\\\/portalincluir.com.br\\\/index.php\\\/2024\\\/04\\\/02\\\/autismo-nao-e-problema-o-problema-e-a-falta-de-informacao\\\/#respond\"]}]},{\"@type\":\"WebPage\",\"@id\":\"https:\\\/\\\/portalincluir.com.br\\\/index.php\\\/2024\\\/04\\\/02\\\/autismo-nao-e-problema-o-problema-e-a-falta-de-informacao\\\/\",\"url\":\"https:\\\/\\\/portalincluir.com.br\\\/index.php\\\/2024\\\/04\\\/02\\\/autismo-nao-e-problema-o-problema-e-a-falta-de-informacao\\\/\",\"name\":\"Autismo n\u00e3o \u00e9 problema, o problema \u00e9 a falta\u00a0de\u00a0informa\u00e7\u00e3o - PORTAL INCLUIR\",\"isPartOf\":{\"@id\":\"https:\\\/\\\/portalincluir.com.br\\\/#website\"},\"primaryImageOfPage\":{\"@id\":\"https:\\\/\\\/portalincluir.com.br\\\/index.php\\\/2024\\\/04\\\/02\\\/autismo-nao-e-problema-o-problema-e-a-falta-de-informacao\\\/#primaryimage\"},\"image\":{\"@id\":\"https:\\\/\\\/portalincluir.com.br\\\/index.php\\\/2024\\\/04\\\/02\\\/autismo-nao-e-problema-o-problema-e-a-falta-de-informacao\\\/#primaryimage\"},\"thumbnailUrl\":\"https:\\\/\\\/portalincluir.com.br\\\/wp-content\\\/uploads\\\/2024\\\/04\\\/denizi-e-miguell.jpg\",\"datePublished\":\"2024-04-02T22:39:32+00:00\",\"dateModified\":\"2024-04-02T22:41:51+00:00\",\"author\":{\"@id\":\"https:\\\/\\\/portalincluir.com.br\\\/#\\\/schema\\\/person\\\/8823664e5902eee555607fb75c4c35ae\"},\"breadcrumb\":{\"@id\":\"https:\\\/\\\/portalincluir.com.br\\\/index.php\\\/2024\\\/04\\\/02\\\/autismo-nao-e-problema-o-problema-e-a-falta-de-informacao\\\/#breadcrumb\"},\"inLanguage\":\"pt-BR\",\"potentialAction\":[{\"@type\":\"ReadAction\",\"target\":[\"https:\\\/\\\/portalincluir.com.br\\\/index.php\\\/2024\\\/04\\\/02\\\/autismo-nao-e-problema-o-problema-e-a-falta-de-informacao\\\/\"]}]},{\"@type\":\"ImageObject\",\"inLanguage\":\"pt-BR\",\"@id\":\"https:\\\/\\\/portalincluir.com.br\\\/index.php\\\/2024\\\/04\\\/02\\\/autismo-nao-e-problema-o-problema-e-a-falta-de-informacao\\\/#primaryimage\",\"url\":\"https:\\\/\\\/portalincluir.com.br\\\/wp-content\\\/uploads\\\/2024\\\/04\\\/denizi-e-miguell.jpg\",\"contentUrl\":\"https:\\\/\\\/portalincluir.com.br\\\/wp-content\\\/uploads\\\/2024\\\/04\\\/denizi-e-miguell.jpg\",\"width\":1280,\"height\":960},{\"@type\":\"BreadcrumbList\",\"@id\":\"https:\\\/\\\/portalincluir.com.br\\\/index.php\\\/2024\\\/04\\\/02\\\/autismo-nao-e-problema-o-problema-e-a-falta-de-informacao\\\/#breadcrumb\",\"itemListElement\":[{\"@type\":\"ListItem\",\"position\":1,\"name\":\"In\u00edcio\",\"item\":\"https:\\\/\\\/portalincluir.com.br\\\/\"},{\"@type\":\"ListItem\",\"position\":2,\"name\":\"Autismo n\u00e3o \u00e9 problema, o problema \u00e9 a falta\u00a0de\u00a0informa\u00e7\u00e3o\"}]},{\"@type\":\"WebSite\",\"@id\":\"https:\\\/\\\/portalincluir.com.br\\\/#website\",\"url\":\"https:\\\/\\\/portalincluir.com.br\\\/\",\"name\":\"PORTAL INCLUIR\",\"description\":\"\",\"potentialAction\":[{\"@type\":\"SearchAction\",\"target\":{\"@type\":\"EntryPoint\",\"urlTemplate\":\"https:\\\/\\\/portalincluir.com.br\\\/?s={search_term_string}\"},\"query-input\":{\"@type\":\"PropertyValueSpecification\",\"valueRequired\":true,\"valueName\":\"search_term_string\"}}],\"inLanguage\":\"pt-BR\"},{\"@type\":\"Person\",\"@id\":\"https:\\\/\\\/portalincluir.com.br\\\/#\\\/schema\\\/person\\\/8823664e5902eee555607fb75c4c35ae\",\"name\":\"Portal Incluir\",\"image\":{\"@type\":\"ImageObject\",\"inLanguage\":\"pt-BR\",\"@id\":\"https:\\\/\\\/secure.gravatar.com\\\/avatar\\\/12085fe17e70c3550551519fe1f8f51fae69b1748563a47fc3bea53d91fbcbbd?s=96&d=mm&r=g\",\"url\":\"https:\\\/\\\/secure.gravatar.com\\\/avatar\\\/12085fe17e70c3550551519fe1f8f51fae69b1748563a47fc3bea53d91fbcbbd?s=96&d=mm&r=g\",\"contentUrl\":\"https:\\\/\\\/secure.gravatar.com\\\/avatar\\\/12085fe17e70c3550551519fe1f8f51fae69b1748563a47fc3bea53d91fbcbbd?s=96&d=mm&r=g\",\"caption\":\"Portal Incluir\"},\"sameAs\":[\"http:\\\/\\\/portalincluir.com.br\"],\"url\":\"https:\\\/\\\/portalincluir.com.br\\\/index.php\\\/author\\\/portalincluir-com-br\\\/\"}]}<\/script>\n<!-- \/ Yoast SEO plugin. -->","yoast_head_json":{"title":"Autismo n\u00e3o \u00e9 problema, o problema \u00e9 a falta\u00a0de\u00a0informa\u00e7\u00e3o - PORTAL INCLUIR","robots":{"index":"index","follow":"follow","max-snippet":"max-snippet:-1","max-image-preview":"max-image-preview:large","max-video-preview":"max-video-preview:-1"},"canonical":"https:\/\/portalincluir.com.br\/index.php\/2024\/04\/02\/autismo-nao-e-problema-o-problema-e-a-falta-de-informacao\/","og_locale":"pt_BR","og_type":"article","og_title":"Autismo n\u00e3o \u00e9 problema, o problema \u00e9 a falta\u00a0de\u00a0informa\u00e7\u00e3o - PORTAL INCLUIR","og_description":"N\u00e3o sou guerreira, nem forte o tempo todo e nem estou pagando nenhum pecado. Sou","og_url":"https:\/\/portalincluir.com.br\/index.php\/2024\/04\/02\/autismo-nao-e-problema-o-problema-e-a-falta-de-informacao\/","og_site_name":"PORTAL INCLUIR","article_published_time":"2024-04-02T22:39:32+00:00","article_modified_time":"2024-04-02T22:41:51+00:00","og_image":[{"width":1280,"height":960,"url":"https:\/\/portalincluir.com.br\/wp-content\/uploads\/2024\/04\/denizi-e-miguell.jpg","type":"image\/jpeg"}],"author":"Portal Incluir","twitter_card":"summary_large_image","twitter_misc":{"Escrito por":"Portal Incluir","Est. tempo de leitura":"1 minuto"},"schema":{"@context":"https:\/\/schema.org","@graph":[{"@type":["Article","BlogPosting"],"@id":"https:\/\/portalincluir.com.br\/index.php\/2024\/04\/02\/autismo-nao-e-problema-o-problema-e-a-falta-de-informacao\/#article","isPartOf":{"@id":"https:\/\/portalincluir.com.br\/index.php\/2024\/04\/02\/autismo-nao-e-problema-o-problema-e-a-falta-de-informacao\/"},"author":{"name":"Portal Incluir","@id":"https:\/\/portalincluir.com.br\/#\/schema\/person\/8823664e5902eee555607fb75c4c35ae"},"headline":"Autismo n\u00e3o \u00e9 problema, o problema \u00e9 a falta\u00a0de\u00a0informa\u00e7\u00e3o","datePublished":"2024-04-02T22:39:32+00:00","dateModified":"2024-04-02T22:41:51+00:00","mainEntityOfPage":{"@id":"https:\/\/portalincluir.com.br\/index.php\/2024\/04\/02\/autismo-nao-e-problema-o-problema-e-a-falta-de-informacao\/"},"wordCount":302,"commentCount":0,"image":{"@id":"https:\/\/portalincluir.com.br\/index.php\/2024\/04\/02\/autismo-nao-e-problema-o-problema-e-a-falta-de-informacao\/#primaryimage"},"thumbnailUrl":"https:\/\/portalincluir.com.br\/wp-content\/uploads\/2024\/04\/denizi-e-miguell.jpg","articleSection":["Autismo","Not\u00edcias"],"inLanguage":"pt-BR","potentialAction":[{"@type":"CommentAction","name":"Comment","target":["https:\/\/portalincluir.com.br\/index.php\/2024\/04\/02\/autismo-nao-e-problema-o-problema-e-a-falta-de-informacao\/#respond"]}]},{"@type":"WebPage","@id":"https:\/\/portalincluir.com.br\/index.php\/2024\/04\/02\/autismo-nao-e-problema-o-problema-e-a-falta-de-informacao\/","url":"https:\/\/portalincluir.com.br\/index.php\/2024\/04\/02\/autismo-nao-e-problema-o-problema-e-a-falta-de-informacao\/","name":"Autismo n\u00e3o \u00e9 problema, o problema \u00e9 a falta\u00a0de\u00a0informa\u00e7\u00e3o - PORTAL INCLUIR","isPartOf":{"@id":"https:\/\/portalincluir.com.br\/#website"},"primaryImageOfPage":{"@id":"https:\/\/portalincluir.com.br\/index.php\/2024\/04\/02\/autismo-nao-e-problema-o-problema-e-a-falta-de-informacao\/#primaryimage"},"image":{"@id":"https:\/\/portalincluir.com.br\/index.php\/2024\/04\/02\/autismo-nao-e-problema-o-problema-e-a-falta-de-informacao\/#primaryimage"},"thumbnailUrl":"https:\/\/portalincluir.com.br\/wp-content\/uploads\/2024\/04\/denizi-e-miguell.jpg","datePublished":"2024-04-02T22:39:32+00:00","dateModified":"2024-04-02T22:41:51+00:00","author":{"@id":"https:\/\/portalincluir.com.br\/#\/schema\/person\/8823664e5902eee555607fb75c4c35ae"},"breadcrumb":{"@id":"https:\/\/portalincluir.com.br\/index.php\/2024\/04\/02\/autismo-nao-e-problema-o-problema-e-a-falta-de-informacao\/#breadcrumb"},"inLanguage":"pt-BR","potentialAction":[{"@type":"ReadAction","target":["https:\/\/portalincluir.com.br\/index.php\/2024\/04\/02\/autismo-nao-e-problema-o-problema-e-a-falta-de-informacao\/"]}]},{"@type":"ImageObject","inLanguage":"pt-BR","@id":"https:\/\/portalincluir.com.br\/index.php\/2024\/04\/02\/autismo-nao-e-problema-o-problema-e-a-falta-de-informacao\/#primaryimage","url":"https:\/\/portalincluir.com.br\/wp-content\/uploads\/2024\/04\/denizi-e-miguell.jpg","contentUrl":"https:\/\/portalincluir.com.br\/wp-content\/uploads\/2024\/04\/denizi-e-miguell.jpg","width":1280,"height":960},{"@type":"BreadcrumbList","@id":"https:\/\/portalincluir.com.br\/index.php\/2024\/04\/02\/autismo-nao-e-problema-o-problema-e-a-falta-de-informacao\/#breadcrumb","itemListElement":[{"@type":"ListItem","position":1,"name":"In\u00edcio","item":"https:\/\/portalincluir.com.br\/"},{"@type":"ListItem","position":2,"name":"Autismo n\u00e3o \u00e9 problema, o problema \u00e9 a falta\u00a0de\u00a0informa\u00e7\u00e3o"}]},{"@type":"WebSite","@id":"https:\/\/portalincluir.com.br\/#website","url":"https:\/\/portalincluir.com.br\/","name":"PORTAL INCLUIR","description":"","potentialAction":[{"@type":"SearchAction","target":{"@type":"EntryPoint","urlTemplate":"https:\/\/portalincluir.com.br\/?s={search_term_string}"},"query-input":{"@type":"PropertyValueSpecification","valueRequired":true,"valueName":"search_term_string"}}],"inLanguage":"pt-BR"},{"@type":"Person","@id":"https:\/\/portalincluir.com.br\/#\/schema\/person\/8823664e5902eee555607fb75c4c35ae","name":"Portal Incluir","image":{"@type":"ImageObject","inLanguage":"pt-BR","@id":"https:\/\/secure.gravatar.com\/avatar\/12085fe17e70c3550551519fe1f8f51fae69b1748563a47fc3bea53d91fbcbbd?s=96&d=mm&r=g","url":"https:\/\/secure.gravatar.com\/avatar\/12085fe17e70c3550551519fe1f8f51fae69b1748563a47fc3bea53d91fbcbbd?s=96&d=mm&r=g","contentUrl":"https:\/\/secure.gravatar.com\/avatar\/12085fe17e70c3550551519fe1f8f51fae69b1748563a47fc3bea53d91fbcbbd?s=96&d=mm&r=g","caption":"Portal Incluir"},"sameAs":["http:\/\/portalincluir.com.br"],"url":"https:\/\/portalincluir.com.br\/index.php\/author\/portalincluir-com-br\/"}]}},"_links":{"self":[{"href":"https:\/\/portalincluir.com.br\/index.php\/wp-json\/wp\/v2\/posts\/254","targetHints":{"allow":["GET"]}}],"collection":[{"href":"https:\/\/portalincluir.com.br\/index.php\/wp-json\/wp\/v2\/posts"}],"about":[{"href":"https:\/\/portalincluir.com.br\/index.php\/wp-json\/wp\/v2\/types\/post"}],"author":[{"embeddable":true,"href":"https:\/\/portalincluir.com.br\/index.php\/wp-json\/wp\/v2\/users\/1"}],"replies":[{"embeddable":true,"href":"https:\/\/portalincluir.com.br\/index.php\/wp-json\/wp\/v2\/comments?post=254"}],"version-history":[{"count":2,"href":"https:\/\/portalincluir.com.br\/index.php\/wp-json\/wp\/v2\/posts\/254\/revisions"}],"predecessor-version":[{"id":257,"href":"https:\/\/portalincluir.com.br\/index.php\/wp-json\/wp\/v2\/posts\/254\/revisions\/257"}],"wp:featuredmedia":[{"embeddable":true,"href":"https:\/\/portalincluir.com.br\/index.php\/wp-json\/wp\/v2\/media\/255"}],"wp:attachment":[{"href":"https:\/\/portalincluir.com.br\/index.php\/wp-json\/wp\/v2\/media?parent=254"}],"wp:term":[{"taxonomy":"category","embeddable":true,"href":"https:\/\/portalincluir.com.br\/index.php\/wp-json\/wp\/v2\/categories?post=254"},{"taxonomy":"post_tag","embeddable":true,"href":"https:\/\/portalincluir.com.br\/index.php\/wp-json\/wp\/v2\/tags?post=254"}],"curies":[{"name":"wp","href":"https:\/\/api.w.org\/{rel}","templated":true}]}}