{"id":297,"date":"2024-04-26T11:23:46","date_gmt":"2024-04-26T14:23:46","guid":{"rendered":"https:\/\/portalincluir.com.br\/?p=297"},"modified":"2024-04-26T11:23:49","modified_gmt":"2024-04-26T14:23:49","slug":"quais-deficiencias-entram-na-lei-cotas-de-pcd","status":"publish","type":"post","link":"https:\/\/portalincluir.com.br\/index.php\/2024\/04\/26\/quais-deficiencias-entram-na-lei-cotas-de-pcd\/","title":{"rendered":"Quais Defici\u00eancias entram na Lei Cotas de PCD"},"content":{"rendered":"\n<p><strong>2020 &#8211; Quais s\u00e3o as defici\u00eancia para a lei de Cotas para PCD 8.213\/91<\/strong>, garante o direito a&nbsp;<strong>inclus\u00e3o no mercado de trabalho<\/strong>&nbsp;pessoas com algum tipo de&nbsp;<strong>Defici\u00eancia&nbsp;<\/strong>que artigo 4\u00ba do Decreto n\u00ba 3.298, de 20 de dezembro de 1999, considera pessoa com de defici\u00eancia a que se enquadra nas seguintes categorias que podem estar em maior e menor nivel de comprometimento e outros&nbsp;<strong>tipos de deficiencia n\u00e3o visiveis<\/strong>&nbsp;como os ostomizados ou deficiencia com movimento reduzidos que nem sempre s\u00e3o visiveis no ambiente de trabalho, abaixo sabia&nbsp;<strong>quais defici\u00eancias<\/strong>&nbsp;entram na cota para pcd:<\/p>\n\n\n\n<p><strong>\u203a Defici\u00eancia F\u00edsica<br>\u203a Defici\u00eancia Auditiva<br>\u203a Defici\u00eancia Visual<br>\u203a Defici\u00eancia Mental<br>\u203a Defici\u00eancia M\u00faltipla<\/strong><\/p>\n\n\n\n<p>Considera-se&nbsp;<strong>defici\u00eancias que se enquadram e s\u00e3o abrangidas na Lei de Cotas<\/strong>, para os efeitos deste Decreto:<\/p>\n\n\n\n<p>I &#8211;&nbsp;<strong>Pessoa com defici\u00eancia<\/strong>, al\u00e9m daquelas previstas na Lei no 10.690, de 16 de junho de 2003, a que possui limita\u00e7\u00e3o ou incapacidade para o desempenho de atividade e se enquadra nas seguintes categorias:<\/p>\n\n\n\n<p>a)&nbsp;<strong>defici\u00eancia f\u00edsica:&nbsp;<\/strong>altera\u00e7\u00e3o completa ou parcial de um ou mais segmentos do corpo humano, acarretando o comprometimento da fun\u00e7\u00e3o f\u00edsica, apresentando-se sob a forma de paraplegia, paraparesia, monoplegia, monoparesia, tetraplegia, tetraparesia, triplegia, triparesia, hemiplegia, hemiparesia, ostomia, amputa\u00e7\u00e3o ou aus\u00eancia de membro, paralisia cerebral, nanismo, membros com deformidade cong\u00eanita ou adquirida, exceto as deformidades est\u00e9ticas e as que n\u00e3o produzam dificuldades para o desempenho de fun\u00e7\u00f5es;<\/p>\n\n\n\n<p>b)&nbsp;<strong>defici\u00eancia auditiva:<\/strong>&nbsp;perda bilateral, parcial ou total, de quarenta e um decib\u00e9is (dB) ou mais, aferida por audiograma nas freq\u00fc\u00eancias de 500Hz, 1.000Hz, 2.000Hz e 3.000Hz;<\/p>\n\n\n\n<p>c)&nbsp;<strong>defici\u00eancia visual:<\/strong>&nbsp;cegueira, na qual a acuidade visual \u00e9 igual ou menor que 0,05 no melhor olho, com a melhor corre\u00e7\u00e3o \u00f3ptica; a baixa vis\u00e3o, que significa acuidade visual entre 0,3 e 0,05 no melhor olho, com a melhor corre\u00e7\u00e3o \u00f3ptica; os casos nos quais a somat\u00f3ria da medida do campo visual em ambos os olhos for igual ou menor que 60o; ou a ocorr\u00eancia simult\u00e2nea de quaisquer das condi\u00e7\u00f5es anteriores;<\/p>\n\n\n\n<p>d)&nbsp;<strong>defici\u00eancia mental:<\/strong>&nbsp;funcionamento intelectual significativamente inferior \u00e0 m\u00e9dia, com manifesta\u00e7\u00e3o antes dos dezoito anos e limita\u00e7\u00f5es associadas a duas ou mais \u00e1reas de habilidades adaptativas, tais como:<\/p>\n\n\n\n<p>1. comunica\u00e7\u00e3o;<\/p>\n\n\n\n<p>2. cuidado pessoal;<\/p>\n\n\n\n<p>3. habilidades sociais;<\/p>\n\n\n\n<p>4. utiliza\u00e7\u00e3o dos recursos da comunidade;<\/p>\n\n\n\n<p>5. sa\u00fade e seguran\u00e7a;<\/p>\n\n\n\n<p>6. habilidades acad\u00eamicas;<\/p>\n\n\n\n<p>7. lazer; e<\/p>\n\n\n\n<p>8. trabalho;<\/p>\n\n\n\n<p>e)&nbsp;<strong>defici\u00eancia m\u00faltipla<\/strong>&nbsp;&#8211; associa\u00e7\u00e3o de duas ou mais defici\u00eancias; e<\/p>\n\n\n\n<p>II &#8211;\u00a0<strong>pessoa com mobilidade reduzida<\/strong>, aquela que, n\u00e3o se enquadrando no conceito de pessoa portadora de defici\u00eancia, tenha, por qualquer motivo, dificuldade de movimentar-se, permanente ou temporariamente, gerando redu\u00e7\u00e3o efetiva da mobilidade, flexibilidade, coordena\u00e7\u00e3o motora e percep\u00e7\u00e3o.<\/p>\n\n\n\n<p>Fonte: <a href=\"https:\/\/www.deficienteonline.com.br\/quais-deficiencias-entram-na-lei-cotas-de-pcd___326.html\" target=\"_blank\" rel=\"noopener\" title=\"\">PCD.COM.BR<\/a><\/p>\n","protected":false},"excerpt":{"rendered":"<p>2020 &#8211; Quais s\u00e3o as defici\u00eancia para a lei de Cotas para PCD 8.213\/91, garante<\/p>\n","protected":false},"author":1,"featured_media":298,"comment_status":"closed","ping_status":"open","sticky":false,"template":"","format":"standard","meta":{"om_disable_all_campaigns":false,"_monsterinsights_skip_tracking":false,"_monsterinsights_sitenote_active":false,"_monsterinsights_sitenote_note":"","_monsterinsights_sitenote_category":0,"_uf_show_specific_survey":0,"_uf_disable_surveys":false,"footnotes":""},"categories":[9],"tags":[],"class_list":["post-297","post","type-post","status-publish","format-standard","has-post-thumbnail","hentry","category-noticias"],"yoast_head":"<!-- This site is optimized with the Yoast SEO plugin v27.4 - https:\/\/yoast.com\/product\/yoast-seo-wordpress\/ -->\n<title>Quais Defici\u00eancias entram na Lei Cotas de PCD - PORTAL INCLUIR<\/title>\n<meta name=\"robots\" content=\"index, follow, max-snippet:-1, max-image-preview:large, max-video-preview:-1\" \/>\n<link rel=\"canonical\" href=\"https:\/\/portalincluir.com.br\/index.php\/2024\/04\/26\/quais-deficiencias-entram-na-lei-cotas-de-pcd\/\" \/>\n<meta property=\"og:locale\" content=\"pt_BR\" \/>\n<meta property=\"og:type\" content=\"article\" \/>\n<meta property=\"og:title\" content=\"Quais Defici\u00eancias entram na Lei Cotas de PCD - PORTAL INCLUIR\" \/>\n<meta property=\"og:description\" content=\"2020 &#8211; Quais s\u00e3o as defici\u00eancia para a lei de Cotas para PCD 8.213\/91, garante\" \/>\n<meta property=\"og:url\" content=\"https:\/\/portalincluir.com.br\/index.php\/2024\/04\/26\/quais-deficiencias-entram-na-lei-cotas-de-pcd\/\" \/>\n<meta property=\"og:site_name\" content=\"PORTAL INCLUIR\" \/>\n<meta property=\"article:published_time\" content=\"2024-04-26T14:23:46+00:00\" \/>\n<meta property=\"article:modified_time\" content=\"2024-04-26T14:23:49+00:00\" \/>\n<meta property=\"og:image\" content=\"https:\/\/portalincluir.com.br\/wp-content\/uploads\/2024\/04\/istock-484559875-convertido1.png\" \/>\n\t<meta property=\"og:image:width\" content=\"1200\" \/>\n\t<meta property=\"og:image:height\" content=\"1200\" \/>\n\t<meta property=\"og:image:type\" content=\"image\/png\" \/>\n<meta name=\"author\" content=\"Portal Incluir\" \/>\n<meta name=\"twitter:card\" content=\"summary_large_image\" \/>\n<meta name=\"twitter:label1\" content=\"Escrito por\" \/>\n\t<meta name=\"twitter:data1\" content=\"Portal Incluir\" \/>\n\t<meta name=\"twitter:label2\" content=\"Est. tempo de leitura\" \/>\n\t<meta name=\"twitter:data2\" content=\"2 minutos\" \/>\n<script type=\"application\/ld+json\" class=\"yoast-schema-graph\">{\"@context\":\"https:\\\/\\\/schema.org\",\"@graph\":[{\"@type\":[\"Article\",\"BlogPosting\"],\"@id\":\"https:\\\/\\\/portalincluir.com.br\\\/index.php\\\/2024\\\/04\\\/26\\\/quais-deficiencias-entram-na-lei-cotas-de-pcd\\\/#article\",\"isPartOf\":{\"@id\":\"https:\\\/\\\/portalincluir.com.br\\\/index.php\\\/2024\\\/04\\\/26\\\/quais-deficiencias-entram-na-lei-cotas-de-pcd\\\/\"},\"author\":{\"name\":\"Portal Incluir\",\"@id\":\"https:\\\/\\\/portalincluir.com.br\\\/#\\\/schema\\\/person\\\/8823664e5902eee555607fb75c4c35ae\"},\"headline\":\"Quais Defici\u00eancias entram na Lei Cotas de PCD\",\"datePublished\":\"2024-04-26T14:23:46+00:00\",\"dateModified\":\"2024-04-26T14:23:49+00:00\",\"mainEntityOfPage\":{\"@id\":\"https:\\\/\\\/portalincluir.com.br\\\/index.php\\\/2024\\\/04\\\/26\\\/quais-deficiencias-entram-na-lei-cotas-de-pcd\\\/\"},\"wordCount\":498,\"image\":{\"@id\":\"https:\\\/\\\/portalincluir.com.br\\\/index.php\\\/2024\\\/04\\\/26\\\/quais-deficiencias-entram-na-lei-cotas-de-pcd\\\/#primaryimage\"},\"thumbnailUrl\":\"https:\\\/\\\/portalincluir.com.br\\\/wp-content\\\/uploads\\\/2024\\\/04\\\/istock-484559875-convertido1.png\",\"articleSection\":[\"Not\u00edcias\"],\"inLanguage\":\"pt-BR\"},{\"@type\":\"WebPage\",\"@id\":\"https:\\\/\\\/portalincluir.com.br\\\/index.php\\\/2024\\\/04\\\/26\\\/quais-deficiencias-entram-na-lei-cotas-de-pcd\\\/\",\"url\":\"https:\\\/\\\/portalincluir.com.br\\\/index.php\\\/2024\\\/04\\\/26\\\/quais-deficiencias-entram-na-lei-cotas-de-pcd\\\/\",\"name\":\"Quais Defici\u00eancias entram na Lei Cotas de PCD - PORTAL INCLUIR\",\"isPartOf\":{\"@id\":\"https:\\\/\\\/portalincluir.com.br\\\/#website\"},\"primaryImageOfPage\":{\"@id\":\"https:\\\/\\\/portalincluir.com.br\\\/index.php\\\/2024\\\/04\\\/26\\\/quais-deficiencias-entram-na-lei-cotas-de-pcd\\\/#primaryimage\"},\"image\":{\"@id\":\"https:\\\/\\\/portalincluir.com.br\\\/index.php\\\/2024\\\/04\\\/26\\\/quais-deficiencias-entram-na-lei-cotas-de-pcd\\\/#primaryimage\"},\"thumbnailUrl\":\"https:\\\/\\\/portalincluir.com.br\\\/wp-content\\\/uploads\\\/2024\\\/04\\\/istock-484559875-convertido1.png\",\"datePublished\":\"2024-04-26T14:23:46+00:00\",\"dateModified\":\"2024-04-26T14:23:49+00:00\",\"author\":{\"@id\":\"https:\\\/\\\/portalincluir.com.br\\\/#\\\/schema\\\/person\\\/8823664e5902eee555607fb75c4c35ae\"},\"breadcrumb\":{\"@id\":\"https:\\\/\\\/portalincluir.com.br\\\/index.php\\\/2024\\\/04\\\/26\\\/quais-deficiencias-entram-na-lei-cotas-de-pcd\\\/#breadcrumb\"},\"inLanguage\":\"pt-BR\",\"potentialAction\":[{\"@type\":\"ReadAction\",\"target\":[\"https:\\\/\\\/portalincluir.com.br\\\/index.php\\\/2024\\\/04\\\/26\\\/quais-deficiencias-entram-na-lei-cotas-de-pcd\\\/\"]}]},{\"@type\":\"ImageObject\",\"inLanguage\":\"pt-BR\",\"@id\":\"https:\\\/\\\/portalincluir.com.br\\\/index.php\\\/2024\\\/04\\\/26\\\/quais-deficiencias-entram-na-lei-cotas-de-pcd\\\/#primaryimage\",\"url\":\"https:\\\/\\\/portalincluir.com.br\\\/wp-content\\\/uploads\\\/2024\\\/04\\\/istock-484559875-convertido1.png\",\"contentUrl\":\"https:\\\/\\\/portalincluir.com.br\\\/wp-content\\\/uploads\\\/2024\\\/04\\\/istock-484559875-convertido1.png\",\"width\":1200,\"height\":1200},{\"@type\":\"BreadcrumbList\",\"@id\":\"https:\\\/\\\/portalincluir.com.br\\\/index.php\\\/2024\\\/04\\\/26\\\/quais-deficiencias-entram-na-lei-cotas-de-pcd\\\/#breadcrumb\",\"itemListElement\":[{\"@type\":\"ListItem\",\"position\":1,\"name\":\"In\u00edcio\",\"item\":\"https:\\\/\\\/portalincluir.com.br\\\/\"},{\"@type\":\"ListItem\",\"position\":2,\"name\":\"Quais Defici\u00eancias entram na Lei Cotas de PCD\"}]},{\"@type\":\"WebSite\",\"@id\":\"https:\\\/\\\/portalincluir.com.br\\\/#website\",\"url\":\"https:\\\/\\\/portalincluir.com.br\\\/\",\"name\":\"PORTAL INCLUIR\",\"description\":\"\",\"potentialAction\":[{\"@type\":\"SearchAction\",\"target\":{\"@type\":\"EntryPoint\",\"urlTemplate\":\"https:\\\/\\\/portalincluir.com.br\\\/?s={search_term_string}\"},\"query-input\":{\"@type\":\"PropertyValueSpecification\",\"valueRequired\":true,\"valueName\":\"search_term_string\"}}],\"inLanguage\":\"pt-BR\"},{\"@type\":\"Person\",\"@id\":\"https:\\\/\\\/portalincluir.com.br\\\/#\\\/schema\\\/person\\\/8823664e5902eee555607fb75c4c35ae\",\"name\":\"Portal Incluir\",\"image\":{\"@type\":\"ImageObject\",\"inLanguage\":\"pt-BR\",\"@id\":\"https:\\\/\\\/secure.gravatar.com\\\/avatar\\\/12085fe17e70c3550551519fe1f8f51fae69b1748563a47fc3bea53d91fbcbbd?s=96&d=mm&r=g\",\"url\":\"https:\\\/\\\/secure.gravatar.com\\\/avatar\\\/12085fe17e70c3550551519fe1f8f51fae69b1748563a47fc3bea53d91fbcbbd?s=96&d=mm&r=g\",\"contentUrl\":\"https:\\\/\\\/secure.gravatar.com\\\/avatar\\\/12085fe17e70c3550551519fe1f8f51fae69b1748563a47fc3bea53d91fbcbbd?s=96&d=mm&r=g\",\"caption\":\"Portal Incluir\"},\"sameAs\":[\"http:\\\/\\\/portalincluir.com.br\"],\"url\":\"https:\\\/\\\/portalincluir.com.br\\\/index.php\\\/author\\\/portalincluir-com-br\\\/\"}]}<\/script>\n<!-- \/ Yoast SEO plugin. -->","yoast_head_json":{"title":"Quais Defici\u00eancias entram na Lei Cotas de PCD - PORTAL INCLUIR","robots":{"index":"index","follow":"follow","max-snippet":"max-snippet:-1","max-image-preview":"max-image-preview:large","max-video-preview":"max-video-preview:-1"},"canonical":"https:\/\/portalincluir.com.br\/index.php\/2024\/04\/26\/quais-deficiencias-entram-na-lei-cotas-de-pcd\/","og_locale":"pt_BR","og_type":"article","og_title":"Quais Defici\u00eancias entram na Lei Cotas de PCD - PORTAL INCLUIR","og_description":"2020 &#8211; Quais s\u00e3o as defici\u00eancia para a lei de Cotas para PCD 8.213\/91, garante","og_url":"https:\/\/portalincluir.com.br\/index.php\/2024\/04\/26\/quais-deficiencias-entram-na-lei-cotas-de-pcd\/","og_site_name":"PORTAL INCLUIR","article_published_time":"2024-04-26T14:23:46+00:00","article_modified_time":"2024-04-26T14:23:49+00:00","og_image":[{"width":1200,"height":1200,"url":"https:\/\/portalincluir.com.br\/wp-content\/uploads\/2024\/04\/istock-484559875-convertido1.png","type":"image\/png"}],"author":"Portal Incluir","twitter_card":"summary_large_image","twitter_misc":{"Escrito por":"Portal Incluir","Est. tempo de leitura":"2 minutos"},"schema":{"@context":"https:\/\/schema.org","@graph":[{"@type":["Article","BlogPosting"],"@id":"https:\/\/portalincluir.com.br\/index.php\/2024\/04\/26\/quais-deficiencias-entram-na-lei-cotas-de-pcd\/#article","isPartOf":{"@id":"https:\/\/portalincluir.com.br\/index.php\/2024\/04\/26\/quais-deficiencias-entram-na-lei-cotas-de-pcd\/"},"author":{"name":"Portal Incluir","@id":"https:\/\/portalincluir.com.br\/#\/schema\/person\/8823664e5902eee555607fb75c4c35ae"},"headline":"Quais Defici\u00eancias entram na Lei Cotas de PCD","datePublished":"2024-04-26T14:23:46+00:00","dateModified":"2024-04-26T14:23:49+00:00","mainEntityOfPage":{"@id":"https:\/\/portalincluir.com.br\/index.php\/2024\/04\/26\/quais-deficiencias-entram-na-lei-cotas-de-pcd\/"},"wordCount":498,"image":{"@id":"https:\/\/portalincluir.com.br\/index.php\/2024\/04\/26\/quais-deficiencias-entram-na-lei-cotas-de-pcd\/#primaryimage"},"thumbnailUrl":"https:\/\/portalincluir.com.br\/wp-content\/uploads\/2024\/04\/istock-484559875-convertido1.png","articleSection":["Not\u00edcias"],"inLanguage":"pt-BR"},{"@type":"WebPage","@id":"https:\/\/portalincluir.com.br\/index.php\/2024\/04\/26\/quais-deficiencias-entram-na-lei-cotas-de-pcd\/","url":"https:\/\/portalincluir.com.br\/index.php\/2024\/04\/26\/quais-deficiencias-entram-na-lei-cotas-de-pcd\/","name":"Quais Defici\u00eancias entram na Lei Cotas de PCD - PORTAL INCLUIR","isPartOf":{"@id":"https:\/\/portalincluir.com.br\/#website"},"primaryImageOfPage":{"@id":"https:\/\/portalincluir.com.br\/index.php\/2024\/04\/26\/quais-deficiencias-entram-na-lei-cotas-de-pcd\/#primaryimage"},"image":{"@id":"https:\/\/portalincluir.com.br\/index.php\/2024\/04\/26\/quais-deficiencias-entram-na-lei-cotas-de-pcd\/#primaryimage"},"thumbnailUrl":"https:\/\/portalincluir.com.br\/wp-content\/uploads\/2024\/04\/istock-484559875-convertido1.png","datePublished":"2024-04-26T14:23:46+00:00","dateModified":"2024-04-26T14:23:49+00:00","author":{"@id":"https:\/\/portalincluir.com.br\/#\/schema\/person\/8823664e5902eee555607fb75c4c35ae"},"breadcrumb":{"@id":"https:\/\/portalincluir.com.br\/index.php\/2024\/04\/26\/quais-deficiencias-entram-na-lei-cotas-de-pcd\/#breadcrumb"},"inLanguage":"pt-BR","potentialAction":[{"@type":"ReadAction","target":["https:\/\/portalincluir.com.br\/index.php\/2024\/04\/26\/quais-deficiencias-entram-na-lei-cotas-de-pcd\/"]}]},{"@type":"ImageObject","inLanguage":"pt-BR","@id":"https:\/\/portalincluir.com.br\/index.php\/2024\/04\/26\/quais-deficiencias-entram-na-lei-cotas-de-pcd\/#primaryimage","url":"https:\/\/portalincluir.com.br\/wp-content\/uploads\/2024\/04\/istock-484559875-convertido1.png","contentUrl":"https:\/\/portalincluir.com.br\/wp-content\/uploads\/2024\/04\/istock-484559875-convertido1.png","width":1200,"height":1200},{"@type":"BreadcrumbList","@id":"https:\/\/portalincluir.com.br\/index.php\/2024\/04\/26\/quais-deficiencias-entram-na-lei-cotas-de-pcd\/#breadcrumb","itemListElement":[{"@type":"ListItem","position":1,"name":"In\u00edcio","item":"https:\/\/portalincluir.com.br\/"},{"@type":"ListItem","position":2,"name":"Quais Defici\u00eancias entram na Lei Cotas de PCD"}]},{"@type":"WebSite","@id":"https:\/\/portalincluir.com.br\/#website","url":"https:\/\/portalincluir.com.br\/","name":"PORTAL INCLUIR","description":"","potentialAction":[{"@type":"SearchAction","target":{"@type":"EntryPoint","urlTemplate":"https:\/\/portalincluir.com.br\/?s={search_term_string}"},"query-input":{"@type":"PropertyValueSpecification","valueRequired":true,"valueName":"search_term_string"}}],"inLanguage":"pt-BR"},{"@type":"Person","@id":"https:\/\/portalincluir.com.br\/#\/schema\/person\/8823664e5902eee555607fb75c4c35ae","name":"Portal Incluir","image":{"@type":"ImageObject","inLanguage":"pt-BR","@id":"https:\/\/secure.gravatar.com\/avatar\/12085fe17e70c3550551519fe1f8f51fae69b1748563a47fc3bea53d91fbcbbd?s=96&d=mm&r=g","url":"https:\/\/secure.gravatar.com\/avatar\/12085fe17e70c3550551519fe1f8f51fae69b1748563a47fc3bea53d91fbcbbd?s=96&d=mm&r=g","contentUrl":"https:\/\/secure.gravatar.com\/avatar\/12085fe17e70c3550551519fe1f8f51fae69b1748563a47fc3bea53d91fbcbbd?s=96&d=mm&r=g","caption":"Portal Incluir"},"sameAs":["http:\/\/portalincluir.com.br"],"url":"https:\/\/portalincluir.com.br\/index.php\/author\/portalincluir-com-br\/"}]}},"_links":{"self":[{"href":"https:\/\/portalincluir.com.br\/index.php\/wp-json\/wp\/v2\/posts\/297","targetHints":{"allow":["GET"]}}],"collection":[{"href":"https:\/\/portalincluir.com.br\/index.php\/wp-json\/wp\/v2\/posts"}],"about":[{"href":"https:\/\/portalincluir.com.br\/index.php\/wp-json\/wp\/v2\/types\/post"}],"author":[{"embeddable":true,"href":"https:\/\/portalincluir.com.br\/index.php\/wp-json\/wp\/v2\/users\/1"}],"replies":[{"embeddable":true,"href":"https:\/\/portalincluir.com.br\/index.php\/wp-json\/wp\/v2\/comments?post=297"}],"version-history":[{"count":1,"href":"https:\/\/portalincluir.com.br\/index.php\/wp-json\/wp\/v2\/posts\/297\/revisions"}],"predecessor-version":[{"id":299,"href":"https:\/\/portalincluir.com.br\/index.php\/wp-json\/wp\/v2\/posts\/297\/revisions\/299"}],"wp:featuredmedia":[{"embeddable":true,"href":"https:\/\/portalincluir.com.br\/index.php\/wp-json\/wp\/v2\/media\/298"}],"wp:attachment":[{"href":"https:\/\/portalincluir.com.br\/index.php\/wp-json\/wp\/v2\/media?parent=297"}],"wp:term":[{"taxonomy":"category","embeddable":true,"href":"https:\/\/portalincluir.com.br\/index.php\/wp-json\/wp\/v2\/categories?post=297"},{"taxonomy":"post_tag","embeddable":true,"href":"https:\/\/portalincluir.com.br\/index.php\/wp-json\/wp\/v2\/tags?post=297"}],"curies":[{"name":"wp","href":"https:\/\/api.w.org\/{rel}","templated":true}]}}