{"id":315,"date":"2024-05-08T22:58:38","date_gmt":"2024-05-09T01:58:38","guid":{"rendered":"https:\/\/portalincluir.com.br\/?p=315"},"modified":"2024-05-08T23:11:55","modified_gmt":"2024-05-09T02:11:55","slug":"forum-discutira-direitos-da-pessoa-com-deficiencia","status":"publish","type":"post","link":"https:\/\/portalincluir.com.br\/index.php\/2024\/05\/08\/forum-discutira-direitos-da-pessoa-com-deficiencia\/","title":{"rendered":"Portal Incluir estar\u00e1 presente no F\u00f3rum que discutir\u00e1 direitos da pessoa com defici\u00eancia"},"content":{"rendered":"\n<figure class=\"wp-block-image alignleft size-full is-resized\"><img loading=\"lazy\" decoding=\"async\" width=\"537\" height=\"356\" src=\"https:\/\/portalincluir.com.br\/wp-content\/uploads\/2024\/05\/2024-05-08-e1715220055671.png\" alt=\"\" class=\"wp-image-316\" style=\"width:354px;height:auto\" srcset=\"https:\/\/portalincluir.com.br\/wp-content\/uploads\/2024\/05\/2024-05-08-e1715220055671.png 537w, https:\/\/portalincluir.com.br\/wp-content\/uploads\/2024\/05\/2024-05-08-e1715220055671-300x199.png 300w\" sizes=\"auto, (max-width: 537px) 100vw, 537px\" \/><\/figure>\n\n\n\n<p>Acontecer\u00e1 em Vit\u00f3ria da Conquista, nesta quinta e sexta-feira, 9 e 10 de maio, o I F\u00f3rum de Direitos da Pessoa com Defici\u00eancia do Sudoeste Baiano &#8211; Di\u00e1logo, direitos e inclus\u00e3o, que ocorrer\u00e1 no audit\u00f3rio da OAB Conquista, com transmiss\u00e3o ao vivo.<\/p>\n\n\n\n<p>Ser\u00e1 um momento de debate sobre direitos da pessoa com defici\u00eancia, em especial o p\u00fablico autista. Todo conte\u00fado abordado ser\u00e1 em obedi\u00eancia \u00e0s seguintes normas: Estatuto da crian\u00e7a e adolescente, Lei Brasileira de inclus\u00e3o, Lei de diretrizes e base, Estatuto da Pessoa com Defici\u00eancia na conven\u00e7\u00e3o de direitos humanos, dentre outras normas.<\/p>\n\n\n\n<p>O p\u00fablico alvo do evento s\u00e3o: advocacia, jovem advocacia, magistrados, membros do minist\u00e9rio p\u00fablico, membros do judici\u00e1rio, discentes e sociedade em geral.<\/p>\n\n\n\n<p>O Portal Incluir estar\u00e1 presente no F\u00f3rum para participar desta discuss\u00e3o, que \u00e9 de grande import\u00e2ncia para a sociedade conquistense e, com certeza poder\u00e1 trazer id\u00e9ias para direcionar os pr\u00f3ximos passos das fam\u00edlias at\u00edpicas na sua luta pelo reconhecimento dos direitos das pessoas com defici\u00eancia.<\/p>\n\n\n\n<p>Local: Audit\u00f3rio da OAB &#8211; Subse\u00e7\u00e3o de Vit\u00f3ria da Conquista<br>Inscri\u00e7\u00f5es: Gratuitas pela ESA-BA: tinyurl.com\/esa987<\/p>\n\n\n\n<p>Com informa\u00e7\u00f5es da OAB\/Vit\u00f3ria da Conquista<\/p>\n","protected":false},"excerpt":{"rendered":"<p>Acontecer\u00e1 em Vit\u00f3ria da Conquista, nesta quinta e sexta-feira, 9 e 10 de maio, o<\/p>\n","protected":false},"author":1,"featured_media":316,"comment_status":"closed","ping_status":"open","sticky":false,"template":"","format":"standard","meta":{"om_disable_all_campaigns":false,"_monsterinsights_skip_tracking":false,"_monsterinsights_sitenote_active":false,"_monsterinsights_sitenote_note":"","_monsterinsights_sitenote_category":0,"_uf_show_specific_survey":0,"_uf_disable_surveys":false,"footnotes":""},"categories":[9],"tags":[],"class_list":["post-315","post","type-post","status-publish","format-standard","has-post-thumbnail","hentry","category-noticias"],"yoast_head":"<!-- This site is optimized with the Yoast SEO plugin v27.4 - https:\/\/yoast.com\/product\/yoast-seo-wordpress\/ -->\n<title>Portal Incluir estar\u00e1 presente no F\u00f3rum que discutir\u00e1 direitos da pessoa com defici\u00eancia - PORTAL INCLUIR<\/title>\n<meta name=\"robots\" content=\"index, follow, max-snippet:-1, max-image-preview:large, max-video-preview:-1\" \/>\n<link rel=\"canonical\" href=\"https:\/\/portalincluir.com.br\/index.php\/2024\/05\/08\/forum-discutira-direitos-da-pessoa-com-deficiencia\/\" \/>\n<meta property=\"og:locale\" content=\"pt_BR\" \/>\n<meta property=\"og:type\" content=\"article\" \/>\n<meta property=\"og:title\" content=\"Portal Incluir estar\u00e1 presente no F\u00f3rum que discutir\u00e1 direitos da pessoa com defici\u00eancia - PORTAL INCLUIR\" \/>\n<meta property=\"og:description\" content=\"Acontecer\u00e1 em Vit\u00f3ria da Conquista, nesta quinta e sexta-feira, 9 e 10 de maio, o\" \/>\n<meta property=\"og:url\" content=\"https:\/\/portalincluir.com.br\/index.php\/2024\/05\/08\/forum-discutira-direitos-da-pessoa-com-deficiencia\/\" \/>\n<meta property=\"og:site_name\" content=\"PORTAL INCLUIR\" \/>\n<meta property=\"article:published_time\" content=\"2024-05-09T01:58:38+00:00\" \/>\n<meta property=\"article:modified_time\" content=\"2024-05-09T02:11:55+00:00\" \/>\n<meta property=\"og:image\" content=\"https:\/\/portalincluir.com.br\/wp-content\/uploads\/2024\/05\/2024-05-08-e1715220055671.png\" \/>\n\t<meta property=\"og:image:width\" content=\"537\" \/>\n\t<meta property=\"og:image:height\" content=\"356\" \/>\n\t<meta property=\"og:image:type\" content=\"image\/png\" \/>\n<meta name=\"author\" content=\"Portal Incluir\" \/>\n<meta name=\"twitter:card\" content=\"summary_large_image\" \/>\n<meta name=\"twitter:label1\" content=\"Escrito por\" \/>\n\t<meta name=\"twitter:data1\" content=\"Portal Incluir\" \/>\n\t<meta name=\"twitter:label2\" content=\"Est. tempo de leitura\" \/>\n\t<meta name=\"twitter:data2\" content=\"1 minuto\" \/>\n<script type=\"application\/ld+json\" class=\"yoast-schema-graph\">{\"@context\":\"https:\\\/\\\/schema.org\",\"@graph\":[{\"@type\":[\"Article\",\"BlogPosting\"],\"@id\":\"https:\\\/\\\/portalincluir.com.br\\\/index.php\\\/2024\\\/05\\\/08\\\/forum-discutira-direitos-da-pessoa-com-deficiencia\\\/#article\",\"isPartOf\":{\"@id\":\"https:\\\/\\\/portalincluir.com.br\\\/index.php\\\/2024\\\/05\\\/08\\\/forum-discutira-direitos-da-pessoa-com-deficiencia\\\/\"},\"author\":{\"name\":\"Portal Incluir\",\"@id\":\"https:\\\/\\\/portalincluir.com.br\\\/#\\\/schema\\\/person\\\/8823664e5902eee555607fb75c4c35ae\"},\"headline\":\"Portal Incluir estar\u00e1 presente no F\u00f3rum que discutir\u00e1 direitos da pessoa com defici\u00eancia\",\"datePublished\":\"2024-05-09T01:58:38+00:00\",\"dateModified\":\"2024-05-09T02:11:55+00:00\",\"mainEntityOfPage\":{\"@id\":\"https:\\\/\\\/portalincluir.com.br\\\/index.php\\\/2024\\\/05\\\/08\\\/forum-discutira-direitos-da-pessoa-com-deficiencia\\\/\"},\"wordCount\":230,\"image\":{\"@id\":\"https:\\\/\\\/portalincluir.com.br\\\/index.php\\\/2024\\\/05\\\/08\\\/forum-discutira-direitos-da-pessoa-com-deficiencia\\\/#primaryimage\"},\"thumbnailUrl\":\"https:\\\/\\\/portalincluir.com.br\\\/wp-content\\\/uploads\\\/2024\\\/05\\\/2024-05-08-e1715220055671.png\",\"articleSection\":[\"Not\u00edcias\"],\"inLanguage\":\"pt-BR\"},{\"@type\":\"WebPage\",\"@id\":\"https:\\\/\\\/portalincluir.com.br\\\/index.php\\\/2024\\\/05\\\/08\\\/forum-discutira-direitos-da-pessoa-com-deficiencia\\\/\",\"url\":\"https:\\\/\\\/portalincluir.com.br\\\/index.php\\\/2024\\\/05\\\/08\\\/forum-discutira-direitos-da-pessoa-com-deficiencia\\\/\",\"name\":\"Portal Incluir estar\u00e1 presente no F\u00f3rum que discutir\u00e1 direitos da pessoa com defici\u00eancia - PORTAL INCLUIR\",\"isPartOf\":{\"@id\":\"https:\\\/\\\/portalincluir.com.br\\\/#website\"},\"primaryImageOfPage\":{\"@id\":\"https:\\\/\\\/portalincluir.com.br\\\/index.php\\\/2024\\\/05\\\/08\\\/forum-discutira-direitos-da-pessoa-com-deficiencia\\\/#primaryimage\"},\"image\":{\"@id\":\"https:\\\/\\\/portalincluir.com.br\\\/index.php\\\/2024\\\/05\\\/08\\\/forum-discutira-direitos-da-pessoa-com-deficiencia\\\/#primaryimage\"},\"thumbnailUrl\":\"https:\\\/\\\/portalincluir.com.br\\\/wp-content\\\/uploads\\\/2024\\\/05\\\/2024-05-08-e1715220055671.png\",\"datePublished\":\"2024-05-09T01:58:38+00:00\",\"dateModified\":\"2024-05-09T02:11:55+00:00\",\"author\":{\"@id\":\"https:\\\/\\\/portalincluir.com.br\\\/#\\\/schema\\\/person\\\/8823664e5902eee555607fb75c4c35ae\"},\"breadcrumb\":{\"@id\":\"https:\\\/\\\/portalincluir.com.br\\\/index.php\\\/2024\\\/05\\\/08\\\/forum-discutira-direitos-da-pessoa-com-deficiencia\\\/#breadcrumb\"},\"inLanguage\":\"pt-BR\",\"potentialAction\":[{\"@type\":\"ReadAction\",\"target\":[\"https:\\\/\\\/portalincluir.com.br\\\/index.php\\\/2024\\\/05\\\/08\\\/forum-discutira-direitos-da-pessoa-com-deficiencia\\\/\"]}]},{\"@type\":\"ImageObject\",\"inLanguage\":\"pt-BR\",\"@id\":\"https:\\\/\\\/portalincluir.com.br\\\/index.php\\\/2024\\\/05\\\/08\\\/forum-discutira-direitos-da-pessoa-com-deficiencia\\\/#primaryimage\",\"url\":\"https:\\\/\\\/portalincluir.com.br\\\/wp-content\\\/uploads\\\/2024\\\/05\\\/2024-05-08-e1715220055671.png\",\"contentUrl\":\"https:\\\/\\\/portalincluir.com.br\\\/wp-content\\\/uploads\\\/2024\\\/05\\\/2024-05-08-e1715220055671.png\",\"width\":537,\"height\":356},{\"@type\":\"BreadcrumbList\",\"@id\":\"https:\\\/\\\/portalincluir.com.br\\\/index.php\\\/2024\\\/05\\\/08\\\/forum-discutira-direitos-da-pessoa-com-deficiencia\\\/#breadcrumb\",\"itemListElement\":[{\"@type\":\"ListItem\",\"position\":1,\"name\":\"In\u00edcio\",\"item\":\"https:\\\/\\\/portalincluir.com.br\\\/\"},{\"@type\":\"ListItem\",\"position\":2,\"name\":\"Portal Incluir estar\u00e1 presente no F\u00f3rum que discutir\u00e1 direitos da pessoa com defici\u00eancia\"}]},{\"@type\":\"WebSite\",\"@id\":\"https:\\\/\\\/portalincluir.com.br\\\/#website\",\"url\":\"https:\\\/\\\/portalincluir.com.br\\\/\",\"name\":\"PORTAL INCLUIR\",\"description\":\"\",\"potentialAction\":[{\"@type\":\"SearchAction\",\"target\":{\"@type\":\"EntryPoint\",\"urlTemplate\":\"https:\\\/\\\/portalincluir.com.br\\\/?s={search_term_string}\"},\"query-input\":{\"@type\":\"PropertyValueSpecification\",\"valueRequired\":true,\"valueName\":\"search_term_string\"}}],\"inLanguage\":\"pt-BR\"},{\"@type\":\"Person\",\"@id\":\"https:\\\/\\\/portalincluir.com.br\\\/#\\\/schema\\\/person\\\/8823664e5902eee555607fb75c4c35ae\",\"name\":\"Portal Incluir\",\"image\":{\"@type\":\"ImageObject\",\"inLanguage\":\"pt-BR\",\"@id\":\"https:\\\/\\\/secure.gravatar.com\\\/avatar\\\/12085fe17e70c3550551519fe1f8f51fae69b1748563a47fc3bea53d91fbcbbd?s=96&d=mm&r=g\",\"url\":\"https:\\\/\\\/secure.gravatar.com\\\/avatar\\\/12085fe17e70c3550551519fe1f8f51fae69b1748563a47fc3bea53d91fbcbbd?s=96&d=mm&r=g\",\"contentUrl\":\"https:\\\/\\\/secure.gravatar.com\\\/avatar\\\/12085fe17e70c3550551519fe1f8f51fae69b1748563a47fc3bea53d91fbcbbd?s=96&d=mm&r=g\",\"caption\":\"Portal Incluir\"},\"sameAs\":[\"http:\\\/\\\/portalincluir.com.br\"],\"url\":\"https:\\\/\\\/portalincluir.com.br\\\/index.php\\\/author\\\/portalincluir-com-br\\\/\"}]}<\/script>\n<!-- \/ Yoast SEO plugin. -->","yoast_head_json":{"title":"Portal Incluir estar\u00e1 presente no F\u00f3rum que discutir\u00e1 direitos da pessoa com defici\u00eancia - PORTAL INCLUIR","robots":{"index":"index","follow":"follow","max-snippet":"max-snippet:-1","max-image-preview":"max-image-preview:large","max-video-preview":"max-video-preview:-1"},"canonical":"https:\/\/portalincluir.com.br\/index.php\/2024\/05\/08\/forum-discutira-direitos-da-pessoa-com-deficiencia\/","og_locale":"pt_BR","og_type":"article","og_title":"Portal Incluir estar\u00e1 presente no F\u00f3rum que discutir\u00e1 direitos da pessoa com defici\u00eancia - PORTAL INCLUIR","og_description":"Acontecer\u00e1 em Vit\u00f3ria da Conquista, nesta quinta e sexta-feira, 9 e 10 de maio, o","og_url":"https:\/\/portalincluir.com.br\/index.php\/2024\/05\/08\/forum-discutira-direitos-da-pessoa-com-deficiencia\/","og_site_name":"PORTAL INCLUIR","article_published_time":"2024-05-09T01:58:38+00:00","article_modified_time":"2024-05-09T02:11:55+00:00","og_image":[{"width":537,"height":356,"url":"https:\/\/portalincluir.com.br\/wp-content\/uploads\/2024\/05\/2024-05-08-e1715220055671.png","type":"image\/png"}],"author":"Portal Incluir","twitter_card":"summary_large_image","twitter_misc":{"Escrito por":"Portal Incluir","Est. tempo de leitura":"1 minuto"},"schema":{"@context":"https:\/\/schema.org","@graph":[{"@type":["Article","BlogPosting"],"@id":"https:\/\/portalincluir.com.br\/index.php\/2024\/05\/08\/forum-discutira-direitos-da-pessoa-com-deficiencia\/#article","isPartOf":{"@id":"https:\/\/portalincluir.com.br\/index.php\/2024\/05\/08\/forum-discutira-direitos-da-pessoa-com-deficiencia\/"},"author":{"name":"Portal Incluir","@id":"https:\/\/portalincluir.com.br\/#\/schema\/person\/8823664e5902eee555607fb75c4c35ae"},"headline":"Portal Incluir estar\u00e1 presente no F\u00f3rum que discutir\u00e1 direitos da pessoa com defici\u00eancia","datePublished":"2024-05-09T01:58:38+00:00","dateModified":"2024-05-09T02:11:55+00:00","mainEntityOfPage":{"@id":"https:\/\/portalincluir.com.br\/index.php\/2024\/05\/08\/forum-discutira-direitos-da-pessoa-com-deficiencia\/"},"wordCount":230,"image":{"@id":"https:\/\/portalincluir.com.br\/index.php\/2024\/05\/08\/forum-discutira-direitos-da-pessoa-com-deficiencia\/#primaryimage"},"thumbnailUrl":"https:\/\/portalincluir.com.br\/wp-content\/uploads\/2024\/05\/2024-05-08-e1715220055671.png","articleSection":["Not\u00edcias"],"inLanguage":"pt-BR"},{"@type":"WebPage","@id":"https:\/\/portalincluir.com.br\/index.php\/2024\/05\/08\/forum-discutira-direitos-da-pessoa-com-deficiencia\/","url":"https:\/\/portalincluir.com.br\/index.php\/2024\/05\/08\/forum-discutira-direitos-da-pessoa-com-deficiencia\/","name":"Portal Incluir estar\u00e1 presente no F\u00f3rum que discutir\u00e1 direitos da pessoa com defici\u00eancia - PORTAL INCLUIR","isPartOf":{"@id":"https:\/\/portalincluir.com.br\/#website"},"primaryImageOfPage":{"@id":"https:\/\/portalincluir.com.br\/index.php\/2024\/05\/08\/forum-discutira-direitos-da-pessoa-com-deficiencia\/#primaryimage"},"image":{"@id":"https:\/\/portalincluir.com.br\/index.php\/2024\/05\/08\/forum-discutira-direitos-da-pessoa-com-deficiencia\/#primaryimage"},"thumbnailUrl":"https:\/\/portalincluir.com.br\/wp-content\/uploads\/2024\/05\/2024-05-08-e1715220055671.png","datePublished":"2024-05-09T01:58:38+00:00","dateModified":"2024-05-09T02:11:55+00:00","author":{"@id":"https:\/\/portalincluir.com.br\/#\/schema\/person\/8823664e5902eee555607fb75c4c35ae"},"breadcrumb":{"@id":"https:\/\/portalincluir.com.br\/index.php\/2024\/05\/08\/forum-discutira-direitos-da-pessoa-com-deficiencia\/#breadcrumb"},"inLanguage":"pt-BR","potentialAction":[{"@type":"ReadAction","target":["https:\/\/portalincluir.com.br\/index.php\/2024\/05\/08\/forum-discutira-direitos-da-pessoa-com-deficiencia\/"]}]},{"@type":"ImageObject","inLanguage":"pt-BR","@id":"https:\/\/portalincluir.com.br\/index.php\/2024\/05\/08\/forum-discutira-direitos-da-pessoa-com-deficiencia\/#primaryimage","url":"https:\/\/portalincluir.com.br\/wp-content\/uploads\/2024\/05\/2024-05-08-e1715220055671.png","contentUrl":"https:\/\/portalincluir.com.br\/wp-content\/uploads\/2024\/05\/2024-05-08-e1715220055671.png","width":537,"height":356},{"@type":"BreadcrumbList","@id":"https:\/\/portalincluir.com.br\/index.php\/2024\/05\/08\/forum-discutira-direitos-da-pessoa-com-deficiencia\/#breadcrumb","itemListElement":[{"@type":"ListItem","position":1,"name":"In\u00edcio","item":"https:\/\/portalincluir.com.br\/"},{"@type":"ListItem","position":2,"name":"Portal Incluir estar\u00e1 presente no F\u00f3rum que discutir\u00e1 direitos da pessoa com defici\u00eancia"}]},{"@type":"WebSite","@id":"https:\/\/portalincluir.com.br\/#website","url":"https:\/\/portalincluir.com.br\/","name":"PORTAL INCLUIR","description":"","potentialAction":[{"@type":"SearchAction","target":{"@type":"EntryPoint","urlTemplate":"https:\/\/portalincluir.com.br\/?s={search_term_string}"},"query-input":{"@type":"PropertyValueSpecification","valueRequired":true,"valueName":"search_term_string"}}],"inLanguage":"pt-BR"},{"@type":"Person","@id":"https:\/\/portalincluir.com.br\/#\/schema\/person\/8823664e5902eee555607fb75c4c35ae","name":"Portal Incluir","image":{"@type":"ImageObject","inLanguage":"pt-BR","@id":"https:\/\/secure.gravatar.com\/avatar\/12085fe17e70c3550551519fe1f8f51fae69b1748563a47fc3bea53d91fbcbbd?s=96&d=mm&r=g","url":"https:\/\/secure.gravatar.com\/avatar\/12085fe17e70c3550551519fe1f8f51fae69b1748563a47fc3bea53d91fbcbbd?s=96&d=mm&r=g","contentUrl":"https:\/\/secure.gravatar.com\/avatar\/12085fe17e70c3550551519fe1f8f51fae69b1748563a47fc3bea53d91fbcbbd?s=96&d=mm&r=g","caption":"Portal Incluir"},"sameAs":["http:\/\/portalincluir.com.br"],"url":"https:\/\/portalincluir.com.br\/index.php\/author\/portalincluir-com-br\/"}]}},"_links":{"self":[{"href":"https:\/\/portalincluir.com.br\/index.php\/wp-json\/wp\/v2\/posts\/315","targetHints":{"allow":["GET"]}}],"collection":[{"href":"https:\/\/portalincluir.com.br\/index.php\/wp-json\/wp\/v2\/posts"}],"about":[{"href":"https:\/\/portalincluir.com.br\/index.php\/wp-json\/wp\/v2\/types\/post"}],"author":[{"embeddable":true,"href":"https:\/\/portalincluir.com.br\/index.php\/wp-json\/wp\/v2\/users\/1"}],"replies":[{"embeddable":true,"href":"https:\/\/portalincluir.com.br\/index.php\/wp-json\/wp\/v2\/comments?post=315"}],"version-history":[{"count":6,"href":"https:\/\/portalincluir.com.br\/index.php\/wp-json\/wp\/v2\/posts\/315\/revisions"}],"predecessor-version":[{"id":326,"href":"https:\/\/portalincluir.com.br\/index.php\/wp-json\/wp\/v2\/posts\/315\/revisions\/326"}],"wp:featuredmedia":[{"embeddable":true,"href":"https:\/\/portalincluir.com.br\/index.php\/wp-json\/wp\/v2\/media\/316"}],"wp:attachment":[{"href":"https:\/\/portalincluir.com.br\/index.php\/wp-json\/wp\/v2\/media?parent=315"}],"wp:term":[{"taxonomy":"category","embeddable":true,"href":"https:\/\/portalincluir.com.br\/index.php\/wp-json\/wp\/v2\/categories?post=315"},{"taxonomy":"post_tag","embeddable":true,"href":"https:\/\/portalincluir.com.br\/index.php\/wp-json\/wp\/v2\/tags?post=315"}],"curies":[{"name":"wp","href":"https:\/\/api.w.org\/{rel}","templated":true}]}}