{"id":332,"date":"2024-05-14T21:11:17","date_gmt":"2024-05-15T00:11:17","guid":{"rendered":"https:\/\/portalincluir.com.br\/?p=332"},"modified":"2024-05-14T21:11:17","modified_gmt":"2024-05-15T00:11:17","slug":"deficiencia-visual-a-cegueira-e-a-baixa-visao","status":"publish","type":"post","link":"https:\/\/portalincluir.com.br\/index.php\/2024\/05\/14\/deficiencia-visual-a-cegueira-e-a-baixa-visao\/","title":{"rendered":"Defici\u00eancia visual: a cegueira e a baixa vis\u00e3o"},"content":{"rendered":"\n<p>\u00c9 considerado cego ou de vis\u00e3o subnormal aquele que apresenta desde aus\u00eancia total de vis\u00e3o at\u00e9 alguma percep\u00e7\u00e3o luminosa que possa determinar formas a curt\u00edssima dist\u00e2ncia. Na medicina duas escalas oftalmol\u00f3gicas ajudam a estabelecer a exist\u00eancia de grupamentos de deficiencias visuais: a acuidade visual (ou seja, aquilo que se enxerga a determinada dist\u00e2ncia) e o campo visual (a amplitude da \u00e1rea alcan\u00e7ada pela vis\u00e3o). O termo defici\u00eancia visual n\u00e3o significa, necessariamente, total incapacidade para ver. Na verdade, sob defici\u00eancia visual poderemos encontrar pessoas com v\u00e1rios graus de vis\u00e3o residual.<\/p>\n\n\n\n<p>A cegueira engloba preju\u00edzos da aptid\u00e3o para o exerc\u00edcio de tarefas rotineiras exercidas de forma convencional, atrav\u00e9s do olhar, s\u00f3 permitindo sua realiza\u00e7\u00e3o de formas alternativas. A cegueira total ou simplesmente AMAUROSE, pressup\u00f5e completa perda de vis\u00e3o. A vis\u00e3o \u00e9 nula, isto \u00e9, nem a percep\u00e7\u00e3o luminosa est\u00e1 presente. No jarg\u00e3o oftalmol\u00f3gico, usa-se a express\u00e3o &#8216;vis\u00e3o zero&#8217;.<\/p>\n\n\n\n<p>Falamos em &#8216;cegueira parcial&#8217; como aquela em que est\u00e3o os indiv\u00edduos apenas capazes de CONTAR DEDOS a curta dist\u00e2ncia e os que s\u00f3 PERCEBEM VULTOS. o indiv\u00edduo \u00e9 capaz de identificar tamb\u00e9m a dire\u00e7\u00e3o de onde prov\u00e9m a luz. Mais pr\u00f3ximos da cegueira total, mas ainda considerados com cegueira parcial ou vis\u00e3o subnormal, est\u00e3o os indiv\u00edduos que s\u00f3 t\u00eam PERCEP\u00c7\u00c3O e PROJE\u00c7\u00c3O LUMINOSAS. Nesse caso, h\u00e1 apenas a distin\u00e7\u00e3o entre claro e escuro.<\/p>\n\n\n\n<p>Pedagogicamente, entretanto, delimita-se como cego aquele que, mesmo possuindo vis\u00e3o sub-normal, necessita de instru\u00e7\u00e3o em Braille (sistema de escrita por pontos em relevo) ou por softwares de leitura de textos e como possuidor de vis\u00e3o sub-normal aquele que l\u00ea tipos impressos ampliados ou com o aux\u00edlio de potentes recursos \u00f3pticos. Essa defini\u00e7\u00e3o fica mais pr\u00f3xima da CIF &#8211; Classifica\u00e7\u00e3o Internacional de Funcionalidade, Incapacidade e Sa\u00fade.<\/p>\n\n\n\n<p>A CIF toma em considera\u00e7\u00e3o os aspectos sociais da defici\u00eancia e prop\u00f5e um mecanismo para estabelecer o impacto do ambiente social e f\u00edsico sobre a funcionalidade da pessoa. Por exemplo, quando uma pessoa com uma defici\u00eancia visual tem dificuldade em trabalhar num determinado edif\u00edcio ou servi\u00e7o porque n\u00e3o existem pisos t\u00e1teis, elevadores que sonorizem os andares a cada parada, onde n\u00e3o exista acessibilidades como leitores de tela para a utiliza\u00e7\u00e3o de computadores, a CIF identifica as prioridades de interven\u00e7\u00e3o, o que sup\u00f5e, neste caso, que esse edif\u00edcio possua essas acessibilidades, em vez dessa pessoa se sentir obrigada a desistir do seu emprego. Assim, a defici\u00eancia desloca-se da pessoa com defici\u00eancia para o ambiente em que vive, pressupondo-se que, estando o ambiente devidamente adaptado, a funcionalidade da pessoa com defici\u00eancia pode ser igual ou muito pr\u00f3xima a de qualquer outra pessoa.<\/p>\n\n\n\n<p>Na medicina, uma pessoa \u00e9 considerada cega se corresponde a um dos crit\u00e9rios seguintes: a vis\u00e3o corrigida do melhor dos seus olhos \u00e9 de 20\/200 ou menos, isto \u00e9, se ela pode ver a 20 p\u00e9s (6 metros) o que uma pessoa de vis\u00e3o normal pode ver a 200 p\u00e9s (60 metros), ou se o di\u00e2metro mais largo do seu campo visual subentende um arco n\u00e3o maior de 20 graus, ainda que sua acuidade visual nesse estreito campo possa ser superior a 20\/200. Esse campo visual restrito \u00e9 muitas vezes chamado &#8220;vis\u00e3o em t\u00fanel&#8221; ou &#8220;em ponta de alfinete&#8221;. Nesse contexto, caracteriza-se como indiv\u00edduo com vis\u00e3o sub-normal aquele que possui acuidade visual de 6\/60 e 18\/60 (escala m\u00e9trica) e\/ou um campo visual entre 20 e 50\u00ba.<\/p>\n\n\n\n<p>Fonte: site\u00a0<a href=\"http:\/\/www.bengalalegal.com\/cegueira-e-baixa-visao\" target=\"_blank\" rel=\"noreferrer noopener\">Bengala Legal<\/a>\u00a0<\/p>\n","protected":false},"excerpt":{"rendered":"<p>\u00c9 considerado cego ou de vis\u00e3o subnormal aquele que apresenta desde aus\u00eancia total de vis\u00e3o<\/p>\n","protected":false},"author":1,"featured_media":333,"comment_status":"closed","ping_status":"open","sticky":false,"template":"","format":"standard","meta":{"om_disable_all_campaigns":false,"_monsterinsights_skip_tracking":false,"_monsterinsights_sitenote_active":false,"_monsterinsights_sitenote_note":"","_monsterinsights_sitenote_category":0,"_uf_show_specific_survey":0,"_uf_disable_surveys":false,"footnotes":""},"categories":[15],"tags":[],"class_list":["post-332","post","type-post","status-publish","format-standard","has-post-thumbnail","hentry","category-deficiencia-visual"],"yoast_head":"<!-- This site is optimized with the Yoast SEO plugin v27.4 - https:\/\/yoast.com\/product\/yoast-seo-wordpress\/ -->\n<title>Defici\u00eancia visual: a cegueira e a baixa vis\u00e3o - PORTAL INCLUIR<\/title>\n<meta name=\"robots\" content=\"index, follow, max-snippet:-1, max-image-preview:large, max-video-preview:-1\" \/>\n<link rel=\"canonical\" href=\"https:\/\/portalincluir.com.br\/index.php\/2024\/05\/14\/deficiencia-visual-a-cegueira-e-a-baixa-visao\/\" \/>\n<meta property=\"og:locale\" content=\"pt_BR\" \/>\n<meta property=\"og:type\" content=\"article\" \/>\n<meta property=\"og:title\" content=\"Defici\u00eancia visual: a cegueira e a baixa vis\u00e3o - PORTAL INCLUIR\" \/>\n<meta property=\"og:description\" content=\"\u00c9 considerado cego ou de vis\u00e3o subnormal aquele que apresenta desde aus\u00eancia total de vis\u00e3o\" \/>\n<meta property=\"og:url\" content=\"https:\/\/portalincluir.com.br\/index.php\/2024\/05\/14\/deficiencia-visual-a-cegueira-e-a-baixa-visao\/\" \/>\n<meta property=\"og:site_name\" content=\"PORTAL INCLUIR\" \/>\n<meta property=\"article:published_time\" content=\"2024-05-15T00:11:17+00:00\" \/>\n<meta property=\"og:image\" content=\"https:\/\/portalincluir.com.br\/wp-content\/uploads\/2024\/05\/Deficiencia_Visual.png\" \/>\n\t<meta property=\"og:image:width\" content=\"633\" \/>\n\t<meta property=\"og:image:height\" content=\"359\" \/>\n\t<meta property=\"og:image:type\" content=\"image\/png\" \/>\n<meta name=\"author\" content=\"Portal Incluir\" \/>\n<meta name=\"twitter:card\" content=\"summary_large_image\" \/>\n<meta name=\"twitter:label1\" content=\"Escrito por\" \/>\n\t<meta name=\"twitter:data1\" content=\"Portal Incluir\" \/>\n\t<meta name=\"twitter:label2\" content=\"Est. tempo de leitura\" \/>\n\t<meta name=\"twitter:data2\" content=\"3 minutos\" \/>\n<script type=\"application\/ld+json\" class=\"yoast-schema-graph\">{\"@context\":\"https:\\\/\\\/schema.org\",\"@graph\":[{\"@type\":[\"Article\",\"BlogPosting\"],\"@id\":\"https:\\\/\\\/portalincluir.com.br\\\/index.php\\\/2024\\\/05\\\/14\\\/deficiencia-visual-a-cegueira-e-a-baixa-visao\\\/#article\",\"isPartOf\":{\"@id\":\"https:\\\/\\\/portalincluir.com.br\\\/index.php\\\/2024\\\/05\\\/14\\\/deficiencia-visual-a-cegueira-e-a-baixa-visao\\\/\"},\"author\":{\"name\":\"Portal Incluir\",\"@id\":\"https:\\\/\\\/portalincluir.com.br\\\/#\\\/schema\\\/person\\\/8823664e5902eee555607fb75c4c35ae\"},\"headline\":\"Defici\u00eancia visual: a cegueira e a baixa vis\u00e3o\",\"datePublished\":\"2024-05-15T00:11:17+00:00\",\"mainEntityOfPage\":{\"@id\":\"https:\\\/\\\/portalincluir.com.br\\\/index.php\\\/2024\\\/05\\\/14\\\/deficiencia-visual-a-cegueira-e-a-baixa-visao\\\/\"},\"wordCount\":628,\"image\":{\"@id\":\"https:\\\/\\\/portalincluir.com.br\\\/index.php\\\/2024\\\/05\\\/14\\\/deficiencia-visual-a-cegueira-e-a-baixa-visao\\\/#primaryimage\"},\"thumbnailUrl\":\"https:\\\/\\\/portalincluir.com.br\\\/wp-content\\\/uploads\\\/2024\\\/05\\\/Deficiencia_Visual.png\",\"articleSection\":[\"Defici\u00eancia Visual\"],\"inLanguage\":\"pt-BR\"},{\"@type\":\"WebPage\",\"@id\":\"https:\\\/\\\/portalincluir.com.br\\\/index.php\\\/2024\\\/05\\\/14\\\/deficiencia-visual-a-cegueira-e-a-baixa-visao\\\/\",\"url\":\"https:\\\/\\\/portalincluir.com.br\\\/index.php\\\/2024\\\/05\\\/14\\\/deficiencia-visual-a-cegueira-e-a-baixa-visao\\\/\",\"name\":\"Defici\u00eancia visual: a cegueira e a baixa vis\u00e3o - PORTAL INCLUIR\",\"isPartOf\":{\"@id\":\"https:\\\/\\\/portalincluir.com.br\\\/#website\"},\"primaryImageOfPage\":{\"@id\":\"https:\\\/\\\/portalincluir.com.br\\\/index.php\\\/2024\\\/05\\\/14\\\/deficiencia-visual-a-cegueira-e-a-baixa-visao\\\/#primaryimage\"},\"image\":{\"@id\":\"https:\\\/\\\/portalincluir.com.br\\\/index.php\\\/2024\\\/05\\\/14\\\/deficiencia-visual-a-cegueira-e-a-baixa-visao\\\/#primaryimage\"},\"thumbnailUrl\":\"https:\\\/\\\/portalincluir.com.br\\\/wp-content\\\/uploads\\\/2024\\\/05\\\/Deficiencia_Visual.png\",\"datePublished\":\"2024-05-15T00:11:17+00:00\",\"author\":{\"@id\":\"https:\\\/\\\/portalincluir.com.br\\\/#\\\/schema\\\/person\\\/8823664e5902eee555607fb75c4c35ae\"},\"breadcrumb\":{\"@id\":\"https:\\\/\\\/portalincluir.com.br\\\/index.php\\\/2024\\\/05\\\/14\\\/deficiencia-visual-a-cegueira-e-a-baixa-visao\\\/#breadcrumb\"},\"inLanguage\":\"pt-BR\",\"potentialAction\":[{\"@type\":\"ReadAction\",\"target\":[\"https:\\\/\\\/portalincluir.com.br\\\/index.php\\\/2024\\\/05\\\/14\\\/deficiencia-visual-a-cegueira-e-a-baixa-visao\\\/\"]}]},{\"@type\":\"ImageObject\",\"inLanguage\":\"pt-BR\",\"@id\":\"https:\\\/\\\/portalincluir.com.br\\\/index.php\\\/2024\\\/05\\\/14\\\/deficiencia-visual-a-cegueira-e-a-baixa-visao\\\/#primaryimage\",\"url\":\"https:\\\/\\\/portalincluir.com.br\\\/wp-content\\\/uploads\\\/2024\\\/05\\\/Deficiencia_Visual.png\",\"contentUrl\":\"https:\\\/\\\/portalincluir.com.br\\\/wp-content\\\/uploads\\\/2024\\\/05\\\/Deficiencia_Visual.png\",\"width\":633,\"height\":359},{\"@type\":\"BreadcrumbList\",\"@id\":\"https:\\\/\\\/portalincluir.com.br\\\/index.php\\\/2024\\\/05\\\/14\\\/deficiencia-visual-a-cegueira-e-a-baixa-visao\\\/#breadcrumb\",\"itemListElement\":[{\"@type\":\"ListItem\",\"position\":1,\"name\":\"In\u00edcio\",\"item\":\"https:\\\/\\\/portalincluir.com.br\\\/\"},{\"@type\":\"ListItem\",\"position\":2,\"name\":\"Defici\u00eancia visual: a cegueira e a baixa vis\u00e3o\"}]},{\"@type\":\"WebSite\",\"@id\":\"https:\\\/\\\/portalincluir.com.br\\\/#website\",\"url\":\"https:\\\/\\\/portalincluir.com.br\\\/\",\"name\":\"PORTAL INCLUIR\",\"description\":\"\",\"potentialAction\":[{\"@type\":\"SearchAction\",\"target\":{\"@type\":\"EntryPoint\",\"urlTemplate\":\"https:\\\/\\\/portalincluir.com.br\\\/?s={search_term_string}\"},\"query-input\":{\"@type\":\"PropertyValueSpecification\",\"valueRequired\":true,\"valueName\":\"search_term_string\"}}],\"inLanguage\":\"pt-BR\"},{\"@type\":\"Person\",\"@id\":\"https:\\\/\\\/portalincluir.com.br\\\/#\\\/schema\\\/person\\\/8823664e5902eee555607fb75c4c35ae\",\"name\":\"Portal Incluir\",\"image\":{\"@type\":\"ImageObject\",\"inLanguage\":\"pt-BR\",\"@id\":\"https:\\\/\\\/secure.gravatar.com\\\/avatar\\\/12085fe17e70c3550551519fe1f8f51fae69b1748563a47fc3bea53d91fbcbbd?s=96&d=mm&r=g\",\"url\":\"https:\\\/\\\/secure.gravatar.com\\\/avatar\\\/12085fe17e70c3550551519fe1f8f51fae69b1748563a47fc3bea53d91fbcbbd?s=96&d=mm&r=g\",\"contentUrl\":\"https:\\\/\\\/secure.gravatar.com\\\/avatar\\\/12085fe17e70c3550551519fe1f8f51fae69b1748563a47fc3bea53d91fbcbbd?s=96&d=mm&r=g\",\"caption\":\"Portal Incluir\"},\"sameAs\":[\"http:\\\/\\\/portalincluir.com.br\"],\"url\":\"https:\\\/\\\/portalincluir.com.br\\\/index.php\\\/author\\\/portalincluir-com-br\\\/\"}]}<\/script>\n<!-- \/ Yoast SEO plugin. -->","yoast_head_json":{"title":"Defici\u00eancia visual: a cegueira e a baixa vis\u00e3o - PORTAL INCLUIR","robots":{"index":"index","follow":"follow","max-snippet":"max-snippet:-1","max-image-preview":"max-image-preview:large","max-video-preview":"max-video-preview:-1"},"canonical":"https:\/\/portalincluir.com.br\/index.php\/2024\/05\/14\/deficiencia-visual-a-cegueira-e-a-baixa-visao\/","og_locale":"pt_BR","og_type":"article","og_title":"Defici\u00eancia visual: a cegueira e a baixa vis\u00e3o - PORTAL INCLUIR","og_description":"\u00c9 considerado cego ou de vis\u00e3o subnormal aquele que apresenta desde aus\u00eancia total de vis\u00e3o","og_url":"https:\/\/portalincluir.com.br\/index.php\/2024\/05\/14\/deficiencia-visual-a-cegueira-e-a-baixa-visao\/","og_site_name":"PORTAL INCLUIR","article_published_time":"2024-05-15T00:11:17+00:00","og_image":[{"width":633,"height":359,"url":"https:\/\/portalincluir.com.br\/wp-content\/uploads\/2024\/05\/Deficiencia_Visual.png","type":"image\/png"}],"author":"Portal Incluir","twitter_card":"summary_large_image","twitter_misc":{"Escrito por":"Portal Incluir","Est. tempo de leitura":"3 minutos"},"schema":{"@context":"https:\/\/schema.org","@graph":[{"@type":["Article","BlogPosting"],"@id":"https:\/\/portalincluir.com.br\/index.php\/2024\/05\/14\/deficiencia-visual-a-cegueira-e-a-baixa-visao\/#article","isPartOf":{"@id":"https:\/\/portalincluir.com.br\/index.php\/2024\/05\/14\/deficiencia-visual-a-cegueira-e-a-baixa-visao\/"},"author":{"name":"Portal Incluir","@id":"https:\/\/portalincluir.com.br\/#\/schema\/person\/8823664e5902eee555607fb75c4c35ae"},"headline":"Defici\u00eancia visual: a cegueira e a baixa vis\u00e3o","datePublished":"2024-05-15T00:11:17+00:00","mainEntityOfPage":{"@id":"https:\/\/portalincluir.com.br\/index.php\/2024\/05\/14\/deficiencia-visual-a-cegueira-e-a-baixa-visao\/"},"wordCount":628,"image":{"@id":"https:\/\/portalincluir.com.br\/index.php\/2024\/05\/14\/deficiencia-visual-a-cegueira-e-a-baixa-visao\/#primaryimage"},"thumbnailUrl":"https:\/\/portalincluir.com.br\/wp-content\/uploads\/2024\/05\/Deficiencia_Visual.png","articleSection":["Defici\u00eancia Visual"],"inLanguage":"pt-BR"},{"@type":"WebPage","@id":"https:\/\/portalincluir.com.br\/index.php\/2024\/05\/14\/deficiencia-visual-a-cegueira-e-a-baixa-visao\/","url":"https:\/\/portalincluir.com.br\/index.php\/2024\/05\/14\/deficiencia-visual-a-cegueira-e-a-baixa-visao\/","name":"Defici\u00eancia visual: a cegueira e a baixa vis\u00e3o - PORTAL INCLUIR","isPartOf":{"@id":"https:\/\/portalincluir.com.br\/#website"},"primaryImageOfPage":{"@id":"https:\/\/portalincluir.com.br\/index.php\/2024\/05\/14\/deficiencia-visual-a-cegueira-e-a-baixa-visao\/#primaryimage"},"image":{"@id":"https:\/\/portalincluir.com.br\/index.php\/2024\/05\/14\/deficiencia-visual-a-cegueira-e-a-baixa-visao\/#primaryimage"},"thumbnailUrl":"https:\/\/portalincluir.com.br\/wp-content\/uploads\/2024\/05\/Deficiencia_Visual.png","datePublished":"2024-05-15T00:11:17+00:00","author":{"@id":"https:\/\/portalincluir.com.br\/#\/schema\/person\/8823664e5902eee555607fb75c4c35ae"},"breadcrumb":{"@id":"https:\/\/portalincluir.com.br\/index.php\/2024\/05\/14\/deficiencia-visual-a-cegueira-e-a-baixa-visao\/#breadcrumb"},"inLanguage":"pt-BR","potentialAction":[{"@type":"ReadAction","target":["https:\/\/portalincluir.com.br\/index.php\/2024\/05\/14\/deficiencia-visual-a-cegueira-e-a-baixa-visao\/"]}]},{"@type":"ImageObject","inLanguage":"pt-BR","@id":"https:\/\/portalincluir.com.br\/index.php\/2024\/05\/14\/deficiencia-visual-a-cegueira-e-a-baixa-visao\/#primaryimage","url":"https:\/\/portalincluir.com.br\/wp-content\/uploads\/2024\/05\/Deficiencia_Visual.png","contentUrl":"https:\/\/portalincluir.com.br\/wp-content\/uploads\/2024\/05\/Deficiencia_Visual.png","width":633,"height":359},{"@type":"BreadcrumbList","@id":"https:\/\/portalincluir.com.br\/index.php\/2024\/05\/14\/deficiencia-visual-a-cegueira-e-a-baixa-visao\/#breadcrumb","itemListElement":[{"@type":"ListItem","position":1,"name":"In\u00edcio","item":"https:\/\/portalincluir.com.br\/"},{"@type":"ListItem","position":2,"name":"Defici\u00eancia visual: a cegueira e a baixa vis\u00e3o"}]},{"@type":"WebSite","@id":"https:\/\/portalincluir.com.br\/#website","url":"https:\/\/portalincluir.com.br\/","name":"PORTAL INCLUIR","description":"","potentialAction":[{"@type":"SearchAction","target":{"@type":"EntryPoint","urlTemplate":"https:\/\/portalincluir.com.br\/?s={search_term_string}"},"query-input":{"@type":"PropertyValueSpecification","valueRequired":true,"valueName":"search_term_string"}}],"inLanguage":"pt-BR"},{"@type":"Person","@id":"https:\/\/portalincluir.com.br\/#\/schema\/person\/8823664e5902eee555607fb75c4c35ae","name":"Portal Incluir","image":{"@type":"ImageObject","inLanguage":"pt-BR","@id":"https:\/\/secure.gravatar.com\/avatar\/12085fe17e70c3550551519fe1f8f51fae69b1748563a47fc3bea53d91fbcbbd?s=96&d=mm&r=g","url":"https:\/\/secure.gravatar.com\/avatar\/12085fe17e70c3550551519fe1f8f51fae69b1748563a47fc3bea53d91fbcbbd?s=96&d=mm&r=g","contentUrl":"https:\/\/secure.gravatar.com\/avatar\/12085fe17e70c3550551519fe1f8f51fae69b1748563a47fc3bea53d91fbcbbd?s=96&d=mm&r=g","caption":"Portal Incluir"},"sameAs":["http:\/\/portalincluir.com.br"],"url":"https:\/\/portalincluir.com.br\/index.php\/author\/portalincluir-com-br\/"}]}},"_links":{"self":[{"href":"https:\/\/portalincluir.com.br\/index.php\/wp-json\/wp\/v2\/posts\/332","targetHints":{"allow":["GET"]}}],"collection":[{"href":"https:\/\/portalincluir.com.br\/index.php\/wp-json\/wp\/v2\/posts"}],"about":[{"href":"https:\/\/portalincluir.com.br\/index.php\/wp-json\/wp\/v2\/types\/post"}],"author":[{"embeddable":true,"href":"https:\/\/portalincluir.com.br\/index.php\/wp-json\/wp\/v2\/users\/1"}],"replies":[{"embeddable":true,"href":"https:\/\/portalincluir.com.br\/index.php\/wp-json\/wp\/v2\/comments?post=332"}],"version-history":[{"count":1,"href":"https:\/\/portalincluir.com.br\/index.php\/wp-json\/wp\/v2\/posts\/332\/revisions"}],"predecessor-version":[{"id":334,"href":"https:\/\/portalincluir.com.br\/index.php\/wp-json\/wp\/v2\/posts\/332\/revisions\/334"}],"wp:featuredmedia":[{"embeddable":true,"href":"https:\/\/portalincluir.com.br\/index.php\/wp-json\/wp\/v2\/media\/333"}],"wp:attachment":[{"href":"https:\/\/portalincluir.com.br\/index.php\/wp-json\/wp\/v2\/media?parent=332"}],"wp:term":[{"taxonomy":"category","embeddable":true,"href":"https:\/\/portalincluir.com.br\/index.php\/wp-json\/wp\/v2\/categories?post=332"},{"taxonomy":"post_tag","embeddable":true,"href":"https:\/\/portalincluir.com.br\/index.php\/wp-json\/wp\/v2\/tags?post=332"}],"curies":[{"name":"wp","href":"https:\/\/api.w.org\/{rel}","templated":true}]}}