{"id":342,"date":"2024-05-15T18:56:00","date_gmt":"2024-05-15T21:56:00","guid":{"rendered":"https:\/\/portalincluir.com.br\/?p=342"},"modified":"2024-05-21T19:00:03","modified_gmt":"2024-05-21T22:00:03","slug":"uesb-abre-vagas-no-processo-seletivo-de-acesso-e-inclusao-para-2024-2","status":"publish","type":"post","link":"https:\/\/portalincluir.com.br\/index.php\/2024\/05\/15\/uesb-abre-vagas-no-processo-seletivo-de-acesso-e-inclusao-para-2024-2\/","title":{"rendered":"Uesb abre vagas no Processo Seletivo de Acesso e Inclus\u00e3o para 2024.2"},"content":{"rendered":"\n<p>Entre os dias 21 de maio e 3 de junho, estar\u00e3o abertas as inscri\u00e7\u00f5es para o Processo Seletivo de Acesso e Inclus\u00e3o, com vagas voltadas para o segundo per\u00edodo letivo de 2024. A sele\u00e7\u00e3o \u00e9 destinada a quilombolas, ind\u00edgenas, pessoas com defici\u00eancia e pessoas trans, com oferta de vagas em 24 cursos de gradua\u00e7\u00e3o da Uesb, distribu\u00eddos pelos campi de Itapetinga, Jequi\u00e9 e Vit\u00f3ria da Conquista. Ao todo, ser\u00e3o disponibilizadas 96 vagas, sendo uma vaga por curso para cada segmento social.<\/p>\n\n\n\n<p>Para participar, \u00e9 necess\u00e1rio que ter conclu\u00eddo o Ensino M\u00e9dio ou curso equivalente, n\u00e3o ser portador de diploma de curso de gradua\u00e7\u00e3o e atender aos requisitos para ingresso nos cursos regulares de gradua\u00e7\u00e3o da Uesb por meio de cotas adicionais, conforme instru\u00e7\u00f5es no\u00a0<a href=\"http:\/\/www.uesb.br\/editais\/edital-127-processo-seletivo-de-acesso-e-inclusao-2024-2\/\" target=\"_blank\" rel=\"noreferrer noopener\">Edital 127\/2024<\/a>, que rege a sele\u00e7\u00e3o.<\/p>\n\n\n\n<p>As inscri\u00e7\u00f5es s\u00e3o gratuitas e podem ser realizadas \u00fanica e exclusivamente na p\u00e1gina da Uesb, durante o per\u00edodo estipulado,<strong>&nbsp;<a href=\"https:\/\/processoseletivo.uesb.br\/processo-especial\/\">clicando aqui.<\/a><\/strong>&nbsp;No Anexo \u00fanico, \u00e9 poss\u00edvel ter acesso ao quadro de vagas, bem como aos c\u00f3digos do curso.<\/p>\n\n\n\n<p>Outras informa\u00e7\u00f5es podem ser solicitadas pelo e-mail\u00a0<a href=\"mailto:pse@uesb.edu.br\">pse@uesb.edu.br<\/a>.<\/p>\n\n\n\n<p>Fonte:<a href=\"https:\/\/www.uesb.br\/noticias\/uesb-desenvolve-projetos-com-olhar-para-a-inclusao-social\/\"> Uesb.br<\/a><\/p>\n","protected":false},"excerpt":{"rendered":"<p>Entre os dias 21 de maio e 3 de junho, estar\u00e3o abertas as inscri\u00e7\u00f5es para<\/p>\n","protected":false},"author":1,"featured_media":344,"comment_status":"closed","ping_status":"open","sticky":false,"template":"","format":"standard","meta":{"om_disable_all_campaigns":false,"_monsterinsights_skip_tracking":false,"_monsterinsights_sitenote_active":false,"_monsterinsights_sitenote_note":"","_monsterinsights_sitenote_category":0,"_uf_show_specific_survey":0,"_uf_disable_surveys":false,"footnotes":""},"categories":[9],"tags":[],"class_list":["post-342","post","type-post","status-publish","format-standard","has-post-thumbnail","hentry","category-noticias"],"yoast_head":"<!-- This site is optimized with the Yoast SEO plugin v27.4 - https:\/\/yoast.com\/product\/yoast-seo-wordpress\/ -->\n<title>Uesb abre vagas no Processo Seletivo de Acesso e Inclus\u00e3o para 2024.2 - PORTAL INCLUIR<\/title>\n<meta name=\"robots\" content=\"index, follow, max-snippet:-1, max-image-preview:large, max-video-preview:-1\" \/>\n<link rel=\"canonical\" href=\"https:\/\/portalincluir.com.br\/index.php\/2024\/05\/15\/uesb-abre-vagas-no-processo-seletivo-de-acesso-e-inclusao-para-2024-2\/\" \/>\n<meta property=\"og:locale\" content=\"pt_BR\" \/>\n<meta property=\"og:type\" content=\"article\" \/>\n<meta property=\"og:title\" content=\"Uesb abre vagas no Processo Seletivo de Acesso e Inclus\u00e3o para 2024.2 - PORTAL INCLUIR\" \/>\n<meta property=\"og:description\" content=\"Entre os dias 21 de maio e 3 de junho, estar\u00e3o abertas as inscri\u00e7\u00f5es para\" \/>\n<meta property=\"og:url\" content=\"https:\/\/portalincluir.com.br\/index.php\/2024\/05\/15\/uesb-abre-vagas-no-processo-seletivo-de-acesso-e-inclusao-para-2024-2\/\" \/>\n<meta property=\"og:site_name\" content=\"PORTAL INCLUIR\" \/>\n<meta property=\"article:published_time\" content=\"2024-05-15T21:56:00+00:00\" \/>\n<meta property=\"article:modified_time\" content=\"2024-05-21T22:00:03+00:00\" \/>\n<meta property=\"og:image\" content=\"https:\/\/portalincluir.com.br\/wp-content\/uploads\/2024\/05\/2024-05-21-e1716328603541.png\" \/>\n\t<meta property=\"og:image:width\" content=\"616\" \/>\n\t<meta property=\"og:image:height\" content=\"409\" \/>\n\t<meta property=\"og:image:type\" content=\"image\/png\" \/>\n<meta name=\"author\" content=\"Portal Incluir\" \/>\n<meta name=\"twitter:card\" content=\"summary_large_image\" \/>\n<meta name=\"twitter:label1\" content=\"Escrito por\" \/>\n\t<meta name=\"twitter:data1\" content=\"Portal Incluir\" \/>\n\t<meta name=\"twitter:label2\" content=\"Est. tempo de leitura\" \/>\n\t<meta name=\"twitter:data2\" content=\"1 minuto\" \/>\n<script type=\"application\/ld+json\" class=\"yoast-schema-graph\">{\"@context\":\"https:\\\/\\\/schema.org\",\"@graph\":[{\"@type\":[\"Article\",\"BlogPosting\"],\"@id\":\"https:\\\/\\\/portalincluir.com.br\\\/index.php\\\/2024\\\/05\\\/15\\\/uesb-abre-vagas-no-processo-seletivo-de-acesso-e-inclusao-para-2024-2\\\/#article\",\"isPartOf\":{\"@id\":\"https:\\\/\\\/portalincluir.com.br\\\/index.php\\\/2024\\\/05\\\/15\\\/uesb-abre-vagas-no-processo-seletivo-de-acesso-e-inclusao-para-2024-2\\\/\"},\"author\":{\"name\":\"Portal Incluir\",\"@id\":\"https:\\\/\\\/portalincluir.com.br\\\/#\\\/schema\\\/person\\\/8823664e5902eee555607fb75c4c35ae\"},\"headline\":\"Uesb abre vagas no Processo Seletivo de Acesso e Inclus\u00e3o para 2024.2\",\"datePublished\":\"2024-05-15T21:56:00+00:00\",\"dateModified\":\"2024-05-21T22:00:03+00:00\",\"mainEntityOfPage\":{\"@id\":\"https:\\\/\\\/portalincluir.com.br\\\/index.php\\\/2024\\\/05\\\/15\\\/uesb-abre-vagas-no-processo-seletivo-de-acesso-e-inclusao-para-2024-2\\\/\"},\"wordCount\":213,\"image\":{\"@id\":\"https:\\\/\\\/portalincluir.com.br\\\/index.php\\\/2024\\\/05\\\/15\\\/uesb-abre-vagas-no-processo-seletivo-de-acesso-e-inclusao-para-2024-2\\\/#primaryimage\"},\"thumbnailUrl\":\"https:\\\/\\\/portalincluir.com.br\\\/wp-content\\\/uploads\\\/2024\\\/05\\\/2024-05-21-e1716328603541.png\",\"articleSection\":[\"Not\u00edcias\"],\"inLanguage\":\"pt-BR\"},{\"@type\":\"WebPage\",\"@id\":\"https:\\\/\\\/portalincluir.com.br\\\/index.php\\\/2024\\\/05\\\/15\\\/uesb-abre-vagas-no-processo-seletivo-de-acesso-e-inclusao-para-2024-2\\\/\",\"url\":\"https:\\\/\\\/portalincluir.com.br\\\/index.php\\\/2024\\\/05\\\/15\\\/uesb-abre-vagas-no-processo-seletivo-de-acesso-e-inclusao-para-2024-2\\\/\",\"name\":\"Uesb abre vagas no Processo Seletivo de Acesso e Inclus\u00e3o para 2024.2 - PORTAL INCLUIR\",\"isPartOf\":{\"@id\":\"https:\\\/\\\/portalincluir.com.br\\\/#website\"},\"primaryImageOfPage\":{\"@id\":\"https:\\\/\\\/portalincluir.com.br\\\/index.php\\\/2024\\\/05\\\/15\\\/uesb-abre-vagas-no-processo-seletivo-de-acesso-e-inclusao-para-2024-2\\\/#primaryimage\"},\"image\":{\"@id\":\"https:\\\/\\\/portalincluir.com.br\\\/index.php\\\/2024\\\/05\\\/15\\\/uesb-abre-vagas-no-processo-seletivo-de-acesso-e-inclusao-para-2024-2\\\/#primaryimage\"},\"thumbnailUrl\":\"https:\\\/\\\/portalincluir.com.br\\\/wp-content\\\/uploads\\\/2024\\\/05\\\/2024-05-21-e1716328603541.png\",\"datePublished\":\"2024-05-15T21:56:00+00:00\",\"dateModified\":\"2024-05-21T22:00:03+00:00\",\"author\":{\"@id\":\"https:\\\/\\\/portalincluir.com.br\\\/#\\\/schema\\\/person\\\/8823664e5902eee555607fb75c4c35ae\"},\"breadcrumb\":{\"@id\":\"https:\\\/\\\/portalincluir.com.br\\\/index.php\\\/2024\\\/05\\\/15\\\/uesb-abre-vagas-no-processo-seletivo-de-acesso-e-inclusao-para-2024-2\\\/#breadcrumb\"},\"inLanguage\":\"pt-BR\",\"potentialAction\":[{\"@type\":\"ReadAction\",\"target\":[\"https:\\\/\\\/portalincluir.com.br\\\/index.php\\\/2024\\\/05\\\/15\\\/uesb-abre-vagas-no-processo-seletivo-de-acesso-e-inclusao-para-2024-2\\\/\"]}]},{\"@type\":\"ImageObject\",\"inLanguage\":\"pt-BR\",\"@id\":\"https:\\\/\\\/portalincluir.com.br\\\/index.php\\\/2024\\\/05\\\/15\\\/uesb-abre-vagas-no-processo-seletivo-de-acesso-e-inclusao-para-2024-2\\\/#primaryimage\",\"url\":\"https:\\\/\\\/portalincluir.com.br\\\/wp-content\\\/uploads\\\/2024\\\/05\\\/2024-05-21-e1716328603541.png\",\"contentUrl\":\"https:\\\/\\\/portalincluir.com.br\\\/wp-content\\\/uploads\\\/2024\\\/05\\\/2024-05-21-e1716328603541.png\",\"width\":616,\"height\":409},{\"@type\":\"BreadcrumbList\",\"@id\":\"https:\\\/\\\/portalincluir.com.br\\\/index.php\\\/2024\\\/05\\\/15\\\/uesb-abre-vagas-no-processo-seletivo-de-acesso-e-inclusao-para-2024-2\\\/#breadcrumb\",\"itemListElement\":[{\"@type\":\"ListItem\",\"position\":1,\"name\":\"In\u00edcio\",\"item\":\"https:\\\/\\\/portalincluir.com.br\\\/\"},{\"@type\":\"ListItem\",\"position\":2,\"name\":\"Uesb abre vagas no Processo Seletivo de Acesso e Inclus\u00e3o para 2024.2\"}]},{\"@type\":\"WebSite\",\"@id\":\"https:\\\/\\\/portalincluir.com.br\\\/#website\",\"url\":\"https:\\\/\\\/portalincluir.com.br\\\/\",\"name\":\"PORTAL INCLUIR\",\"description\":\"\",\"potentialAction\":[{\"@type\":\"SearchAction\",\"target\":{\"@type\":\"EntryPoint\",\"urlTemplate\":\"https:\\\/\\\/portalincluir.com.br\\\/?s={search_term_string}\"},\"query-input\":{\"@type\":\"PropertyValueSpecification\",\"valueRequired\":true,\"valueName\":\"search_term_string\"}}],\"inLanguage\":\"pt-BR\"},{\"@type\":\"Person\",\"@id\":\"https:\\\/\\\/portalincluir.com.br\\\/#\\\/schema\\\/person\\\/8823664e5902eee555607fb75c4c35ae\",\"name\":\"Portal Incluir\",\"image\":{\"@type\":\"ImageObject\",\"inLanguage\":\"pt-BR\",\"@id\":\"https:\\\/\\\/secure.gravatar.com\\\/avatar\\\/12085fe17e70c3550551519fe1f8f51fae69b1748563a47fc3bea53d91fbcbbd?s=96&d=mm&r=g\",\"url\":\"https:\\\/\\\/secure.gravatar.com\\\/avatar\\\/12085fe17e70c3550551519fe1f8f51fae69b1748563a47fc3bea53d91fbcbbd?s=96&d=mm&r=g\",\"contentUrl\":\"https:\\\/\\\/secure.gravatar.com\\\/avatar\\\/12085fe17e70c3550551519fe1f8f51fae69b1748563a47fc3bea53d91fbcbbd?s=96&d=mm&r=g\",\"caption\":\"Portal Incluir\"},\"sameAs\":[\"http:\\\/\\\/portalincluir.com.br\"],\"url\":\"https:\\\/\\\/portalincluir.com.br\\\/index.php\\\/author\\\/portalincluir-com-br\\\/\"}]}<\/script>\n<!-- \/ Yoast SEO plugin. -->","yoast_head_json":{"title":"Uesb abre vagas no Processo Seletivo de Acesso e Inclus\u00e3o para 2024.2 - PORTAL INCLUIR","robots":{"index":"index","follow":"follow","max-snippet":"max-snippet:-1","max-image-preview":"max-image-preview:large","max-video-preview":"max-video-preview:-1"},"canonical":"https:\/\/portalincluir.com.br\/index.php\/2024\/05\/15\/uesb-abre-vagas-no-processo-seletivo-de-acesso-e-inclusao-para-2024-2\/","og_locale":"pt_BR","og_type":"article","og_title":"Uesb abre vagas no Processo Seletivo de Acesso e Inclus\u00e3o para 2024.2 - PORTAL INCLUIR","og_description":"Entre os dias 21 de maio e 3 de junho, estar\u00e3o abertas as inscri\u00e7\u00f5es para","og_url":"https:\/\/portalincluir.com.br\/index.php\/2024\/05\/15\/uesb-abre-vagas-no-processo-seletivo-de-acesso-e-inclusao-para-2024-2\/","og_site_name":"PORTAL INCLUIR","article_published_time":"2024-05-15T21:56:00+00:00","article_modified_time":"2024-05-21T22:00:03+00:00","og_image":[{"width":616,"height":409,"url":"https:\/\/portalincluir.com.br\/wp-content\/uploads\/2024\/05\/2024-05-21-e1716328603541.png","type":"image\/png"}],"author":"Portal Incluir","twitter_card":"summary_large_image","twitter_misc":{"Escrito por":"Portal Incluir","Est. tempo de leitura":"1 minuto"},"schema":{"@context":"https:\/\/schema.org","@graph":[{"@type":["Article","BlogPosting"],"@id":"https:\/\/portalincluir.com.br\/index.php\/2024\/05\/15\/uesb-abre-vagas-no-processo-seletivo-de-acesso-e-inclusao-para-2024-2\/#article","isPartOf":{"@id":"https:\/\/portalincluir.com.br\/index.php\/2024\/05\/15\/uesb-abre-vagas-no-processo-seletivo-de-acesso-e-inclusao-para-2024-2\/"},"author":{"name":"Portal Incluir","@id":"https:\/\/portalincluir.com.br\/#\/schema\/person\/8823664e5902eee555607fb75c4c35ae"},"headline":"Uesb abre vagas no Processo Seletivo de Acesso e Inclus\u00e3o para 2024.2","datePublished":"2024-05-15T21:56:00+00:00","dateModified":"2024-05-21T22:00:03+00:00","mainEntityOfPage":{"@id":"https:\/\/portalincluir.com.br\/index.php\/2024\/05\/15\/uesb-abre-vagas-no-processo-seletivo-de-acesso-e-inclusao-para-2024-2\/"},"wordCount":213,"image":{"@id":"https:\/\/portalincluir.com.br\/index.php\/2024\/05\/15\/uesb-abre-vagas-no-processo-seletivo-de-acesso-e-inclusao-para-2024-2\/#primaryimage"},"thumbnailUrl":"https:\/\/portalincluir.com.br\/wp-content\/uploads\/2024\/05\/2024-05-21-e1716328603541.png","articleSection":["Not\u00edcias"],"inLanguage":"pt-BR"},{"@type":"WebPage","@id":"https:\/\/portalincluir.com.br\/index.php\/2024\/05\/15\/uesb-abre-vagas-no-processo-seletivo-de-acesso-e-inclusao-para-2024-2\/","url":"https:\/\/portalincluir.com.br\/index.php\/2024\/05\/15\/uesb-abre-vagas-no-processo-seletivo-de-acesso-e-inclusao-para-2024-2\/","name":"Uesb abre vagas no Processo Seletivo de Acesso e Inclus\u00e3o para 2024.2 - PORTAL INCLUIR","isPartOf":{"@id":"https:\/\/portalincluir.com.br\/#website"},"primaryImageOfPage":{"@id":"https:\/\/portalincluir.com.br\/index.php\/2024\/05\/15\/uesb-abre-vagas-no-processo-seletivo-de-acesso-e-inclusao-para-2024-2\/#primaryimage"},"image":{"@id":"https:\/\/portalincluir.com.br\/index.php\/2024\/05\/15\/uesb-abre-vagas-no-processo-seletivo-de-acesso-e-inclusao-para-2024-2\/#primaryimage"},"thumbnailUrl":"https:\/\/portalincluir.com.br\/wp-content\/uploads\/2024\/05\/2024-05-21-e1716328603541.png","datePublished":"2024-05-15T21:56:00+00:00","dateModified":"2024-05-21T22:00:03+00:00","author":{"@id":"https:\/\/portalincluir.com.br\/#\/schema\/person\/8823664e5902eee555607fb75c4c35ae"},"breadcrumb":{"@id":"https:\/\/portalincluir.com.br\/index.php\/2024\/05\/15\/uesb-abre-vagas-no-processo-seletivo-de-acesso-e-inclusao-para-2024-2\/#breadcrumb"},"inLanguage":"pt-BR","potentialAction":[{"@type":"ReadAction","target":["https:\/\/portalincluir.com.br\/index.php\/2024\/05\/15\/uesb-abre-vagas-no-processo-seletivo-de-acesso-e-inclusao-para-2024-2\/"]}]},{"@type":"ImageObject","inLanguage":"pt-BR","@id":"https:\/\/portalincluir.com.br\/index.php\/2024\/05\/15\/uesb-abre-vagas-no-processo-seletivo-de-acesso-e-inclusao-para-2024-2\/#primaryimage","url":"https:\/\/portalincluir.com.br\/wp-content\/uploads\/2024\/05\/2024-05-21-e1716328603541.png","contentUrl":"https:\/\/portalincluir.com.br\/wp-content\/uploads\/2024\/05\/2024-05-21-e1716328603541.png","width":616,"height":409},{"@type":"BreadcrumbList","@id":"https:\/\/portalincluir.com.br\/index.php\/2024\/05\/15\/uesb-abre-vagas-no-processo-seletivo-de-acesso-e-inclusao-para-2024-2\/#breadcrumb","itemListElement":[{"@type":"ListItem","position":1,"name":"In\u00edcio","item":"https:\/\/portalincluir.com.br\/"},{"@type":"ListItem","position":2,"name":"Uesb abre vagas no Processo Seletivo de Acesso e Inclus\u00e3o para 2024.2"}]},{"@type":"WebSite","@id":"https:\/\/portalincluir.com.br\/#website","url":"https:\/\/portalincluir.com.br\/","name":"PORTAL INCLUIR","description":"","potentialAction":[{"@type":"SearchAction","target":{"@type":"EntryPoint","urlTemplate":"https:\/\/portalincluir.com.br\/?s={search_term_string}"},"query-input":{"@type":"PropertyValueSpecification","valueRequired":true,"valueName":"search_term_string"}}],"inLanguage":"pt-BR"},{"@type":"Person","@id":"https:\/\/portalincluir.com.br\/#\/schema\/person\/8823664e5902eee555607fb75c4c35ae","name":"Portal Incluir","image":{"@type":"ImageObject","inLanguage":"pt-BR","@id":"https:\/\/secure.gravatar.com\/avatar\/12085fe17e70c3550551519fe1f8f51fae69b1748563a47fc3bea53d91fbcbbd?s=96&d=mm&r=g","url":"https:\/\/secure.gravatar.com\/avatar\/12085fe17e70c3550551519fe1f8f51fae69b1748563a47fc3bea53d91fbcbbd?s=96&d=mm&r=g","contentUrl":"https:\/\/secure.gravatar.com\/avatar\/12085fe17e70c3550551519fe1f8f51fae69b1748563a47fc3bea53d91fbcbbd?s=96&d=mm&r=g","caption":"Portal Incluir"},"sameAs":["http:\/\/portalincluir.com.br"],"url":"https:\/\/portalincluir.com.br\/index.php\/author\/portalincluir-com-br\/"}]}},"_links":{"self":[{"href":"https:\/\/portalincluir.com.br\/index.php\/wp-json\/wp\/v2\/posts\/342","targetHints":{"allow":["GET"]}}],"collection":[{"href":"https:\/\/portalincluir.com.br\/index.php\/wp-json\/wp\/v2\/posts"}],"about":[{"href":"https:\/\/portalincluir.com.br\/index.php\/wp-json\/wp\/v2\/types\/post"}],"author":[{"embeddable":true,"href":"https:\/\/portalincluir.com.br\/index.php\/wp-json\/wp\/v2\/users\/1"}],"replies":[{"embeddable":true,"href":"https:\/\/portalincluir.com.br\/index.php\/wp-json\/wp\/v2\/comments?post=342"}],"version-history":[{"count":2,"href":"https:\/\/portalincluir.com.br\/index.php\/wp-json\/wp\/v2\/posts\/342\/revisions"}],"predecessor-version":[{"id":346,"href":"https:\/\/portalincluir.com.br\/index.php\/wp-json\/wp\/v2\/posts\/342\/revisions\/346"}],"wp:featuredmedia":[{"embeddable":true,"href":"https:\/\/portalincluir.com.br\/index.php\/wp-json\/wp\/v2\/media\/344"}],"wp:attachment":[{"href":"https:\/\/portalincluir.com.br\/index.php\/wp-json\/wp\/v2\/media?parent=342"}],"wp:term":[{"taxonomy":"category","embeddable":true,"href":"https:\/\/portalincluir.com.br\/index.php\/wp-json\/wp\/v2\/categories?post=342"},{"taxonomy":"post_tag","embeddable":true,"href":"https:\/\/portalincluir.com.br\/index.php\/wp-json\/wp\/v2\/tags?post=342"}],"curies":[{"name":"wp","href":"https:\/\/api.w.org\/{rel}","templated":true}]}}