{"id":347,"date":"2024-05-21T19:05:06","date_gmt":"2024-05-21T22:05:06","guid":{"rendered":"https:\/\/portalincluir.com.br\/?p=347"},"modified":"2024-05-21T19:05:06","modified_gmt":"2024-05-21T22:05:06","slug":"uesb-desenvolve-projetos-com-olhar-para-a-inclusao-social","status":"publish","type":"post","link":"https:\/\/portalincluir.com.br\/index.php\/2024\/05\/21\/uesb-desenvolve-projetos-com-olhar-para-a-inclusao-social\/","title":{"rendered":"Uesb desenvolve projetos com olhar para a inclus\u00e3o social"},"content":{"rendered":"\n<p>A inclus\u00e3o \u00e9 um conceito, cada vez mais, relevante e necess\u00e1rio em diversas \u00e1reas da sociedade. Abrange a ideia de proporcionar igualdade de oportunidades entre os sujeitos e tratamento justo para todas as pessoas, independentemente de suas caracter\u00edsticas, cren\u00e7as, costumes ou diferen\u00e7as individuais.<\/p>\n\n\n\n<p>Na Uesb, a inclus\u00e3o vem sendo aplicada em uma s\u00e9rie de a\u00e7\u00f5es do ensino, da pesquisa e da extens\u00e3o. Assim, muito al\u00e9m de programas, projetos e atividades, todas as pessoas que formam a Institui\u00e7\u00e3o v\u00eam sendo pe\u00e7a-chave para que a diversidade se torne parte da Uesb e da vida social, contribuindo para estabelecer a equidade e a pluralidade.<\/p>\n\n\n\n<p>A hist\u00f3ria de Geisa de F\u00e1tima Barros e sua filha Raiane Let\u00edcia Barros \u00e9 um dos muitos exemplos de que o processo de inclus\u00e3o deve ser di\u00e1rio e em todas as esferas. Geisa conta que \u00e9 m\u00e3e de tr\u00eas filhos e que soube que Raiane, hoje com 18 anos, tinha S\u00edndrome de Down na hora do parto. \u201cTive uma gravidez tranquila. S\u00f3 soube naquele momento. Gra\u00e7as a Deus, a gente tomou as r\u00e9deas da situa\u00e7\u00e3o. Fizemos todo o poss\u00edvel para ela ter um desenvolvimento pleno. Procuramos o que foi preciso\u201d, explica.<\/p>\n\n\n\n<p>Al\u00e9m disso, ela destaca como fundamental a forma que escolheu lidar com o processo de cria\u00e7\u00e3o da filha. \u201cA primeira coisa que eu aboli dentro da minha casa foi o preconceito. N\u00e3o deixei ningu\u00e9m ter preconceito com ela. Quem tivesse preconceito, que n\u00e3o aceitasse minha filha do jeito que ela era, n\u00e3o frequentava minha casa\u201d, revela.<\/p>\n\n\n\n<p>Ao longo desse percurso, Let\u00edcia tem participado do \u201cFala Down\u201d, projeto desenvolvido na Uesb desde 2011. \u201cEla entrou exatamente no per\u00edodo de alfabetiza\u00e7\u00e3o. Ela j\u00e1 falava bem, mas, depois do projeto, melhorou bastante a quest\u00e3o da linguagem e do desempenho. \u00c9 um trabalho muito s\u00e9rio, com dedica\u00e7\u00e3o e amor. \u00c9 um grupo espetacular, que transforma vidas e torna a rotina de quem participa com muito mais acesso\u201d, avalia.<\/p>\n\n\n\n<p>Coordenado pela professora Carla Ghirello-Pires, o Grupo de Pesquisa \u201cFala Down\u201d \u00e9 desenvolvido desde 2011, fazendo o acompanhamento de linguagem na \u00e1rea de Neurolingu\u00edstica e Teoria Hist\u00f3rico-Cultural de beb\u00eas, crian\u00e7as e jovens. Hoje, s\u00e3o atendidas cerca de 30 pessoas, entre beb\u00eas de dois meses e crian\u00e7as de 4 anos. \u201cEstamos fazendo o acompanhamento sistem\u00e1tico do balbucio da primeira palavra significativa e primeiras fases. Temos conseguido marcos bastante pr\u00f3ximos das crian\u00e7as t\u00edpicas. Tamb\u00e9m temos algumas crian\u00e7as em n\u00edvel pr\u00e9-escolar e escolar. Para os jovens, h\u00e1 v\u00e1rias atividades, desde ir a shows, pizzaria, entre outros. S\u00e3o a\u00e7\u00f5es para que eles possam estar inseridos socialmente\u201d, revela.<\/p>\n\n\n\n<p>Atendimentos individuais, em grupos e aulas de m\u00fasica integram as atividades do projeto. A iniciativa atende as cidades de Vit\u00f3ria da Conquista, Igua\u00ed, Cara\u00edbas, Itamb\u00e9, Itapetinga, Po\u00e7\u00f5es, Nova Cana\u00e3, Paramirim, Belo Campo e Barra do Cho\u00e7a.<\/p>\n\n\n\n<p>Outro projeto da Uesb que tem como foco a inclus\u00e3o \u00e9 o \u201cIdoso Digital\u201d. De acordo com Val\u00e9ria Arg\u00f4lo, coordenadora do projeto, a a\u00e7\u00e3o extensionista tem o objetivo principal de incluir, digitalmente, pessoas idosas alfabetizadas e\/ou semialfabetizadas cadastradas no N\u00facleo Interdisciplinar de Estudos e Extens\u00e3o em Cuidados \u00e0 Sa\u00fade da Fam\u00edlia em Convibilidade com Doen\u00e7as Cr\u00f4nicas (Niefam) e que possuam smartphone. Assim, \u00e9 poss\u00edvel viabilizar, a esse p\u00fablico, o acesso \u00e0s oportunidades e recursos oferecidos pela tecnologia.<\/p>\n\n\n\n<p>Desde 2013, mais de 150 idosos foram atendidos pelo projeto, em Jequi\u00e9. Segundo Val\u00e9ria, a atividade desempenha um papel significativa tanto na inclus\u00e3o digital como no desenvolvimento da autonomia e confian\u00e7a do idoso no uso de dispositivos e recursos digitais. \u201cIsso ajuda a combater o isolamento social, um problema comum em idosos, al\u00e9m de possibilitar o est\u00edmulo mental, pois o uso de dispositivos e aplicativos digitais pode ser uma forma de manter a mente ativa e saud\u00e1vel\u201d, avalia.<\/p>\n\n\n\n<p>Al\u00e9m das aulas presenciais sobre o uso de smartphone e aplicativos, videoaulas, dicas e informa\u00e7\u00f5es sobre tecnologia s\u00e3o disponibilizadas nas plataformas do projeto no Instagram e no YouTube. Iraildes Oliveira, aluna do projeto, \u00e9 s\u00f3 elogios \u00e0 iniciativa. \u201cAprendi quase tudo que sei fazer hoje com um celular. Para mim, esse projeto tem sido uma ben\u00e7\u00e3o. Me sentia deslocada, e at\u00e9 um tanto envergonhada, pois trabalhava com a melhor idade na minha igreja e n\u00e3o sabia praticamente nada de tecnologia. Hoje j\u00e1 sei acessar Facebook, Instagram, Google, YouTube, WhatsApp e aplicativos de bancos. Posso dizer que o projeto fez uma grande transforma\u00e7\u00e3o na minha vida. Consigo resolver praticamente tudo sem sair de casa\u201d, comemora.<\/p>\n\n\n\n<p>Ela ressalta que nem sempre h\u00e1 condi\u00e7\u00f5es de pagar um curso particular. \u201cSou muito grata \u00e0 equipe que dispensou, a todos os participantes, um atendimento respeitoso e totalmente inclusivo. S\u00f3 gratid\u00e3o por essa iniciativa de incluir a comunidade e, principalmente, as pessoas idosas e portadores de alguma dificuldade f\u00edsica e cognitiva\u201d, revela.<\/p>\n\n\n\n<p>Fonte: <a href=\"https:\/\/www.uesb.br\/noticias\/uesb-desenvolve-projetos-com-olhar-para-a-inclusao-social\/\" target=\"_blank\" rel=\"noreferrer noopener\">UESB<\/a><\/p>\n","protected":false},"excerpt":{"rendered":"<p>A inclus\u00e3o \u00e9 um conceito, cada vez mais, relevante e necess\u00e1rio em diversas \u00e1reas da<\/p>\n","protected":false},"author":1,"featured_media":348,"comment_status":"closed","ping_status":"open","sticky":false,"template":"","format":"standard","meta":{"om_disable_all_campaigns":false,"_monsterinsights_skip_tracking":false,"_monsterinsights_sitenote_active":false,"_monsterinsights_sitenote_note":"","_monsterinsights_sitenote_category":0,"_uf_show_specific_survey":0,"_uf_disable_surveys":false,"footnotes":""},"categories":[9],"tags":[],"class_list":["post-347","post","type-post","status-publish","format-standard","has-post-thumbnail","hentry","category-noticias"],"yoast_head":"<!-- This site is optimized with the Yoast SEO plugin v27.4 - https:\/\/yoast.com\/product\/yoast-seo-wordpress\/ -->\n<title>Uesb desenvolve projetos com olhar para a inclus\u00e3o social - PORTAL INCLUIR<\/title>\n<meta name=\"robots\" content=\"index, follow, max-snippet:-1, max-image-preview:large, max-video-preview:-1\" \/>\n<link rel=\"canonical\" href=\"https:\/\/portalincluir.com.br\/index.php\/2024\/05\/21\/uesb-desenvolve-projetos-com-olhar-para-a-inclusao-social\/\" \/>\n<meta property=\"og:locale\" content=\"pt_BR\" \/>\n<meta property=\"og:type\" content=\"article\" \/>\n<meta property=\"og:title\" content=\"Uesb desenvolve projetos com olhar para a inclus\u00e3o social - PORTAL INCLUIR\" \/>\n<meta property=\"og:description\" content=\"A inclus\u00e3o \u00e9 um conceito, cada vez mais, relevante e necess\u00e1rio em diversas \u00e1reas da\" \/>\n<meta property=\"og:url\" content=\"https:\/\/portalincluir.com.br\/index.php\/2024\/05\/21\/uesb-desenvolve-projetos-com-olhar-para-a-inclusao-social\/\" \/>\n<meta property=\"og:site_name\" content=\"PORTAL INCLUIR\" \/>\n<meta property=\"article:published_time\" content=\"2024-05-21T22:05:06+00:00\" \/>\n<meta property=\"og:image\" content=\"https:\/\/portalincluir.com.br\/wp-content\/uploads\/2024\/05\/2024-05-21-1-e1716329067128.png\" \/>\n\t<meta property=\"og:image:width\" content=\"616\" \/>\n\t<meta property=\"og:image:height\" content=\"421\" \/>\n\t<meta property=\"og:image:type\" content=\"image\/png\" \/>\n<meta name=\"author\" content=\"Portal Incluir\" \/>\n<meta name=\"twitter:card\" content=\"summary_large_image\" \/>\n<meta name=\"twitter:label1\" content=\"Escrito por\" \/>\n\t<meta name=\"twitter:data1\" content=\"Portal Incluir\" \/>\n\t<meta name=\"twitter:label2\" content=\"Est. tempo de leitura\" \/>\n\t<meta name=\"twitter:data2\" content=\"4 minutos\" \/>\n<script type=\"application\/ld+json\" class=\"yoast-schema-graph\">{\"@context\":\"https:\\\/\\\/schema.org\",\"@graph\":[{\"@type\":[\"Article\",\"BlogPosting\"],\"@id\":\"https:\\\/\\\/portalincluir.com.br\\\/index.php\\\/2024\\\/05\\\/21\\\/uesb-desenvolve-projetos-com-olhar-para-a-inclusao-social\\\/#article\",\"isPartOf\":{\"@id\":\"https:\\\/\\\/portalincluir.com.br\\\/index.php\\\/2024\\\/05\\\/21\\\/uesb-desenvolve-projetos-com-olhar-para-a-inclusao-social\\\/\"},\"author\":{\"name\":\"Portal Incluir\",\"@id\":\"https:\\\/\\\/portalincluir.com.br\\\/#\\\/schema\\\/person\\\/8823664e5902eee555607fb75c4c35ae\"},\"headline\":\"Uesb desenvolve projetos com olhar para a inclus\u00e3o social\",\"datePublished\":\"2024-05-21T22:05:06+00:00\",\"mainEntityOfPage\":{\"@id\":\"https:\\\/\\\/portalincluir.com.br\\\/index.php\\\/2024\\\/05\\\/21\\\/uesb-desenvolve-projetos-com-olhar-para-a-inclusao-social\\\/\"},\"wordCount\":857,\"image\":{\"@id\":\"https:\\\/\\\/portalincluir.com.br\\\/index.php\\\/2024\\\/05\\\/21\\\/uesb-desenvolve-projetos-com-olhar-para-a-inclusao-social\\\/#primaryimage\"},\"thumbnailUrl\":\"https:\\\/\\\/portalincluir.com.br\\\/wp-content\\\/uploads\\\/2024\\\/05\\\/2024-05-21-1-e1716329067128.png\",\"articleSection\":[\"Not\u00edcias\"],\"inLanguage\":\"pt-BR\"},{\"@type\":\"WebPage\",\"@id\":\"https:\\\/\\\/portalincluir.com.br\\\/index.php\\\/2024\\\/05\\\/21\\\/uesb-desenvolve-projetos-com-olhar-para-a-inclusao-social\\\/\",\"url\":\"https:\\\/\\\/portalincluir.com.br\\\/index.php\\\/2024\\\/05\\\/21\\\/uesb-desenvolve-projetos-com-olhar-para-a-inclusao-social\\\/\",\"name\":\"Uesb desenvolve projetos com olhar para a inclus\u00e3o social - PORTAL INCLUIR\",\"isPartOf\":{\"@id\":\"https:\\\/\\\/portalincluir.com.br\\\/#website\"},\"primaryImageOfPage\":{\"@id\":\"https:\\\/\\\/portalincluir.com.br\\\/index.php\\\/2024\\\/05\\\/21\\\/uesb-desenvolve-projetos-com-olhar-para-a-inclusao-social\\\/#primaryimage\"},\"image\":{\"@id\":\"https:\\\/\\\/portalincluir.com.br\\\/index.php\\\/2024\\\/05\\\/21\\\/uesb-desenvolve-projetos-com-olhar-para-a-inclusao-social\\\/#primaryimage\"},\"thumbnailUrl\":\"https:\\\/\\\/portalincluir.com.br\\\/wp-content\\\/uploads\\\/2024\\\/05\\\/2024-05-21-1-e1716329067128.png\",\"datePublished\":\"2024-05-21T22:05:06+00:00\",\"author\":{\"@id\":\"https:\\\/\\\/portalincluir.com.br\\\/#\\\/schema\\\/person\\\/8823664e5902eee555607fb75c4c35ae\"},\"breadcrumb\":{\"@id\":\"https:\\\/\\\/portalincluir.com.br\\\/index.php\\\/2024\\\/05\\\/21\\\/uesb-desenvolve-projetos-com-olhar-para-a-inclusao-social\\\/#breadcrumb\"},\"inLanguage\":\"pt-BR\",\"potentialAction\":[{\"@type\":\"ReadAction\",\"target\":[\"https:\\\/\\\/portalincluir.com.br\\\/index.php\\\/2024\\\/05\\\/21\\\/uesb-desenvolve-projetos-com-olhar-para-a-inclusao-social\\\/\"]}]},{\"@type\":\"ImageObject\",\"inLanguage\":\"pt-BR\",\"@id\":\"https:\\\/\\\/portalincluir.com.br\\\/index.php\\\/2024\\\/05\\\/21\\\/uesb-desenvolve-projetos-com-olhar-para-a-inclusao-social\\\/#primaryimage\",\"url\":\"https:\\\/\\\/portalincluir.com.br\\\/wp-content\\\/uploads\\\/2024\\\/05\\\/2024-05-21-1-e1716329067128.png\",\"contentUrl\":\"https:\\\/\\\/portalincluir.com.br\\\/wp-content\\\/uploads\\\/2024\\\/05\\\/2024-05-21-1-e1716329067128.png\",\"width\":616,\"height\":421},{\"@type\":\"BreadcrumbList\",\"@id\":\"https:\\\/\\\/portalincluir.com.br\\\/index.php\\\/2024\\\/05\\\/21\\\/uesb-desenvolve-projetos-com-olhar-para-a-inclusao-social\\\/#breadcrumb\",\"itemListElement\":[{\"@type\":\"ListItem\",\"position\":1,\"name\":\"In\u00edcio\",\"item\":\"https:\\\/\\\/portalincluir.com.br\\\/\"},{\"@type\":\"ListItem\",\"position\":2,\"name\":\"Uesb desenvolve projetos com olhar para a inclus\u00e3o social\"}]},{\"@type\":\"WebSite\",\"@id\":\"https:\\\/\\\/portalincluir.com.br\\\/#website\",\"url\":\"https:\\\/\\\/portalincluir.com.br\\\/\",\"name\":\"PORTAL INCLUIR\",\"description\":\"\",\"potentialAction\":[{\"@type\":\"SearchAction\",\"target\":{\"@type\":\"EntryPoint\",\"urlTemplate\":\"https:\\\/\\\/portalincluir.com.br\\\/?s={search_term_string}\"},\"query-input\":{\"@type\":\"PropertyValueSpecification\",\"valueRequired\":true,\"valueName\":\"search_term_string\"}}],\"inLanguage\":\"pt-BR\"},{\"@type\":\"Person\",\"@id\":\"https:\\\/\\\/portalincluir.com.br\\\/#\\\/schema\\\/person\\\/8823664e5902eee555607fb75c4c35ae\",\"name\":\"Portal Incluir\",\"image\":{\"@type\":\"ImageObject\",\"inLanguage\":\"pt-BR\",\"@id\":\"https:\\\/\\\/secure.gravatar.com\\\/avatar\\\/12085fe17e70c3550551519fe1f8f51fae69b1748563a47fc3bea53d91fbcbbd?s=96&d=mm&r=g\",\"url\":\"https:\\\/\\\/secure.gravatar.com\\\/avatar\\\/12085fe17e70c3550551519fe1f8f51fae69b1748563a47fc3bea53d91fbcbbd?s=96&d=mm&r=g\",\"contentUrl\":\"https:\\\/\\\/secure.gravatar.com\\\/avatar\\\/12085fe17e70c3550551519fe1f8f51fae69b1748563a47fc3bea53d91fbcbbd?s=96&d=mm&r=g\",\"caption\":\"Portal Incluir\"},\"sameAs\":[\"http:\\\/\\\/portalincluir.com.br\"],\"url\":\"https:\\\/\\\/portalincluir.com.br\\\/index.php\\\/author\\\/portalincluir-com-br\\\/\"}]}<\/script>\n<!-- \/ Yoast SEO plugin. -->","yoast_head_json":{"title":"Uesb desenvolve projetos com olhar para a inclus\u00e3o social - PORTAL INCLUIR","robots":{"index":"index","follow":"follow","max-snippet":"max-snippet:-1","max-image-preview":"max-image-preview:large","max-video-preview":"max-video-preview:-1"},"canonical":"https:\/\/portalincluir.com.br\/index.php\/2024\/05\/21\/uesb-desenvolve-projetos-com-olhar-para-a-inclusao-social\/","og_locale":"pt_BR","og_type":"article","og_title":"Uesb desenvolve projetos com olhar para a inclus\u00e3o social - PORTAL INCLUIR","og_description":"A inclus\u00e3o \u00e9 um conceito, cada vez mais, relevante e necess\u00e1rio em diversas \u00e1reas da","og_url":"https:\/\/portalincluir.com.br\/index.php\/2024\/05\/21\/uesb-desenvolve-projetos-com-olhar-para-a-inclusao-social\/","og_site_name":"PORTAL INCLUIR","article_published_time":"2024-05-21T22:05:06+00:00","og_image":[{"width":616,"height":421,"url":"https:\/\/portalincluir.com.br\/wp-content\/uploads\/2024\/05\/2024-05-21-1-e1716329067128.png","type":"image\/png"}],"author":"Portal Incluir","twitter_card":"summary_large_image","twitter_misc":{"Escrito por":"Portal Incluir","Est. tempo de leitura":"4 minutos"},"schema":{"@context":"https:\/\/schema.org","@graph":[{"@type":["Article","BlogPosting"],"@id":"https:\/\/portalincluir.com.br\/index.php\/2024\/05\/21\/uesb-desenvolve-projetos-com-olhar-para-a-inclusao-social\/#article","isPartOf":{"@id":"https:\/\/portalincluir.com.br\/index.php\/2024\/05\/21\/uesb-desenvolve-projetos-com-olhar-para-a-inclusao-social\/"},"author":{"name":"Portal Incluir","@id":"https:\/\/portalincluir.com.br\/#\/schema\/person\/8823664e5902eee555607fb75c4c35ae"},"headline":"Uesb desenvolve projetos com olhar para a inclus\u00e3o social","datePublished":"2024-05-21T22:05:06+00:00","mainEntityOfPage":{"@id":"https:\/\/portalincluir.com.br\/index.php\/2024\/05\/21\/uesb-desenvolve-projetos-com-olhar-para-a-inclusao-social\/"},"wordCount":857,"image":{"@id":"https:\/\/portalincluir.com.br\/index.php\/2024\/05\/21\/uesb-desenvolve-projetos-com-olhar-para-a-inclusao-social\/#primaryimage"},"thumbnailUrl":"https:\/\/portalincluir.com.br\/wp-content\/uploads\/2024\/05\/2024-05-21-1-e1716329067128.png","articleSection":["Not\u00edcias"],"inLanguage":"pt-BR"},{"@type":"WebPage","@id":"https:\/\/portalincluir.com.br\/index.php\/2024\/05\/21\/uesb-desenvolve-projetos-com-olhar-para-a-inclusao-social\/","url":"https:\/\/portalincluir.com.br\/index.php\/2024\/05\/21\/uesb-desenvolve-projetos-com-olhar-para-a-inclusao-social\/","name":"Uesb desenvolve projetos com olhar para a inclus\u00e3o social - PORTAL INCLUIR","isPartOf":{"@id":"https:\/\/portalincluir.com.br\/#website"},"primaryImageOfPage":{"@id":"https:\/\/portalincluir.com.br\/index.php\/2024\/05\/21\/uesb-desenvolve-projetos-com-olhar-para-a-inclusao-social\/#primaryimage"},"image":{"@id":"https:\/\/portalincluir.com.br\/index.php\/2024\/05\/21\/uesb-desenvolve-projetos-com-olhar-para-a-inclusao-social\/#primaryimage"},"thumbnailUrl":"https:\/\/portalincluir.com.br\/wp-content\/uploads\/2024\/05\/2024-05-21-1-e1716329067128.png","datePublished":"2024-05-21T22:05:06+00:00","author":{"@id":"https:\/\/portalincluir.com.br\/#\/schema\/person\/8823664e5902eee555607fb75c4c35ae"},"breadcrumb":{"@id":"https:\/\/portalincluir.com.br\/index.php\/2024\/05\/21\/uesb-desenvolve-projetos-com-olhar-para-a-inclusao-social\/#breadcrumb"},"inLanguage":"pt-BR","potentialAction":[{"@type":"ReadAction","target":["https:\/\/portalincluir.com.br\/index.php\/2024\/05\/21\/uesb-desenvolve-projetos-com-olhar-para-a-inclusao-social\/"]}]},{"@type":"ImageObject","inLanguage":"pt-BR","@id":"https:\/\/portalincluir.com.br\/index.php\/2024\/05\/21\/uesb-desenvolve-projetos-com-olhar-para-a-inclusao-social\/#primaryimage","url":"https:\/\/portalincluir.com.br\/wp-content\/uploads\/2024\/05\/2024-05-21-1-e1716329067128.png","contentUrl":"https:\/\/portalincluir.com.br\/wp-content\/uploads\/2024\/05\/2024-05-21-1-e1716329067128.png","width":616,"height":421},{"@type":"BreadcrumbList","@id":"https:\/\/portalincluir.com.br\/index.php\/2024\/05\/21\/uesb-desenvolve-projetos-com-olhar-para-a-inclusao-social\/#breadcrumb","itemListElement":[{"@type":"ListItem","position":1,"name":"In\u00edcio","item":"https:\/\/portalincluir.com.br\/"},{"@type":"ListItem","position":2,"name":"Uesb desenvolve projetos com olhar para a inclus\u00e3o social"}]},{"@type":"WebSite","@id":"https:\/\/portalincluir.com.br\/#website","url":"https:\/\/portalincluir.com.br\/","name":"PORTAL INCLUIR","description":"","potentialAction":[{"@type":"SearchAction","target":{"@type":"EntryPoint","urlTemplate":"https:\/\/portalincluir.com.br\/?s={search_term_string}"},"query-input":{"@type":"PropertyValueSpecification","valueRequired":true,"valueName":"search_term_string"}}],"inLanguage":"pt-BR"},{"@type":"Person","@id":"https:\/\/portalincluir.com.br\/#\/schema\/person\/8823664e5902eee555607fb75c4c35ae","name":"Portal Incluir","image":{"@type":"ImageObject","inLanguage":"pt-BR","@id":"https:\/\/secure.gravatar.com\/avatar\/12085fe17e70c3550551519fe1f8f51fae69b1748563a47fc3bea53d91fbcbbd?s=96&d=mm&r=g","url":"https:\/\/secure.gravatar.com\/avatar\/12085fe17e70c3550551519fe1f8f51fae69b1748563a47fc3bea53d91fbcbbd?s=96&d=mm&r=g","contentUrl":"https:\/\/secure.gravatar.com\/avatar\/12085fe17e70c3550551519fe1f8f51fae69b1748563a47fc3bea53d91fbcbbd?s=96&d=mm&r=g","caption":"Portal Incluir"},"sameAs":["http:\/\/portalincluir.com.br"],"url":"https:\/\/portalincluir.com.br\/index.php\/author\/portalincluir-com-br\/"}]}},"_links":{"self":[{"href":"https:\/\/portalincluir.com.br\/index.php\/wp-json\/wp\/v2\/posts\/347","targetHints":{"allow":["GET"]}}],"collection":[{"href":"https:\/\/portalincluir.com.br\/index.php\/wp-json\/wp\/v2\/posts"}],"about":[{"href":"https:\/\/portalincluir.com.br\/index.php\/wp-json\/wp\/v2\/types\/post"}],"author":[{"embeddable":true,"href":"https:\/\/portalincluir.com.br\/index.php\/wp-json\/wp\/v2\/users\/1"}],"replies":[{"embeddable":true,"href":"https:\/\/portalincluir.com.br\/index.php\/wp-json\/wp\/v2\/comments?post=347"}],"version-history":[{"count":1,"href":"https:\/\/portalincluir.com.br\/index.php\/wp-json\/wp\/v2\/posts\/347\/revisions"}],"predecessor-version":[{"id":349,"href":"https:\/\/portalincluir.com.br\/index.php\/wp-json\/wp\/v2\/posts\/347\/revisions\/349"}],"wp:featuredmedia":[{"embeddable":true,"href":"https:\/\/portalincluir.com.br\/index.php\/wp-json\/wp\/v2\/media\/348"}],"wp:attachment":[{"href":"https:\/\/portalincluir.com.br\/index.php\/wp-json\/wp\/v2\/media?parent=347"}],"wp:term":[{"taxonomy":"category","embeddable":true,"href":"https:\/\/portalincluir.com.br\/index.php\/wp-json\/wp\/v2\/categories?post=347"},{"taxonomy":"post_tag","embeddable":true,"href":"https:\/\/portalincluir.com.br\/index.php\/wp-json\/wp\/v2\/tags?post=347"}],"curies":[{"name":"wp","href":"https:\/\/api.w.org\/{rel}","templated":true}]}}