{"id":351,"date":"2024-05-31T16:20:37","date_gmt":"2024-05-31T19:20:37","guid":{"rendered":"https:\/\/portalincluir.com.br\/?p=351"},"modified":"2024-05-31T16:20:37","modified_gmt":"2024-05-31T19:20:37","slug":"mobilidade-urbana-e-acessibilidade","status":"publish","type":"post","link":"https:\/\/portalincluir.com.br\/index.php\/2024\/05\/31\/mobilidade-urbana-e-acessibilidade\/","title":{"rendered":"Mobilidade Urbana e Acessibilidade"},"content":{"rendered":"\n<p>Vamos debater neste texto de hoje um assunto de muita import\u00e2ncia para o p\u00fablico PCD. Trata-se da mobilidade urbana e acessibilidade. Mas o que \u00e9 a t\u00e3o falada Mobilidade Urbana?<br>Se procurarmos no dicion\u00e1rio, teremos a defini\u00e7\u00e3o de que \u00e9 a \u201cfacilidade para se mover\u201d. No caso da mobilidade urbana, \u00e9 a facilidade para se mover em uma cidade, seja para o trabalho, ou lazer. Carros, metr\u00f4s, bicicletas, \u00f4nibus e outros transportes fazem parte das solu\u00e7\u00f5es para a mobilidade urbana.<\/p>\n\n\n\n<p>Falar de Acessibilidade \u00e9 tratar da facilidade que um cidad\u00e3o \u00e9 capaz de acessar determinados espa\u00e7os, por um determinado per\u00edodo de tempo. Mesmo com conceitos pr\u00f3ximos, mobilidade e acessibilidade s\u00e3o diferentes, por\u00e9m, interligados.<\/p>\n\n\n\n<figure class=\"wp-block-image alignleft size-full is-resized\"><img loading=\"lazy\" decoding=\"async\" width=\"612\" height=\"408\" src=\"https:\/\/portalincluir.com.br\/wp-content\/uploads\/2024\/05\/cadeiraseescada.jpg\" alt=\"\" class=\"wp-image-352\" style=\"width:403px;height:auto\" srcset=\"https:\/\/portalincluir.com.br\/wp-content\/uploads\/2024\/05\/cadeiraseescada.jpg 612w, https:\/\/portalincluir.com.br\/wp-content\/uploads\/2024\/05\/cadeiraseescada-300x200.jpg 300w\" sizes=\"auto, (max-width: 612px) 100vw, 612px\" \/><\/figure>\n\n\n\n<p>Segundo a Lei Brasileira de Inclus\u00e3o da Pessoa com Defici\u00eancia (PCDs), acessibilidade significa: \u201cpossibilidade e condi\u00e7\u00e3o de alcance para utiliza\u00e7\u00e3o, com seguran\u00e7a e autonomia, de espa\u00e7os, mobili\u00e1rios, equipamentos urbanos, edifica\u00e7\u00f5es, transportes, informa\u00e7\u00e3o e comunica\u00e7\u00e3o, inclusive seus sistemas e tecnologias, bem como de outros servi\u00e7os e instala\u00e7\u00f5es abertos ao p\u00fablico, de uso p\u00fablico ou privado, de uso coletivo, tanto na zona urbana como na rural, por pessoa com defici\u00eancia ou com mobilidade reduzida\u201d.<\/p>\n\n\n\n<p>Ter espa\u00e7os acess\u00edveis \u00e9 a \u00fanica maneira de garantir o exerc\u00edcio pleno dos direitos das pessoas com defici\u00eancia. Segundo o \u00faltimo censo demogr\u00e1fico do IBGE, 45 milh\u00f5es de brasileiros sofrem de algum tipo de defici\u00eancia f\u00edsica.<\/p>\n\n\n\n<p>O mesmo senso aponta que 4,7% das cal\u00e7adas do Brasil s\u00e3o acess\u00edveis para essas pessoas. Para voc\u00eas terem uma ideia: apenas 9% das cal\u00e7adas de S\u00e3o Paulo s\u00e3o acess\u00edveis. Isso precisa mudar.<\/p>\n\n\n\n<p>Problemas de acessibilidade na mobilidade urbana<\/p>\n\n\n\n<p>Os espa\u00e7os urbanos, em sua maioria, s\u00e3o projetados para quem n\u00e3o precisa de adapta\u00e7\u00e3o, o que transforma um n\u00famero muito grande de pessoas exclu\u00eddas e invis\u00edveis. E n\u00e3o pensem que isso se aplica apenas \u00e0s pessoas com defici\u00eancia. Os idosos, por exemplo, tamb\u00e9m fazem parte desse grupo.<\/p>\n\n\n\n<p>Quando se fala em acessibilidade e mobilidade, as barreiras urban\u00edsticas e arquitet\u00f4nicas s\u00e3o as mais evidentes. Falta de \u00f4nibus com locais reservados ou elevadores, cal\u00e7adas desniveladas, com buracos e sem rampas, inexist\u00eancia de sinaliza\u00e7\u00e3o sonora ou em braile para deficientes auditivos, falta de piso t\u00e1til para deficientes visuais, aus\u00eancia de rampas e falta de vagas de estacionamento s\u00e3o alguns dos desafios nas ruas brasileiras.<\/p>\n\n\n\n<p>Acessibilidade no transporte p\u00fablico<\/p>\n\n\n\n<p>Mesmo com uma legisla\u00e7\u00e3o que determina que toda frota de \u00f4nibus seja adaptada para pessoas com defici\u00eancia, cerca de 88% dos munic\u00edpios do Brasil que t\u00eam transporte por \u00f4nibus n\u00e3o atendem essa exig\u00eancia, de acordo com o IBGE.<\/p>\n\n\n\n<p>Os custos dos carros adaptados, mesmo com as isen\u00e7\u00f5es fiscais, ainda s\u00e3o altos para a maioria dos PCDs e muitos deles dependem de \u00f4nibus para se locomover. Algumas cidades j\u00e1 contam com frotas de \u00f4nibus acess\u00edveis, mas muito ainda precisa ser feito para realmente garantir o direito de ir e vir dessa popula\u00e7\u00e3o.<\/p>\n\n\n\n<p>Vagas em estacionamentos<\/p>\n\n\n\n<p>A Lei da Acessibilidade garante vagas preferenciais para as pessoas com necessidades especiais (PNEs). A Norma NBR 9050, da ABNT (Associa\u00e7\u00e3o Brasileira de Normas T\u00e9cnicas), traz todas as diretrizes t\u00e9cnicas para as vagas, que devem ser sempre as mais pr\u00f3ximas \u00e0 entrada do estabelecimento e mais espa\u00e7osas.<\/p>\n\n\n\n<p>Sem as vagas reservadas, fica mais dif\u00edcil para as pessoas com necessidades especiais realizarem tarefas do dia a dia. Estacionar irregularmente em uma vaga preferencial tanto de idoso, quanto de pessoa com defici\u00eancia, \u00e9 considerado infra\u00e7\u00e3o grav\u00edssima, com multa de R$ 293,47, al\u00e9m da inclus\u00e3o de sete pontos na carteira.<\/p>\n\n\n\n<p>Veja tamb\u00e9m: Como parcelar multas de tr\u00e2nsito?<\/p>\n\n\n\n<p>Vale lembrar que o carro do PCD ou do condutor indicado por ela, deve estar identificado com um adesivo pr\u00f3prio, dispon\u00edvel ap\u00f3s cadastro pr\u00e9vio no Detran da sua cidade.<\/p>\n\n\n\n<p>Direito ao lazer<\/p>\n\n\n\n<p>O acesso ao lazer \u00e9 um direito b\u00e1sico, garantido pela Constitui\u00e7\u00e3o, a todos os brasileiros. Em algumas cidades, h\u00e1 pol\u00edticas de incentivo fiscal para que estabelecimentos fa\u00e7am adapta\u00e7\u00f5es para pessoas com defici\u00eancia. Hot\u00e9is, teatros e restaurantes nem sempre s\u00e3o totalmente adaptados com rampas, banheiros, piso t\u00e1til, sistema de audiodescri\u00e7\u00e3o e elevadores.<\/p>\n\n\n\n<p>Nesse guia colaborativo de turismo acess\u00edvel voc\u00ea tem acesso a v\u00e1rios restaurantes, hot\u00e9is e pontos tur\u00edsticos em cidades brasileiras com acessibilidade.<\/p>\n\n\n\n<p>Exerc\u00edcio da Cidadania<\/p>\n\n\n\n<p>Com o Estatuto da Pessoa com Defici\u00eancia, tornou-se obrigat\u00f3ria a acessibilidade em todos os pr\u00e9dios p\u00fablicos para dar garantia ao acesso \u00e0 servi\u00e7os b\u00e1sicos. Por\u00e9m, na pr\u00e1tica, ainda h\u00e1 aqueles que n\u00e3o se adequaram.<\/p>\n\n\n\n<p>A Justi\u00e7a Eleitoral tem feito um esfor\u00e7o para criar condi\u00e7\u00f5es de acessibilidade nas zonas eleitorais. O exerc\u00edcio da cidadania e do direito ao voto \u00e9 um dos aspectos mais b\u00e1sicos da vida em sociedade e de garantia de direitos.<\/p>\n\n\n\n<p>Nas \u00faltimas elei\u00e7\u00f5es, 0,64% dos eleitores apresentavam algum tipo de defici\u00eancia, o dobro em rela\u00e7\u00e3o aos anos anteriores. Isso significa que essas pessoas est\u00e3o cada vez mais ativas e estimuladas a exercerem os seus direitos, o que reflete na import\u00e2ncia de um trabalho eficiente de acessibilidade e mobilidade urbana.<\/p>\n\n\n\n<p>Solu\u00e7\u00f5es para mobilidade urbana<\/p>\n\n\n\n<p>Nos \u00faltimos anos, tivemos muitos avan\u00e7os, mas muito ainda precisa ser feito. Por exemplo: pontos tur\u00edsticos e estabelecimentos privados n\u00e3o s\u00e3o obrigados por lei a serem acess\u00edveis. Dessa forma, acabamos encontrando muitos locais que o acesso \u00e9 dif\u00edcil ou improvisado.<\/p>\n\n\n\n<p>O Jap\u00e3o \u00e9 um dos bons exemplos a serem seguidos. Nas Paraolimp\u00edadas de 2020, que aconteceram em agosto de 2021 por conta da pandemia, o pa\u00eds deu um show de acessibilidade e mobilidade. Al\u00e9m de testar carros aut\u00f4nomos, a montadora respons\u00e1vel ouviu atletas paraol\u00edmpicos para melhorias e modifica\u00e7\u00f5es nos carros.<\/p>\n\n\n\n<p>Os \u00f4nibus aut\u00f4nomos que circulavam pela Vila Ol\u00edmpica tinham portas maiores, rampas el\u00e9tricas, corrim\u00e3os e assentos f\u00e1ceis de usar para qualquer um. Ao mesmo tempo que o piso, assentos e acabamentos t\u00eam cores contrastantes para atender pessoas com baixa vis\u00e3o.<\/p>\n\n\n\n<p>As esta\u00e7\u00f5es de trem das maiores cidades japonesas receberam instala\u00e7\u00f5es de elevadores e escadas rolantes especiais para cadeirantes, al\u00e9m de v\u00e1rios avisos em braile e sonoros para deficientes visuais.<\/p>\n\n\n\n<p>Al\u00e9m disso, todos os trens e \u00f4nibus possuem espa\u00e7os e recursos de rampa e banheiros multifuncionais, gra\u00e7as \u00e0s leis de acessibilidade do pa\u00eds, que s\u00e3o cumpridas.<\/p>\n\n\n\n<p>Os japoneses acreditam que uma cidade acess\u00edvel \u00e9 uma cidade preparada para o futuro, onde mais pessoas ir\u00e3o utilizar bengalas e cadeiras de rodas. Uma cidade feita para os idosos e deficientes, \u00e9 acess\u00edvel para todas as idades e p\u00fablicos!<\/p>\n\n\n\n<p>Pol\u00edtica Nacional de Mobilidade<\/p>\n\n\n\n<p>A Lei 12.587\/12, ou a Lei da Mobilidade Urbana, tem o \u201cobjetivo de promover o acesso aos servi\u00e7os b\u00e1sicos, proporcionar melhorias na mobilidade, promover o desenvolvimento sustent\u00e1vel e consolidar a gest\u00e3o democr\u00e1tica para cont\u00ednuo aprimoramento da mobilidade urbana\u201d.<\/p>\n\n\n\n<p>Em 19 de dezembro de 2000, foi publicada a Lei N\u00ba 10.098, a Lei de Acessibilidade, a primeira totalmente voltada ao tema. Ela estabelece normas gerais e crit\u00e9rios b\u00e1sicos para a promo\u00e7\u00e3o da acessibilidade das pessoas portadoras de defici\u00eancia ou com mobilidade reduzida, abrangendo, desde as \u00e1reas urbanas, at\u00e9 a comunica\u00e7\u00e3o, assegurando a autonomia das pessoas com defici\u00eancia.<\/p>\n\n\n\n<p>Publicado em 2004, o decreto N\u00ba 5296 refor\u00e7ou o que a Lei N\u00ba 10.098 j\u00e1 informava: atendimento priorit\u00e1rio, projetos arquitet\u00f4nicos e urban\u00edsticos acess\u00edveis, acesso \u00e0 comunica\u00e7\u00e3o e informa\u00e7\u00e3o.<\/p>\n\n\n\n<p>Com o decreto veio as normas t\u00e9cnicas da ABNT (Associa\u00e7\u00e3o Brasileira de Normas T\u00e9cnicas) como par\u00e2metros de acessibilidades a serem seguidos. Todos esses par\u00e2metros se encontram reunidos no manual da ABNT 9050, e t\u00eam como foco a acessibilidade em um projeto, constru\u00e7\u00e3o, instala\u00e7\u00e3o e adapta\u00e7\u00e3o de edifica\u00e7\u00f5es.<\/p>\n\n\n\n<p>N\u00f3s temos leis muito completas e que contemplam todos os tipos de defici\u00eancias e necessidades especiais, por\u00e9m n\u00e3o temos fiscaliza\u00e7\u00e3o e nem incentivos para tal. \u00c9 direito das PCDs viver em uma sociedade sem depender de terceiros e que possa desenvolver a sua autonomia. \u00c9 importante destacar que al\u00e9m da boa vontade dos governantes, a cobran\u00e7a da sociedade \u00e9 essencial para que essas regras passem a ser, de fato, executadas.<\/p>\n\n\n\n<p>Por isso, fique atento para se colocar na pele dessa grande parte da popula\u00e7\u00e3o para conseguir enxergar o que est\u00e1 ao seu alcance para abrir caminho e de alguma forma ajudar. Afinal, tamb\u00e9m \u00e9 nosso papel na vida em sociedade fazer a nossa parte!<\/p>\n\n\n\n<p>Fonte: <a href=\"https:\/\/blog.veloe.com.br\/mobilidade-urbana-e-acessibilidade\/\" target=\"_blank\" rel=\"noreferrer noopener\">Blog Veloe<\/a><\/p>\n","protected":false},"excerpt":{"rendered":"<p>Vamos debater neste texto de hoje um assunto de muita import\u00e2ncia para o p\u00fablico PCD.<\/p>\n","protected":false},"author":1,"featured_media":352,"comment_status":"closed","ping_status":"open","sticky":false,"template":"","format":"standard","meta":{"om_disable_all_campaigns":false,"_monsterinsights_skip_tracking":false,"_monsterinsights_sitenote_active":false,"_monsterinsights_sitenote_note":"","_monsterinsights_sitenote_category":0,"_uf_show_specific_survey":0,"_uf_disable_surveys":false,"footnotes":""},"categories":[15,16,9],"tags":[],"class_list":["post-351","post","type-post","status-publish","format-standard","has-post-thumbnail","hentry","category-deficiencia-visual","category-deficifiente-fisico","category-noticias"],"yoast_head":"<!-- This site is optimized with the Yoast SEO plugin v27.4 - https:\/\/yoast.com\/product\/yoast-seo-wordpress\/ -->\n<title>Mobilidade Urbana e Acessibilidade - PORTAL INCLUIR<\/title>\n<meta name=\"robots\" content=\"index, follow, max-snippet:-1, max-image-preview:large, max-video-preview:-1\" \/>\n<link rel=\"canonical\" href=\"https:\/\/portalincluir.com.br\/index.php\/2024\/05\/31\/mobilidade-urbana-e-acessibilidade\/\" \/>\n<meta property=\"og:locale\" content=\"pt_BR\" \/>\n<meta property=\"og:type\" content=\"article\" \/>\n<meta property=\"og:title\" content=\"Mobilidade Urbana e Acessibilidade - PORTAL INCLUIR\" \/>\n<meta property=\"og:description\" content=\"Vamos debater neste texto de hoje um assunto de muita import\u00e2ncia para o p\u00fablico PCD.\" \/>\n<meta property=\"og:url\" content=\"https:\/\/portalincluir.com.br\/index.php\/2024\/05\/31\/mobilidade-urbana-e-acessibilidade\/\" \/>\n<meta property=\"og:site_name\" content=\"PORTAL INCLUIR\" \/>\n<meta property=\"article:published_time\" content=\"2024-05-31T19:20:37+00:00\" \/>\n<meta property=\"og:image\" content=\"https:\/\/portalincluir.com.br\/wp-content\/uploads\/2024\/05\/cadeiraseescada.jpg\" \/>\n\t<meta property=\"og:image:width\" content=\"612\" \/>\n\t<meta property=\"og:image:height\" content=\"408\" \/>\n\t<meta property=\"og:image:type\" content=\"image\/jpeg\" \/>\n<meta name=\"author\" content=\"Portal Incluir\" \/>\n<meta name=\"twitter:card\" content=\"summary_large_image\" \/>\n<meta name=\"twitter:label1\" content=\"Escrito por\" \/>\n\t<meta name=\"twitter:data1\" content=\"Portal Incluir\" \/>\n\t<meta name=\"twitter:label2\" content=\"Est. tempo de leitura\" \/>\n\t<meta name=\"twitter:data2\" content=\"7 minutos\" \/>\n<script type=\"application\/ld+json\" class=\"yoast-schema-graph\">{\"@context\":\"https:\\\/\\\/schema.org\",\"@graph\":[{\"@type\":[\"Article\",\"BlogPosting\"],\"@id\":\"https:\\\/\\\/portalincluir.com.br\\\/index.php\\\/2024\\\/05\\\/31\\\/mobilidade-urbana-e-acessibilidade\\\/#article\",\"isPartOf\":{\"@id\":\"https:\\\/\\\/portalincluir.com.br\\\/index.php\\\/2024\\\/05\\\/31\\\/mobilidade-urbana-e-acessibilidade\\\/\"},\"author\":{\"name\":\"Portal Incluir\",\"@id\":\"https:\\\/\\\/portalincluir.com.br\\\/#\\\/schema\\\/person\\\/8823664e5902eee555607fb75c4c35ae\"},\"headline\":\"Mobilidade Urbana e Acessibilidade\",\"datePublished\":\"2024-05-31T19:20:37+00:00\",\"mainEntityOfPage\":{\"@id\":\"https:\\\/\\\/portalincluir.com.br\\\/index.php\\\/2024\\\/05\\\/31\\\/mobilidade-urbana-e-acessibilidade\\\/\"},\"wordCount\":1488,\"image\":{\"@id\":\"https:\\\/\\\/portalincluir.com.br\\\/index.php\\\/2024\\\/05\\\/31\\\/mobilidade-urbana-e-acessibilidade\\\/#primaryimage\"},\"thumbnailUrl\":\"https:\\\/\\\/portalincluir.com.br\\\/wp-content\\\/uploads\\\/2024\\\/05\\\/cadeiraseescada.jpg\",\"articleSection\":[\"Defici\u00eancia Visual\",\"Deficifiente f\u00edsico\",\"Not\u00edcias\"],\"inLanguage\":\"pt-BR\"},{\"@type\":\"WebPage\",\"@id\":\"https:\\\/\\\/portalincluir.com.br\\\/index.php\\\/2024\\\/05\\\/31\\\/mobilidade-urbana-e-acessibilidade\\\/\",\"url\":\"https:\\\/\\\/portalincluir.com.br\\\/index.php\\\/2024\\\/05\\\/31\\\/mobilidade-urbana-e-acessibilidade\\\/\",\"name\":\"Mobilidade Urbana e Acessibilidade - PORTAL INCLUIR\",\"isPartOf\":{\"@id\":\"https:\\\/\\\/portalincluir.com.br\\\/#website\"},\"primaryImageOfPage\":{\"@id\":\"https:\\\/\\\/portalincluir.com.br\\\/index.php\\\/2024\\\/05\\\/31\\\/mobilidade-urbana-e-acessibilidade\\\/#primaryimage\"},\"image\":{\"@id\":\"https:\\\/\\\/portalincluir.com.br\\\/index.php\\\/2024\\\/05\\\/31\\\/mobilidade-urbana-e-acessibilidade\\\/#primaryimage\"},\"thumbnailUrl\":\"https:\\\/\\\/portalincluir.com.br\\\/wp-content\\\/uploads\\\/2024\\\/05\\\/cadeiraseescada.jpg\",\"datePublished\":\"2024-05-31T19:20:37+00:00\",\"author\":{\"@id\":\"https:\\\/\\\/portalincluir.com.br\\\/#\\\/schema\\\/person\\\/8823664e5902eee555607fb75c4c35ae\"},\"breadcrumb\":{\"@id\":\"https:\\\/\\\/portalincluir.com.br\\\/index.php\\\/2024\\\/05\\\/31\\\/mobilidade-urbana-e-acessibilidade\\\/#breadcrumb\"},\"inLanguage\":\"pt-BR\",\"potentialAction\":[{\"@type\":\"ReadAction\",\"target\":[\"https:\\\/\\\/portalincluir.com.br\\\/index.php\\\/2024\\\/05\\\/31\\\/mobilidade-urbana-e-acessibilidade\\\/\"]}]},{\"@type\":\"ImageObject\",\"inLanguage\":\"pt-BR\",\"@id\":\"https:\\\/\\\/portalincluir.com.br\\\/index.php\\\/2024\\\/05\\\/31\\\/mobilidade-urbana-e-acessibilidade\\\/#primaryimage\",\"url\":\"https:\\\/\\\/portalincluir.com.br\\\/wp-content\\\/uploads\\\/2024\\\/05\\\/cadeiraseescada.jpg\",\"contentUrl\":\"https:\\\/\\\/portalincluir.com.br\\\/wp-content\\\/uploads\\\/2024\\\/05\\\/cadeiraseescada.jpg\",\"width\":612,\"height\":408,\"caption\":\"disabled man on wheelchair stopped outraged in front of stairs who can't climb looking for help, raising awareness of architectural barriers and accessibility issues for people with reduced mobility\"},{\"@type\":\"BreadcrumbList\",\"@id\":\"https:\\\/\\\/portalincluir.com.br\\\/index.php\\\/2024\\\/05\\\/31\\\/mobilidade-urbana-e-acessibilidade\\\/#breadcrumb\",\"itemListElement\":[{\"@type\":\"ListItem\",\"position\":1,\"name\":\"In\u00edcio\",\"item\":\"https:\\\/\\\/portalincluir.com.br\\\/\"},{\"@type\":\"ListItem\",\"position\":2,\"name\":\"Mobilidade Urbana e Acessibilidade\"}]},{\"@type\":\"WebSite\",\"@id\":\"https:\\\/\\\/portalincluir.com.br\\\/#website\",\"url\":\"https:\\\/\\\/portalincluir.com.br\\\/\",\"name\":\"PORTAL INCLUIR\",\"description\":\"\",\"potentialAction\":[{\"@type\":\"SearchAction\",\"target\":{\"@type\":\"EntryPoint\",\"urlTemplate\":\"https:\\\/\\\/portalincluir.com.br\\\/?s={search_term_string}\"},\"query-input\":{\"@type\":\"PropertyValueSpecification\",\"valueRequired\":true,\"valueName\":\"search_term_string\"}}],\"inLanguage\":\"pt-BR\"},{\"@type\":\"Person\",\"@id\":\"https:\\\/\\\/portalincluir.com.br\\\/#\\\/schema\\\/person\\\/8823664e5902eee555607fb75c4c35ae\",\"name\":\"Portal Incluir\",\"image\":{\"@type\":\"ImageObject\",\"inLanguage\":\"pt-BR\",\"@id\":\"https:\\\/\\\/secure.gravatar.com\\\/avatar\\\/12085fe17e70c3550551519fe1f8f51fae69b1748563a47fc3bea53d91fbcbbd?s=96&d=mm&r=g\",\"url\":\"https:\\\/\\\/secure.gravatar.com\\\/avatar\\\/12085fe17e70c3550551519fe1f8f51fae69b1748563a47fc3bea53d91fbcbbd?s=96&d=mm&r=g\",\"contentUrl\":\"https:\\\/\\\/secure.gravatar.com\\\/avatar\\\/12085fe17e70c3550551519fe1f8f51fae69b1748563a47fc3bea53d91fbcbbd?s=96&d=mm&r=g\",\"caption\":\"Portal Incluir\"},\"sameAs\":[\"http:\\\/\\\/portalincluir.com.br\"],\"url\":\"https:\\\/\\\/portalincluir.com.br\\\/index.php\\\/author\\\/portalincluir-com-br\\\/\"}]}<\/script>\n<!-- \/ Yoast SEO plugin. -->","yoast_head_json":{"title":"Mobilidade Urbana e Acessibilidade - PORTAL INCLUIR","robots":{"index":"index","follow":"follow","max-snippet":"max-snippet:-1","max-image-preview":"max-image-preview:large","max-video-preview":"max-video-preview:-1"},"canonical":"https:\/\/portalincluir.com.br\/index.php\/2024\/05\/31\/mobilidade-urbana-e-acessibilidade\/","og_locale":"pt_BR","og_type":"article","og_title":"Mobilidade Urbana e Acessibilidade - PORTAL INCLUIR","og_description":"Vamos debater neste texto de hoje um assunto de muita import\u00e2ncia para o p\u00fablico PCD.","og_url":"https:\/\/portalincluir.com.br\/index.php\/2024\/05\/31\/mobilidade-urbana-e-acessibilidade\/","og_site_name":"PORTAL INCLUIR","article_published_time":"2024-05-31T19:20:37+00:00","og_image":[{"width":612,"height":408,"url":"https:\/\/portalincluir.com.br\/wp-content\/uploads\/2024\/05\/cadeiraseescada.jpg","type":"image\/jpeg"}],"author":"Portal Incluir","twitter_card":"summary_large_image","twitter_misc":{"Escrito por":"Portal Incluir","Est. tempo de leitura":"7 minutos"},"schema":{"@context":"https:\/\/schema.org","@graph":[{"@type":["Article","BlogPosting"],"@id":"https:\/\/portalincluir.com.br\/index.php\/2024\/05\/31\/mobilidade-urbana-e-acessibilidade\/#article","isPartOf":{"@id":"https:\/\/portalincluir.com.br\/index.php\/2024\/05\/31\/mobilidade-urbana-e-acessibilidade\/"},"author":{"name":"Portal Incluir","@id":"https:\/\/portalincluir.com.br\/#\/schema\/person\/8823664e5902eee555607fb75c4c35ae"},"headline":"Mobilidade Urbana e Acessibilidade","datePublished":"2024-05-31T19:20:37+00:00","mainEntityOfPage":{"@id":"https:\/\/portalincluir.com.br\/index.php\/2024\/05\/31\/mobilidade-urbana-e-acessibilidade\/"},"wordCount":1488,"image":{"@id":"https:\/\/portalincluir.com.br\/index.php\/2024\/05\/31\/mobilidade-urbana-e-acessibilidade\/#primaryimage"},"thumbnailUrl":"https:\/\/portalincluir.com.br\/wp-content\/uploads\/2024\/05\/cadeiraseescada.jpg","articleSection":["Defici\u00eancia Visual","Deficifiente f\u00edsico","Not\u00edcias"],"inLanguage":"pt-BR"},{"@type":"WebPage","@id":"https:\/\/portalincluir.com.br\/index.php\/2024\/05\/31\/mobilidade-urbana-e-acessibilidade\/","url":"https:\/\/portalincluir.com.br\/index.php\/2024\/05\/31\/mobilidade-urbana-e-acessibilidade\/","name":"Mobilidade Urbana e Acessibilidade - PORTAL INCLUIR","isPartOf":{"@id":"https:\/\/portalincluir.com.br\/#website"},"primaryImageOfPage":{"@id":"https:\/\/portalincluir.com.br\/index.php\/2024\/05\/31\/mobilidade-urbana-e-acessibilidade\/#primaryimage"},"image":{"@id":"https:\/\/portalincluir.com.br\/index.php\/2024\/05\/31\/mobilidade-urbana-e-acessibilidade\/#primaryimage"},"thumbnailUrl":"https:\/\/portalincluir.com.br\/wp-content\/uploads\/2024\/05\/cadeiraseescada.jpg","datePublished":"2024-05-31T19:20:37+00:00","author":{"@id":"https:\/\/portalincluir.com.br\/#\/schema\/person\/8823664e5902eee555607fb75c4c35ae"},"breadcrumb":{"@id":"https:\/\/portalincluir.com.br\/index.php\/2024\/05\/31\/mobilidade-urbana-e-acessibilidade\/#breadcrumb"},"inLanguage":"pt-BR","potentialAction":[{"@type":"ReadAction","target":["https:\/\/portalincluir.com.br\/index.php\/2024\/05\/31\/mobilidade-urbana-e-acessibilidade\/"]}]},{"@type":"ImageObject","inLanguage":"pt-BR","@id":"https:\/\/portalincluir.com.br\/index.php\/2024\/05\/31\/mobilidade-urbana-e-acessibilidade\/#primaryimage","url":"https:\/\/portalincluir.com.br\/wp-content\/uploads\/2024\/05\/cadeiraseescada.jpg","contentUrl":"https:\/\/portalincluir.com.br\/wp-content\/uploads\/2024\/05\/cadeiraseescada.jpg","width":612,"height":408,"caption":"disabled man on wheelchair stopped outraged in front of stairs who can't climb looking for help, raising awareness of architectural barriers and accessibility issues for people with reduced mobility"},{"@type":"BreadcrumbList","@id":"https:\/\/portalincluir.com.br\/index.php\/2024\/05\/31\/mobilidade-urbana-e-acessibilidade\/#breadcrumb","itemListElement":[{"@type":"ListItem","position":1,"name":"In\u00edcio","item":"https:\/\/portalincluir.com.br\/"},{"@type":"ListItem","position":2,"name":"Mobilidade Urbana e Acessibilidade"}]},{"@type":"WebSite","@id":"https:\/\/portalincluir.com.br\/#website","url":"https:\/\/portalincluir.com.br\/","name":"PORTAL INCLUIR","description":"","potentialAction":[{"@type":"SearchAction","target":{"@type":"EntryPoint","urlTemplate":"https:\/\/portalincluir.com.br\/?s={search_term_string}"},"query-input":{"@type":"PropertyValueSpecification","valueRequired":true,"valueName":"search_term_string"}}],"inLanguage":"pt-BR"},{"@type":"Person","@id":"https:\/\/portalincluir.com.br\/#\/schema\/person\/8823664e5902eee555607fb75c4c35ae","name":"Portal Incluir","image":{"@type":"ImageObject","inLanguage":"pt-BR","@id":"https:\/\/secure.gravatar.com\/avatar\/12085fe17e70c3550551519fe1f8f51fae69b1748563a47fc3bea53d91fbcbbd?s=96&d=mm&r=g","url":"https:\/\/secure.gravatar.com\/avatar\/12085fe17e70c3550551519fe1f8f51fae69b1748563a47fc3bea53d91fbcbbd?s=96&d=mm&r=g","contentUrl":"https:\/\/secure.gravatar.com\/avatar\/12085fe17e70c3550551519fe1f8f51fae69b1748563a47fc3bea53d91fbcbbd?s=96&d=mm&r=g","caption":"Portal Incluir"},"sameAs":["http:\/\/portalincluir.com.br"],"url":"https:\/\/portalincluir.com.br\/index.php\/author\/portalincluir-com-br\/"}]}},"_links":{"self":[{"href":"https:\/\/portalincluir.com.br\/index.php\/wp-json\/wp\/v2\/posts\/351","targetHints":{"allow":["GET"]}}],"collection":[{"href":"https:\/\/portalincluir.com.br\/index.php\/wp-json\/wp\/v2\/posts"}],"about":[{"href":"https:\/\/portalincluir.com.br\/index.php\/wp-json\/wp\/v2\/types\/post"}],"author":[{"embeddable":true,"href":"https:\/\/portalincluir.com.br\/index.php\/wp-json\/wp\/v2\/users\/1"}],"replies":[{"embeddable":true,"href":"https:\/\/portalincluir.com.br\/index.php\/wp-json\/wp\/v2\/comments?post=351"}],"version-history":[{"count":1,"href":"https:\/\/portalincluir.com.br\/index.php\/wp-json\/wp\/v2\/posts\/351\/revisions"}],"predecessor-version":[{"id":353,"href":"https:\/\/portalincluir.com.br\/index.php\/wp-json\/wp\/v2\/posts\/351\/revisions\/353"}],"wp:featuredmedia":[{"embeddable":true,"href":"https:\/\/portalincluir.com.br\/index.php\/wp-json\/wp\/v2\/media\/352"}],"wp:attachment":[{"href":"https:\/\/portalincluir.com.br\/index.php\/wp-json\/wp\/v2\/media?parent=351"}],"wp:term":[{"taxonomy":"category","embeddable":true,"href":"https:\/\/portalincluir.com.br\/index.php\/wp-json\/wp\/v2\/categories?post=351"},{"taxonomy":"post_tag","embeddable":true,"href":"https:\/\/portalincluir.com.br\/index.php\/wp-json\/wp\/v2\/tags?post=351"}],"curies":[{"name":"wp","href":"https:\/\/api.w.org\/{rel}","templated":true}]}}