{"id":354,"date":"2024-05-25T16:27:00","date_gmt":"2024-05-25T19:27:00","guid":{"rendered":"https:\/\/portalincluir.com.br\/?p=354"},"modified":"2024-05-31T16:28:14","modified_gmt":"2024-05-31T19:28:14","slug":"os-desafios-da-mobilidade-urbana-para-as-pessoas-com-deficiencia","status":"publish","type":"post","link":"https:\/\/portalincluir.com.br\/index.php\/2024\/05\/25\/os-desafios-da-mobilidade-urbana-para-as-pessoas-com-deficiencia\/","title":{"rendered":"Os desafios da Mobilidade Urbana para as pessoas com defici\u00eancia"},"content":{"rendered":"\n<p>As quest\u00f5es sobre mobilidade e acessibilidade urbana em nossa cidade s\u00e3o discutidas, cada vez mais, em diversos setores da sociedade. Em 2015, um levantamento realizado pelo Instituto Brasileiro de Geografia e Estat\u00edstica (IBGE), em parceria com o Minist\u00e9rio da Sa\u00fade, constatava que 6,2% da popula\u00e7\u00e3o possu\u00eda algum tipo de defici\u00eancia no Brasil \u2013 considerando as defici\u00eancias auditiva, visual, f\u00edsica e intelectual, a partir da consulta realizada em 64 mil domic\u00edlios, em 2013.<\/p>\n\n\n\n<p>Cada pessoa que comp\u00f5e este n\u00famero tem direito \u00e0 acessibilidade e \u00e0 mobilidade urbana, que se refletem em oportunidades de inclus\u00e3o e cidadania, realiza\u00e7\u00e3o profissional, acesso \u00e0 sa\u00fade e educa\u00e7\u00e3o, e tamb\u00e9m \u00e0 pr\u00e1tica de esportes, atividades culturais e de lazer. Este direito \u00e9 garantido pela legisla\u00e7\u00e3o, por meio da Constitui\u00e7\u00e3o Federal e da Lei n\u00ba 13.146\/2015, o Estatuto da Pessoa com Defici\u00eancia, que contemplam as instru\u00e7\u00f5es para o acesso&nbsp;a edif\u00edcios&nbsp;e transportes de uso p\u00fablico, atendimento priorit\u00e1rio e a promo\u00e7\u00e3o de medidas que suprimam barreiras e obst\u00e1culos em vias e espa\u00e7os p\u00fablicos, entre outras.<\/p>\n\n\n\n<figure class=\"wp-block-image size-full\"><img loading=\"lazy\" decoding=\"async\" width=\"800\" height=\"533\" src=\"https:\/\/portalincluir.com.br\/wp-content\/uploads\/2024\/05\/foto-reproducao-wri-brasil-e1585227800835.jpg\" alt=\"\" class=\"wp-image-355\" srcset=\"https:\/\/portalincluir.com.br\/wp-content\/uploads\/2024\/05\/foto-reproducao-wri-brasil-e1585227800835.jpg 800w, https:\/\/portalincluir.com.br\/wp-content\/uploads\/2024\/05\/foto-reproducao-wri-brasil-e1585227800835-300x200.jpg 300w, https:\/\/portalincluir.com.br\/wp-content\/uploads\/2024\/05\/foto-reproducao-wri-brasil-e1585227800835-768x512.jpg 768w\" sizes=\"auto, (max-width: 800px) 100vw, 800px\" \/><\/figure>\n\n\n\n<p class=\"has-text-align-right\"><em>Foto\/Reprodu\u00e7\u00e3o: WRI Brasil<\/em><\/p>\n\n\n\n<p>No entanto, ainda h\u00e1 um caminho longo a ser percorrido para que as pessoas com defici\u00eancia (PcD) possam exercer o direito de ir e vir. Ronaldo Esp\u00edndola, muletante e usu\u00e1rio do transporte p\u00fablico de Curitiba, conta em entrevista que chegar a determinados pontos da cidade n\u00e3o \u00e9 um grande desafio, mas a experi\u00eancia de estar nestes lugares \u00e9 prejudicada pelas condi\u00e7\u00f5es do pavimento. Ronaldo, que adquiriu a defici\u00eancia ao contrair poliomielite aos 2 anos e meio de idade, destaca que o piso em&nbsp;<em>petit pav\u00e9<\/em>&nbsp;na Pra\u00e7a Rui Barbosa j\u00e1 foi respons\u00e1vel por alguns acidentes e escorreg\u00f5es.<\/p>\n\n\n\n<p>Anderson Rodrigues dos Santos, atleta da sele\u00e7\u00e3o paraol\u00edmpica brasileira de v\u00f4lei sentado, adquiriu a defici\u00eancia f\u00edsica em acidente de tr\u00e2nsito e tamb\u00e9m destaca problemas quanto \u00e0 mobilidade. Entre os maiores desafios j\u00e1 enfrentados, Anderson cita o processo de reabilita\u00e7\u00e3o, visto que \u00e9 dif\u00edcil mudar a rotina de um momento para o outro e ter pessoas dispon\u00edveis para auxili\u00e1-lo em sua locomo\u00e7\u00e3o. Hoje, o atleta refor\u00e7a que entende a dificuldade de institui\u00e7\u00f5es p\u00fablicas e privadas para adaptar meios de transporte e locais de trabalho, mas que \u00e9 preciso se preocupar com as particularidades de cada defici\u00eancia.<\/p>\n\n\n\n<p>Apesar de terem adquirido a defici\u00eancia de formas diferentes, ambos concordam que \u00e9 essencial tratar as pessoas sem distin\u00e7\u00e3o. Ronaldo conta que nunca teve tratamento diferenciado em sua fam\u00edlia, apesar das limita\u00e7\u00f5es f\u00edsicas. Anderson, por sua vez, diz que n\u00e3o se colocar em posi\u00e7\u00e3o de v\u00edtima, mesmo com toda a mudan\u00e7a em sua vida depois do acidente, foi fundamental para a adapta\u00e7\u00e3o \u00e0 pr\u00f3tese, a volta \u00e0 rotina de trabalho e tamb\u00e9m \u00e0 pr\u00e1tica de esportes.<\/p>\n\n\n\n<p>Em entrevista ao ITTI, Junior Ongaro, presidente da Associa\u00e7\u00e3o de Deficientes F\u00edsicos do Paran\u00e1 (ADFP), refor\u00e7a que \u00e9 necess\u00e1ria uma mudan\u00e7a de consci\u00eancia em todos os setores que comp\u00f5em nossa sociedade.&nbsp;Para&nbsp;Junior, os principais desafios se referem \u00e0 arquitetura da cidade, que apesar de ser considerada de 1\u00ba mundo quando pensamos no Brasil, ainda tem muito a melhorar.<\/p>\n\n\n\n<p>Situa\u00e7\u00f5es como a falta de manuten\u00e7\u00e3o dos ve\u00edculos de transporte p\u00fablico, por exemplo, ocasiona o mal funcionamento do \u00f4nibus adaptado e deixa muitas pessoas sem a possibilidade de acessar a cidade. H\u00e1 tamb\u00e9m falta de concord\u00e2ncia entre as leis, no \u00e2mbito nacional e municipal, no seu cumprimento e fiscaliza\u00e7\u00e3o para que a mobilidade e o acesso sejam efetivos.<\/p>\n\n\n\n<p>No entanto, h\u00e1 um consenso entre os entrevistados: a solu\u00e7\u00e3o para superar as quest\u00f5es de mobilidade e acessibilidade entre as pessoas com defici\u00eancia est\u00e1 no respeito, no conhecimento e na informa\u00e7\u00e3o sobre a realidade desta parcela da popula\u00e7\u00e3o. \u201cMuitos n\u00e3o se acham aptos ou a pr\u00f3pria fam\u00edlia cria obst\u00e1culos para que a pessoa com defici\u00eancia n\u00e3o seja reinserida na sociedade. Mas com respeito,&nbsp;conhecimento&nbsp;e informa\u00e7\u00f5es corretas, elas podem fazer tudo, ainda que com certas limita\u00e7\u00f5es, e viver como qualquer pessoa\u201d, reitera Junior Ongaro.<\/p>\n\n\n\n<p>_____<\/p>\n\n\n\n<p><a><\/a>O Instituto Tecnol\u00f3gico de Transportes e Infraestrutura est\u00e1 estruturando a \u00e1rea&nbsp;<strong>Cidades e Metr\u00f3poles<\/strong>, alinhada ao Projeto&nbsp;<strong>Curitiba 2035<\/strong>, para desenvolver solu\u00e7\u00f5es sustent\u00e1veis \u2013 social, econ\u00f4mica e ambientalmente \u2013 para Curitiba e Regi\u00e3o Metropolitana. Segundo o Prof. Dr. Roberto Greg\u00f3rio da Silva Jr., superintendente do ITTI, \u00e9 necess\u00e1rio dar maior aten\u00e7\u00e3o \u00e0s pessoas com defici\u00eancia e, nesse sentido, destaca que as solu\u00e7\u00f5es de mobilidade, especialmente no transporte p\u00fablico, devem estar orientadas para propiciar maior&nbsp;acessibilidade, promovendo inclus\u00e3o e cidadania para todos.<\/p>\n\n\n\n<p>Mat\u00e9ria especial produzida por Karin Cristina da Silva, bolsista de P\u00f3s-Gradua\u00e7\u00e3o em Comunica\u00e7\u00e3o no ITTI, com a colabora\u00e7\u00e3o da Companhia Paranaense de Energia (Copel), onde trabalham os entrevistados Ronaldo Esp\u00edndola e Anderson Rodrigues dos Santos, e\u00a0da Associa\u00e7\u00e3o de Deficientes F\u00edsicos do Paran\u00e1 (ADFP).<\/p>\n\n\n\n<p>Fonte: <a href=\"https:\/\/itti.org.br\/os-desafios-da-mobilidade-urbana-para-as-pessoas-com-deficiencia\/\" target=\"_blank\" rel=\"noreferrer noopener\">Itti<\/a><\/p>\n","protected":false},"excerpt":{"rendered":"<p>As quest\u00f5es sobre mobilidade e acessibilidade urbana em nossa cidade s\u00e3o discutidas, cada vez mais,<\/p>\n","protected":false},"author":1,"featured_media":355,"comment_status":"closed","ping_status":"open","sticky":false,"template":"","format":"standard","meta":{"om_disable_all_campaigns":false,"_monsterinsights_skip_tracking":false,"_monsterinsights_sitenote_active":false,"_monsterinsights_sitenote_note":"","_monsterinsights_sitenote_category":0,"_uf_show_specific_survey":0,"_uf_disable_surveys":false,"footnotes":""},"categories":[15,16,9],"tags":[],"class_list":["post-354","post","type-post","status-publish","format-standard","has-post-thumbnail","hentry","category-deficiencia-visual","category-deficifiente-fisico","category-noticias"],"yoast_head":"<!-- This site is optimized with the Yoast SEO plugin v27.4 - https:\/\/yoast.com\/product\/yoast-seo-wordpress\/ -->\n<title>Os desafios da Mobilidade Urbana para as pessoas com defici\u00eancia - PORTAL INCLUIR<\/title>\n<meta name=\"robots\" content=\"index, follow, max-snippet:-1, max-image-preview:large, max-video-preview:-1\" \/>\n<link rel=\"canonical\" href=\"https:\/\/portalincluir.com.br\/index.php\/2024\/05\/25\/os-desafios-da-mobilidade-urbana-para-as-pessoas-com-deficiencia\/\" \/>\n<meta property=\"og:locale\" content=\"pt_BR\" \/>\n<meta property=\"og:type\" content=\"article\" \/>\n<meta property=\"og:title\" content=\"Os desafios da Mobilidade Urbana para as pessoas com defici\u00eancia - PORTAL INCLUIR\" \/>\n<meta property=\"og:description\" content=\"As quest\u00f5es sobre mobilidade e acessibilidade urbana em nossa cidade s\u00e3o discutidas, cada vez mais,\" \/>\n<meta property=\"og:url\" content=\"https:\/\/portalincluir.com.br\/index.php\/2024\/05\/25\/os-desafios-da-mobilidade-urbana-para-as-pessoas-com-deficiencia\/\" \/>\n<meta property=\"og:site_name\" content=\"PORTAL INCLUIR\" \/>\n<meta property=\"article:published_time\" content=\"2024-05-25T19:27:00+00:00\" \/>\n<meta property=\"article:modified_time\" content=\"2024-05-31T19:28:14+00:00\" \/>\n<meta property=\"og:image\" content=\"https:\/\/portalincluir.com.br\/wp-content\/uploads\/2024\/05\/foto-reproducao-wri-brasil-e1585227800835.jpg\" \/>\n\t<meta property=\"og:image:width\" content=\"800\" \/>\n\t<meta property=\"og:image:height\" content=\"533\" \/>\n\t<meta property=\"og:image:type\" content=\"image\/jpeg\" \/>\n<meta name=\"author\" content=\"Portal Incluir\" \/>\n<meta name=\"twitter:card\" content=\"summary_large_image\" \/>\n<meta name=\"twitter:label1\" content=\"Escrito por\" \/>\n\t<meta name=\"twitter:data1\" content=\"Portal Incluir\" \/>\n\t<meta name=\"twitter:label2\" content=\"Est. tempo de leitura\" \/>\n\t<meta name=\"twitter:data2\" content=\"4 minutos\" \/>\n<script type=\"application\/ld+json\" class=\"yoast-schema-graph\">{\"@context\":\"https:\\\/\\\/schema.org\",\"@graph\":[{\"@type\":[\"Article\",\"BlogPosting\"],\"@id\":\"https:\\\/\\\/portalincluir.com.br\\\/index.php\\\/2024\\\/05\\\/25\\\/os-desafios-da-mobilidade-urbana-para-as-pessoas-com-deficiencia\\\/#article\",\"isPartOf\":{\"@id\":\"https:\\\/\\\/portalincluir.com.br\\\/index.php\\\/2024\\\/05\\\/25\\\/os-desafios-da-mobilidade-urbana-para-as-pessoas-com-deficiencia\\\/\"},\"author\":{\"name\":\"Portal Incluir\",\"@id\":\"https:\\\/\\\/portalincluir.com.br\\\/#\\\/schema\\\/person\\\/8823664e5902eee555607fb75c4c35ae\"},\"headline\":\"Os desafios da Mobilidade Urbana para as pessoas com defici\u00eancia\",\"datePublished\":\"2024-05-25T19:27:00+00:00\",\"dateModified\":\"2024-05-31T19:28:14+00:00\",\"mainEntityOfPage\":{\"@id\":\"https:\\\/\\\/portalincluir.com.br\\\/index.php\\\/2024\\\/05\\\/25\\\/os-desafios-da-mobilidade-urbana-para-as-pessoas-com-deficiencia\\\/\"},\"wordCount\":881,\"image\":{\"@id\":\"https:\\\/\\\/portalincluir.com.br\\\/index.php\\\/2024\\\/05\\\/25\\\/os-desafios-da-mobilidade-urbana-para-as-pessoas-com-deficiencia\\\/#primaryimage\"},\"thumbnailUrl\":\"https:\\\/\\\/portalincluir.com.br\\\/wp-content\\\/uploads\\\/2024\\\/05\\\/foto-reproducao-wri-brasil-e1585227800835.jpg\",\"articleSection\":[\"Defici\u00eancia Visual\",\"Deficifiente f\u00edsico\",\"Not\u00edcias\"],\"inLanguage\":\"pt-BR\"},{\"@type\":\"WebPage\",\"@id\":\"https:\\\/\\\/portalincluir.com.br\\\/index.php\\\/2024\\\/05\\\/25\\\/os-desafios-da-mobilidade-urbana-para-as-pessoas-com-deficiencia\\\/\",\"url\":\"https:\\\/\\\/portalincluir.com.br\\\/index.php\\\/2024\\\/05\\\/25\\\/os-desafios-da-mobilidade-urbana-para-as-pessoas-com-deficiencia\\\/\",\"name\":\"Os desafios da Mobilidade Urbana para as pessoas com defici\u00eancia - PORTAL INCLUIR\",\"isPartOf\":{\"@id\":\"https:\\\/\\\/portalincluir.com.br\\\/#website\"},\"primaryImageOfPage\":{\"@id\":\"https:\\\/\\\/portalincluir.com.br\\\/index.php\\\/2024\\\/05\\\/25\\\/os-desafios-da-mobilidade-urbana-para-as-pessoas-com-deficiencia\\\/#primaryimage\"},\"image\":{\"@id\":\"https:\\\/\\\/portalincluir.com.br\\\/index.php\\\/2024\\\/05\\\/25\\\/os-desafios-da-mobilidade-urbana-para-as-pessoas-com-deficiencia\\\/#primaryimage\"},\"thumbnailUrl\":\"https:\\\/\\\/portalincluir.com.br\\\/wp-content\\\/uploads\\\/2024\\\/05\\\/foto-reproducao-wri-brasil-e1585227800835.jpg\",\"datePublished\":\"2024-05-25T19:27:00+00:00\",\"dateModified\":\"2024-05-31T19:28:14+00:00\",\"author\":{\"@id\":\"https:\\\/\\\/portalincluir.com.br\\\/#\\\/schema\\\/person\\\/8823664e5902eee555607fb75c4c35ae\"},\"breadcrumb\":{\"@id\":\"https:\\\/\\\/portalincluir.com.br\\\/index.php\\\/2024\\\/05\\\/25\\\/os-desafios-da-mobilidade-urbana-para-as-pessoas-com-deficiencia\\\/#breadcrumb\"},\"inLanguage\":\"pt-BR\",\"potentialAction\":[{\"@type\":\"ReadAction\",\"target\":[\"https:\\\/\\\/portalincluir.com.br\\\/index.php\\\/2024\\\/05\\\/25\\\/os-desafios-da-mobilidade-urbana-para-as-pessoas-com-deficiencia\\\/\"]}]},{\"@type\":\"ImageObject\",\"inLanguage\":\"pt-BR\",\"@id\":\"https:\\\/\\\/portalincluir.com.br\\\/index.php\\\/2024\\\/05\\\/25\\\/os-desafios-da-mobilidade-urbana-para-as-pessoas-com-deficiencia\\\/#primaryimage\",\"url\":\"https:\\\/\\\/portalincluir.com.br\\\/wp-content\\\/uploads\\\/2024\\\/05\\\/foto-reproducao-wri-brasil-e1585227800835.jpg\",\"contentUrl\":\"https:\\\/\\\/portalincluir.com.br\\\/wp-content\\\/uploads\\\/2024\\\/05\\\/foto-reproducao-wri-brasil-e1585227800835.jpg\",\"width\":800,\"height\":533},{\"@type\":\"BreadcrumbList\",\"@id\":\"https:\\\/\\\/portalincluir.com.br\\\/index.php\\\/2024\\\/05\\\/25\\\/os-desafios-da-mobilidade-urbana-para-as-pessoas-com-deficiencia\\\/#breadcrumb\",\"itemListElement\":[{\"@type\":\"ListItem\",\"position\":1,\"name\":\"In\u00edcio\",\"item\":\"https:\\\/\\\/portalincluir.com.br\\\/\"},{\"@type\":\"ListItem\",\"position\":2,\"name\":\"Os desafios da Mobilidade Urbana para as pessoas com defici\u00eancia\"}]},{\"@type\":\"WebSite\",\"@id\":\"https:\\\/\\\/portalincluir.com.br\\\/#website\",\"url\":\"https:\\\/\\\/portalincluir.com.br\\\/\",\"name\":\"PORTAL INCLUIR\",\"description\":\"\",\"potentialAction\":[{\"@type\":\"SearchAction\",\"target\":{\"@type\":\"EntryPoint\",\"urlTemplate\":\"https:\\\/\\\/portalincluir.com.br\\\/?s={search_term_string}\"},\"query-input\":{\"@type\":\"PropertyValueSpecification\",\"valueRequired\":true,\"valueName\":\"search_term_string\"}}],\"inLanguage\":\"pt-BR\"},{\"@type\":\"Person\",\"@id\":\"https:\\\/\\\/portalincluir.com.br\\\/#\\\/schema\\\/person\\\/8823664e5902eee555607fb75c4c35ae\",\"name\":\"Portal Incluir\",\"image\":{\"@type\":\"ImageObject\",\"inLanguage\":\"pt-BR\",\"@id\":\"https:\\\/\\\/secure.gravatar.com\\\/avatar\\\/12085fe17e70c3550551519fe1f8f51fae69b1748563a47fc3bea53d91fbcbbd?s=96&d=mm&r=g\",\"url\":\"https:\\\/\\\/secure.gravatar.com\\\/avatar\\\/12085fe17e70c3550551519fe1f8f51fae69b1748563a47fc3bea53d91fbcbbd?s=96&d=mm&r=g\",\"contentUrl\":\"https:\\\/\\\/secure.gravatar.com\\\/avatar\\\/12085fe17e70c3550551519fe1f8f51fae69b1748563a47fc3bea53d91fbcbbd?s=96&d=mm&r=g\",\"caption\":\"Portal Incluir\"},\"sameAs\":[\"http:\\\/\\\/portalincluir.com.br\"],\"url\":\"https:\\\/\\\/portalincluir.com.br\\\/index.php\\\/author\\\/portalincluir-com-br\\\/\"}]}<\/script>\n<!-- \/ Yoast SEO plugin. -->","yoast_head_json":{"title":"Os desafios da Mobilidade Urbana para as pessoas com defici\u00eancia - PORTAL INCLUIR","robots":{"index":"index","follow":"follow","max-snippet":"max-snippet:-1","max-image-preview":"max-image-preview:large","max-video-preview":"max-video-preview:-1"},"canonical":"https:\/\/portalincluir.com.br\/index.php\/2024\/05\/25\/os-desafios-da-mobilidade-urbana-para-as-pessoas-com-deficiencia\/","og_locale":"pt_BR","og_type":"article","og_title":"Os desafios da Mobilidade Urbana para as pessoas com defici\u00eancia - PORTAL INCLUIR","og_description":"As quest\u00f5es sobre mobilidade e acessibilidade urbana em nossa cidade s\u00e3o discutidas, cada vez mais,","og_url":"https:\/\/portalincluir.com.br\/index.php\/2024\/05\/25\/os-desafios-da-mobilidade-urbana-para-as-pessoas-com-deficiencia\/","og_site_name":"PORTAL INCLUIR","article_published_time":"2024-05-25T19:27:00+00:00","article_modified_time":"2024-05-31T19:28:14+00:00","og_image":[{"width":800,"height":533,"url":"https:\/\/portalincluir.com.br\/wp-content\/uploads\/2024\/05\/foto-reproducao-wri-brasil-e1585227800835.jpg","type":"image\/jpeg"}],"author":"Portal Incluir","twitter_card":"summary_large_image","twitter_misc":{"Escrito por":"Portal Incluir","Est. tempo de leitura":"4 minutos"},"schema":{"@context":"https:\/\/schema.org","@graph":[{"@type":["Article","BlogPosting"],"@id":"https:\/\/portalincluir.com.br\/index.php\/2024\/05\/25\/os-desafios-da-mobilidade-urbana-para-as-pessoas-com-deficiencia\/#article","isPartOf":{"@id":"https:\/\/portalincluir.com.br\/index.php\/2024\/05\/25\/os-desafios-da-mobilidade-urbana-para-as-pessoas-com-deficiencia\/"},"author":{"name":"Portal Incluir","@id":"https:\/\/portalincluir.com.br\/#\/schema\/person\/8823664e5902eee555607fb75c4c35ae"},"headline":"Os desafios da Mobilidade Urbana para as pessoas com defici\u00eancia","datePublished":"2024-05-25T19:27:00+00:00","dateModified":"2024-05-31T19:28:14+00:00","mainEntityOfPage":{"@id":"https:\/\/portalincluir.com.br\/index.php\/2024\/05\/25\/os-desafios-da-mobilidade-urbana-para-as-pessoas-com-deficiencia\/"},"wordCount":881,"image":{"@id":"https:\/\/portalincluir.com.br\/index.php\/2024\/05\/25\/os-desafios-da-mobilidade-urbana-para-as-pessoas-com-deficiencia\/#primaryimage"},"thumbnailUrl":"https:\/\/portalincluir.com.br\/wp-content\/uploads\/2024\/05\/foto-reproducao-wri-brasil-e1585227800835.jpg","articleSection":["Defici\u00eancia Visual","Deficifiente f\u00edsico","Not\u00edcias"],"inLanguage":"pt-BR"},{"@type":"WebPage","@id":"https:\/\/portalincluir.com.br\/index.php\/2024\/05\/25\/os-desafios-da-mobilidade-urbana-para-as-pessoas-com-deficiencia\/","url":"https:\/\/portalincluir.com.br\/index.php\/2024\/05\/25\/os-desafios-da-mobilidade-urbana-para-as-pessoas-com-deficiencia\/","name":"Os desafios da Mobilidade Urbana para as pessoas com defici\u00eancia - PORTAL INCLUIR","isPartOf":{"@id":"https:\/\/portalincluir.com.br\/#website"},"primaryImageOfPage":{"@id":"https:\/\/portalincluir.com.br\/index.php\/2024\/05\/25\/os-desafios-da-mobilidade-urbana-para-as-pessoas-com-deficiencia\/#primaryimage"},"image":{"@id":"https:\/\/portalincluir.com.br\/index.php\/2024\/05\/25\/os-desafios-da-mobilidade-urbana-para-as-pessoas-com-deficiencia\/#primaryimage"},"thumbnailUrl":"https:\/\/portalincluir.com.br\/wp-content\/uploads\/2024\/05\/foto-reproducao-wri-brasil-e1585227800835.jpg","datePublished":"2024-05-25T19:27:00+00:00","dateModified":"2024-05-31T19:28:14+00:00","author":{"@id":"https:\/\/portalincluir.com.br\/#\/schema\/person\/8823664e5902eee555607fb75c4c35ae"},"breadcrumb":{"@id":"https:\/\/portalincluir.com.br\/index.php\/2024\/05\/25\/os-desafios-da-mobilidade-urbana-para-as-pessoas-com-deficiencia\/#breadcrumb"},"inLanguage":"pt-BR","potentialAction":[{"@type":"ReadAction","target":["https:\/\/portalincluir.com.br\/index.php\/2024\/05\/25\/os-desafios-da-mobilidade-urbana-para-as-pessoas-com-deficiencia\/"]}]},{"@type":"ImageObject","inLanguage":"pt-BR","@id":"https:\/\/portalincluir.com.br\/index.php\/2024\/05\/25\/os-desafios-da-mobilidade-urbana-para-as-pessoas-com-deficiencia\/#primaryimage","url":"https:\/\/portalincluir.com.br\/wp-content\/uploads\/2024\/05\/foto-reproducao-wri-brasil-e1585227800835.jpg","contentUrl":"https:\/\/portalincluir.com.br\/wp-content\/uploads\/2024\/05\/foto-reproducao-wri-brasil-e1585227800835.jpg","width":800,"height":533},{"@type":"BreadcrumbList","@id":"https:\/\/portalincluir.com.br\/index.php\/2024\/05\/25\/os-desafios-da-mobilidade-urbana-para-as-pessoas-com-deficiencia\/#breadcrumb","itemListElement":[{"@type":"ListItem","position":1,"name":"In\u00edcio","item":"https:\/\/portalincluir.com.br\/"},{"@type":"ListItem","position":2,"name":"Os desafios da Mobilidade Urbana para as pessoas com defici\u00eancia"}]},{"@type":"WebSite","@id":"https:\/\/portalincluir.com.br\/#website","url":"https:\/\/portalincluir.com.br\/","name":"PORTAL INCLUIR","description":"","potentialAction":[{"@type":"SearchAction","target":{"@type":"EntryPoint","urlTemplate":"https:\/\/portalincluir.com.br\/?s={search_term_string}"},"query-input":{"@type":"PropertyValueSpecification","valueRequired":true,"valueName":"search_term_string"}}],"inLanguage":"pt-BR"},{"@type":"Person","@id":"https:\/\/portalincluir.com.br\/#\/schema\/person\/8823664e5902eee555607fb75c4c35ae","name":"Portal Incluir","image":{"@type":"ImageObject","inLanguage":"pt-BR","@id":"https:\/\/secure.gravatar.com\/avatar\/12085fe17e70c3550551519fe1f8f51fae69b1748563a47fc3bea53d91fbcbbd?s=96&d=mm&r=g","url":"https:\/\/secure.gravatar.com\/avatar\/12085fe17e70c3550551519fe1f8f51fae69b1748563a47fc3bea53d91fbcbbd?s=96&d=mm&r=g","contentUrl":"https:\/\/secure.gravatar.com\/avatar\/12085fe17e70c3550551519fe1f8f51fae69b1748563a47fc3bea53d91fbcbbd?s=96&d=mm&r=g","caption":"Portal Incluir"},"sameAs":["http:\/\/portalincluir.com.br"],"url":"https:\/\/portalincluir.com.br\/index.php\/author\/portalincluir-com-br\/"}]}},"_links":{"self":[{"href":"https:\/\/portalincluir.com.br\/index.php\/wp-json\/wp\/v2\/posts\/354","targetHints":{"allow":["GET"]}}],"collection":[{"href":"https:\/\/portalincluir.com.br\/index.php\/wp-json\/wp\/v2\/posts"}],"about":[{"href":"https:\/\/portalincluir.com.br\/index.php\/wp-json\/wp\/v2\/types\/post"}],"author":[{"embeddable":true,"href":"https:\/\/portalincluir.com.br\/index.php\/wp-json\/wp\/v2\/users\/1"}],"replies":[{"embeddable":true,"href":"https:\/\/portalincluir.com.br\/index.php\/wp-json\/wp\/v2\/comments?post=354"}],"version-history":[{"count":1,"href":"https:\/\/portalincluir.com.br\/index.php\/wp-json\/wp\/v2\/posts\/354\/revisions"}],"predecessor-version":[{"id":356,"href":"https:\/\/portalincluir.com.br\/index.php\/wp-json\/wp\/v2\/posts\/354\/revisions\/356"}],"wp:featuredmedia":[{"embeddable":true,"href":"https:\/\/portalincluir.com.br\/index.php\/wp-json\/wp\/v2\/media\/355"}],"wp:attachment":[{"href":"https:\/\/portalincluir.com.br\/index.php\/wp-json\/wp\/v2\/media?parent=354"}],"wp:term":[{"taxonomy":"category","embeddable":true,"href":"https:\/\/portalincluir.com.br\/index.php\/wp-json\/wp\/v2\/categories?post=354"},{"taxonomy":"post_tag","embeddable":true,"href":"https:\/\/portalincluir.com.br\/index.php\/wp-json\/wp\/v2\/tags?post=354"}],"curies":[{"name":"wp","href":"https:\/\/api.w.org\/{rel}","templated":true}]}}