{"id":359,"date":"2024-06-26T19:12:05","date_gmt":"2024-06-26T22:12:05","guid":{"rendered":"https:\/\/portalincluir.com.br\/?p=359"},"modified":"2024-06-26T19:28:49","modified_gmt":"2024-06-26T22:28:49","slug":"apae-conquista-uma-historia-de-dedicacao-e-amor-a-pessoas-com-deficiencia","status":"publish","type":"post","link":"https:\/\/portalincluir.com.br\/index.php\/2024\/06\/26\/apae-conquista-uma-historia-de-dedicacao-e-amor-a-pessoas-com-deficiencia\/","title":{"rendered":"APAE Conquista, uma hist\u00f3ria de dedica\u00e7\u00e3o e amor \u00e0 Pessoas com Defici\u00eancia"},"content":{"rendered":"\n<p>Em Vit\u00f3ria da Conquista a Apae completou 47 anos em 2024 e atende a 540 assistidos a partir do nascimento e sem limite de idade. Defici\u00eancia intelectual e m\u00faltipla, Transtorno do Espectro Autista, S\u00edndrome de Down (T21), Paralisia Cerebral, entre outras s\u00edndromes. S\u00e3o ofertados servi\u00e7os nas \u00e1reas da educa\u00e7\u00e3o, assist\u00eancia social, sa\u00fade e defesa de direitos atrav\u00e9s do centro de atendimentos.<\/p>\n\n\n\n<figure class=\"wp-block-image size-large is-resized\"><img decoding=\"async\" src=\"http:\/\/www.blogdorodrigoferraz.com.br\/wp-content\/uploads\/2016\/12\/apare-emprego.jpg\" alt=\"\" style=\"width:744px;height:auto\"\/><figcaption class=\"wp-element-caption\"><span style=\"color: rgb(36, 36, 36); font-family: &quot;Open Sans&quot;; font-size: 15px; text-align: center; white-space-collapse: collapse;\">Imagens: Redes sociais\/acervo<\/span><\/figcaption><\/figure>\n\n\n\n<p>O quadro de funcion\u00e1rios \u00e9 formado por uma equipe de multiprofissionais especialistas de diversas \u00e1reas e os servi\u00e7os e atividades s\u00e3o ofertados nos Centros de Atendimento.<\/p>\n\n\n\n<p>Al\u00e9m dos assistidos, a APAE conta com um trabalho de acolhimento e acompanhamento das fam\u00edlias dos assistidos atrav\u00e9s do grupo de Pais. Conta com procuradoria jur\u00eddica que atua na defesa e garantia de pessoas com defici\u00eancia, tamb\u00e9m assessorando e acompanhando fam\u00edlias em processos judiciais.<\/p>\n\n\n\n<figure class=\"wp-block-image alignright size-large is-resized\"><img decoding=\"async\" src=\"https:\/\/argus-cmvc.sfo2.digitaloceanspaces.com\/arquivo3\/2016\/05\/audiencia17_Mai_19.jpg\" alt=\"\" style=\"width:386px;height:auto\"\/><figcaption class=\"wp-element-caption\">Daisy Placha. Foto: ASCOM C\u00e2mara de Vereadores.<\/figcaption><\/figure>\n\n\n\n<p>\u201cS\u00e3o quase 50 anos se preocupando com a dignidade humana atendendo seus assistidos desde estimula\u00e7\u00e3o precoce at\u00e9 a profissionaliza\u00e7\u00e3o, buscando desenvolver as potencialidades das pessoas com defici\u00eancia, ressignificando assim as suas vidas\u201d, afirmou a diretora da APAE Conquista, Daisy Cristina Placha.<\/p>\n\n\n\n<p><strong><em>UM POUCO DE HIST\u00d3RIA<\/em><\/strong><\/p>\n\n\n\n<p>O fen\u00f4meno da \u201cdefici\u00eancia\u201d sempre foi marcado por uma forte rejei\u00e7\u00e3o, discrimina\u00e7\u00e3o e preconceito em suas ra\u00edzes hist\u00f3ricas e culturais. Diante da incapacidade do Estado em implementar pol\u00edticas p\u00fablicas sociais que assegurem a inclus\u00e3o dessas pessoas, surgem fam\u00edlias determinadas a romper paradigmas e buscar alternativas para que seus filhos com defici\u00eancia intelectual ou m\u00faltipla possam ser inclu\u00eddos na sociedade, com os mesmos direitos que qualquer outro cidad\u00e3o.<\/p>\n\n\n\n<p>Nesse cen\u00e1rio, surgiram as primeiras associa\u00e7\u00f5es de familiares e amigos, capazes de ter uma vis\u00e3o mais proativa sobre as pessoas com esse tipo de defici\u00eancia. Vivendo em um Estado alheio \u00e0s necessidades de seus membros, tinham a tarefa de educar, fornecer atendimento m\u00e9dico, suprir suas necessidades b\u00e1sicas de sobreviv\u00eancia e lutar por seus direitos, com o objetivo de inclus\u00e3o social.<\/p>\n\n\n\n<p>Foi assim que, no Brasil, essa mobiliza\u00e7\u00e3o social come\u00e7ou a oferecer servi\u00e7os de educa\u00e7\u00e3o, sa\u00fade e assist\u00eancia social \u00e0queles que precisavam, em locais que foram chamados de Associa\u00e7\u00e3o de Pais e Amigos dos Excepcionais (Apae). Essas associa\u00e7\u00f5es formaram uma rede de promo\u00e7\u00e3o e defesa dos direitos das pessoas com defici\u00eancia intelectual e m\u00faltipla, que hoje atende a mais de 350 mil pessoas com esses tipos de defici\u00eancia, organizadas em 2.178 unidades em todo o territ\u00f3rio nacional.<\/p>\n\n\n\n<p><strong>A Apae<\/strong> &#8211; Associa\u00e7\u00e3o de Pais e Amigos dos Excepcionais nasceu em 1954, no Rio de Janeiro. \u00c9 uma organiza\u00e7\u00e3o social cujo principal objetivo \u00e9 promover a aten\u00e7\u00e3o integral \u00e0 pessoa com defici\u00eancia, prioritariamente aquela com defici\u00eancia intelectual e m\u00faltipla<\/p>\n\n\n\n<p>Uma pesquisa realizada pelo Instituto Qualibest em 2006, a pedido da Federa\u00e7\u00e3o Nacional das Apaes, mostrou que a Apae \u00e9 conhecida por 87% dos entrevistados e considerada confi\u00e1vel por 93% deles. S\u00e3o resultados expressivos que refletem o trabalho e as conquistas do Movimento Apaeano na luta pelos direitos das pessoas com defici\u00eancia.<\/p>\n\n\n\n<p>No Brasil, de acordo com o Censo IBGE 2010, existem 45.606.048 pessoas com defici\u00eancia, o que equivale a 23,9% da popula\u00e7\u00e3o do pa\u00eds. 18,60% foram declaradas pessoas com defici\u00eancia visual, 7% com defici\u00eancia motora, 5,10% com defici\u00eancia auditiva e 1,40% com defici\u00eancia mental.<\/p>\n","protected":false},"excerpt":{"rendered":"<p>Em Vit\u00f3ria da Conquista a Apae completou 47 anos em 2024 e atende a 540<\/p>\n","protected":false},"author":1,"featured_media":360,"comment_status":"closed","ping_status":"open","sticky":false,"template":"","format":"standard","meta":{"om_disable_all_campaigns":false,"_monsterinsights_skip_tracking":false,"_monsterinsights_sitenote_active":false,"_monsterinsights_sitenote_note":"","_monsterinsights_sitenote_category":0,"_uf_show_specific_survey":0,"_uf_disable_surveys":false,"footnotes":""},"categories":[9],"tags":[],"class_list":["post-359","post","type-post","status-publish","format-standard","has-post-thumbnail","hentry","category-noticias"],"yoast_head":"<!-- This site is optimized with the Yoast SEO plugin v27.4 - https:\/\/yoast.com\/product\/yoast-seo-wordpress\/ -->\n<title>APAE Conquista, uma hist\u00f3ria de dedica\u00e7\u00e3o e amor \u00e0 Pessoas com Defici\u00eancia - PORTAL INCLUIR<\/title>\n<meta name=\"robots\" content=\"index, follow, max-snippet:-1, max-image-preview:large, max-video-preview:-1\" \/>\n<link rel=\"canonical\" href=\"https:\/\/portalincluir.com.br\/index.php\/2024\/06\/26\/apae-conquista-uma-historia-de-dedicacao-e-amor-a-pessoas-com-deficiencia\/\" \/>\n<meta property=\"og:locale\" content=\"pt_BR\" \/>\n<meta property=\"og:type\" content=\"article\" \/>\n<meta property=\"og:title\" content=\"APAE Conquista, uma hist\u00f3ria de dedica\u00e7\u00e3o e amor \u00e0 Pessoas com Defici\u00eancia - PORTAL INCLUIR\" \/>\n<meta property=\"og:description\" content=\"Em Vit\u00f3ria da Conquista a Apae completou 47 anos em 2024 e atende a 540\" \/>\n<meta property=\"og:url\" content=\"https:\/\/portalincluir.com.br\/index.php\/2024\/06\/26\/apae-conquista-uma-historia-de-dedicacao-e-amor-a-pessoas-com-deficiencia\/\" \/>\n<meta property=\"og:site_name\" content=\"PORTAL INCLUIR\" \/>\n<meta property=\"article:published_time\" content=\"2024-06-26T22:12:05+00:00\" \/>\n<meta property=\"article:modified_time\" content=\"2024-06-26T22:28:49+00:00\" \/>\n<meta property=\"og:image\" content=\"https:\/\/portalincluir.com.br\/wp-content\/uploads\/2024\/06\/apare-emprego1.jpg\" \/>\n\t<meta property=\"og:image:width\" content=\"500\" \/>\n\t<meta property=\"og:image:height\" content=\"310\" \/>\n\t<meta property=\"og:image:type\" content=\"image\/jpeg\" \/>\n<meta name=\"author\" content=\"Portal Incluir\" \/>\n<meta name=\"twitter:card\" content=\"summary_large_image\" \/>\n<meta name=\"twitter:label1\" content=\"Escrito por\" \/>\n\t<meta name=\"twitter:data1\" content=\"Portal Incluir\" \/>\n\t<meta name=\"twitter:label2\" content=\"Est. tempo de leitura\" \/>\n\t<meta name=\"twitter:data2\" content=\"3 minutos\" \/>\n<script type=\"application\/ld+json\" class=\"yoast-schema-graph\">{\"@context\":\"https:\\\/\\\/schema.org\",\"@graph\":[{\"@type\":[\"Article\",\"BlogPosting\"],\"@id\":\"https:\\\/\\\/portalincluir.com.br\\\/index.php\\\/2024\\\/06\\\/26\\\/apae-conquista-uma-historia-de-dedicacao-e-amor-a-pessoas-com-deficiencia\\\/#article\",\"isPartOf\":{\"@id\":\"https:\\\/\\\/portalincluir.com.br\\\/index.php\\\/2024\\\/06\\\/26\\\/apae-conquista-uma-historia-de-dedicacao-e-amor-a-pessoas-com-deficiencia\\\/\"},\"author\":{\"name\":\"Portal Incluir\",\"@id\":\"https:\\\/\\\/portalincluir.com.br\\\/#\\\/schema\\\/person\\\/8823664e5902eee555607fb75c4c35ae\"},\"headline\":\"APAE Conquista, uma hist\u00f3ria de dedica\u00e7\u00e3o e amor \u00e0 Pessoas com Defici\u00eancia\",\"datePublished\":\"2024-06-26T22:12:05+00:00\",\"dateModified\":\"2024-06-26T22:28:49+00:00\",\"mainEntityOfPage\":{\"@id\":\"https:\\\/\\\/portalincluir.com.br\\\/index.php\\\/2024\\\/06\\\/26\\\/apae-conquista-uma-historia-de-dedicacao-e-amor-a-pessoas-com-deficiencia\\\/\"},\"wordCount\":596,\"image\":{\"@id\":\"https:\\\/\\\/portalincluir.com.br\\\/index.php\\\/2024\\\/06\\\/26\\\/apae-conquista-uma-historia-de-dedicacao-e-amor-a-pessoas-com-deficiencia\\\/#primaryimage\"},\"thumbnailUrl\":\"https:\\\/\\\/portalincluir.com.br\\\/wp-content\\\/uploads\\\/2024\\\/06\\\/apare-emprego1.jpg\",\"articleSection\":[\"Not\u00edcias\"],\"inLanguage\":\"pt-BR\"},{\"@type\":\"WebPage\",\"@id\":\"https:\\\/\\\/portalincluir.com.br\\\/index.php\\\/2024\\\/06\\\/26\\\/apae-conquista-uma-historia-de-dedicacao-e-amor-a-pessoas-com-deficiencia\\\/\",\"url\":\"https:\\\/\\\/portalincluir.com.br\\\/index.php\\\/2024\\\/06\\\/26\\\/apae-conquista-uma-historia-de-dedicacao-e-amor-a-pessoas-com-deficiencia\\\/\",\"name\":\"APAE Conquista, uma hist\u00f3ria de dedica\u00e7\u00e3o e amor \u00e0 Pessoas com Defici\u00eancia - PORTAL INCLUIR\",\"isPartOf\":{\"@id\":\"https:\\\/\\\/portalincluir.com.br\\\/#website\"},\"primaryImageOfPage\":{\"@id\":\"https:\\\/\\\/portalincluir.com.br\\\/index.php\\\/2024\\\/06\\\/26\\\/apae-conquista-uma-historia-de-dedicacao-e-amor-a-pessoas-com-deficiencia\\\/#primaryimage\"},\"image\":{\"@id\":\"https:\\\/\\\/portalincluir.com.br\\\/index.php\\\/2024\\\/06\\\/26\\\/apae-conquista-uma-historia-de-dedicacao-e-amor-a-pessoas-com-deficiencia\\\/#primaryimage\"},\"thumbnailUrl\":\"https:\\\/\\\/portalincluir.com.br\\\/wp-content\\\/uploads\\\/2024\\\/06\\\/apare-emprego1.jpg\",\"datePublished\":\"2024-06-26T22:12:05+00:00\",\"dateModified\":\"2024-06-26T22:28:49+00:00\",\"author\":{\"@id\":\"https:\\\/\\\/portalincluir.com.br\\\/#\\\/schema\\\/person\\\/8823664e5902eee555607fb75c4c35ae\"},\"breadcrumb\":{\"@id\":\"https:\\\/\\\/portalincluir.com.br\\\/index.php\\\/2024\\\/06\\\/26\\\/apae-conquista-uma-historia-de-dedicacao-e-amor-a-pessoas-com-deficiencia\\\/#breadcrumb\"},\"inLanguage\":\"pt-BR\",\"potentialAction\":[{\"@type\":\"ReadAction\",\"target\":[\"https:\\\/\\\/portalincluir.com.br\\\/index.php\\\/2024\\\/06\\\/26\\\/apae-conquista-uma-historia-de-dedicacao-e-amor-a-pessoas-com-deficiencia\\\/\"]}]},{\"@type\":\"ImageObject\",\"inLanguage\":\"pt-BR\",\"@id\":\"https:\\\/\\\/portalincluir.com.br\\\/index.php\\\/2024\\\/06\\\/26\\\/apae-conquista-uma-historia-de-dedicacao-e-amor-a-pessoas-com-deficiencia\\\/#primaryimage\",\"url\":\"https:\\\/\\\/portalincluir.com.br\\\/wp-content\\\/uploads\\\/2024\\\/06\\\/apare-emprego1.jpg\",\"contentUrl\":\"https:\\\/\\\/portalincluir.com.br\\\/wp-content\\\/uploads\\\/2024\\\/06\\\/apare-emprego1.jpg\",\"width\":500,\"height\":310},{\"@type\":\"BreadcrumbList\",\"@id\":\"https:\\\/\\\/portalincluir.com.br\\\/index.php\\\/2024\\\/06\\\/26\\\/apae-conquista-uma-historia-de-dedicacao-e-amor-a-pessoas-com-deficiencia\\\/#breadcrumb\",\"itemListElement\":[{\"@type\":\"ListItem\",\"position\":1,\"name\":\"In\u00edcio\",\"item\":\"https:\\\/\\\/portalincluir.com.br\\\/\"},{\"@type\":\"ListItem\",\"position\":2,\"name\":\"APAE Conquista, uma hist\u00f3ria de dedica\u00e7\u00e3o e amor \u00e0 Pessoas com Defici\u00eancia\"}]},{\"@type\":\"WebSite\",\"@id\":\"https:\\\/\\\/portalincluir.com.br\\\/#website\",\"url\":\"https:\\\/\\\/portalincluir.com.br\\\/\",\"name\":\"PORTAL INCLUIR\",\"description\":\"\",\"potentialAction\":[{\"@type\":\"SearchAction\",\"target\":{\"@type\":\"EntryPoint\",\"urlTemplate\":\"https:\\\/\\\/portalincluir.com.br\\\/?s={search_term_string}\"},\"query-input\":{\"@type\":\"PropertyValueSpecification\",\"valueRequired\":true,\"valueName\":\"search_term_string\"}}],\"inLanguage\":\"pt-BR\"},{\"@type\":\"Person\",\"@id\":\"https:\\\/\\\/portalincluir.com.br\\\/#\\\/schema\\\/person\\\/8823664e5902eee555607fb75c4c35ae\",\"name\":\"Portal Incluir\",\"image\":{\"@type\":\"ImageObject\",\"inLanguage\":\"pt-BR\",\"@id\":\"https:\\\/\\\/secure.gravatar.com\\\/avatar\\\/12085fe17e70c3550551519fe1f8f51fae69b1748563a47fc3bea53d91fbcbbd?s=96&d=mm&r=g\",\"url\":\"https:\\\/\\\/secure.gravatar.com\\\/avatar\\\/12085fe17e70c3550551519fe1f8f51fae69b1748563a47fc3bea53d91fbcbbd?s=96&d=mm&r=g\",\"contentUrl\":\"https:\\\/\\\/secure.gravatar.com\\\/avatar\\\/12085fe17e70c3550551519fe1f8f51fae69b1748563a47fc3bea53d91fbcbbd?s=96&d=mm&r=g\",\"caption\":\"Portal Incluir\"},\"sameAs\":[\"http:\\\/\\\/portalincluir.com.br\"],\"url\":\"https:\\\/\\\/portalincluir.com.br\\\/index.php\\\/author\\\/portalincluir-com-br\\\/\"}]}<\/script>\n<!-- \/ Yoast SEO plugin. -->","yoast_head_json":{"title":"APAE Conquista, uma hist\u00f3ria de dedica\u00e7\u00e3o e amor \u00e0 Pessoas com Defici\u00eancia - PORTAL INCLUIR","robots":{"index":"index","follow":"follow","max-snippet":"max-snippet:-1","max-image-preview":"max-image-preview:large","max-video-preview":"max-video-preview:-1"},"canonical":"https:\/\/portalincluir.com.br\/index.php\/2024\/06\/26\/apae-conquista-uma-historia-de-dedicacao-e-amor-a-pessoas-com-deficiencia\/","og_locale":"pt_BR","og_type":"article","og_title":"APAE Conquista, uma hist\u00f3ria de dedica\u00e7\u00e3o e amor \u00e0 Pessoas com Defici\u00eancia - PORTAL INCLUIR","og_description":"Em Vit\u00f3ria da Conquista a Apae completou 47 anos em 2024 e atende a 540","og_url":"https:\/\/portalincluir.com.br\/index.php\/2024\/06\/26\/apae-conquista-uma-historia-de-dedicacao-e-amor-a-pessoas-com-deficiencia\/","og_site_name":"PORTAL INCLUIR","article_published_time":"2024-06-26T22:12:05+00:00","article_modified_time":"2024-06-26T22:28:49+00:00","og_image":[{"width":500,"height":310,"url":"https:\/\/portalincluir.com.br\/wp-content\/uploads\/2024\/06\/apare-emprego1.jpg","type":"image\/jpeg"}],"author":"Portal Incluir","twitter_card":"summary_large_image","twitter_misc":{"Escrito por":"Portal Incluir","Est. tempo de leitura":"3 minutos"},"schema":{"@context":"https:\/\/schema.org","@graph":[{"@type":["Article","BlogPosting"],"@id":"https:\/\/portalincluir.com.br\/index.php\/2024\/06\/26\/apae-conquista-uma-historia-de-dedicacao-e-amor-a-pessoas-com-deficiencia\/#article","isPartOf":{"@id":"https:\/\/portalincluir.com.br\/index.php\/2024\/06\/26\/apae-conquista-uma-historia-de-dedicacao-e-amor-a-pessoas-com-deficiencia\/"},"author":{"name":"Portal Incluir","@id":"https:\/\/portalincluir.com.br\/#\/schema\/person\/8823664e5902eee555607fb75c4c35ae"},"headline":"APAE Conquista, uma hist\u00f3ria de dedica\u00e7\u00e3o e amor \u00e0 Pessoas com Defici\u00eancia","datePublished":"2024-06-26T22:12:05+00:00","dateModified":"2024-06-26T22:28:49+00:00","mainEntityOfPage":{"@id":"https:\/\/portalincluir.com.br\/index.php\/2024\/06\/26\/apae-conquista-uma-historia-de-dedicacao-e-amor-a-pessoas-com-deficiencia\/"},"wordCount":596,"image":{"@id":"https:\/\/portalincluir.com.br\/index.php\/2024\/06\/26\/apae-conquista-uma-historia-de-dedicacao-e-amor-a-pessoas-com-deficiencia\/#primaryimage"},"thumbnailUrl":"https:\/\/portalincluir.com.br\/wp-content\/uploads\/2024\/06\/apare-emprego1.jpg","articleSection":["Not\u00edcias"],"inLanguage":"pt-BR"},{"@type":"WebPage","@id":"https:\/\/portalincluir.com.br\/index.php\/2024\/06\/26\/apae-conquista-uma-historia-de-dedicacao-e-amor-a-pessoas-com-deficiencia\/","url":"https:\/\/portalincluir.com.br\/index.php\/2024\/06\/26\/apae-conquista-uma-historia-de-dedicacao-e-amor-a-pessoas-com-deficiencia\/","name":"APAE Conquista, uma hist\u00f3ria de dedica\u00e7\u00e3o e amor \u00e0 Pessoas com Defici\u00eancia - PORTAL INCLUIR","isPartOf":{"@id":"https:\/\/portalincluir.com.br\/#website"},"primaryImageOfPage":{"@id":"https:\/\/portalincluir.com.br\/index.php\/2024\/06\/26\/apae-conquista-uma-historia-de-dedicacao-e-amor-a-pessoas-com-deficiencia\/#primaryimage"},"image":{"@id":"https:\/\/portalincluir.com.br\/index.php\/2024\/06\/26\/apae-conquista-uma-historia-de-dedicacao-e-amor-a-pessoas-com-deficiencia\/#primaryimage"},"thumbnailUrl":"https:\/\/portalincluir.com.br\/wp-content\/uploads\/2024\/06\/apare-emprego1.jpg","datePublished":"2024-06-26T22:12:05+00:00","dateModified":"2024-06-26T22:28:49+00:00","author":{"@id":"https:\/\/portalincluir.com.br\/#\/schema\/person\/8823664e5902eee555607fb75c4c35ae"},"breadcrumb":{"@id":"https:\/\/portalincluir.com.br\/index.php\/2024\/06\/26\/apae-conquista-uma-historia-de-dedicacao-e-amor-a-pessoas-com-deficiencia\/#breadcrumb"},"inLanguage":"pt-BR","potentialAction":[{"@type":"ReadAction","target":["https:\/\/portalincluir.com.br\/index.php\/2024\/06\/26\/apae-conquista-uma-historia-de-dedicacao-e-amor-a-pessoas-com-deficiencia\/"]}]},{"@type":"ImageObject","inLanguage":"pt-BR","@id":"https:\/\/portalincluir.com.br\/index.php\/2024\/06\/26\/apae-conquista-uma-historia-de-dedicacao-e-amor-a-pessoas-com-deficiencia\/#primaryimage","url":"https:\/\/portalincluir.com.br\/wp-content\/uploads\/2024\/06\/apare-emprego1.jpg","contentUrl":"https:\/\/portalincluir.com.br\/wp-content\/uploads\/2024\/06\/apare-emprego1.jpg","width":500,"height":310},{"@type":"BreadcrumbList","@id":"https:\/\/portalincluir.com.br\/index.php\/2024\/06\/26\/apae-conquista-uma-historia-de-dedicacao-e-amor-a-pessoas-com-deficiencia\/#breadcrumb","itemListElement":[{"@type":"ListItem","position":1,"name":"In\u00edcio","item":"https:\/\/portalincluir.com.br\/"},{"@type":"ListItem","position":2,"name":"APAE Conquista, uma hist\u00f3ria de dedica\u00e7\u00e3o e amor \u00e0 Pessoas com Defici\u00eancia"}]},{"@type":"WebSite","@id":"https:\/\/portalincluir.com.br\/#website","url":"https:\/\/portalincluir.com.br\/","name":"PORTAL INCLUIR","description":"","potentialAction":[{"@type":"SearchAction","target":{"@type":"EntryPoint","urlTemplate":"https:\/\/portalincluir.com.br\/?s={search_term_string}"},"query-input":{"@type":"PropertyValueSpecification","valueRequired":true,"valueName":"search_term_string"}}],"inLanguage":"pt-BR"},{"@type":"Person","@id":"https:\/\/portalincluir.com.br\/#\/schema\/person\/8823664e5902eee555607fb75c4c35ae","name":"Portal Incluir","image":{"@type":"ImageObject","inLanguage":"pt-BR","@id":"https:\/\/secure.gravatar.com\/avatar\/12085fe17e70c3550551519fe1f8f51fae69b1748563a47fc3bea53d91fbcbbd?s=96&d=mm&r=g","url":"https:\/\/secure.gravatar.com\/avatar\/12085fe17e70c3550551519fe1f8f51fae69b1748563a47fc3bea53d91fbcbbd?s=96&d=mm&r=g","contentUrl":"https:\/\/secure.gravatar.com\/avatar\/12085fe17e70c3550551519fe1f8f51fae69b1748563a47fc3bea53d91fbcbbd?s=96&d=mm&r=g","caption":"Portal Incluir"},"sameAs":["http:\/\/portalincluir.com.br"],"url":"https:\/\/portalincluir.com.br\/index.php\/author\/portalincluir-com-br\/"}]}},"_links":{"self":[{"href":"https:\/\/portalincluir.com.br\/index.php\/wp-json\/wp\/v2\/posts\/359","targetHints":{"allow":["GET"]}}],"collection":[{"href":"https:\/\/portalincluir.com.br\/index.php\/wp-json\/wp\/v2\/posts"}],"about":[{"href":"https:\/\/portalincluir.com.br\/index.php\/wp-json\/wp\/v2\/types\/post"}],"author":[{"embeddable":true,"href":"https:\/\/portalincluir.com.br\/index.php\/wp-json\/wp\/v2\/users\/1"}],"replies":[{"embeddable":true,"href":"https:\/\/portalincluir.com.br\/index.php\/wp-json\/wp\/v2\/comments?post=359"}],"version-history":[{"count":3,"href":"https:\/\/portalincluir.com.br\/index.php\/wp-json\/wp\/v2\/posts\/359\/revisions"}],"predecessor-version":[{"id":363,"href":"https:\/\/portalincluir.com.br\/index.php\/wp-json\/wp\/v2\/posts\/359\/revisions\/363"}],"wp:featuredmedia":[{"embeddable":true,"href":"https:\/\/portalincluir.com.br\/index.php\/wp-json\/wp\/v2\/media\/360"}],"wp:attachment":[{"href":"https:\/\/portalincluir.com.br\/index.php\/wp-json\/wp\/v2\/media?parent=359"}],"wp:term":[{"taxonomy":"category","embeddable":true,"href":"https:\/\/portalincluir.com.br\/index.php\/wp-json\/wp\/v2\/categories?post=359"},{"taxonomy":"post_tag","embeddable":true,"href":"https:\/\/portalincluir.com.br\/index.php\/wp-json\/wp\/v2\/tags?post=359"}],"curies":[{"name":"wp","href":"https:\/\/api.w.org\/{rel}","templated":true}]}}