{"id":365,"date":"2024-06-27T21:53:30","date_gmt":"2024-06-28T00:53:30","guid":{"rendered":"https:\/\/portalincluir.com.br\/?p=365"},"modified":"2024-06-27T21:53:30","modified_gmt":"2024-06-28T00:53:30","slug":"vagas-de-estacionamento-para-pcd","status":"publish","type":"post","link":"https:\/\/portalincluir.com.br\/index.php\/2024\/06\/27\/vagas-de-estacionamento-para-pcd\/","title":{"rendered":"Vagas de estacionamento para PcD"},"content":{"rendered":"\n<p>Que tal usar a nomenclatura correta?<\/p>\n\n\n\n<figure class=\"wp-block-embed is-type-video is-provider-youtube wp-block-embed-youtube wp-embed-aspect-16-9 wp-has-aspect-ratio\"><div class=\"wp-block-embed__wrapper\">\n<iframe loading=\"lazy\" title=\"Vagas de estacionamento para PcD\" width=\"640\" height=\"360\" src=\"https:\/\/www.youtube.com\/embed\/F7ugajHqEPw?feature=oembed\" frameborder=\"0\" allow=\"accelerometer; autoplay; clipboard-write; encrypted-media; gyroscope; picture-in-picture; web-share\" referrerpolicy=\"strict-origin-when-cross-origin\" allowfullscreen><\/iframe>\n<\/div><\/figure>\n\n\n\n<p>No lugar de &#8220;Vaga para Deficiente F\u00edsico&#8221;, usar Vaga PcD, pois esse \u00e9 o termo correto (Pessoa com Defici\u00eancia). Inclusive alguns locais ainda utilizam \u201cVagas para PNE&#8221;, que \u00e9 um termo que j\u00e1 caiu em desuso desde 2010.<\/p>\n\n\n\n<p>N\u00e3o h\u00e1 necessidade de se colocar \u201cs\u201d quando usamos o plural, e o \u201cc\u201d \u00e9 sempre min\u00fasculo. Este termo \u00e9 usado em \u00e2mbito mundial. Em espanhol: PcD \u2013 persona con discapacidad, em ingl\u00eas: PwD \u2013 person with a disability, persons with disabilities, people with disabilities.<\/p>\n\n\n\n<p>E quem s\u00e3o as Pessoas com Defici\u00eancia? Pessoa com defici\u00eancia \u00e9 aquela que tem impedimentos de longo prazo, de natureza f\u00edsica, mental, intelectual ou sensorial que, em intera\u00e7\u00e3o com diversas barreiras, podem ter obstru\u00edda sua participa\u00e7\u00e3o plena e efetiva na sociedade, em igualdade de condi\u00e7\u00f5es com as demais pessoas. O conceito est\u00e1 expresso no art. 1\u00ba da Conven\u00e7\u00e3o sobre os Direitos das Pessoas com Defici\u00eancia, aprovado pela Assembleia Geral da ONU, em 2006.<\/p>\n\n\n\n<p>Portanto \u00e9 hora de ATUALIZAR e mudar a nomenclatura nas vagas para estacionamento.<\/p>\n","protected":false},"excerpt":{"rendered":"<p>Que tal usar a nomenclatura correta? No lugar de &#8220;Vaga para Deficiente F\u00edsico&#8221;, usar Vaga<\/p>\n","protected":false},"author":1,"featured_media":366,"comment_status":"closed","ping_status":"open","sticky":false,"template":"","format":"standard","meta":{"om_disable_all_campaigns":false,"_monsterinsights_skip_tracking":false,"_monsterinsights_sitenote_active":false,"_monsterinsights_sitenote_note":"","_monsterinsights_sitenote_category":0,"_uf_show_specific_survey":0,"_uf_disable_surveys":false,"footnotes":""},"categories":[9],"tags":[],"class_list":["post-365","post","type-post","status-publish","format-standard","has-post-thumbnail","hentry","category-noticias"],"yoast_head":"<!-- This site is optimized with the Yoast SEO plugin v27.4 - https:\/\/yoast.com\/product\/yoast-seo-wordpress\/ -->\n<title>Vagas de estacionamento para PcD - PORTAL INCLUIR<\/title>\n<meta name=\"robots\" content=\"index, follow, max-snippet:-1, max-image-preview:large, max-video-preview:-1\" \/>\n<link rel=\"canonical\" href=\"https:\/\/portalincluir.com.br\/index.php\/2024\/06\/27\/vagas-de-estacionamento-para-pcd\/\" \/>\n<meta property=\"og:locale\" content=\"pt_BR\" \/>\n<meta property=\"og:type\" content=\"article\" \/>\n<meta property=\"og:title\" content=\"Vagas de estacionamento para PcD - PORTAL INCLUIR\" \/>\n<meta property=\"og:description\" content=\"Que tal usar a nomenclatura correta? No lugar de &#8220;Vaga para Deficiente F\u00edsico&#8221;, usar Vaga\" \/>\n<meta property=\"og:url\" content=\"https:\/\/portalincluir.com.br\/index.php\/2024\/06\/27\/vagas-de-estacionamento-para-pcd\/\" \/>\n<meta property=\"og:site_name\" content=\"PORTAL INCLUIR\" \/>\n<meta property=\"article:published_time\" content=\"2024-06-28T00:53:30+00:00\" \/>\n<meta property=\"og:image\" content=\"https:\/\/portalincluir.com.br\/wp-content\/uploads\/2024\/06\/WhatsApp-Image-2021-08-06-at-10.39.39-PAULO-MORAIS1.jpeg\" \/>\n\t<meta property=\"og:image:width\" content=\"1280\" \/>\n\t<meta property=\"og:image:height\" content=\"853\" \/>\n\t<meta property=\"og:image:type\" content=\"image\/jpeg\" \/>\n<meta name=\"author\" content=\"Portal Incluir\" \/>\n<meta name=\"twitter:card\" content=\"summary_large_image\" \/>\n<meta name=\"twitter:label1\" content=\"Escrito por\" \/>\n\t<meta name=\"twitter:data1\" content=\"Portal Incluir\" \/>\n\t<meta name=\"twitter:label2\" content=\"Est. tempo de leitura\" \/>\n\t<meta name=\"twitter:data2\" content=\"1 minuto\" \/>\n<script type=\"application\/ld+json\" class=\"yoast-schema-graph\">{\"@context\":\"https:\\\/\\\/schema.org\",\"@graph\":[{\"@type\":[\"Article\",\"BlogPosting\"],\"@id\":\"https:\\\/\\\/portalincluir.com.br\\\/index.php\\\/2024\\\/06\\\/27\\\/vagas-de-estacionamento-para-pcd\\\/#article\",\"isPartOf\":{\"@id\":\"https:\\\/\\\/portalincluir.com.br\\\/index.php\\\/2024\\\/06\\\/27\\\/vagas-de-estacionamento-para-pcd\\\/\"},\"author\":{\"name\":\"Portal Incluir\",\"@id\":\"https:\\\/\\\/portalincluir.com.br\\\/#\\\/schema\\\/person\\\/8823664e5902eee555607fb75c4c35ae\"},\"headline\":\"Vagas de estacionamento para PcD\",\"datePublished\":\"2024-06-28T00:53:30+00:00\",\"mainEntityOfPage\":{\"@id\":\"https:\\\/\\\/portalincluir.com.br\\\/index.php\\\/2024\\\/06\\\/27\\\/vagas-de-estacionamento-para-pcd\\\/\"},\"wordCount\":192,\"image\":{\"@id\":\"https:\\\/\\\/portalincluir.com.br\\\/index.php\\\/2024\\\/06\\\/27\\\/vagas-de-estacionamento-para-pcd\\\/#primaryimage\"},\"thumbnailUrl\":\"https:\\\/\\\/portalincluir.com.br\\\/wp-content\\\/uploads\\\/2024\\\/06\\\/WhatsApp-Image-2021-08-06-at-10.39.39-PAULO-MORAIS1.jpeg\",\"articleSection\":[\"Not\u00edcias\"],\"inLanguage\":\"pt-BR\"},{\"@type\":\"WebPage\",\"@id\":\"https:\\\/\\\/portalincluir.com.br\\\/index.php\\\/2024\\\/06\\\/27\\\/vagas-de-estacionamento-para-pcd\\\/\",\"url\":\"https:\\\/\\\/portalincluir.com.br\\\/index.php\\\/2024\\\/06\\\/27\\\/vagas-de-estacionamento-para-pcd\\\/\",\"name\":\"Vagas de estacionamento para PcD - PORTAL INCLUIR\",\"isPartOf\":{\"@id\":\"https:\\\/\\\/portalincluir.com.br\\\/#website\"},\"primaryImageOfPage\":{\"@id\":\"https:\\\/\\\/portalincluir.com.br\\\/index.php\\\/2024\\\/06\\\/27\\\/vagas-de-estacionamento-para-pcd\\\/#primaryimage\"},\"image\":{\"@id\":\"https:\\\/\\\/portalincluir.com.br\\\/index.php\\\/2024\\\/06\\\/27\\\/vagas-de-estacionamento-para-pcd\\\/#primaryimage\"},\"thumbnailUrl\":\"https:\\\/\\\/portalincluir.com.br\\\/wp-content\\\/uploads\\\/2024\\\/06\\\/WhatsApp-Image-2021-08-06-at-10.39.39-PAULO-MORAIS1.jpeg\",\"datePublished\":\"2024-06-28T00:53:30+00:00\",\"author\":{\"@id\":\"https:\\\/\\\/portalincluir.com.br\\\/#\\\/schema\\\/person\\\/8823664e5902eee555607fb75c4c35ae\"},\"breadcrumb\":{\"@id\":\"https:\\\/\\\/portalincluir.com.br\\\/index.php\\\/2024\\\/06\\\/27\\\/vagas-de-estacionamento-para-pcd\\\/#breadcrumb\"},\"inLanguage\":\"pt-BR\",\"potentialAction\":[{\"@type\":\"ReadAction\",\"target\":[\"https:\\\/\\\/portalincluir.com.br\\\/index.php\\\/2024\\\/06\\\/27\\\/vagas-de-estacionamento-para-pcd\\\/\"]}]},{\"@type\":\"ImageObject\",\"inLanguage\":\"pt-BR\",\"@id\":\"https:\\\/\\\/portalincluir.com.br\\\/index.php\\\/2024\\\/06\\\/27\\\/vagas-de-estacionamento-para-pcd\\\/#primaryimage\",\"url\":\"https:\\\/\\\/portalincluir.com.br\\\/wp-content\\\/uploads\\\/2024\\\/06\\\/WhatsApp-Image-2021-08-06-at-10.39.39-PAULO-MORAIS1.jpeg\",\"contentUrl\":\"https:\\\/\\\/portalincluir.com.br\\\/wp-content\\\/uploads\\\/2024\\\/06\\\/WhatsApp-Image-2021-08-06-at-10.39.39-PAULO-MORAIS1.jpeg\",\"width\":1280,\"height\":853},{\"@type\":\"BreadcrumbList\",\"@id\":\"https:\\\/\\\/portalincluir.com.br\\\/index.php\\\/2024\\\/06\\\/27\\\/vagas-de-estacionamento-para-pcd\\\/#breadcrumb\",\"itemListElement\":[{\"@type\":\"ListItem\",\"position\":1,\"name\":\"In\u00edcio\",\"item\":\"https:\\\/\\\/portalincluir.com.br\\\/\"},{\"@type\":\"ListItem\",\"position\":2,\"name\":\"Vagas de estacionamento para PcD\"}]},{\"@type\":\"WebSite\",\"@id\":\"https:\\\/\\\/portalincluir.com.br\\\/#website\",\"url\":\"https:\\\/\\\/portalincluir.com.br\\\/\",\"name\":\"PORTAL INCLUIR\",\"description\":\"\",\"potentialAction\":[{\"@type\":\"SearchAction\",\"target\":{\"@type\":\"EntryPoint\",\"urlTemplate\":\"https:\\\/\\\/portalincluir.com.br\\\/?s={search_term_string}\"},\"query-input\":{\"@type\":\"PropertyValueSpecification\",\"valueRequired\":true,\"valueName\":\"search_term_string\"}}],\"inLanguage\":\"pt-BR\"},{\"@type\":\"Person\",\"@id\":\"https:\\\/\\\/portalincluir.com.br\\\/#\\\/schema\\\/person\\\/8823664e5902eee555607fb75c4c35ae\",\"name\":\"Portal Incluir\",\"image\":{\"@type\":\"ImageObject\",\"inLanguage\":\"pt-BR\",\"@id\":\"https:\\\/\\\/secure.gravatar.com\\\/avatar\\\/12085fe17e70c3550551519fe1f8f51fae69b1748563a47fc3bea53d91fbcbbd?s=96&d=mm&r=g\",\"url\":\"https:\\\/\\\/secure.gravatar.com\\\/avatar\\\/12085fe17e70c3550551519fe1f8f51fae69b1748563a47fc3bea53d91fbcbbd?s=96&d=mm&r=g\",\"contentUrl\":\"https:\\\/\\\/secure.gravatar.com\\\/avatar\\\/12085fe17e70c3550551519fe1f8f51fae69b1748563a47fc3bea53d91fbcbbd?s=96&d=mm&r=g\",\"caption\":\"Portal Incluir\"},\"sameAs\":[\"http:\\\/\\\/portalincluir.com.br\"],\"url\":\"https:\\\/\\\/portalincluir.com.br\\\/index.php\\\/author\\\/portalincluir-com-br\\\/\"}]}<\/script>\n<!-- \/ Yoast SEO plugin. -->","yoast_head_json":{"title":"Vagas de estacionamento para PcD - PORTAL INCLUIR","robots":{"index":"index","follow":"follow","max-snippet":"max-snippet:-1","max-image-preview":"max-image-preview:large","max-video-preview":"max-video-preview:-1"},"canonical":"https:\/\/portalincluir.com.br\/index.php\/2024\/06\/27\/vagas-de-estacionamento-para-pcd\/","og_locale":"pt_BR","og_type":"article","og_title":"Vagas de estacionamento para PcD - PORTAL INCLUIR","og_description":"Que tal usar a nomenclatura correta? No lugar de &#8220;Vaga para Deficiente F\u00edsico&#8221;, usar Vaga","og_url":"https:\/\/portalincluir.com.br\/index.php\/2024\/06\/27\/vagas-de-estacionamento-para-pcd\/","og_site_name":"PORTAL INCLUIR","article_published_time":"2024-06-28T00:53:30+00:00","og_image":[{"width":1280,"height":853,"url":"https:\/\/portalincluir.com.br\/wp-content\/uploads\/2024\/06\/WhatsApp-Image-2021-08-06-at-10.39.39-PAULO-MORAIS1.jpeg","type":"image\/jpeg"}],"author":"Portal Incluir","twitter_card":"summary_large_image","twitter_misc":{"Escrito por":"Portal Incluir","Est. tempo de leitura":"1 minuto"},"schema":{"@context":"https:\/\/schema.org","@graph":[{"@type":["Article","BlogPosting"],"@id":"https:\/\/portalincluir.com.br\/index.php\/2024\/06\/27\/vagas-de-estacionamento-para-pcd\/#article","isPartOf":{"@id":"https:\/\/portalincluir.com.br\/index.php\/2024\/06\/27\/vagas-de-estacionamento-para-pcd\/"},"author":{"name":"Portal Incluir","@id":"https:\/\/portalincluir.com.br\/#\/schema\/person\/8823664e5902eee555607fb75c4c35ae"},"headline":"Vagas de estacionamento para PcD","datePublished":"2024-06-28T00:53:30+00:00","mainEntityOfPage":{"@id":"https:\/\/portalincluir.com.br\/index.php\/2024\/06\/27\/vagas-de-estacionamento-para-pcd\/"},"wordCount":192,"image":{"@id":"https:\/\/portalincluir.com.br\/index.php\/2024\/06\/27\/vagas-de-estacionamento-para-pcd\/#primaryimage"},"thumbnailUrl":"https:\/\/portalincluir.com.br\/wp-content\/uploads\/2024\/06\/WhatsApp-Image-2021-08-06-at-10.39.39-PAULO-MORAIS1.jpeg","articleSection":["Not\u00edcias"],"inLanguage":"pt-BR"},{"@type":"WebPage","@id":"https:\/\/portalincluir.com.br\/index.php\/2024\/06\/27\/vagas-de-estacionamento-para-pcd\/","url":"https:\/\/portalincluir.com.br\/index.php\/2024\/06\/27\/vagas-de-estacionamento-para-pcd\/","name":"Vagas de estacionamento para PcD - PORTAL INCLUIR","isPartOf":{"@id":"https:\/\/portalincluir.com.br\/#website"},"primaryImageOfPage":{"@id":"https:\/\/portalincluir.com.br\/index.php\/2024\/06\/27\/vagas-de-estacionamento-para-pcd\/#primaryimage"},"image":{"@id":"https:\/\/portalincluir.com.br\/index.php\/2024\/06\/27\/vagas-de-estacionamento-para-pcd\/#primaryimage"},"thumbnailUrl":"https:\/\/portalincluir.com.br\/wp-content\/uploads\/2024\/06\/WhatsApp-Image-2021-08-06-at-10.39.39-PAULO-MORAIS1.jpeg","datePublished":"2024-06-28T00:53:30+00:00","author":{"@id":"https:\/\/portalincluir.com.br\/#\/schema\/person\/8823664e5902eee555607fb75c4c35ae"},"breadcrumb":{"@id":"https:\/\/portalincluir.com.br\/index.php\/2024\/06\/27\/vagas-de-estacionamento-para-pcd\/#breadcrumb"},"inLanguage":"pt-BR","potentialAction":[{"@type":"ReadAction","target":["https:\/\/portalincluir.com.br\/index.php\/2024\/06\/27\/vagas-de-estacionamento-para-pcd\/"]}]},{"@type":"ImageObject","inLanguage":"pt-BR","@id":"https:\/\/portalincluir.com.br\/index.php\/2024\/06\/27\/vagas-de-estacionamento-para-pcd\/#primaryimage","url":"https:\/\/portalincluir.com.br\/wp-content\/uploads\/2024\/06\/WhatsApp-Image-2021-08-06-at-10.39.39-PAULO-MORAIS1.jpeg","contentUrl":"https:\/\/portalincluir.com.br\/wp-content\/uploads\/2024\/06\/WhatsApp-Image-2021-08-06-at-10.39.39-PAULO-MORAIS1.jpeg","width":1280,"height":853},{"@type":"BreadcrumbList","@id":"https:\/\/portalincluir.com.br\/index.php\/2024\/06\/27\/vagas-de-estacionamento-para-pcd\/#breadcrumb","itemListElement":[{"@type":"ListItem","position":1,"name":"In\u00edcio","item":"https:\/\/portalincluir.com.br\/"},{"@type":"ListItem","position":2,"name":"Vagas de estacionamento para PcD"}]},{"@type":"WebSite","@id":"https:\/\/portalincluir.com.br\/#website","url":"https:\/\/portalincluir.com.br\/","name":"PORTAL INCLUIR","description":"","potentialAction":[{"@type":"SearchAction","target":{"@type":"EntryPoint","urlTemplate":"https:\/\/portalincluir.com.br\/?s={search_term_string}"},"query-input":{"@type":"PropertyValueSpecification","valueRequired":true,"valueName":"search_term_string"}}],"inLanguage":"pt-BR"},{"@type":"Person","@id":"https:\/\/portalincluir.com.br\/#\/schema\/person\/8823664e5902eee555607fb75c4c35ae","name":"Portal Incluir","image":{"@type":"ImageObject","inLanguage":"pt-BR","@id":"https:\/\/secure.gravatar.com\/avatar\/12085fe17e70c3550551519fe1f8f51fae69b1748563a47fc3bea53d91fbcbbd?s=96&d=mm&r=g","url":"https:\/\/secure.gravatar.com\/avatar\/12085fe17e70c3550551519fe1f8f51fae69b1748563a47fc3bea53d91fbcbbd?s=96&d=mm&r=g","contentUrl":"https:\/\/secure.gravatar.com\/avatar\/12085fe17e70c3550551519fe1f8f51fae69b1748563a47fc3bea53d91fbcbbd?s=96&d=mm&r=g","caption":"Portal Incluir"},"sameAs":["http:\/\/portalincluir.com.br"],"url":"https:\/\/portalincluir.com.br\/index.php\/author\/portalincluir-com-br\/"}]}},"_links":{"self":[{"href":"https:\/\/portalincluir.com.br\/index.php\/wp-json\/wp\/v2\/posts\/365","targetHints":{"allow":["GET"]}}],"collection":[{"href":"https:\/\/portalincluir.com.br\/index.php\/wp-json\/wp\/v2\/posts"}],"about":[{"href":"https:\/\/portalincluir.com.br\/index.php\/wp-json\/wp\/v2\/types\/post"}],"author":[{"embeddable":true,"href":"https:\/\/portalincluir.com.br\/index.php\/wp-json\/wp\/v2\/users\/1"}],"replies":[{"embeddable":true,"href":"https:\/\/portalincluir.com.br\/index.php\/wp-json\/wp\/v2\/comments?post=365"}],"version-history":[{"count":1,"href":"https:\/\/portalincluir.com.br\/index.php\/wp-json\/wp\/v2\/posts\/365\/revisions"}],"predecessor-version":[{"id":367,"href":"https:\/\/portalincluir.com.br\/index.php\/wp-json\/wp\/v2\/posts\/365\/revisions\/367"}],"wp:featuredmedia":[{"embeddable":true,"href":"https:\/\/portalincluir.com.br\/index.php\/wp-json\/wp\/v2\/media\/366"}],"wp:attachment":[{"href":"https:\/\/portalincluir.com.br\/index.php\/wp-json\/wp\/v2\/media?parent=365"}],"wp:term":[{"taxonomy":"category","embeddable":true,"href":"https:\/\/portalincluir.com.br\/index.php\/wp-json\/wp\/v2\/categories?post=365"},{"taxonomy":"post_tag","embeddable":true,"href":"https:\/\/portalincluir.com.br\/index.php\/wp-json\/wp\/v2\/tags?post=365"}],"curies":[{"name":"wp","href":"https:\/\/api.w.org\/{rel}","templated":true}]}}