{"id":368,"date":"2024-06-28T17:49:51","date_gmt":"2024-06-28T20:49:51","guid":{"rendered":"https:\/\/portalincluir.com.br\/?p=368"},"modified":"2024-06-28T17:49:51","modified_gmt":"2024-06-28T20:49:51","slug":"tjba-lancou-ano-passado-campanha-multa-moral-para-educar-a-respeito-de-estacionamento-para-pcd","status":"publish","type":"post","link":"https:\/\/portalincluir.com.br\/index.php\/2024\/06\/28\/tjba-lancou-ano-passado-campanha-multa-moral-para-educar-a-respeito-de-estacionamento-para-pcd\/","title":{"rendered":"TJBA lan\u00e7ou ano passado campanha \u201cMulta Moral\u201d para educar a respeito de estacionamento para PCD"},"content":{"rendered":"\n<p>Com o objetivo de conscientizar os integrantes e frequentadores do Tribunal de Justi\u00e7a da Bahia (TJBA) a respeito das vagas de estacionamento reservadas para Pessoas com defici\u00eancia (PCD), a Comiss\u00e3o Permanente de Acessibilidade e Inclus\u00e3o lan\u00e7a a campanha educativa \u201cMulta Moral\u201d.&nbsp;&nbsp;<\/p>\n\n\n\n<figure class=\"wp-block-image alignright size-large is-resized\"><img loading=\"lazy\" decoding=\"async\" width=\"1024\" height=\"523\" src=\"https:\/\/portalincluir.com.br\/wp-content\/uploads\/2024\/06\/Materia-multa-moral-1024x523.jpg\" alt=\"\" class=\"wp-image-369\" style=\"width:462px;height:auto\" srcset=\"https:\/\/portalincluir.com.br\/wp-content\/uploads\/2024\/06\/Materia-multa-moral-1024x523.jpg 1024w, https:\/\/portalincluir.com.br\/wp-content\/uploads\/2024\/06\/Materia-multa-moral-300x153.jpg 300w, https:\/\/portalincluir.com.br\/wp-content\/uploads\/2024\/06\/Materia-multa-moral-768x392.jpg 768w, https:\/\/portalincluir.com.br\/wp-content\/uploads\/2024\/06\/Materia-multa-moral.jpg 1200w\" sizes=\"auto, (max-width: 1024px) 100vw, 1024px\" \/><\/figure>\n\n\n\n<p>De acordo com o&nbsp;Desembargador Rolemberg Costa,&nbsp;Presidente da Comiss\u00e3o, a campanha surgiu ap\u00f3s reclama\u00e7\u00f5es que chegaram de pessoas com defici\u00eancia, que ao se dirigirem para as vagas, as encontram ocupadas.&nbsp;&nbsp;<\/p>\n\n\n\n<p>A comiss\u00e3o pretende acompanhar a receptividade do p\u00fablico-alvo sobre a import\u00e2ncia de garantir as condi\u00e7\u00f5es de acessibilidade das pessoas com mobilidade reduzida e, posteriormente, avaliar a necessidade de adotar medidas complementares.&nbsp;&nbsp;<\/p>\n\n\n\n<p>A Comiss\u00e3o Permanente de Acessibilidade e Inclus\u00e3o do TJBA foi institu\u00edda por meio do Decreto n. 214, de 23 de fevereiro de 2018. Ela tem o objetivo de assegurar \u00e0s pessoas com defici\u00eancia ou mobilidade reduzida o pleno exerc\u00edcio de seus direitos, promovendo o amplo acesso de pessoas com defici\u00eancia ou com mobilidade reduzida \u00e0s depend\u00eancias e aos servi\u00e7os prestados pelo Tribunal.\u00a0<\/p>\n\n\n\n<p>Fonte: <a href=\"https:\/\/www.tjba.jus.br\/portal\/tjba-lanca-campanha-multa-moral-com-o-objetivo-de-educar-a-respeito-das-vagas-de-estacionamento-para-pcd\/\" target=\"_blank\" rel=\"noreferrer noopener\">TJ BA<\/a><\/p>\n","protected":false},"excerpt":{"rendered":"<p>Com o objetivo de conscientizar os integrantes e frequentadores do Tribunal de Justi\u00e7a da Bahia<\/p>\n","protected":false},"author":1,"featured_media":369,"comment_status":"closed","ping_status":"open","sticky":false,"template":"","format":"standard","meta":{"om_disable_all_campaigns":false,"_monsterinsights_skip_tracking":false,"_monsterinsights_sitenote_active":false,"_monsterinsights_sitenote_note":"","_monsterinsights_sitenote_category":0,"_uf_show_specific_survey":0,"_uf_disable_surveys":false,"footnotes":""},"categories":[9],"tags":[],"class_list":["post-368","post","type-post","status-publish","format-standard","has-post-thumbnail","hentry","category-noticias"],"yoast_head":"<!-- This site is optimized with the Yoast SEO plugin v27.4 - https:\/\/yoast.com\/product\/yoast-seo-wordpress\/ -->\n<title>TJBA lan\u00e7ou ano passado campanha \u201cMulta Moral\u201d para educar a respeito de estacionamento para PCD - PORTAL INCLUIR<\/title>\n<meta name=\"robots\" content=\"index, follow, max-snippet:-1, max-image-preview:large, max-video-preview:-1\" \/>\n<link rel=\"canonical\" href=\"https:\/\/portalincluir.com.br\/index.php\/2024\/06\/28\/tjba-lancou-ano-passado-campanha-multa-moral-para-educar-a-respeito-de-estacionamento-para-pcd\/\" \/>\n<meta property=\"og:locale\" content=\"pt_BR\" \/>\n<meta property=\"og:type\" content=\"article\" \/>\n<meta property=\"og:title\" content=\"TJBA lan\u00e7ou ano passado campanha \u201cMulta Moral\u201d para educar a respeito de estacionamento para PCD - PORTAL INCLUIR\" \/>\n<meta property=\"og:description\" content=\"Com o objetivo de conscientizar os integrantes e frequentadores do Tribunal de Justi\u00e7a da Bahia\" \/>\n<meta property=\"og:url\" content=\"https:\/\/portalincluir.com.br\/index.php\/2024\/06\/28\/tjba-lancou-ano-passado-campanha-multa-moral-para-educar-a-respeito-de-estacionamento-para-pcd\/\" \/>\n<meta property=\"og:site_name\" content=\"PORTAL INCLUIR\" \/>\n<meta property=\"article:published_time\" content=\"2024-06-28T20:49:51+00:00\" \/>\n<meta property=\"og:image\" content=\"https:\/\/portalincluir.com.br\/wp-content\/uploads\/2024\/06\/Materia-multa-moral.jpg\" \/>\n\t<meta property=\"og:image:width\" content=\"1200\" \/>\n\t<meta property=\"og:image:height\" content=\"613\" \/>\n\t<meta property=\"og:image:type\" content=\"image\/jpeg\" \/>\n<meta name=\"author\" content=\"Portal Incluir\" \/>\n<meta name=\"twitter:card\" content=\"summary_large_image\" \/>\n<meta name=\"twitter:label1\" content=\"Escrito por\" \/>\n\t<meta name=\"twitter:data1\" content=\"Portal Incluir\" \/>\n\t<meta name=\"twitter:label2\" content=\"Est. tempo de leitura\" \/>\n\t<meta name=\"twitter:data2\" content=\"1 minuto\" \/>\n<script type=\"application\/ld+json\" class=\"yoast-schema-graph\">{\"@context\":\"https:\\\/\\\/schema.org\",\"@graph\":[{\"@type\":[\"Article\",\"BlogPosting\"],\"@id\":\"https:\\\/\\\/portalincluir.com.br\\\/index.php\\\/2024\\\/06\\\/28\\\/tjba-lancou-ano-passado-campanha-multa-moral-para-educar-a-respeito-de-estacionamento-para-pcd\\\/#article\",\"isPartOf\":{\"@id\":\"https:\\\/\\\/portalincluir.com.br\\\/index.php\\\/2024\\\/06\\\/28\\\/tjba-lancou-ano-passado-campanha-multa-moral-para-educar-a-respeito-de-estacionamento-para-pcd\\\/\"},\"author\":{\"name\":\"Portal Incluir\",\"@id\":\"https:\\\/\\\/portalincluir.com.br\\\/#\\\/schema\\\/person\\\/8823664e5902eee555607fb75c4c35ae\"},\"headline\":\"TJBA lan\u00e7ou ano passado campanha \u201cMulta Moral\u201d para educar a respeito de estacionamento para PCD\",\"datePublished\":\"2024-06-28T20:49:51+00:00\",\"mainEntityOfPage\":{\"@id\":\"https:\\\/\\\/portalincluir.com.br\\\/index.php\\\/2024\\\/06\\\/28\\\/tjba-lancou-ano-passado-campanha-multa-moral-para-educar-a-respeito-de-estacionamento-para-pcd\\\/\"},\"wordCount\":210,\"image\":{\"@id\":\"https:\\\/\\\/portalincluir.com.br\\\/index.php\\\/2024\\\/06\\\/28\\\/tjba-lancou-ano-passado-campanha-multa-moral-para-educar-a-respeito-de-estacionamento-para-pcd\\\/#primaryimage\"},\"thumbnailUrl\":\"https:\\\/\\\/portalincluir.com.br\\\/wp-content\\\/uploads\\\/2024\\\/06\\\/Materia-multa-moral.jpg\",\"articleSection\":[\"Not\u00edcias\"],\"inLanguage\":\"pt-BR\"},{\"@type\":\"WebPage\",\"@id\":\"https:\\\/\\\/portalincluir.com.br\\\/index.php\\\/2024\\\/06\\\/28\\\/tjba-lancou-ano-passado-campanha-multa-moral-para-educar-a-respeito-de-estacionamento-para-pcd\\\/\",\"url\":\"https:\\\/\\\/portalincluir.com.br\\\/index.php\\\/2024\\\/06\\\/28\\\/tjba-lancou-ano-passado-campanha-multa-moral-para-educar-a-respeito-de-estacionamento-para-pcd\\\/\",\"name\":\"TJBA lan\u00e7ou ano passado campanha \u201cMulta Moral\u201d para educar a respeito de estacionamento para PCD - PORTAL INCLUIR\",\"isPartOf\":{\"@id\":\"https:\\\/\\\/portalincluir.com.br\\\/#website\"},\"primaryImageOfPage\":{\"@id\":\"https:\\\/\\\/portalincluir.com.br\\\/index.php\\\/2024\\\/06\\\/28\\\/tjba-lancou-ano-passado-campanha-multa-moral-para-educar-a-respeito-de-estacionamento-para-pcd\\\/#primaryimage\"},\"image\":{\"@id\":\"https:\\\/\\\/portalincluir.com.br\\\/index.php\\\/2024\\\/06\\\/28\\\/tjba-lancou-ano-passado-campanha-multa-moral-para-educar-a-respeito-de-estacionamento-para-pcd\\\/#primaryimage\"},\"thumbnailUrl\":\"https:\\\/\\\/portalincluir.com.br\\\/wp-content\\\/uploads\\\/2024\\\/06\\\/Materia-multa-moral.jpg\",\"datePublished\":\"2024-06-28T20:49:51+00:00\",\"author\":{\"@id\":\"https:\\\/\\\/portalincluir.com.br\\\/#\\\/schema\\\/person\\\/8823664e5902eee555607fb75c4c35ae\"},\"breadcrumb\":{\"@id\":\"https:\\\/\\\/portalincluir.com.br\\\/index.php\\\/2024\\\/06\\\/28\\\/tjba-lancou-ano-passado-campanha-multa-moral-para-educar-a-respeito-de-estacionamento-para-pcd\\\/#breadcrumb\"},\"inLanguage\":\"pt-BR\",\"potentialAction\":[{\"@type\":\"ReadAction\",\"target\":[\"https:\\\/\\\/portalincluir.com.br\\\/index.php\\\/2024\\\/06\\\/28\\\/tjba-lancou-ano-passado-campanha-multa-moral-para-educar-a-respeito-de-estacionamento-para-pcd\\\/\"]}]},{\"@type\":\"ImageObject\",\"inLanguage\":\"pt-BR\",\"@id\":\"https:\\\/\\\/portalincluir.com.br\\\/index.php\\\/2024\\\/06\\\/28\\\/tjba-lancou-ano-passado-campanha-multa-moral-para-educar-a-respeito-de-estacionamento-para-pcd\\\/#primaryimage\",\"url\":\"https:\\\/\\\/portalincluir.com.br\\\/wp-content\\\/uploads\\\/2024\\\/06\\\/Materia-multa-moral.jpg\",\"contentUrl\":\"https:\\\/\\\/portalincluir.com.br\\\/wp-content\\\/uploads\\\/2024\\\/06\\\/Materia-multa-moral.jpg\",\"width\":1200,\"height\":613},{\"@type\":\"BreadcrumbList\",\"@id\":\"https:\\\/\\\/portalincluir.com.br\\\/index.php\\\/2024\\\/06\\\/28\\\/tjba-lancou-ano-passado-campanha-multa-moral-para-educar-a-respeito-de-estacionamento-para-pcd\\\/#breadcrumb\",\"itemListElement\":[{\"@type\":\"ListItem\",\"position\":1,\"name\":\"In\u00edcio\",\"item\":\"https:\\\/\\\/portalincluir.com.br\\\/\"},{\"@type\":\"ListItem\",\"position\":2,\"name\":\"TJBA lan\u00e7ou ano passado campanha \u201cMulta Moral\u201d para educar a respeito de estacionamento para PCD\"}]},{\"@type\":\"WebSite\",\"@id\":\"https:\\\/\\\/portalincluir.com.br\\\/#website\",\"url\":\"https:\\\/\\\/portalincluir.com.br\\\/\",\"name\":\"PORTAL INCLUIR\",\"description\":\"\",\"potentialAction\":[{\"@type\":\"SearchAction\",\"target\":{\"@type\":\"EntryPoint\",\"urlTemplate\":\"https:\\\/\\\/portalincluir.com.br\\\/?s={search_term_string}\"},\"query-input\":{\"@type\":\"PropertyValueSpecification\",\"valueRequired\":true,\"valueName\":\"search_term_string\"}}],\"inLanguage\":\"pt-BR\"},{\"@type\":\"Person\",\"@id\":\"https:\\\/\\\/portalincluir.com.br\\\/#\\\/schema\\\/person\\\/8823664e5902eee555607fb75c4c35ae\",\"name\":\"Portal Incluir\",\"image\":{\"@type\":\"ImageObject\",\"inLanguage\":\"pt-BR\",\"@id\":\"https:\\\/\\\/secure.gravatar.com\\\/avatar\\\/12085fe17e70c3550551519fe1f8f51fae69b1748563a47fc3bea53d91fbcbbd?s=96&d=mm&r=g\",\"url\":\"https:\\\/\\\/secure.gravatar.com\\\/avatar\\\/12085fe17e70c3550551519fe1f8f51fae69b1748563a47fc3bea53d91fbcbbd?s=96&d=mm&r=g\",\"contentUrl\":\"https:\\\/\\\/secure.gravatar.com\\\/avatar\\\/12085fe17e70c3550551519fe1f8f51fae69b1748563a47fc3bea53d91fbcbbd?s=96&d=mm&r=g\",\"caption\":\"Portal Incluir\"},\"sameAs\":[\"http:\\\/\\\/portalincluir.com.br\"],\"url\":\"https:\\\/\\\/portalincluir.com.br\\\/index.php\\\/author\\\/portalincluir-com-br\\\/\"}]}<\/script>\n<!-- \/ Yoast SEO plugin. -->","yoast_head_json":{"title":"TJBA lan\u00e7ou ano passado campanha \u201cMulta Moral\u201d para educar a respeito de estacionamento para PCD - PORTAL INCLUIR","robots":{"index":"index","follow":"follow","max-snippet":"max-snippet:-1","max-image-preview":"max-image-preview:large","max-video-preview":"max-video-preview:-1"},"canonical":"https:\/\/portalincluir.com.br\/index.php\/2024\/06\/28\/tjba-lancou-ano-passado-campanha-multa-moral-para-educar-a-respeito-de-estacionamento-para-pcd\/","og_locale":"pt_BR","og_type":"article","og_title":"TJBA lan\u00e7ou ano passado campanha \u201cMulta Moral\u201d para educar a respeito de estacionamento para PCD - PORTAL INCLUIR","og_description":"Com o objetivo de conscientizar os integrantes e frequentadores do Tribunal de Justi\u00e7a da Bahia","og_url":"https:\/\/portalincluir.com.br\/index.php\/2024\/06\/28\/tjba-lancou-ano-passado-campanha-multa-moral-para-educar-a-respeito-de-estacionamento-para-pcd\/","og_site_name":"PORTAL INCLUIR","article_published_time":"2024-06-28T20:49:51+00:00","og_image":[{"width":1200,"height":613,"url":"https:\/\/portalincluir.com.br\/wp-content\/uploads\/2024\/06\/Materia-multa-moral.jpg","type":"image\/jpeg"}],"author":"Portal Incluir","twitter_card":"summary_large_image","twitter_misc":{"Escrito por":"Portal Incluir","Est. tempo de leitura":"1 minuto"},"schema":{"@context":"https:\/\/schema.org","@graph":[{"@type":["Article","BlogPosting"],"@id":"https:\/\/portalincluir.com.br\/index.php\/2024\/06\/28\/tjba-lancou-ano-passado-campanha-multa-moral-para-educar-a-respeito-de-estacionamento-para-pcd\/#article","isPartOf":{"@id":"https:\/\/portalincluir.com.br\/index.php\/2024\/06\/28\/tjba-lancou-ano-passado-campanha-multa-moral-para-educar-a-respeito-de-estacionamento-para-pcd\/"},"author":{"name":"Portal Incluir","@id":"https:\/\/portalincluir.com.br\/#\/schema\/person\/8823664e5902eee555607fb75c4c35ae"},"headline":"TJBA lan\u00e7ou ano passado campanha \u201cMulta Moral\u201d para educar a respeito de estacionamento para PCD","datePublished":"2024-06-28T20:49:51+00:00","mainEntityOfPage":{"@id":"https:\/\/portalincluir.com.br\/index.php\/2024\/06\/28\/tjba-lancou-ano-passado-campanha-multa-moral-para-educar-a-respeito-de-estacionamento-para-pcd\/"},"wordCount":210,"image":{"@id":"https:\/\/portalincluir.com.br\/index.php\/2024\/06\/28\/tjba-lancou-ano-passado-campanha-multa-moral-para-educar-a-respeito-de-estacionamento-para-pcd\/#primaryimage"},"thumbnailUrl":"https:\/\/portalincluir.com.br\/wp-content\/uploads\/2024\/06\/Materia-multa-moral.jpg","articleSection":["Not\u00edcias"],"inLanguage":"pt-BR"},{"@type":"WebPage","@id":"https:\/\/portalincluir.com.br\/index.php\/2024\/06\/28\/tjba-lancou-ano-passado-campanha-multa-moral-para-educar-a-respeito-de-estacionamento-para-pcd\/","url":"https:\/\/portalincluir.com.br\/index.php\/2024\/06\/28\/tjba-lancou-ano-passado-campanha-multa-moral-para-educar-a-respeito-de-estacionamento-para-pcd\/","name":"TJBA lan\u00e7ou ano passado campanha \u201cMulta Moral\u201d para educar a respeito de estacionamento para PCD - PORTAL INCLUIR","isPartOf":{"@id":"https:\/\/portalincluir.com.br\/#website"},"primaryImageOfPage":{"@id":"https:\/\/portalincluir.com.br\/index.php\/2024\/06\/28\/tjba-lancou-ano-passado-campanha-multa-moral-para-educar-a-respeito-de-estacionamento-para-pcd\/#primaryimage"},"image":{"@id":"https:\/\/portalincluir.com.br\/index.php\/2024\/06\/28\/tjba-lancou-ano-passado-campanha-multa-moral-para-educar-a-respeito-de-estacionamento-para-pcd\/#primaryimage"},"thumbnailUrl":"https:\/\/portalincluir.com.br\/wp-content\/uploads\/2024\/06\/Materia-multa-moral.jpg","datePublished":"2024-06-28T20:49:51+00:00","author":{"@id":"https:\/\/portalincluir.com.br\/#\/schema\/person\/8823664e5902eee555607fb75c4c35ae"},"breadcrumb":{"@id":"https:\/\/portalincluir.com.br\/index.php\/2024\/06\/28\/tjba-lancou-ano-passado-campanha-multa-moral-para-educar-a-respeito-de-estacionamento-para-pcd\/#breadcrumb"},"inLanguage":"pt-BR","potentialAction":[{"@type":"ReadAction","target":["https:\/\/portalincluir.com.br\/index.php\/2024\/06\/28\/tjba-lancou-ano-passado-campanha-multa-moral-para-educar-a-respeito-de-estacionamento-para-pcd\/"]}]},{"@type":"ImageObject","inLanguage":"pt-BR","@id":"https:\/\/portalincluir.com.br\/index.php\/2024\/06\/28\/tjba-lancou-ano-passado-campanha-multa-moral-para-educar-a-respeito-de-estacionamento-para-pcd\/#primaryimage","url":"https:\/\/portalincluir.com.br\/wp-content\/uploads\/2024\/06\/Materia-multa-moral.jpg","contentUrl":"https:\/\/portalincluir.com.br\/wp-content\/uploads\/2024\/06\/Materia-multa-moral.jpg","width":1200,"height":613},{"@type":"BreadcrumbList","@id":"https:\/\/portalincluir.com.br\/index.php\/2024\/06\/28\/tjba-lancou-ano-passado-campanha-multa-moral-para-educar-a-respeito-de-estacionamento-para-pcd\/#breadcrumb","itemListElement":[{"@type":"ListItem","position":1,"name":"In\u00edcio","item":"https:\/\/portalincluir.com.br\/"},{"@type":"ListItem","position":2,"name":"TJBA lan\u00e7ou ano passado campanha \u201cMulta Moral\u201d para educar a respeito de estacionamento para PCD"}]},{"@type":"WebSite","@id":"https:\/\/portalincluir.com.br\/#website","url":"https:\/\/portalincluir.com.br\/","name":"PORTAL INCLUIR","description":"","potentialAction":[{"@type":"SearchAction","target":{"@type":"EntryPoint","urlTemplate":"https:\/\/portalincluir.com.br\/?s={search_term_string}"},"query-input":{"@type":"PropertyValueSpecification","valueRequired":true,"valueName":"search_term_string"}}],"inLanguage":"pt-BR"},{"@type":"Person","@id":"https:\/\/portalincluir.com.br\/#\/schema\/person\/8823664e5902eee555607fb75c4c35ae","name":"Portal Incluir","image":{"@type":"ImageObject","inLanguage":"pt-BR","@id":"https:\/\/secure.gravatar.com\/avatar\/12085fe17e70c3550551519fe1f8f51fae69b1748563a47fc3bea53d91fbcbbd?s=96&d=mm&r=g","url":"https:\/\/secure.gravatar.com\/avatar\/12085fe17e70c3550551519fe1f8f51fae69b1748563a47fc3bea53d91fbcbbd?s=96&d=mm&r=g","contentUrl":"https:\/\/secure.gravatar.com\/avatar\/12085fe17e70c3550551519fe1f8f51fae69b1748563a47fc3bea53d91fbcbbd?s=96&d=mm&r=g","caption":"Portal Incluir"},"sameAs":["http:\/\/portalincluir.com.br"],"url":"https:\/\/portalincluir.com.br\/index.php\/author\/portalincluir-com-br\/"}]}},"_links":{"self":[{"href":"https:\/\/portalincluir.com.br\/index.php\/wp-json\/wp\/v2\/posts\/368","targetHints":{"allow":["GET"]}}],"collection":[{"href":"https:\/\/portalincluir.com.br\/index.php\/wp-json\/wp\/v2\/posts"}],"about":[{"href":"https:\/\/portalincluir.com.br\/index.php\/wp-json\/wp\/v2\/types\/post"}],"author":[{"embeddable":true,"href":"https:\/\/portalincluir.com.br\/index.php\/wp-json\/wp\/v2\/users\/1"}],"replies":[{"embeddable":true,"href":"https:\/\/portalincluir.com.br\/index.php\/wp-json\/wp\/v2\/comments?post=368"}],"version-history":[{"count":1,"href":"https:\/\/portalincluir.com.br\/index.php\/wp-json\/wp\/v2\/posts\/368\/revisions"}],"predecessor-version":[{"id":370,"href":"https:\/\/portalincluir.com.br\/index.php\/wp-json\/wp\/v2\/posts\/368\/revisions\/370"}],"wp:featuredmedia":[{"embeddable":true,"href":"https:\/\/portalincluir.com.br\/index.php\/wp-json\/wp\/v2\/media\/369"}],"wp:attachment":[{"href":"https:\/\/portalincluir.com.br\/index.php\/wp-json\/wp\/v2\/media?parent=368"}],"wp:term":[{"taxonomy":"category","embeddable":true,"href":"https:\/\/portalincluir.com.br\/index.php\/wp-json\/wp\/v2\/categories?post=368"},{"taxonomy":"post_tag","embeddable":true,"href":"https:\/\/portalincluir.com.br\/index.php\/wp-json\/wp\/v2\/tags?post=368"}],"curies":[{"name":"wp","href":"https:\/\/api.w.org\/{rel}","templated":true}]}}