{"id":371,"date":"2024-06-30T07:00:00","date_gmt":"2024-06-30T10:00:00","guid":{"rendered":"https:\/\/portalincluir.com.br\/?p=371"},"modified":"2024-06-28T17:58:12","modified_gmt":"2024-06-28T20:58:12","slug":"milagre-uma-campanha-bem-sacada-contra-os-espertinhos-da-vaga-de-deficientes","status":"publish","type":"post","link":"https:\/\/portalincluir.com.br\/index.php\/2024\/06\/30\/milagre-uma-campanha-bem-sacada-contra-os-espertinhos-da-vaga-de-deficientes\/","title":{"rendered":"\u201cMilagre!!\u201d Uma campanha bem sacada contra os espertinhos da vaga de deficientes"},"content":{"rendered":"\n<p>Ningu\u00e9m quer ter uma defici\u00eancia f\u00edsica, e temos certeza de que todo portador gostaria de n\u00e3o t\u00ea-la se fosse lhe dada a op\u00e7\u00e3o. Infelizmente esta op\u00e7\u00e3o n\u00e3o existe, e os deficientes acabam tendo que aprender a conviver com suas limita\u00e7\u00f5es da melhor forma poss\u00edvel \u2014 muitas vezes, usufruindo de alguns direitos especiais e adapta\u00e7\u00f5es na infraestrutura da cidade, como rampas e vagas para deficientes. O que n\u00e3o impede que algumas pessoas de tirar proveito disso mesmo sem precisar.<\/p>\n\n\n\n<figure class=\"wp-block-image\"><a href=\"https:\/\/cdn.flatout.com.br\/wp-content\/uploads\/2015\/01\/miley-cyrus.jpg\"><img decoding=\"async\" src=\"https:\/\/cdn.flatout.com.br\/wp-content\/uploads\/2015\/01\/miley-cyrus-620x324.jpg\" alt=\"miley-cyrus\" class=\"wp-image-33467\"\/><\/a><figcaption class=\"wp-element-caption\"><em>Miley Cyrus, que n\u00e3o \u00e9 deficiente f\u00edsica, j\u00e1 estacionou seu Mercedes-Benz SL550 em uma vaga exclusiva para deficientes<\/em><\/figcaption><\/figure>\n\n\n\n<p>N\u00e3o precisamos dizer que \u00e9 errado, imoral e conden\u00e1vel, por exemplo, usar uma vaga exclusiva para deficientes sem ter uma defici\u00eancia. O&nbsp;senso comum j\u00e1 diz isso \u2014 mas, infelizmente, \u00e9 frequentemente ignorado.<\/p>\n\n\n\n<p>Segundo o Contran, todo estacionamento regulamentado&nbsp;(como estacionamentos de shoppings ou empresas)&nbsp;precisa destinar 5% das vagas para idosos e 2% para deficientes. Elas s\u00e3o exclusivas&nbsp;e quem utiliz\u00e1-las indevidamente paga uma multa de R$ 53, al\u00e9m de estar sujeita \u00e0 remo\u00e7\u00e3o do ve\u00edculo como medida administrativa.<\/p>\n\n\n\n<p>Motivadas pelos \u201cespertinhos\u201d que se aproveitam das vagas para deficientes mesmo sem precisar delas (\u201c\u00e9 rapidinho, s\u00f3 vou ali e j\u00e1 volto\u201d), sempre s\u00e3o lan\u00e7adas campanhas de conscientiza\u00e7\u00e3o \u2014 algumas, com uma boa dose de bom humor, como o v\u00eddeo abaixo, feito pela ag\u00eancia Cine70 sob encomenda da Comiss\u00e3o Especial de Defici\u00eancia do Peru.<\/p>\n\n\n\n<p>Com o mote \u201cpedimos respeito, n\u00e3o milagres\u201d, o v\u00eddeo foi feito em 2013 mas se espalhou pelas redes sociais nos \u00faltimos dias.&nbsp;A&nbsp;premissa, a princ\u00edpio, faz todo o sentido do mundo: pessoas que, aparentemente, n\u00e3o t\u00eam defici\u00eancia f\u00edsica alguma e nem restri\u00e7\u00f5es de mobilidade estacionam em vagas exclusivas para deficientes demarcadas pelo S\u00edmbolo Internacional de Acesso:<\/p>\n\n\n\n<figure class=\"wp-block-image\"><a href=\"https:\/\/cdn.flatout.com.br\/wp-content\/uploads\/2015\/01\/6.png\"><img decoding=\"async\" src=\"https:\/\/cdn.flatout.com.br\/wp-content\/uploads\/2015\/01\/6.png\" alt=\"6\" class=\"wp-image-33466\"\/><\/a><\/figure>\n\n\n\n<p>Ao voltar para o carro, s\u00e3o abordadas por um grupo de atores que fazem coment\u00e1rios como \u201c\u00c9 um milagre! Voc\u00ea chegou aqui de cadeira de rodas e j\u00e1 est\u00e1 caminhando!\u201d<\/p>\n\n\n\n<p>Como dissemos, em um primeiro momento faz sentido, e as pessoas mostradas no v\u00eddeo acabam ficando irritadas com a aten\u00e7\u00e3o n\u00e3o solicitada que recebem \u2014 e certamente com vergonha do que fizeram. Uma maneira bem humorada e eficiente de ensinar uma li\u00e7\u00e3o, n\u00e3o \u00e9? Este pessoal&nbsp;provavelmente vai&nbsp;pensar duas vezes antes de estacionar em uma vaga para deficientes depois de passar por uma situa\u00e7\u00e3o constrangedora como esta, certo?&nbsp;Bem, nem sempre, e n\u00f3s vamos explicar o porqu\u00ea.<\/p>\n\n\n\n<h3 class=\"wp-block-heading\">Nem toda defici\u00eancia \u00e9 aparente<\/h3>\n\n\n\n<p>Saindo do Peru e voltando para o Brasil, a situa\u00e7\u00e3o n\u00e3o \u00e9 diferente: aqui tamb\u00e9m existem campanhas deste tipo e normalmente elas s\u00e3o aprovadas pela popula\u00e7\u00e3o \u2014 afinal, todo mundo gosta de ver a justi\u00e7a sendo promovida em nome da conscientiza\u00e7\u00e3o. Na pr\u00e1tica, contudo, a li\u00e7\u00e3o n\u00e3o \u00e9 passada do jeito certo e pode at\u00e9 prejudicar os pr\u00f3prios deficientes.<\/p>\n\n\n\n<p>Quando pensamos em defici\u00eancia f\u00edsica ou motora, pensamos em uma pessoa em uma cadeira de rodas que n\u00e3o pode caminhar. Mas existem outros tipos de defici\u00eancia f\u00edsica que n\u00e3o necessariamente confinam um ser humano a uma cadeira de rodas ou mesmo a uma bengala ou um par de muletas. E elas foram levadas em considera\u00e7\u00e3o pelo C\u00f3digo de Tr\u00e2nsito Brasileiro.<\/p>\n\n\n\n<p>A resolu\u00e7\u00e3o 304 do Contran, de 18 de dezembro de 2008,&nbsp;abrange todos os tipos de defici\u00eancia f\u00edsica que implicam em dificuldades de locomo\u00e7\u00e3o. S\u00e3o determinados tr\u00eas tipos:<\/p>\n\n\n\n<p><strong>Defici\u00eancia f\u00edsica ambulat\u00f3ria nos membros inferiores:<\/strong>&nbsp;pessoas que t\u00eam defici\u00eancia f\u00edsica nas pernas e\/ou nos p\u00e9s e t\u00eam dificuldade para caminhar<br><strong>Defici\u00eancia f\u00edsica ambulat\u00f3ria aut\u00f4noma:<\/strong>&nbsp;pessoas portadoras de algum tipo de incapacidade mental que, devido a sua condi\u00e7\u00e3o, t\u00eam dificuldades para andar sozinhas<br><strong>Mobilidade reduzida tempor\u00e1ria:<\/strong>&nbsp;pessoas que, devido a um acidente, cirurgia ou condi\u00e7\u00e3o m\u00e9dica (como uma doen\u00e7a degenerativa ou uma pr\u00f3tese interna), por exemplo, apresentam dificuldades graves de locomo\u00e7\u00e3o.<\/p>\n\n\n\n<p>Sendo assim, uma pessoa pode usufruir do direito de usar vagas exclusivas para deficientes mesmo que n\u00e3o use uma cadeira de rodas, muletas, aparelhagem ortop\u00e9dica ou pr\u00f3teses.&nbsp;Mas n\u00e3o \u00e9 t\u00e3o simples \u2014 e \u00e9 por isso que voc\u00ea deve ter certeza da condi\u00e7\u00e3o de uma pessoa antes de abord\u00e1-la no estacionamento com o dedo em riste ou mesmo \u201clich\u00e1-la\u201d virtualmente publicando fotos e a placa do carro no Facebook.<\/p>\n\n\n\n<figure class=\"wp-block-image\"><a href=\"https:\/\/cdn.flatout.com.br\/wp-content\/uploads\/2015\/01\/Arena-da-Amazonia-Inglaterra-x-Italia-Izabel-Santos6.jpg\"><img decoding=\"async\" src=\"https:\/\/cdn.flatout.com.br\/wp-content\/uploads\/2015\/01\/Arena-da-Amazonia-Inglaterra-x-Italia-Izabel-Santos6-620x384.jpg\" alt=\"Arena-da-Amazonia-Inglaterra-x-Italia-Izabel-Santos6\" class=\"wp-image-33482\"\/><\/a><\/figure>\n\n\n\n<p><em>Foto: Izabel Santos\/Portal Amaz\u00f4nia<\/em><\/p>\n\n\n\n<p>Por exemplo, quem n\u00e3o lembra da Copa do Mundo, quando fotos de cadeirantes que estavam em p\u00e9 assistindo aos jogos circularam pelo Facebook? \u00c0 \u00e9poca, um debate acalorado aconteceu \u2014 havia quem os chamasse de mentirosos e aproveitadores, sem levar em considera\u00e7\u00e3o a possibilidade de tais pessoas serem portadoras de defici\u00eancias que as permitem levantar ou at\u00e9 caminhar por curtos per\u00edodos.<\/p>\n\n\n\n<p>Para ter acesso garantido \u00e0s vagas para deficientes na maioria das cidades \u00e9 preciso ter um cart\u00e3o de permiss\u00e3o especial, que \u00e9 gratuito e deve ser bem vis\u00edvel por quem est\u00e1 fora do carro. Na cidade de S\u00e3o Paulo, por exemplo, o cart\u00e3o se chama DeFis-DSV e, para obt\u00ea-lo, \u00e9 preciso imprimir dois formul\u00e1rios \u2014 um requerimento\u00a0e um\u00a0atestado m\u00e9dico\u00a0que comprove a incapacidade \u2014 e lev\u00e1-los para o setor de Autoriza\u00e7\u00f5es Especiais Departamento de Opera\u00e7\u00e3o do Sistema Vi\u00e1rio. O procedimento em outras localidades \u00e9 semelhante e\u00a0<strong>gratuito<\/strong>.<\/p>\n\n\n\n<h3 class=\"wp-block-heading\">Direitos e deveres<\/h3>\n\n\n\n<figure class=\"wp-block-image alignleft\"><a href=\"https:\/\/cdn.flatout.com.br\/wp-content\/uploads\/2015\/01\/placa.jpg\"><img decoding=\"async\" src=\"https:\/\/cdn.flatout.com.br\/wp-content\/uploads\/2015\/01\/placa.jpg\" alt=\"placa\" class=\"wp-image-33468\"\/><\/a><\/figure>\n\n\n\n<p>Se uma pessoa \u00e9 portadora do cart\u00e3o\/autoriza\u00e7\u00e3o, tem o carro adesivado e estacionou em uma vaga demarcada com o S\u00edmbolo Internacional de Acesso, ela tem o direito de usar aquela vaga e certamente precisa dela, mesmo que n\u00e3o pare\u00e7a.<\/p>\n\n\n\n<p>Por outro lado, tamb\u00e9m \u00e9 preciso ter consci\u00eancia de que, legalmente, o que garante o direito ao uso de uma vaga exclusiva para deficientes \u00e9 a autoriza\u00e7\u00e3o emitida pelo \u00f3rg\u00e3o regulador de tr\u00e2nsito \u2014 sem ele, mesmo um deficiente pode ser multado pelo agente de tr\u00e2nsito, pois \u00e9 seu dever portar o documento que comprove sua condi\u00e7\u00e3o e seu direito.<\/p>\n\n\n\n<p>Fonte: Por Dalmo Hernandes &#8211;  <a href=\"https:\/\/flatout.com.br\/milagre-uma-campanha-bem-sacada-contra-os-espertinhos-da-vaga-de-deficientes\/\" target=\"_blank\" rel=\"noreferrer noopener\">Flatout<\/a><\/p>\n","protected":false},"excerpt":{"rendered":"<p>Ningu\u00e9m quer ter uma defici\u00eancia f\u00edsica, e temos certeza de que todo portador gostaria de<\/p>\n","protected":false},"author":1,"featured_media":372,"comment_status":"closed","ping_status":"open","sticky":false,"template":"","format":"standard","meta":{"om_disable_all_campaigns":false,"_monsterinsights_skip_tracking":false,"_monsterinsights_sitenote_active":false,"_monsterinsights_sitenote_note":"","_monsterinsights_sitenote_category":0,"_uf_show_specific_survey":0,"_uf_disable_surveys":false,"footnotes":""},"categories":[9],"tags":[],"class_list":["post-371","post","type-post","status-publish","format-standard","has-post-thumbnail","hentry","category-noticias"],"yoast_head":"<!-- This site is optimized with the Yoast SEO plugin v27.4 - https:\/\/yoast.com\/product\/yoast-seo-wordpress\/ -->\n<title>\u201cMilagre!!\u201d Uma campanha bem sacada contra os espertinhos da vaga de deficientes - PORTAL INCLUIR<\/title>\n<meta name=\"robots\" content=\"index, follow, max-snippet:-1, max-image-preview:large, max-video-preview:-1\" \/>\n<link rel=\"canonical\" href=\"https:\/\/portalincluir.com.br\/index.php\/2024\/06\/30\/milagre-uma-campanha-bem-sacada-contra-os-espertinhos-da-vaga-de-deficientes\/\" \/>\n<meta property=\"og:locale\" content=\"pt_BR\" \/>\n<meta property=\"og:type\" content=\"article\" \/>\n<meta property=\"og:title\" content=\"\u201cMilagre!!\u201d Uma campanha bem sacada contra os espertinhos da vaga de deficientes - PORTAL INCLUIR\" \/>\n<meta property=\"og:description\" content=\"Ningu\u00e9m quer ter uma defici\u00eancia f\u00edsica, e temos certeza de que todo portador gostaria de\" \/>\n<meta property=\"og:url\" content=\"https:\/\/portalincluir.com.br\/index.php\/2024\/06\/30\/milagre-uma-campanha-bem-sacada-contra-os-espertinhos-da-vaga-de-deficientes\/\" \/>\n<meta property=\"og:site_name\" content=\"PORTAL INCLUIR\" \/>\n<meta property=\"article:published_time\" content=\"2024-06-30T10:00:00+00:00\" \/>\n<meta property=\"og:image\" content=\"https:\/\/portalincluir.com.br\/wp-content\/uploads\/2024\/06\/placa1.jpg\" \/>\n\t<meta property=\"og:image:width\" content=\"400\" \/>\n\t<meta property=\"og:image:height\" content=\"300\" \/>\n\t<meta property=\"og:image:type\" content=\"image\/jpeg\" \/>\n<meta name=\"author\" content=\"Portal Incluir\" \/>\n<meta name=\"twitter:card\" content=\"summary_large_image\" \/>\n<meta name=\"twitter:label1\" content=\"Escrito por\" \/>\n\t<meta name=\"twitter:data1\" content=\"Portal Incluir\" \/>\n\t<meta name=\"twitter:label2\" content=\"Est. tempo de leitura\" \/>\n\t<meta name=\"twitter:data2\" content=\"5 minutos\" \/>\n<script type=\"application\/ld+json\" class=\"yoast-schema-graph\">{\"@context\":\"https:\\\/\\\/schema.org\",\"@graph\":[{\"@type\":[\"Article\",\"BlogPosting\"],\"@id\":\"https:\\\/\\\/portalincluir.com.br\\\/index.php\\\/2024\\\/06\\\/30\\\/milagre-uma-campanha-bem-sacada-contra-os-espertinhos-da-vaga-de-deficientes\\\/#article\",\"isPartOf\":{\"@id\":\"https:\\\/\\\/portalincluir.com.br\\\/index.php\\\/2024\\\/06\\\/30\\\/milagre-uma-campanha-bem-sacada-contra-os-espertinhos-da-vaga-de-deficientes\\\/\"},\"author\":{\"name\":\"Portal Incluir\",\"@id\":\"https:\\\/\\\/portalincluir.com.br\\\/#\\\/schema\\\/person\\\/8823664e5902eee555607fb75c4c35ae\"},\"headline\":\"\u201cMilagre!!\u201d Uma campanha bem sacada contra os espertinhos da vaga de deficientes\",\"datePublished\":\"2024-06-30T10:00:00+00:00\",\"mainEntityOfPage\":{\"@id\":\"https:\\\/\\\/portalincluir.com.br\\\/index.php\\\/2024\\\/06\\\/30\\\/milagre-uma-campanha-bem-sacada-contra-os-espertinhos-da-vaga-de-deficientes\\\/\"},\"wordCount\":1072,\"image\":{\"@id\":\"https:\\\/\\\/portalincluir.com.br\\\/index.php\\\/2024\\\/06\\\/30\\\/milagre-uma-campanha-bem-sacada-contra-os-espertinhos-da-vaga-de-deficientes\\\/#primaryimage\"},\"thumbnailUrl\":\"https:\\\/\\\/portalincluir.com.br\\\/wp-content\\\/uploads\\\/2024\\\/06\\\/placa1.jpg\",\"articleSection\":[\"Not\u00edcias\"],\"inLanguage\":\"pt-BR\"},{\"@type\":\"WebPage\",\"@id\":\"https:\\\/\\\/portalincluir.com.br\\\/index.php\\\/2024\\\/06\\\/30\\\/milagre-uma-campanha-bem-sacada-contra-os-espertinhos-da-vaga-de-deficientes\\\/\",\"url\":\"https:\\\/\\\/portalincluir.com.br\\\/index.php\\\/2024\\\/06\\\/30\\\/milagre-uma-campanha-bem-sacada-contra-os-espertinhos-da-vaga-de-deficientes\\\/\",\"name\":\"\u201cMilagre!!\u201d Uma campanha bem sacada contra os espertinhos da vaga de deficientes - PORTAL INCLUIR\",\"isPartOf\":{\"@id\":\"https:\\\/\\\/portalincluir.com.br\\\/#website\"},\"primaryImageOfPage\":{\"@id\":\"https:\\\/\\\/portalincluir.com.br\\\/index.php\\\/2024\\\/06\\\/30\\\/milagre-uma-campanha-bem-sacada-contra-os-espertinhos-da-vaga-de-deficientes\\\/#primaryimage\"},\"image\":{\"@id\":\"https:\\\/\\\/portalincluir.com.br\\\/index.php\\\/2024\\\/06\\\/30\\\/milagre-uma-campanha-bem-sacada-contra-os-espertinhos-da-vaga-de-deficientes\\\/#primaryimage\"},\"thumbnailUrl\":\"https:\\\/\\\/portalincluir.com.br\\\/wp-content\\\/uploads\\\/2024\\\/06\\\/placa1.jpg\",\"datePublished\":\"2024-06-30T10:00:00+00:00\",\"author\":{\"@id\":\"https:\\\/\\\/portalincluir.com.br\\\/#\\\/schema\\\/person\\\/8823664e5902eee555607fb75c4c35ae\"},\"breadcrumb\":{\"@id\":\"https:\\\/\\\/portalincluir.com.br\\\/index.php\\\/2024\\\/06\\\/30\\\/milagre-uma-campanha-bem-sacada-contra-os-espertinhos-da-vaga-de-deficientes\\\/#breadcrumb\"},\"inLanguage\":\"pt-BR\",\"potentialAction\":[{\"@type\":\"ReadAction\",\"target\":[\"https:\\\/\\\/portalincluir.com.br\\\/index.php\\\/2024\\\/06\\\/30\\\/milagre-uma-campanha-bem-sacada-contra-os-espertinhos-da-vaga-de-deficientes\\\/\"]}]},{\"@type\":\"ImageObject\",\"inLanguage\":\"pt-BR\",\"@id\":\"https:\\\/\\\/portalincluir.com.br\\\/index.php\\\/2024\\\/06\\\/30\\\/milagre-uma-campanha-bem-sacada-contra-os-espertinhos-da-vaga-de-deficientes\\\/#primaryimage\",\"url\":\"https:\\\/\\\/portalincluir.com.br\\\/wp-content\\\/uploads\\\/2024\\\/06\\\/placa1.jpg\",\"contentUrl\":\"https:\\\/\\\/portalincluir.com.br\\\/wp-content\\\/uploads\\\/2024\\\/06\\\/placa1.jpg\",\"width\":400,\"height\":300},{\"@type\":\"BreadcrumbList\",\"@id\":\"https:\\\/\\\/portalincluir.com.br\\\/index.php\\\/2024\\\/06\\\/30\\\/milagre-uma-campanha-bem-sacada-contra-os-espertinhos-da-vaga-de-deficientes\\\/#breadcrumb\",\"itemListElement\":[{\"@type\":\"ListItem\",\"position\":1,\"name\":\"In\u00edcio\",\"item\":\"https:\\\/\\\/portalincluir.com.br\\\/\"},{\"@type\":\"ListItem\",\"position\":2,\"name\":\"\u201cMilagre!!\u201d Uma campanha bem sacada contra os espertinhos da vaga de deficientes\"}]},{\"@type\":\"WebSite\",\"@id\":\"https:\\\/\\\/portalincluir.com.br\\\/#website\",\"url\":\"https:\\\/\\\/portalincluir.com.br\\\/\",\"name\":\"PORTAL INCLUIR\",\"description\":\"\",\"potentialAction\":[{\"@type\":\"SearchAction\",\"target\":{\"@type\":\"EntryPoint\",\"urlTemplate\":\"https:\\\/\\\/portalincluir.com.br\\\/?s={search_term_string}\"},\"query-input\":{\"@type\":\"PropertyValueSpecification\",\"valueRequired\":true,\"valueName\":\"search_term_string\"}}],\"inLanguage\":\"pt-BR\"},{\"@type\":\"Person\",\"@id\":\"https:\\\/\\\/portalincluir.com.br\\\/#\\\/schema\\\/person\\\/8823664e5902eee555607fb75c4c35ae\",\"name\":\"Portal Incluir\",\"image\":{\"@type\":\"ImageObject\",\"inLanguage\":\"pt-BR\",\"@id\":\"https:\\\/\\\/secure.gravatar.com\\\/avatar\\\/12085fe17e70c3550551519fe1f8f51fae69b1748563a47fc3bea53d91fbcbbd?s=96&d=mm&r=g\",\"url\":\"https:\\\/\\\/secure.gravatar.com\\\/avatar\\\/12085fe17e70c3550551519fe1f8f51fae69b1748563a47fc3bea53d91fbcbbd?s=96&d=mm&r=g\",\"contentUrl\":\"https:\\\/\\\/secure.gravatar.com\\\/avatar\\\/12085fe17e70c3550551519fe1f8f51fae69b1748563a47fc3bea53d91fbcbbd?s=96&d=mm&r=g\",\"caption\":\"Portal Incluir\"},\"sameAs\":[\"http:\\\/\\\/portalincluir.com.br\"],\"url\":\"https:\\\/\\\/portalincluir.com.br\\\/index.php\\\/author\\\/portalincluir-com-br\\\/\"}]}<\/script>\n<!-- \/ Yoast SEO plugin. -->","yoast_head_json":{"title":"\u201cMilagre!!\u201d Uma campanha bem sacada contra os espertinhos da vaga de deficientes - PORTAL INCLUIR","robots":{"index":"index","follow":"follow","max-snippet":"max-snippet:-1","max-image-preview":"max-image-preview:large","max-video-preview":"max-video-preview:-1"},"canonical":"https:\/\/portalincluir.com.br\/index.php\/2024\/06\/30\/milagre-uma-campanha-bem-sacada-contra-os-espertinhos-da-vaga-de-deficientes\/","og_locale":"pt_BR","og_type":"article","og_title":"\u201cMilagre!!\u201d Uma campanha bem sacada contra os espertinhos da vaga de deficientes - PORTAL INCLUIR","og_description":"Ningu\u00e9m quer ter uma defici\u00eancia f\u00edsica, e temos certeza de que todo portador gostaria de","og_url":"https:\/\/portalincluir.com.br\/index.php\/2024\/06\/30\/milagre-uma-campanha-bem-sacada-contra-os-espertinhos-da-vaga-de-deficientes\/","og_site_name":"PORTAL INCLUIR","article_published_time":"2024-06-30T10:00:00+00:00","og_image":[{"width":400,"height":300,"url":"https:\/\/portalincluir.com.br\/wp-content\/uploads\/2024\/06\/placa1.jpg","type":"image\/jpeg"}],"author":"Portal Incluir","twitter_card":"summary_large_image","twitter_misc":{"Escrito por":"Portal Incluir","Est. tempo de leitura":"5 minutos"},"schema":{"@context":"https:\/\/schema.org","@graph":[{"@type":["Article","BlogPosting"],"@id":"https:\/\/portalincluir.com.br\/index.php\/2024\/06\/30\/milagre-uma-campanha-bem-sacada-contra-os-espertinhos-da-vaga-de-deficientes\/#article","isPartOf":{"@id":"https:\/\/portalincluir.com.br\/index.php\/2024\/06\/30\/milagre-uma-campanha-bem-sacada-contra-os-espertinhos-da-vaga-de-deficientes\/"},"author":{"name":"Portal Incluir","@id":"https:\/\/portalincluir.com.br\/#\/schema\/person\/8823664e5902eee555607fb75c4c35ae"},"headline":"\u201cMilagre!!\u201d Uma campanha bem sacada contra os espertinhos da vaga de deficientes","datePublished":"2024-06-30T10:00:00+00:00","mainEntityOfPage":{"@id":"https:\/\/portalincluir.com.br\/index.php\/2024\/06\/30\/milagre-uma-campanha-bem-sacada-contra-os-espertinhos-da-vaga-de-deficientes\/"},"wordCount":1072,"image":{"@id":"https:\/\/portalincluir.com.br\/index.php\/2024\/06\/30\/milagre-uma-campanha-bem-sacada-contra-os-espertinhos-da-vaga-de-deficientes\/#primaryimage"},"thumbnailUrl":"https:\/\/portalincluir.com.br\/wp-content\/uploads\/2024\/06\/placa1.jpg","articleSection":["Not\u00edcias"],"inLanguage":"pt-BR"},{"@type":"WebPage","@id":"https:\/\/portalincluir.com.br\/index.php\/2024\/06\/30\/milagre-uma-campanha-bem-sacada-contra-os-espertinhos-da-vaga-de-deficientes\/","url":"https:\/\/portalincluir.com.br\/index.php\/2024\/06\/30\/milagre-uma-campanha-bem-sacada-contra-os-espertinhos-da-vaga-de-deficientes\/","name":"\u201cMilagre!!\u201d Uma campanha bem sacada contra os espertinhos da vaga de deficientes - PORTAL INCLUIR","isPartOf":{"@id":"https:\/\/portalincluir.com.br\/#website"},"primaryImageOfPage":{"@id":"https:\/\/portalincluir.com.br\/index.php\/2024\/06\/30\/milagre-uma-campanha-bem-sacada-contra-os-espertinhos-da-vaga-de-deficientes\/#primaryimage"},"image":{"@id":"https:\/\/portalincluir.com.br\/index.php\/2024\/06\/30\/milagre-uma-campanha-bem-sacada-contra-os-espertinhos-da-vaga-de-deficientes\/#primaryimage"},"thumbnailUrl":"https:\/\/portalincluir.com.br\/wp-content\/uploads\/2024\/06\/placa1.jpg","datePublished":"2024-06-30T10:00:00+00:00","author":{"@id":"https:\/\/portalincluir.com.br\/#\/schema\/person\/8823664e5902eee555607fb75c4c35ae"},"breadcrumb":{"@id":"https:\/\/portalincluir.com.br\/index.php\/2024\/06\/30\/milagre-uma-campanha-bem-sacada-contra-os-espertinhos-da-vaga-de-deficientes\/#breadcrumb"},"inLanguage":"pt-BR","potentialAction":[{"@type":"ReadAction","target":["https:\/\/portalincluir.com.br\/index.php\/2024\/06\/30\/milagre-uma-campanha-bem-sacada-contra-os-espertinhos-da-vaga-de-deficientes\/"]}]},{"@type":"ImageObject","inLanguage":"pt-BR","@id":"https:\/\/portalincluir.com.br\/index.php\/2024\/06\/30\/milagre-uma-campanha-bem-sacada-contra-os-espertinhos-da-vaga-de-deficientes\/#primaryimage","url":"https:\/\/portalincluir.com.br\/wp-content\/uploads\/2024\/06\/placa1.jpg","contentUrl":"https:\/\/portalincluir.com.br\/wp-content\/uploads\/2024\/06\/placa1.jpg","width":400,"height":300},{"@type":"BreadcrumbList","@id":"https:\/\/portalincluir.com.br\/index.php\/2024\/06\/30\/milagre-uma-campanha-bem-sacada-contra-os-espertinhos-da-vaga-de-deficientes\/#breadcrumb","itemListElement":[{"@type":"ListItem","position":1,"name":"In\u00edcio","item":"https:\/\/portalincluir.com.br\/"},{"@type":"ListItem","position":2,"name":"\u201cMilagre!!\u201d Uma campanha bem sacada contra os espertinhos da vaga de deficientes"}]},{"@type":"WebSite","@id":"https:\/\/portalincluir.com.br\/#website","url":"https:\/\/portalincluir.com.br\/","name":"PORTAL INCLUIR","description":"","potentialAction":[{"@type":"SearchAction","target":{"@type":"EntryPoint","urlTemplate":"https:\/\/portalincluir.com.br\/?s={search_term_string}"},"query-input":{"@type":"PropertyValueSpecification","valueRequired":true,"valueName":"search_term_string"}}],"inLanguage":"pt-BR"},{"@type":"Person","@id":"https:\/\/portalincluir.com.br\/#\/schema\/person\/8823664e5902eee555607fb75c4c35ae","name":"Portal Incluir","image":{"@type":"ImageObject","inLanguage":"pt-BR","@id":"https:\/\/secure.gravatar.com\/avatar\/12085fe17e70c3550551519fe1f8f51fae69b1748563a47fc3bea53d91fbcbbd?s=96&d=mm&r=g","url":"https:\/\/secure.gravatar.com\/avatar\/12085fe17e70c3550551519fe1f8f51fae69b1748563a47fc3bea53d91fbcbbd?s=96&d=mm&r=g","contentUrl":"https:\/\/secure.gravatar.com\/avatar\/12085fe17e70c3550551519fe1f8f51fae69b1748563a47fc3bea53d91fbcbbd?s=96&d=mm&r=g","caption":"Portal Incluir"},"sameAs":["http:\/\/portalincluir.com.br"],"url":"https:\/\/portalincluir.com.br\/index.php\/author\/portalincluir-com-br\/"}]}},"_links":{"self":[{"href":"https:\/\/portalincluir.com.br\/index.php\/wp-json\/wp\/v2\/posts\/371","targetHints":{"allow":["GET"]}}],"collection":[{"href":"https:\/\/portalincluir.com.br\/index.php\/wp-json\/wp\/v2\/posts"}],"about":[{"href":"https:\/\/portalincluir.com.br\/index.php\/wp-json\/wp\/v2\/types\/post"}],"author":[{"embeddable":true,"href":"https:\/\/portalincluir.com.br\/index.php\/wp-json\/wp\/v2\/users\/1"}],"replies":[{"embeddable":true,"href":"https:\/\/portalincluir.com.br\/index.php\/wp-json\/wp\/v2\/comments?post=371"}],"version-history":[{"count":1,"href":"https:\/\/portalincluir.com.br\/index.php\/wp-json\/wp\/v2\/posts\/371\/revisions"}],"predecessor-version":[{"id":373,"href":"https:\/\/portalincluir.com.br\/index.php\/wp-json\/wp\/v2\/posts\/371\/revisions\/373"}],"wp:featuredmedia":[{"embeddable":true,"href":"https:\/\/portalincluir.com.br\/index.php\/wp-json\/wp\/v2\/media\/372"}],"wp:attachment":[{"href":"https:\/\/portalincluir.com.br\/index.php\/wp-json\/wp\/v2\/media?parent=371"}],"wp:term":[{"taxonomy":"category","embeddable":true,"href":"https:\/\/portalincluir.com.br\/index.php\/wp-json\/wp\/v2\/categories?post=371"},{"taxonomy":"post_tag","embeddable":true,"href":"https:\/\/portalincluir.com.br\/index.php\/wp-json\/wp\/v2\/tags?post=371"}],"curies":[{"name":"wp","href":"https:\/\/api.w.org\/{rel}","templated":true}]}}