{"id":376,"date":"2024-07-25T17:10:18","date_gmt":"2024-07-25T20:10:18","guid":{"rendered":"https:\/\/portalincluir.com.br\/?p=376"},"modified":"2024-07-25T17:10:18","modified_gmt":"2024-07-25T20:10:18","slug":"quantos-funcionarios-pcd-a-empresa-deve-contratar","status":"publish","type":"post","link":"https:\/\/portalincluir.com.br\/index.php\/2024\/07\/25\/quantos-funcionarios-pcd-a-empresa-deve-contratar\/","title":{"rendered":"Quantos funcion\u00e1rios PCD a empresa deve contratar?"},"content":{"rendered":"\n<figure class=\"wp-block-image alignleft size-full is-resized\"><img loading=\"lazy\" decoding=\"async\" width=\"599\" height=\"377\" src=\"https:\/\/portalincluir.com.br\/wp-content\/uploads\/2023\/08\/2.png\" alt=\"\" class=\"wp-image-201\" style=\"width:295px;height:auto\" srcset=\"https:\/\/portalincluir.com.br\/wp-content\/uploads\/2023\/08\/2.png 599w, https:\/\/portalincluir.com.br\/wp-content\/uploads\/2023\/08\/2-300x189.png 300w, https:\/\/portalincluir.com.br\/wp-content\/uploads\/2023\/08\/2-542x340.png 542w\" sizes=\"auto, (max-width: 599px) 100vw, 599px\" \/><\/figure>\n\n\n\n<p>A inclus\u00e3o de Pessoas com Defici\u00eancia (PCD) no mercado de trabalho \u00e9 fundamental para promover a diversidade e a igualdade de oportunidades. Mas voc\u00ea sabe quantos funcion\u00e1rios PCD sua empresa deve contratar?<\/p>\n\n\n\n<p>De acordo com a legisla\u00e7\u00e3o brasileira, empresas com 100 ou mais empregados devem preencher de 2% a 5% de seus cargos com PCDs. Isso varia conforme o tamanho da empresa:<\/p>\n\n\n\n<p>100 a 200 empregados: 2%<br>201 a 500 empregados: 3%<br>501 a 1.000 empregados: 4%<br>Mais de 1.000 empregados: 5%<br>Promover a inclus\u00e3o \u00e9 mais do que cumprir a lei, \u00e9 valorizar talentos e construir um ambiente de trabalho mais justo e colaborativo.<\/p>\n","protected":false},"excerpt":{"rendered":"<p>A inclus\u00e3o de Pessoas com Defici\u00eancia (PCD) no mercado de trabalho \u00e9 fundamental para promover<\/p>\n","protected":false},"author":1,"featured_media":201,"comment_status":"closed","ping_status":"open","sticky":false,"template":"","format":"standard","meta":{"om_disable_all_campaigns":false,"_monsterinsights_skip_tracking":false,"_monsterinsights_sitenote_active":false,"_monsterinsights_sitenote_note":"","_monsterinsights_sitenote_category":0,"_uf_show_specific_survey":0,"_uf_disable_surveys":false,"footnotes":""},"categories":[9],"tags":[],"class_list":["post-376","post","type-post","status-publish","format-standard","has-post-thumbnail","hentry","category-noticias"],"yoast_head":"<!-- This site is optimized with the Yoast SEO plugin v27.4 - https:\/\/yoast.com\/product\/yoast-seo-wordpress\/ -->\n<title>Quantos funcion\u00e1rios PCD a empresa deve contratar? - PORTAL INCLUIR<\/title>\n<meta name=\"robots\" content=\"index, follow, max-snippet:-1, max-image-preview:large, max-video-preview:-1\" \/>\n<link rel=\"canonical\" href=\"https:\/\/portalincluir.com.br\/index.php\/2024\/07\/25\/quantos-funcionarios-pcd-a-empresa-deve-contratar\/\" \/>\n<meta property=\"og:locale\" content=\"pt_BR\" \/>\n<meta property=\"og:type\" content=\"article\" \/>\n<meta property=\"og:title\" content=\"Quantos funcion\u00e1rios PCD a empresa deve contratar? - PORTAL INCLUIR\" \/>\n<meta property=\"og:description\" content=\"A inclus\u00e3o de Pessoas com Defici\u00eancia (PCD) no mercado de trabalho \u00e9 fundamental para promover\" \/>\n<meta property=\"og:url\" content=\"https:\/\/portalincluir.com.br\/index.php\/2024\/07\/25\/quantos-funcionarios-pcd-a-empresa-deve-contratar\/\" \/>\n<meta property=\"og:site_name\" content=\"PORTAL INCLUIR\" \/>\n<meta property=\"article:published_time\" content=\"2024-07-25T20:10:18+00:00\" \/>\n<meta property=\"og:image\" content=\"https:\/\/portalincluir.com.br\/wp-content\/uploads\/2023\/08\/2.png\" \/>\n\t<meta property=\"og:image:width\" content=\"599\" \/>\n\t<meta property=\"og:image:height\" content=\"377\" \/>\n\t<meta property=\"og:image:type\" content=\"image\/png\" \/>\n<meta name=\"author\" content=\"Portal Incluir\" \/>\n<meta name=\"twitter:card\" content=\"summary_large_image\" \/>\n<meta name=\"twitter:label1\" content=\"Escrito por\" \/>\n\t<meta name=\"twitter:data1\" content=\"Portal Incluir\" \/>\n<script type=\"application\/ld+json\" class=\"yoast-schema-graph\">{\"@context\":\"https:\\\/\\\/schema.org\",\"@graph\":[{\"@type\":[\"Article\",\"BlogPosting\"],\"@id\":\"https:\\\/\\\/portalincluir.com.br\\\/index.php\\\/2024\\\/07\\\/25\\\/quantos-funcionarios-pcd-a-empresa-deve-contratar\\\/#article\",\"isPartOf\":{\"@id\":\"https:\\\/\\\/portalincluir.com.br\\\/index.php\\\/2024\\\/07\\\/25\\\/quantos-funcionarios-pcd-a-empresa-deve-contratar\\\/\"},\"author\":{\"name\":\"Portal Incluir\",\"@id\":\"https:\\\/\\\/portalincluir.com.br\\\/#\\\/schema\\\/person\\\/8823664e5902eee555607fb75c4c35ae\"},\"headline\":\"Quantos funcion\u00e1rios PCD a empresa deve contratar?\",\"datePublished\":\"2024-07-25T20:10:18+00:00\",\"mainEntityOfPage\":{\"@id\":\"https:\\\/\\\/portalincluir.com.br\\\/index.php\\\/2024\\\/07\\\/25\\\/quantos-funcionarios-pcd-a-empresa-deve-contratar\\\/\"},\"wordCount\":101,\"image\":{\"@id\":\"https:\\\/\\\/portalincluir.com.br\\\/index.php\\\/2024\\\/07\\\/25\\\/quantos-funcionarios-pcd-a-empresa-deve-contratar\\\/#primaryimage\"},\"thumbnailUrl\":\"https:\\\/\\\/portalincluir.com.br\\\/wp-content\\\/uploads\\\/2023\\\/08\\\/2.png\",\"articleSection\":[\"Not\u00edcias\"],\"inLanguage\":\"pt-BR\"},{\"@type\":\"WebPage\",\"@id\":\"https:\\\/\\\/portalincluir.com.br\\\/index.php\\\/2024\\\/07\\\/25\\\/quantos-funcionarios-pcd-a-empresa-deve-contratar\\\/\",\"url\":\"https:\\\/\\\/portalincluir.com.br\\\/index.php\\\/2024\\\/07\\\/25\\\/quantos-funcionarios-pcd-a-empresa-deve-contratar\\\/\",\"name\":\"Quantos funcion\u00e1rios PCD a empresa deve contratar? - PORTAL INCLUIR\",\"isPartOf\":{\"@id\":\"https:\\\/\\\/portalincluir.com.br\\\/#website\"},\"primaryImageOfPage\":{\"@id\":\"https:\\\/\\\/portalincluir.com.br\\\/index.php\\\/2024\\\/07\\\/25\\\/quantos-funcionarios-pcd-a-empresa-deve-contratar\\\/#primaryimage\"},\"image\":{\"@id\":\"https:\\\/\\\/portalincluir.com.br\\\/index.php\\\/2024\\\/07\\\/25\\\/quantos-funcionarios-pcd-a-empresa-deve-contratar\\\/#primaryimage\"},\"thumbnailUrl\":\"https:\\\/\\\/portalincluir.com.br\\\/wp-content\\\/uploads\\\/2023\\\/08\\\/2.png\",\"datePublished\":\"2024-07-25T20:10:18+00:00\",\"author\":{\"@id\":\"https:\\\/\\\/portalincluir.com.br\\\/#\\\/schema\\\/person\\\/8823664e5902eee555607fb75c4c35ae\"},\"breadcrumb\":{\"@id\":\"https:\\\/\\\/portalincluir.com.br\\\/index.php\\\/2024\\\/07\\\/25\\\/quantos-funcionarios-pcd-a-empresa-deve-contratar\\\/#breadcrumb\"},\"inLanguage\":\"pt-BR\",\"potentialAction\":[{\"@type\":\"ReadAction\",\"target\":[\"https:\\\/\\\/portalincluir.com.br\\\/index.php\\\/2024\\\/07\\\/25\\\/quantos-funcionarios-pcd-a-empresa-deve-contratar\\\/\"]}]},{\"@type\":\"ImageObject\",\"inLanguage\":\"pt-BR\",\"@id\":\"https:\\\/\\\/portalincluir.com.br\\\/index.php\\\/2024\\\/07\\\/25\\\/quantos-funcionarios-pcd-a-empresa-deve-contratar\\\/#primaryimage\",\"url\":\"https:\\\/\\\/portalincluir.com.br\\\/wp-content\\\/uploads\\\/2023\\\/08\\\/2.png\",\"contentUrl\":\"https:\\\/\\\/portalincluir.com.br\\\/wp-content\\\/uploads\\\/2023\\\/08\\\/2.png\",\"width\":599,\"height\":377},{\"@type\":\"BreadcrumbList\",\"@id\":\"https:\\\/\\\/portalincluir.com.br\\\/index.php\\\/2024\\\/07\\\/25\\\/quantos-funcionarios-pcd-a-empresa-deve-contratar\\\/#breadcrumb\",\"itemListElement\":[{\"@type\":\"ListItem\",\"position\":1,\"name\":\"In\u00edcio\",\"item\":\"https:\\\/\\\/portalincluir.com.br\\\/\"},{\"@type\":\"ListItem\",\"position\":2,\"name\":\"Quantos funcion\u00e1rios PCD a empresa deve contratar?\"}]},{\"@type\":\"WebSite\",\"@id\":\"https:\\\/\\\/portalincluir.com.br\\\/#website\",\"url\":\"https:\\\/\\\/portalincluir.com.br\\\/\",\"name\":\"PORTAL INCLUIR\",\"description\":\"\",\"potentialAction\":[{\"@type\":\"SearchAction\",\"target\":{\"@type\":\"EntryPoint\",\"urlTemplate\":\"https:\\\/\\\/portalincluir.com.br\\\/?s={search_term_string}\"},\"query-input\":{\"@type\":\"PropertyValueSpecification\",\"valueRequired\":true,\"valueName\":\"search_term_string\"}}],\"inLanguage\":\"pt-BR\"},{\"@type\":\"Person\",\"@id\":\"https:\\\/\\\/portalincluir.com.br\\\/#\\\/schema\\\/person\\\/8823664e5902eee555607fb75c4c35ae\",\"name\":\"Portal Incluir\",\"image\":{\"@type\":\"ImageObject\",\"inLanguage\":\"pt-BR\",\"@id\":\"https:\\\/\\\/secure.gravatar.com\\\/avatar\\\/12085fe17e70c3550551519fe1f8f51fae69b1748563a47fc3bea53d91fbcbbd?s=96&d=mm&r=g\",\"url\":\"https:\\\/\\\/secure.gravatar.com\\\/avatar\\\/12085fe17e70c3550551519fe1f8f51fae69b1748563a47fc3bea53d91fbcbbd?s=96&d=mm&r=g\",\"contentUrl\":\"https:\\\/\\\/secure.gravatar.com\\\/avatar\\\/12085fe17e70c3550551519fe1f8f51fae69b1748563a47fc3bea53d91fbcbbd?s=96&d=mm&r=g\",\"caption\":\"Portal Incluir\"},\"sameAs\":[\"http:\\\/\\\/portalincluir.com.br\"],\"url\":\"https:\\\/\\\/portalincluir.com.br\\\/index.php\\\/author\\\/portalincluir-com-br\\\/\"}]}<\/script>\n<!-- \/ Yoast SEO plugin. -->","yoast_head_json":{"title":"Quantos funcion\u00e1rios PCD a empresa deve contratar? - PORTAL INCLUIR","robots":{"index":"index","follow":"follow","max-snippet":"max-snippet:-1","max-image-preview":"max-image-preview:large","max-video-preview":"max-video-preview:-1"},"canonical":"https:\/\/portalincluir.com.br\/index.php\/2024\/07\/25\/quantos-funcionarios-pcd-a-empresa-deve-contratar\/","og_locale":"pt_BR","og_type":"article","og_title":"Quantos funcion\u00e1rios PCD a empresa deve contratar? - PORTAL INCLUIR","og_description":"A inclus\u00e3o de Pessoas com Defici\u00eancia (PCD) no mercado de trabalho \u00e9 fundamental para promover","og_url":"https:\/\/portalincluir.com.br\/index.php\/2024\/07\/25\/quantos-funcionarios-pcd-a-empresa-deve-contratar\/","og_site_name":"PORTAL INCLUIR","article_published_time":"2024-07-25T20:10:18+00:00","og_image":[{"width":599,"height":377,"url":"https:\/\/portalincluir.com.br\/wp-content\/uploads\/2023\/08\/2.png","type":"image\/png"}],"author":"Portal Incluir","twitter_card":"summary_large_image","twitter_misc":{"Escrito por":"Portal Incluir"},"schema":{"@context":"https:\/\/schema.org","@graph":[{"@type":["Article","BlogPosting"],"@id":"https:\/\/portalincluir.com.br\/index.php\/2024\/07\/25\/quantos-funcionarios-pcd-a-empresa-deve-contratar\/#article","isPartOf":{"@id":"https:\/\/portalincluir.com.br\/index.php\/2024\/07\/25\/quantos-funcionarios-pcd-a-empresa-deve-contratar\/"},"author":{"name":"Portal Incluir","@id":"https:\/\/portalincluir.com.br\/#\/schema\/person\/8823664e5902eee555607fb75c4c35ae"},"headline":"Quantos funcion\u00e1rios PCD a empresa deve contratar?","datePublished":"2024-07-25T20:10:18+00:00","mainEntityOfPage":{"@id":"https:\/\/portalincluir.com.br\/index.php\/2024\/07\/25\/quantos-funcionarios-pcd-a-empresa-deve-contratar\/"},"wordCount":101,"image":{"@id":"https:\/\/portalincluir.com.br\/index.php\/2024\/07\/25\/quantos-funcionarios-pcd-a-empresa-deve-contratar\/#primaryimage"},"thumbnailUrl":"https:\/\/portalincluir.com.br\/wp-content\/uploads\/2023\/08\/2.png","articleSection":["Not\u00edcias"],"inLanguage":"pt-BR"},{"@type":"WebPage","@id":"https:\/\/portalincluir.com.br\/index.php\/2024\/07\/25\/quantos-funcionarios-pcd-a-empresa-deve-contratar\/","url":"https:\/\/portalincluir.com.br\/index.php\/2024\/07\/25\/quantos-funcionarios-pcd-a-empresa-deve-contratar\/","name":"Quantos funcion\u00e1rios PCD a empresa deve contratar? - PORTAL INCLUIR","isPartOf":{"@id":"https:\/\/portalincluir.com.br\/#website"},"primaryImageOfPage":{"@id":"https:\/\/portalincluir.com.br\/index.php\/2024\/07\/25\/quantos-funcionarios-pcd-a-empresa-deve-contratar\/#primaryimage"},"image":{"@id":"https:\/\/portalincluir.com.br\/index.php\/2024\/07\/25\/quantos-funcionarios-pcd-a-empresa-deve-contratar\/#primaryimage"},"thumbnailUrl":"https:\/\/portalincluir.com.br\/wp-content\/uploads\/2023\/08\/2.png","datePublished":"2024-07-25T20:10:18+00:00","author":{"@id":"https:\/\/portalincluir.com.br\/#\/schema\/person\/8823664e5902eee555607fb75c4c35ae"},"breadcrumb":{"@id":"https:\/\/portalincluir.com.br\/index.php\/2024\/07\/25\/quantos-funcionarios-pcd-a-empresa-deve-contratar\/#breadcrumb"},"inLanguage":"pt-BR","potentialAction":[{"@type":"ReadAction","target":["https:\/\/portalincluir.com.br\/index.php\/2024\/07\/25\/quantos-funcionarios-pcd-a-empresa-deve-contratar\/"]}]},{"@type":"ImageObject","inLanguage":"pt-BR","@id":"https:\/\/portalincluir.com.br\/index.php\/2024\/07\/25\/quantos-funcionarios-pcd-a-empresa-deve-contratar\/#primaryimage","url":"https:\/\/portalincluir.com.br\/wp-content\/uploads\/2023\/08\/2.png","contentUrl":"https:\/\/portalincluir.com.br\/wp-content\/uploads\/2023\/08\/2.png","width":599,"height":377},{"@type":"BreadcrumbList","@id":"https:\/\/portalincluir.com.br\/index.php\/2024\/07\/25\/quantos-funcionarios-pcd-a-empresa-deve-contratar\/#breadcrumb","itemListElement":[{"@type":"ListItem","position":1,"name":"In\u00edcio","item":"https:\/\/portalincluir.com.br\/"},{"@type":"ListItem","position":2,"name":"Quantos funcion\u00e1rios PCD a empresa deve contratar?"}]},{"@type":"WebSite","@id":"https:\/\/portalincluir.com.br\/#website","url":"https:\/\/portalincluir.com.br\/","name":"PORTAL INCLUIR","description":"","potentialAction":[{"@type":"SearchAction","target":{"@type":"EntryPoint","urlTemplate":"https:\/\/portalincluir.com.br\/?s={search_term_string}"},"query-input":{"@type":"PropertyValueSpecification","valueRequired":true,"valueName":"search_term_string"}}],"inLanguage":"pt-BR"},{"@type":"Person","@id":"https:\/\/portalincluir.com.br\/#\/schema\/person\/8823664e5902eee555607fb75c4c35ae","name":"Portal Incluir","image":{"@type":"ImageObject","inLanguage":"pt-BR","@id":"https:\/\/secure.gravatar.com\/avatar\/12085fe17e70c3550551519fe1f8f51fae69b1748563a47fc3bea53d91fbcbbd?s=96&d=mm&r=g","url":"https:\/\/secure.gravatar.com\/avatar\/12085fe17e70c3550551519fe1f8f51fae69b1748563a47fc3bea53d91fbcbbd?s=96&d=mm&r=g","contentUrl":"https:\/\/secure.gravatar.com\/avatar\/12085fe17e70c3550551519fe1f8f51fae69b1748563a47fc3bea53d91fbcbbd?s=96&d=mm&r=g","caption":"Portal Incluir"},"sameAs":["http:\/\/portalincluir.com.br"],"url":"https:\/\/portalincluir.com.br\/index.php\/author\/portalincluir-com-br\/"}]}},"_links":{"self":[{"href":"https:\/\/portalincluir.com.br\/index.php\/wp-json\/wp\/v2\/posts\/376","targetHints":{"allow":["GET"]}}],"collection":[{"href":"https:\/\/portalincluir.com.br\/index.php\/wp-json\/wp\/v2\/posts"}],"about":[{"href":"https:\/\/portalincluir.com.br\/index.php\/wp-json\/wp\/v2\/types\/post"}],"author":[{"embeddable":true,"href":"https:\/\/portalincluir.com.br\/index.php\/wp-json\/wp\/v2\/users\/1"}],"replies":[{"embeddable":true,"href":"https:\/\/portalincluir.com.br\/index.php\/wp-json\/wp\/v2\/comments?post=376"}],"version-history":[{"count":1,"href":"https:\/\/portalincluir.com.br\/index.php\/wp-json\/wp\/v2\/posts\/376\/revisions"}],"predecessor-version":[{"id":377,"href":"https:\/\/portalincluir.com.br\/index.php\/wp-json\/wp\/v2\/posts\/376\/revisions\/377"}],"wp:featuredmedia":[{"embeddable":true,"href":"https:\/\/portalincluir.com.br\/index.php\/wp-json\/wp\/v2\/media\/201"}],"wp:attachment":[{"href":"https:\/\/portalincluir.com.br\/index.php\/wp-json\/wp\/v2\/media?parent=376"}],"wp:term":[{"taxonomy":"category","embeddable":true,"href":"https:\/\/portalincluir.com.br\/index.php\/wp-json\/wp\/v2\/categories?post=376"},{"taxonomy":"post_tag","embeddable":true,"href":"https:\/\/portalincluir.com.br\/index.php\/wp-json\/wp\/v2\/tags?post=376"}],"curies":[{"name":"wp","href":"https:\/\/api.w.org\/{rel}","templated":true}]}}