{"id":378,"date":"2024-07-25T17:16:29","date_gmt":"2024-07-25T20:16:29","guid":{"rendered":"https:\/\/portalincluir.com.br\/?p=378"},"modified":"2024-07-25T17:16:29","modified_gmt":"2024-07-25T20:16:29","slug":"assentos-prioritarios-respeite-valorize-e-cumpra-a-lei","status":"publish","type":"post","link":"https:\/\/portalincluir.com.br\/index.php\/2024\/07\/25\/assentos-prioritarios-respeite-valorize-e-cumpra-a-lei\/","title":{"rendered":"Assentos Priorit\u00e1rios: Respeite, Valorize e Cumpra a Lei!\u00a0"},"content":{"rendered":"\n<figure class=\"wp-block-image size-full is-resized\"><img loading=\"lazy\" decoding=\"async\" width=\"660\" height=\"360\" src=\"https:\/\/portalincluir.com.br\/wp-content\/uploads\/2024\/07\/assentos.jpg\" alt=\"\" class=\"wp-image-379\" style=\"width:837px;height:auto\" srcset=\"https:\/\/portalincluir.com.br\/wp-content\/uploads\/2024\/07\/assentos.jpg 660w, https:\/\/portalincluir.com.br\/wp-content\/uploads\/2024\/07\/assentos-300x164.jpg 300w\" sizes=\"auto, (max-width: 660px) 100vw, 660px\" \/><\/figure>\n\n\n\n<p>Sabia que os assentos priorit\u00e1rios nos transportes coletivos s\u00e3o essenciais para garantir a inclus\u00e3o e acessibilidade de todas as pessoas?  \u00c9 fundamental entender a import\u00e2ncia desses lugares e respeitar a legisla\u00e7\u00e3o que os regulamenta. Vamos juntos nessa conscientiza\u00e7\u00e3o!<\/p>\n\n\n\n<p>Os assentos priorit\u00e1rios s\u00e3o reservados para gestantes, idosos, pessoas com defici\u00eancia e mobilidade reduzida. Ao ceder esses lugares, estamos promovendo a igualdade de oportunidades e proporcionando mais conforto e seguran\u00e7a para quem mais precisa.<\/p>\n\n\n\n<p>Cumprir a legisla\u00e7\u00e3o \u00e9 uma responsabilidade de todos n\u00f3s. Ao respeitar os assentos priorit\u00e1rios, estamos construindo uma sociedade mais solid\u00e1ria e inclusiva. Vamos dar o exemplo e garantir que esses espa\u00e7os sejam sempre disponibilizados para quem realmente necessita!<\/p>\n\n\n\n<p>N\u00e3o se esque\u00e7a: respeitar os assentos priorit\u00e1rios \u00e9 um ato de empatia e gentileza. Vamos compartilhar essa mensagem e conscientizar cada vez mais pessoas sobre a import\u00e2ncia de cumprir a lei. Juntos, podemos fazer a diferen\u00e7a!<\/p>\n","protected":false},"excerpt":{"rendered":"<p>Sabia que os assentos priorit\u00e1rios nos transportes coletivos s\u00e3o essenciais para garantir a inclus\u00e3o e<\/p>\n","protected":false},"author":1,"featured_media":379,"comment_status":"closed","ping_status":"open","sticky":false,"template":"","format":"standard","meta":{"om_disable_all_campaigns":false,"_monsterinsights_skip_tracking":false,"_monsterinsights_sitenote_active":false,"_monsterinsights_sitenote_note":"","_monsterinsights_sitenote_category":0,"_uf_show_specific_survey":0,"_uf_disable_surveys":false,"footnotes":""},"categories":[9],"tags":[],"class_list":["post-378","post","type-post","status-publish","format-standard","has-post-thumbnail","hentry","category-noticias"],"yoast_head":"<!-- This site is optimized with the Yoast SEO plugin v27.4 - https:\/\/yoast.com\/product\/yoast-seo-wordpress\/ -->\n<title>Assentos Priorit\u00e1rios: Respeite, Valorize e Cumpra a Lei!\u00a0 - PORTAL INCLUIR<\/title>\n<meta name=\"robots\" content=\"index, follow, max-snippet:-1, max-image-preview:large, max-video-preview:-1\" \/>\n<link rel=\"canonical\" href=\"https:\/\/portalincluir.com.br\/index.php\/2024\/07\/25\/assentos-prioritarios-respeite-valorize-e-cumpra-a-lei\/\" \/>\n<meta property=\"og:locale\" content=\"pt_BR\" \/>\n<meta property=\"og:type\" content=\"article\" \/>\n<meta property=\"og:title\" content=\"Assentos Priorit\u00e1rios: Respeite, Valorize e Cumpra a Lei!\u00a0 - PORTAL INCLUIR\" \/>\n<meta property=\"og:description\" content=\"Sabia que os assentos priorit\u00e1rios nos transportes coletivos s\u00e3o essenciais para garantir a inclus\u00e3o e\" \/>\n<meta property=\"og:url\" content=\"https:\/\/portalincluir.com.br\/index.php\/2024\/07\/25\/assentos-prioritarios-respeite-valorize-e-cumpra-a-lei\/\" \/>\n<meta property=\"og:site_name\" content=\"PORTAL INCLUIR\" \/>\n<meta property=\"article:published_time\" content=\"2024-07-25T20:16:29+00:00\" \/>\n<meta property=\"og:image\" content=\"https:\/\/portalincluir.com.br\/wp-content\/uploads\/2024\/07\/assentos.jpg\" \/>\n\t<meta property=\"og:image:width\" content=\"660\" \/>\n\t<meta property=\"og:image:height\" content=\"360\" \/>\n\t<meta property=\"og:image:type\" content=\"image\/jpeg\" \/>\n<meta name=\"author\" content=\"Portal Incluir\" \/>\n<meta name=\"twitter:card\" content=\"summary_large_image\" \/>\n<meta name=\"twitter:label1\" content=\"Escrito por\" \/>\n\t<meta name=\"twitter:data1\" content=\"Portal Incluir\" \/>\n\t<meta name=\"twitter:label2\" content=\"Est. tempo de leitura\" \/>\n\t<meta name=\"twitter:data2\" content=\"1 minuto\" \/>\n<script type=\"application\/ld+json\" class=\"yoast-schema-graph\">{\"@context\":\"https:\\\/\\\/schema.org\",\"@graph\":[{\"@type\":[\"Article\",\"BlogPosting\"],\"@id\":\"https:\\\/\\\/portalincluir.com.br\\\/index.php\\\/2024\\\/07\\\/25\\\/assentos-prioritarios-respeite-valorize-e-cumpra-a-lei\\\/#article\",\"isPartOf\":{\"@id\":\"https:\\\/\\\/portalincluir.com.br\\\/index.php\\\/2024\\\/07\\\/25\\\/assentos-prioritarios-respeite-valorize-e-cumpra-a-lei\\\/\"},\"author\":{\"name\":\"Portal Incluir\",\"@id\":\"https:\\\/\\\/portalincluir.com.br\\\/#\\\/schema\\\/person\\\/8823664e5902eee555607fb75c4c35ae\"},\"headline\":\"Assentos Priorit\u00e1rios: Respeite, Valorize e Cumpra a Lei!\u00a0\",\"datePublished\":\"2024-07-25T20:16:29+00:00\",\"mainEntityOfPage\":{\"@id\":\"https:\\\/\\\/portalincluir.com.br\\\/index.php\\\/2024\\\/07\\\/25\\\/assentos-prioritarios-respeite-valorize-e-cumpra-a-lei\\\/\"},\"wordCount\":172,\"image\":{\"@id\":\"https:\\\/\\\/portalincluir.com.br\\\/index.php\\\/2024\\\/07\\\/25\\\/assentos-prioritarios-respeite-valorize-e-cumpra-a-lei\\\/#primaryimage\"},\"thumbnailUrl\":\"https:\\\/\\\/portalincluir.com.br\\\/wp-content\\\/uploads\\\/2024\\\/07\\\/assentos.jpg\",\"articleSection\":[\"Not\u00edcias\"],\"inLanguage\":\"pt-BR\"},{\"@type\":\"WebPage\",\"@id\":\"https:\\\/\\\/portalincluir.com.br\\\/index.php\\\/2024\\\/07\\\/25\\\/assentos-prioritarios-respeite-valorize-e-cumpra-a-lei\\\/\",\"url\":\"https:\\\/\\\/portalincluir.com.br\\\/index.php\\\/2024\\\/07\\\/25\\\/assentos-prioritarios-respeite-valorize-e-cumpra-a-lei\\\/\",\"name\":\"Assentos Priorit\u00e1rios: Respeite, Valorize e Cumpra a Lei!\u00a0 - PORTAL INCLUIR\",\"isPartOf\":{\"@id\":\"https:\\\/\\\/portalincluir.com.br\\\/#website\"},\"primaryImageOfPage\":{\"@id\":\"https:\\\/\\\/portalincluir.com.br\\\/index.php\\\/2024\\\/07\\\/25\\\/assentos-prioritarios-respeite-valorize-e-cumpra-a-lei\\\/#primaryimage\"},\"image\":{\"@id\":\"https:\\\/\\\/portalincluir.com.br\\\/index.php\\\/2024\\\/07\\\/25\\\/assentos-prioritarios-respeite-valorize-e-cumpra-a-lei\\\/#primaryimage\"},\"thumbnailUrl\":\"https:\\\/\\\/portalincluir.com.br\\\/wp-content\\\/uploads\\\/2024\\\/07\\\/assentos.jpg\",\"datePublished\":\"2024-07-25T20:16:29+00:00\",\"author\":{\"@id\":\"https:\\\/\\\/portalincluir.com.br\\\/#\\\/schema\\\/person\\\/8823664e5902eee555607fb75c4c35ae\"},\"breadcrumb\":{\"@id\":\"https:\\\/\\\/portalincluir.com.br\\\/index.php\\\/2024\\\/07\\\/25\\\/assentos-prioritarios-respeite-valorize-e-cumpra-a-lei\\\/#breadcrumb\"},\"inLanguage\":\"pt-BR\",\"potentialAction\":[{\"@type\":\"ReadAction\",\"target\":[\"https:\\\/\\\/portalincluir.com.br\\\/index.php\\\/2024\\\/07\\\/25\\\/assentos-prioritarios-respeite-valorize-e-cumpra-a-lei\\\/\"]}]},{\"@type\":\"ImageObject\",\"inLanguage\":\"pt-BR\",\"@id\":\"https:\\\/\\\/portalincluir.com.br\\\/index.php\\\/2024\\\/07\\\/25\\\/assentos-prioritarios-respeite-valorize-e-cumpra-a-lei\\\/#primaryimage\",\"url\":\"https:\\\/\\\/portalincluir.com.br\\\/wp-content\\\/uploads\\\/2024\\\/07\\\/assentos.jpg\",\"contentUrl\":\"https:\\\/\\\/portalincluir.com.br\\\/wp-content\\\/uploads\\\/2024\\\/07\\\/assentos.jpg\",\"width\":660,\"height\":360},{\"@type\":\"BreadcrumbList\",\"@id\":\"https:\\\/\\\/portalincluir.com.br\\\/index.php\\\/2024\\\/07\\\/25\\\/assentos-prioritarios-respeite-valorize-e-cumpra-a-lei\\\/#breadcrumb\",\"itemListElement\":[{\"@type\":\"ListItem\",\"position\":1,\"name\":\"In\u00edcio\",\"item\":\"https:\\\/\\\/portalincluir.com.br\\\/\"},{\"@type\":\"ListItem\",\"position\":2,\"name\":\"Assentos Priorit\u00e1rios: Respeite, Valorize e Cumpra a Lei!\u00a0\"}]},{\"@type\":\"WebSite\",\"@id\":\"https:\\\/\\\/portalincluir.com.br\\\/#website\",\"url\":\"https:\\\/\\\/portalincluir.com.br\\\/\",\"name\":\"PORTAL INCLUIR\",\"description\":\"\",\"potentialAction\":[{\"@type\":\"SearchAction\",\"target\":{\"@type\":\"EntryPoint\",\"urlTemplate\":\"https:\\\/\\\/portalincluir.com.br\\\/?s={search_term_string}\"},\"query-input\":{\"@type\":\"PropertyValueSpecification\",\"valueRequired\":true,\"valueName\":\"search_term_string\"}}],\"inLanguage\":\"pt-BR\"},{\"@type\":\"Person\",\"@id\":\"https:\\\/\\\/portalincluir.com.br\\\/#\\\/schema\\\/person\\\/8823664e5902eee555607fb75c4c35ae\",\"name\":\"Portal Incluir\",\"image\":{\"@type\":\"ImageObject\",\"inLanguage\":\"pt-BR\",\"@id\":\"https:\\\/\\\/secure.gravatar.com\\\/avatar\\\/12085fe17e70c3550551519fe1f8f51fae69b1748563a47fc3bea53d91fbcbbd?s=96&d=mm&r=g\",\"url\":\"https:\\\/\\\/secure.gravatar.com\\\/avatar\\\/12085fe17e70c3550551519fe1f8f51fae69b1748563a47fc3bea53d91fbcbbd?s=96&d=mm&r=g\",\"contentUrl\":\"https:\\\/\\\/secure.gravatar.com\\\/avatar\\\/12085fe17e70c3550551519fe1f8f51fae69b1748563a47fc3bea53d91fbcbbd?s=96&d=mm&r=g\",\"caption\":\"Portal Incluir\"},\"sameAs\":[\"http:\\\/\\\/portalincluir.com.br\"],\"url\":\"https:\\\/\\\/portalincluir.com.br\\\/index.php\\\/author\\\/portalincluir-com-br\\\/\"}]}<\/script>\n<!-- \/ Yoast SEO plugin. -->","yoast_head_json":{"title":"Assentos Priorit\u00e1rios: Respeite, Valorize e Cumpra a Lei!\u00a0 - PORTAL INCLUIR","robots":{"index":"index","follow":"follow","max-snippet":"max-snippet:-1","max-image-preview":"max-image-preview:large","max-video-preview":"max-video-preview:-1"},"canonical":"https:\/\/portalincluir.com.br\/index.php\/2024\/07\/25\/assentos-prioritarios-respeite-valorize-e-cumpra-a-lei\/","og_locale":"pt_BR","og_type":"article","og_title":"Assentos Priorit\u00e1rios: Respeite, Valorize e Cumpra a Lei!\u00a0 - PORTAL INCLUIR","og_description":"Sabia que os assentos priorit\u00e1rios nos transportes coletivos s\u00e3o essenciais para garantir a inclus\u00e3o e","og_url":"https:\/\/portalincluir.com.br\/index.php\/2024\/07\/25\/assentos-prioritarios-respeite-valorize-e-cumpra-a-lei\/","og_site_name":"PORTAL INCLUIR","article_published_time":"2024-07-25T20:16:29+00:00","og_image":[{"width":660,"height":360,"url":"https:\/\/portalincluir.com.br\/wp-content\/uploads\/2024\/07\/assentos.jpg","type":"image\/jpeg"}],"author":"Portal Incluir","twitter_card":"summary_large_image","twitter_misc":{"Escrito por":"Portal Incluir","Est. tempo de leitura":"1 minuto"},"schema":{"@context":"https:\/\/schema.org","@graph":[{"@type":["Article","BlogPosting"],"@id":"https:\/\/portalincluir.com.br\/index.php\/2024\/07\/25\/assentos-prioritarios-respeite-valorize-e-cumpra-a-lei\/#article","isPartOf":{"@id":"https:\/\/portalincluir.com.br\/index.php\/2024\/07\/25\/assentos-prioritarios-respeite-valorize-e-cumpra-a-lei\/"},"author":{"name":"Portal Incluir","@id":"https:\/\/portalincluir.com.br\/#\/schema\/person\/8823664e5902eee555607fb75c4c35ae"},"headline":"Assentos Priorit\u00e1rios: Respeite, Valorize e Cumpra a Lei!\u00a0","datePublished":"2024-07-25T20:16:29+00:00","mainEntityOfPage":{"@id":"https:\/\/portalincluir.com.br\/index.php\/2024\/07\/25\/assentos-prioritarios-respeite-valorize-e-cumpra-a-lei\/"},"wordCount":172,"image":{"@id":"https:\/\/portalincluir.com.br\/index.php\/2024\/07\/25\/assentos-prioritarios-respeite-valorize-e-cumpra-a-lei\/#primaryimage"},"thumbnailUrl":"https:\/\/portalincluir.com.br\/wp-content\/uploads\/2024\/07\/assentos.jpg","articleSection":["Not\u00edcias"],"inLanguage":"pt-BR"},{"@type":"WebPage","@id":"https:\/\/portalincluir.com.br\/index.php\/2024\/07\/25\/assentos-prioritarios-respeite-valorize-e-cumpra-a-lei\/","url":"https:\/\/portalincluir.com.br\/index.php\/2024\/07\/25\/assentos-prioritarios-respeite-valorize-e-cumpra-a-lei\/","name":"Assentos Priorit\u00e1rios: Respeite, Valorize e Cumpra a Lei!\u00a0 - PORTAL INCLUIR","isPartOf":{"@id":"https:\/\/portalincluir.com.br\/#website"},"primaryImageOfPage":{"@id":"https:\/\/portalincluir.com.br\/index.php\/2024\/07\/25\/assentos-prioritarios-respeite-valorize-e-cumpra-a-lei\/#primaryimage"},"image":{"@id":"https:\/\/portalincluir.com.br\/index.php\/2024\/07\/25\/assentos-prioritarios-respeite-valorize-e-cumpra-a-lei\/#primaryimage"},"thumbnailUrl":"https:\/\/portalincluir.com.br\/wp-content\/uploads\/2024\/07\/assentos.jpg","datePublished":"2024-07-25T20:16:29+00:00","author":{"@id":"https:\/\/portalincluir.com.br\/#\/schema\/person\/8823664e5902eee555607fb75c4c35ae"},"breadcrumb":{"@id":"https:\/\/portalincluir.com.br\/index.php\/2024\/07\/25\/assentos-prioritarios-respeite-valorize-e-cumpra-a-lei\/#breadcrumb"},"inLanguage":"pt-BR","potentialAction":[{"@type":"ReadAction","target":["https:\/\/portalincluir.com.br\/index.php\/2024\/07\/25\/assentos-prioritarios-respeite-valorize-e-cumpra-a-lei\/"]}]},{"@type":"ImageObject","inLanguage":"pt-BR","@id":"https:\/\/portalincluir.com.br\/index.php\/2024\/07\/25\/assentos-prioritarios-respeite-valorize-e-cumpra-a-lei\/#primaryimage","url":"https:\/\/portalincluir.com.br\/wp-content\/uploads\/2024\/07\/assentos.jpg","contentUrl":"https:\/\/portalincluir.com.br\/wp-content\/uploads\/2024\/07\/assentos.jpg","width":660,"height":360},{"@type":"BreadcrumbList","@id":"https:\/\/portalincluir.com.br\/index.php\/2024\/07\/25\/assentos-prioritarios-respeite-valorize-e-cumpra-a-lei\/#breadcrumb","itemListElement":[{"@type":"ListItem","position":1,"name":"In\u00edcio","item":"https:\/\/portalincluir.com.br\/"},{"@type":"ListItem","position":2,"name":"Assentos Priorit\u00e1rios: Respeite, Valorize e Cumpra a Lei!\u00a0"}]},{"@type":"WebSite","@id":"https:\/\/portalincluir.com.br\/#website","url":"https:\/\/portalincluir.com.br\/","name":"PORTAL INCLUIR","description":"","potentialAction":[{"@type":"SearchAction","target":{"@type":"EntryPoint","urlTemplate":"https:\/\/portalincluir.com.br\/?s={search_term_string}"},"query-input":{"@type":"PropertyValueSpecification","valueRequired":true,"valueName":"search_term_string"}}],"inLanguage":"pt-BR"},{"@type":"Person","@id":"https:\/\/portalincluir.com.br\/#\/schema\/person\/8823664e5902eee555607fb75c4c35ae","name":"Portal Incluir","image":{"@type":"ImageObject","inLanguage":"pt-BR","@id":"https:\/\/secure.gravatar.com\/avatar\/12085fe17e70c3550551519fe1f8f51fae69b1748563a47fc3bea53d91fbcbbd?s=96&d=mm&r=g","url":"https:\/\/secure.gravatar.com\/avatar\/12085fe17e70c3550551519fe1f8f51fae69b1748563a47fc3bea53d91fbcbbd?s=96&d=mm&r=g","contentUrl":"https:\/\/secure.gravatar.com\/avatar\/12085fe17e70c3550551519fe1f8f51fae69b1748563a47fc3bea53d91fbcbbd?s=96&d=mm&r=g","caption":"Portal Incluir"},"sameAs":["http:\/\/portalincluir.com.br"],"url":"https:\/\/portalincluir.com.br\/index.php\/author\/portalincluir-com-br\/"}]}},"_links":{"self":[{"href":"https:\/\/portalincluir.com.br\/index.php\/wp-json\/wp\/v2\/posts\/378","targetHints":{"allow":["GET"]}}],"collection":[{"href":"https:\/\/portalincluir.com.br\/index.php\/wp-json\/wp\/v2\/posts"}],"about":[{"href":"https:\/\/portalincluir.com.br\/index.php\/wp-json\/wp\/v2\/types\/post"}],"author":[{"embeddable":true,"href":"https:\/\/portalincluir.com.br\/index.php\/wp-json\/wp\/v2\/users\/1"}],"replies":[{"embeddable":true,"href":"https:\/\/portalincluir.com.br\/index.php\/wp-json\/wp\/v2\/comments?post=378"}],"version-history":[{"count":1,"href":"https:\/\/portalincluir.com.br\/index.php\/wp-json\/wp\/v2\/posts\/378\/revisions"}],"predecessor-version":[{"id":380,"href":"https:\/\/portalincluir.com.br\/index.php\/wp-json\/wp\/v2\/posts\/378\/revisions\/380"}],"wp:featuredmedia":[{"embeddable":true,"href":"https:\/\/portalincluir.com.br\/index.php\/wp-json\/wp\/v2\/media\/379"}],"wp:attachment":[{"href":"https:\/\/portalincluir.com.br\/index.php\/wp-json\/wp\/v2\/media?parent=378"}],"wp:term":[{"taxonomy":"category","embeddable":true,"href":"https:\/\/portalincluir.com.br\/index.php\/wp-json\/wp\/v2\/categories?post=378"},{"taxonomy":"post_tag","embeddable":true,"href":"https:\/\/portalincluir.com.br\/index.php\/wp-json\/wp\/v2\/tags?post=378"}],"curies":[{"name":"wp","href":"https:\/\/api.w.org\/{rel}","templated":true}]}}