{"id":382,"date":"2024-08-26T20:40:35","date_gmt":"2024-08-26T23:40:35","guid":{"rendered":"https:\/\/portalincluir.com.br\/?p=382"},"modified":"2024-08-26T20:40:35","modified_gmt":"2024-08-26T23:40:35","slug":"nossa-historia-quem-somos-e-o-que-fazemos","status":"publish","type":"post","link":"https:\/\/portalincluir.com.br\/index.php\/2024\/08\/26\/nossa-historia-quem-somos-e-o-que-fazemos\/","title":{"rendered":"&#8220;Nossa hist\u00f3ria: quem somos e o que fazemos&#8221;"},"content":{"rendered":"\n<figure class=\"wp-block-image alignright size-large is-resized\"><img loading=\"lazy\" decoding=\"async\" width=\"1024\" height=\"987\" src=\"https:\/\/portalincluir.com.br\/wp-content\/uploads\/2024\/08\/semana-nacional-apae-1024x987.jpg\" alt=\"\" class=\"wp-image-383\" style=\"width:456px;height:auto\" srcset=\"https:\/\/portalincluir.com.br\/wp-content\/uploads\/2024\/08\/semana-nacional-apae-1024x987.jpg 1024w, https:\/\/portalincluir.com.br\/wp-content\/uploads\/2024\/08\/semana-nacional-apae-300x289.jpg 300w, https:\/\/portalincluir.com.br\/wp-content\/uploads\/2024\/08\/semana-nacional-apae-768x740.jpg 768w, https:\/\/portalincluir.com.br\/wp-content\/uploads\/2024\/08\/semana-nacional-apae-1536x1481.jpg 1536w, https:\/\/portalincluir.com.br\/wp-content\/uploads\/2024\/08\/semana-nacional-apae.jpg 2048w\" sizes=\"auto, (max-width: 1024px) 100vw, 1024px\" \/><\/figure>\n\n\n\n<p>Uma das campanhas mais esperadas no Brasil todos os anos pelas pessoas e fam\u00edlias at\u00edpicas est\u00e1 acontecendo em todo o territ\u00f3rio nacional. \u00c9 a Semana Nacional da Pessoa com Defici\u00eancia Intelectual e M\u00faltipla,que este ano tem o tema<strong> &#8220;Nossa hist\u00f3ria: quem somos e o que fazemos&#8221;.<\/strong> Este ano a campanha  nos convida a contemplar a evolu\u00e7\u00e3o da Apae em todo o Brasil e sua influ\u00eancia decisiva na edifica\u00e7\u00e3o de uma sociedade mais justa e igualit\u00e1ria. As vit\u00f3rias s\u00e3o indiscut\u00edveis em nossa luta, mas a sabemos que a jornada pela garantia dos direitos das pessoas com defici\u00eancia est\u00e1 longe de terminar.<\/p>\n\n\n\n<p>Em Vit\u00f3ria da Conqusita, a APAE est\u00e1 realizando uma s\u00e9rie de atividades desde o dia 21 e prossegue at\u00e9 o dia 28. Nesta ter\u00e7a-feira, 27, acontecer\u00e1 o <strong>APAE na pra\u00e7a<\/strong>, que consiste na instala\u00e7\u00e3o de um stand na pra\u00e7a 9 de novembro onde al\u00e9m da presta\u00e7\u00e3o de servi\u00e7os para a comunidade, ser\u00e1  mostrado uma gama de servi\u00e7os que s\u00e3o prestados \u00e0 comunidade de Vit\u00f3ria da Conquista, al\u00e9m da apresenta\u00e7\u00e3o de servi\u00e7os e exposi\u00e7\u00e3o de fotos, recursos e materiais utilzados nas oficinas do CAEE. <\/p>\n\n\n\n<p>Ser\u00e1 realizada uma live nas redes sociais da Federa\u00e7\u00e3o das Apaes da Bahia falando sobre a hist\u00f3ria da Associa\u00e7\u00e3o na cidade de Vit\u00f3ria da Conquista.<\/p>\n","protected":false},"excerpt":{"rendered":"<p>Uma das campanhas mais esperadas no Brasil todos os anos pelas pessoas e fam\u00edlias at\u00edpicas<\/p>\n","protected":false},"author":1,"featured_media":383,"comment_status":"closed","ping_status":"open","sticky":false,"template":"","format":"standard","meta":{"om_disable_all_campaigns":false,"_monsterinsights_skip_tracking":false,"_monsterinsights_sitenote_active":false,"_monsterinsights_sitenote_note":"","_monsterinsights_sitenote_category":0,"_uf_show_specific_survey":0,"_uf_disable_surveys":false,"footnotes":""},"categories":[9],"tags":[],"class_list":["post-382","post","type-post","status-publish","format-standard","has-post-thumbnail","hentry","category-noticias"],"yoast_head":"<!-- This site is optimized with the Yoast SEO plugin v27.4 - https:\/\/yoast.com\/product\/yoast-seo-wordpress\/ -->\n<title>&quot;Nossa hist\u00f3ria: quem somos e o que fazemos&quot; - PORTAL INCLUIR<\/title>\n<meta name=\"robots\" content=\"index, follow, max-snippet:-1, max-image-preview:large, max-video-preview:-1\" \/>\n<link rel=\"canonical\" href=\"https:\/\/portalincluir.com.br\/index.php\/2024\/08\/26\/nossa-historia-quem-somos-e-o-que-fazemos\/\" \/>\n<meta property=\"og:locale\" content=\"pt_BR\" \/>\n<meta property=\"og:type\" content=\"article\" \/>\n<meta property=\"og:title\" content=\"&quot;Nossa hist\u00f3ria: quem somos e o que fazemos&quot; - PORTAL INCLUIR\" \/>\n<meta property=\"og:description\" content=\"Uma das campanhas mais esperadas no Brasil todos os anos pelas pessoas e fam\u00edlias at\u00edpicas\" \/>\n<meta property=\"og:url\" content=\"https:\/\/portalincluir.com.br\/index.php\/2024\/08\/26\/nossa-historia-quem-somos-e-o-que-fazemos\/\" \/>\n<meta property=\"og:site_name\" content=\"PORTAL INCLUIR\" \/>\n<meta property=\"article:published_time\" content=\"2024-08-26T23:40:35+00:00\" \/>\n<meta property=\"og:image\" content=\"https:\/\/portalincluir.com.br\/wp-content\/uploads\/2024\/08\/semana-nacional-apae.jpg\" \/>\n\t<meta property=\"og:image:width\" content=\"2048\" \/>\n\t<meta property=\"og:image:height\" content=\"1974\" \/>\n\t<meta property=\"og:image:type\" content=\"image\/jpeg\" \/>\n<meta name=\"author\" content=\"Portal Incluir\" \/>\n<meta name=\"twitter:card\" content=\"summary_large_image\" \/>\n<meta name=\"twitter:label1\" content=\"Escrito por\" \/>\n\t<meta name=\"twitter:data1\" content=\"Portal Incluir\" \/>\n\t<meta name=\"twitter:label2\" content=\"Est. tempo de leitura\" \/>\n\t<meta name=\"twitter:data2\" content=\"1 minuto\" \/>\n<script type=\"application\/ld+json\" class=\"yoast-schema-graph\">{\"@context\":\"https:\\\/\\\/schema.org\",\"@graph\":[{\"@type\":[\"Article\",\"BlogPosting\"],\"@id\":\"https:\\\/\\\/portalincluir.com.br\\\/index.php\\\/2024\\\/08\\\/26\\\/nossa-historia-quem-somos-e-o-que-fazemos\\\/#article\",\"isPartOf\":{\"@id\":\"https:\\\/\\\/portalincluir.com.br\\\/index.php\\\/2024\\\/08\\\/26\\\/nossa-historia-quem-somos-e-o-que-fazemos\\\/\"},\"author\":{\"name\":\"Portal Incluir\",\"@id\":\"https:\\\/\\\/portalincluir.com.br\\\/#\\\/schema\\\/person\\\/8823664e5902eee555607fb75c4c35ae\"},\"headline\":\"&#8220;Nossa hist\u00f3ria: quem somos e o que fazemos&#8221;\",\"datePublished\":\"2024-08-26T23:40:35+00:00\",\"mainEntityOfPage\":{\"@id\":\"https:\\\/\\\/portalincluir.com.br\\\/index.php\\\/2024\\\/08\\\/26\\\/nossa-historia-quem-somos-e-o-que-fazemos\\\/\"},\"wordCount\":246,\"image\":{\"@id\":\"https:\\\/\\\/portalincluir.com.br\\\/index.php\\\/2024\\\/08\\\/26\\\/nossa-historia-quem-somos-e-o-que-fazemos\\\/#primaryimage\"},\"thumbnailUrl\":\"https:\\\/\\\/portalincluir.com.br\\\/wp-content\\\/uploads\\\/2024\\\/08\\\/semana-nacional-apae.jpg\",\"articleSection\":[\"Not\u00edcias\"],\"inLanguage\":\"pt-BR\"},{\"@type\":\"WebPage\",\"@id\":\"https:\\\/\\\/portalincluir.com.br\\\/index.php\\\/2024\\\/08\\\/26\\\/nossa-historia-quem-somos-e-o-que-fazemos\\\/\",\"url\":\"https:\\\/\\\/portalincluir.com.br\\\/index.php\\\/2024\\\/08\\\/26\\\/nossa-historia-quem-somos-e-o-que-fazemos\\\/\",\"name\":\"\\\"Nossa hist\u00f3ria: quem somos e o que fazemos\\\" - PORTAL INCLUIR\",\"isPartOf\":{\"@id\":\"https:\\\/\\\/portalincluir.com.br\\\/#website\"},\"primaryImageOfPage\":{\"@id\":\"https:\\\/\\\/portalincluir.com.br\\\/index.php\\\/2024\\\/08\\\/26\\\/nossa-historia-quem-somos-e-o-que-fazemos\\\/#primaryimage\"},\"image\":{\"@id\":\"https:\\\/\\\/portalincluir.com.br\\\/index.php\\\/2024\\\/08\\\/26\\\/nossa-historia-quem-somos-e-o-que-fazemos\\\/#primaryimage\"},\"thumbnailUrl\":\"https:\\\/\\\/portalincluir.com.br\\\/wp-content\\\/uploads\\\/2024\\\/08\\\/semana-nacional-apae.jpg\",\"datePublished\":\"2024-08-26T23:40:35+00:00\",\"author\":{\"@id\":\"https:\\\/\\\/portalincluir.com.br\\\/#\\\/schema\\\/person\\\/8823664e5902eee555607fb75c4c35ae\"},\"breadcrumb\":{\"@id\":\"https:\\\/\\\/portalincluir.com.br\\\/index.php\\\/2024\\\/08\\\/26\\\/nossa-historia-quem-somos-e-o-que-fazemos\\\/#breadcrumb\"},\"inLanguage\":\"pt-BR\",\"potentialAction\":[{\"@type\":\"ReadAction\",\"target\":[\"https:\\\/\\\/portalincluir.com.br\\\/index.php\\\/2024\\\/08\\\/26\\\/nossa-historia-quem-somos-e-o-que-fazemos\\\/\"]}]},{\"@type\":\"ImageObject\",\"inLanguage\":\"pt-BR\",\"@id\":\"https:\\\/\\\/portalincluir.com.br\\\/index.php\\\/2024\\\/08\\\/26\\\/nossa-historia-quem-somos-e-o-que-fazemos\\\/#primaryimage\",\"url\":\"https:\\\/\\\/portalincluir.com.br\\\/wp-content\\\/uploads\\\/2024\\\/08\\\/semana-nacional-apae.jpg\",\"contentUrl\":\"https:\\\/\\\/portalincluir.com.br\\\/wp-content\\\/uploads\\\/2024\\\/08\\\/semana-nacional-apae.jpg\",\"width\":2048,\"height\":1974},{\"@type\":\"BreadcrumbList\",\"@id\":\"https:\\\/\\\/portalincluir.com.br\\\/index.php\\\/2024\\\/08\\\/26\\\/nossa-historia-quem-somos-e-o-que-fazemos\\\/#breadcrumb\",\"itemListElement\":[{\"@type\":\"ListItem\",\"position\":1,\"name\":\"In\u00edcio\",\"item\":\"https:\\\/\\\/portalincluir.com.br\\\/\"},{\"@type\":\"ListItem\",\"position\":2,\"name\":\"&#8220;Nossa hist\u00f3ria: quem somos e o que fazemos&#8221;\"}]},{\"@type\":\"WebSite\",\"@id\":\"https:\\\/\\\/portalincluir.com.br\\\/#website\",\"url\":\"https:\\\/\\\/portalincluir.com.br\\\/\",\"name\":\"PORTAL INCLUIR\",\"description\":\"\",\"potentialAction\":[{\"@type\":\"SearchAction\",\"target\":{\"@type\":\"EntryPoint\",\"urlTemplate\":\"https:\\\/\\\/portalincluir.com.br\\\/?s={search_term_string}\"},\"query-input\":{\"@type\":\"PropertyValueSpecification\",\"valueRequired\":true,\"valueName\":\"search_term_string\"}}],\"inLanguage\":\"pt-BR\"},{\"@type\":\"Person\",\"@id\":\"https:\\\/\\\/portalincluir.com.br\\\/#\\\/schema\\\/person\\\/8823664e5902eee555607fb75c4c35ae\",\"name\":\"Portal Incluir\",\"image\":{\"@type\":\"ImageObject\",\"inLanguage\":\"pt-BR\",\"@id\":\"https:\\\/\\\/secure.gravatar.com\\\/avatar\\\/12085fe17e70c3550551519fe1f8f51fae69b1748563a47fc3bea53d91fbcbbd?s=96&d=mm&r=g\",\"url\":\"https:\\\/\\\/secure.gravatar.com\\\/avatar\\\/12085fe17e70c3550551519fe1f8f51fae69b1748563a47fc3bea53d91fbcbbd?s=96&d=mm&r=g\",\"contentUrl\":\"https:\\\/\\\/secure.gravatar.com\\\/avatar\\\/12085fe17e70c3550551519fe1f8f51fae69b1748563a47fc3bea53d91fbcbbd?s=96&d=mm&r=g\",\"caption\":\"Portal Incluir\"},\"sameAs\":[\"http:\\\/\\\/portalincluir.com.br\"],\"url\":\"https:\\\/\\\/portalincluir.com.br\\\/index.php\\\/author\\\/portalincluir-com-br\\\/\"}]}<\/script>\n<!-- \/ Yoast SEO plugin. -->","yoast_head_json":{"title":"\"Nossa hist\u00f3ria: quem somos e o que fazemos\" - PORTAL INCLUIR","robots":{"index":"index","follow":"follow","max-snippet":"max-snippet:-1","max-image-preview":"max-image-preview:large","max-video-preview":"max-video-preview:-1"},"canonical":"https:\/\/portalincluir.com.br\/index.php\/2024\/08\/26\/nossa-historia-quem-somos-e-o-que-fazemos\/","og_locale":"pt_BR","og_type":"article","og_title":"\"Nossa hist\u00f3ria: quem somos e o que fazemos\" - PORTAL INCLUIR","og_description":"Uma das campanhas mais esperadas no Brasil todos os anos pelas pessoas e fam\u00edlias at\u00edpicas","og_url":"https:\/\/portalincluir.com.br\/index.php\/2024\/08\/26\/nossa-historia-quem-somos-e-o-que-fazemos\/","og_site_name":"PORTAL INCLUIR","article_published_time":"2024-08-26T23:40:35+00:00","og_image":[{"width":2048,"height":1974,"url":"https:\/\/portalincluir.com.br\/wp-content\/uploads\/2024\/08\/semana-nacional-apae.jpg","type":"image\/jpeg"}],"author":"Portal Incluir","twitter_card":"summary_large_image","twitter_misc":{"Escrito por":"Portal Incluir","Est. tempo de leitura":"1 minuto"},"schema":{"@context":"https:\/\/schema.org","@graph":[{"@type":["Article","BlogPosting"],"@id":"https:\/\/portalincluir.com.br\/index.php\/2024\/08\/26\/nossa-historia-quem-somos-e-o-que-fazemos\/#article","isPartOf":{"@id":"https:\/\/portalincluir.com.br\/index.php\/2024\/08\/26\/nossa-historia-quem-somos-e-o-que-fazemos\/"},"author":{"name":"Portal Incluir","@id":"https:\/\/portalincluir.com.br\/#\/schema\/person\/8823664e5902eee555607fb75c4c35ae"},"headline":"&#8220;Nossa hist\u00f3ria: quem somos e o que fazemos&#8221;","datePublished":"2024-08-26T23:40:35+00:00","mainEntityOfPage":{"@id":"https:\/\/portalincluir.com.br\/index.php\/2024\/08\/26\/nossa-historia-quem-somos-e-o-que-fazemos\/"},"wordCount":246,"image":{"@id":"https:\/\/portalincluir.com.br\/index.php\/2024\/08\/26\/nossa-historia-quem-somos-e-o-que-fazemos\/#primaryimage"},"thumbnailUrl":"https:\/\/portalincluir.com.br\/wp-content\/uploads\/2024\/08\/semana-nacional-apae.jpg","articleSection":["Not\u00edcias"],"inLanguage":"pt-BR"},{"@type":"WebPage","@id":"https:\/\/portalincluir.com.br\/index.php\/2024\/08\/26\/nossa-historia-quem-somos-e-o-que-fazemos\/","url":"https:\/\/portalincluir.com.br\/index.php\/2024\/08\/26\/nossa-historia-quem-somos-e-o-que-fazemos\/","name":"\"Nossa hist\u00f3ria: quem somos e o que fazemos\" - PORTAL INCLUIR","isPartOf":{"@id":"https:\/\/portalincluir.com.br\/#website"},"primaryImageOfPage":{"@id":"https:\/\/portalincluir.com.br\/index.php\/2024\/08\/26\/nossa-historia-quem-somos-e-o-que-fazemos\/#primaryimage"},"image":{"@id":"https:\/\/portalincluir.com.br\/index.php\/2024\/08\/26\/nossa-historia-quem-somos-e-o-que-fazemos\/#primaryimage"},"thumbnailUrl":"https:\/\/portalincluir.com.br\/wp-content\/uploads\/2024\/08\/semana-nacional-apae.jpg","datePublished":"2024-08-26T23:40:35+00:00","author":{"@id":"https:\/\/portalincluir.com.br\/#\/schema\/person\/8823664e5902eee555607fb75c4c35ae"},"breadcrumb":{"@id":"https:\/\/portalincluir.com.br\/index.php\/2024\/08\/26\/nossa-historia-quem-somos-e-o-que-fazemos\/#breadcrumb"},"inLanguage":"pt-BR","potentialAction":[{"@type":"ReadAction","target":["https:\/\/portalincluir.com.br\/index.php\/2024\/08\/26\/nossa-historia-quem-somos-e-o-que-fazemos\/"]}]},{"@type":"ImageObject","inLanguage":"pt-BR","@id":"https:\/\/portalincluir.com.br\/index.php\/2024\/08\/26\/nossa-historia-quem-somos-e-o-que-fazemos\/#primaryimage","url":"https:\/\/portalincluir.com.br\/wp-content\/uploads\/2024\/08\/semana-nacional-apae.jpg","contentUrl":"https:\/\/portalincluir.com.br\/wp-content\/uploads\/2024\/08\/semana-nacional-apae.jpg","width":2048,"height":1974},{"@type":"BreadcrumbList","@id":"https:\/\/portalincluir.com.br\/index.php\/2024\/08\/26\/nossa-historia-quem-somos-e-o-que-fazemos\/#breadcrumb","itemListElement":[{"@type":"ListItem","position":1,"name":"In\u00edcio","item":"https:\/\/portalincluir.com.br\/"},{"@type":"ListItem","position":2,"name":"&#8220;Nossa hist\u00f3ria: quem somos e o que fazemos&#8221;"}]},{"@type":"WebSite","@id":"https:\/\/portalincluir.com.br\/#website","url":"https:\/\/portalincluir.com.br\/","name":"PORTAL INCLUIR","description":"","potentialAction":[{"@type":"SearchAction","target":{"@type":"EntryPoint","urlTemplate":"https:\/\/portalincluir.com.br\/?s={search_term_string}"},"query-input":{"@type":"PropertyValueSpecification","valueRequired":true,"valueName":"search_term_string"}}],"inLanguage":"pt-BR"},{"@type":"Person","@id":"https:\/\/portalincluir.com.br\/#\/schema\/person\/8823664e5902eee555607fb75c4c35ae","name":"Portal Incluir","image":{"@type":"ImageObject","inLanguage":"pt-BR","@id":"https:\/\/secure.gravatar.com\/avatar\/12085fe17e70c3550551519fe1f8f51fae69b1748563a47fc3bea53d91fbcbbd?s=96&d=mm&r=g","url":"https:\/\/secure.gravatar.com\/avatar\/12085fe17e70c3550551519fe1f8f51fae69b1748563a47fc3bea53d91fbcbbd?s=96&d=mm&r=g","contentUrl":"https:\/\/secure.gravatar.com\/avatar\/12085fe17e70c3550551519fe1f8f51fae69b1748563a47fc3bea53d91fbcbbd?s=96&d=mm&r=g","caption":"Portal Incluir"},"sameAs":["http:\/\/portalincluir.com.br"],"url":"https:\/\/portalincluir.com.br\/index.php\/author\/portalincluir-com-br\/"}]}},"_links":{"self":[{"href":"https:\/\/portalincluir.com.br\/index.php\/wp-json\/wp\/v2\/posts\/382","targetHints":{"allow":["GET"]}}],"collection":[{"href":"https:\/\/portalincluir.com.br\/index.php\/wp-json\/wp\/v2\/posts"}],"about":[{"href":"https:\/\/portalincluir.com.br\/index.php\/wp-json\/wp\/v2\/types\/post"}],"author":[{"embeddable":true,"href":"https:\/\/portalincluir.com.br\/index.php\/wp-json\/wp\/v2\/users\/1"}],"replies":[{"embeddable":true,"href":"https:\/\/portalincluir.com.br\/index.php\/wp-json\/wp\/v2\/comments?post=382"}],"version-history":[{"count":1,"href":"https:\/\/portalincluir.com.br\/index.php\/wp-json\/wp\/v2\/posts\/382\/revisions"}],"predecessor-version":[{"id":384,"href":"https:\/\/portalincluir.com.br\/index.php\/wp-json\/wp\/v2\/posts\/382\/revisions\/384"}],"wp:featuredmedia":[{"embeddable":true,"href":"https:\/\/portalincluir.com.br\/index.php\/wp-json\/wp\/v2\/media\/383"}],"wp:attachment":[{"href":"https:\/\/portalincluir.com.br\/index.php\/wp-json\/wp\/v2\/media?parent=382"}],"wp:term":[{"taxonomy":"category","embeddable":true,"href":"https:\/\/portalincluir.com.br\/index.php\/wp-json\/wp\/v2\/categories?post=382"},{"taxonomy":"post_tag","embeddable":true,"href":"https:\/\/portalincluir.com.br\/index.php\/wp-json\/wp\/v2\/tags?post=382"}],"curies":[{"name":"wp","href":"https:\/\/api.w.org\/{rel}","templated":true}]}}