{"id":386,"date":"2024-10-14T22:34:47","date_gmt":"2024-10-15T01:34:47","guid":{"rendered":"https:\/\/portalincluir.com.br\/?p=386"},"modified":"2024-10-14T23:07:40","modified_gmt":"2024-10-15T02:07:40","slug":"o-que-sao-barreiras-digitais","status":"publish","type":"post","link":"https:\/\/portalincluir.com.br\/index.php\/2024\/10\/14\/o-que-sao-barreiras-digitais\/","title":{"rendered":"O\u00a0que\u00a0s\u00e3o\u00a0Barreiras\u00a0Digitais?"},"content":{"rendered":"\n<p>Barreiras&nbsp;digitais&nbsp;s\u00e3o&nbsp;obst\u00e1culos&nbsp;que&nbsp;limitam&nbsp;ou&nbsp;impedem&nbsp;o&nbsp;acesso&nbsp;\u00e0&nbsp;tecnologia&nbsp;por&nbsp;parte&nbsp;de&nbsp;Pessoas com&nbsp;Defici\u00eancia&nbsp;(PcD).&nbsp;Essas&nbsp;barreiras&nbsp;podem&nbsp;surgir&nbsp;de&nbsp;v\u00e1rias&nbsp;formas,&nbsp;como&nbsp;sites&nbsp;n\u00e3o&nbsp;acess\u00edveis,&nbsp;falta&nbsp;de&nbsp;legendas&nbsp;em&nbsp;v\u00eddeos,&nbsp;e&nbsp;tecnologias&nbsp;que&nbsp;n\u00e3o&nbsp;consideram&nbsp;a&nbsp;diversidade&nbsp;humana.<\/p>\n\n\n\n<figure class=\"wp-block-image size-large\"><img loading=\"lazy\" decoding=\"async\" width=\"1024\" height=\"651\" src=\"https:\/\/portalincluir.com.br\/wp-content\/uploads\/2024\/10\/barreira-digital-olhar-digital-1024x651.jpg\" alt=\"\" class=\"wp-image-387\" srcset=\"https:\/\/portalincluir.com.br\/wp-content\/uploads\/2024\/10\/barreira-digital-olhar-digital-1024x651.jpg 1024w, https:\/\/portalincluir.com.br\/wp-content\/uploads\/2024\/10\/barreira-digital-olhar-digital-300x191.jpg 300w, https:\/\/portalincluir.com.br\/wp-content\/uploads\/2024\/10\/barreira-digital-olhar-digital-768x488.jpg 768w, https:\/\/portalincluir.com.br\/wp-content\/uploads\/2024\/10\/barreira-digital-olhar-digital.jpg 1280w\" sizes=\"auto, (max-width: 1024px) 100vw, 1024px\" \/><figcaption class=\"wp-element-caption\">Imagem: Site Olhar Digital<\/figcaption><\/figure>\n\n\n\n<p><strong>Como&nbsp;Elas&nbsp;Atrapalham&nbsp;a&nbsp;Vida&nbsp;de&nbsp;PcD?<\/strong><\/p>\n\n\n\n<ol start=\"1\" class=\"wp-block-list\">\n<li><strong>Acesso&nbsp;Restrito&nbsp;\u00e0&nbsp;Informa\u00e7\u00e3o:<\/strong>&nbsp;PcDs&nbsp;podem&nbsp;ter&nbsp;dificuldade&nbsp;em&nbsp;acessar&nbsp;informa\u00e7\u00f5es&nbsp;importantes,&nbsp;desde&nbsp;not\u00edcias&nbsp;at\u00e9&nbsp;servi\u00e7os&nbsp;online.<\/li>\n\n\n\n<li><strong>Educa\u00e7\u00e3o&nbsp;Limitada:<\/strong>&nbsp;Recursos&nbsp;educativos&nbsp;digitais&nbsp;que&nbsp;n\u00e3o&nbsp;s\u00e3o&nbsp;inclusivos&nbsp;impedem&nbsp;PcDs&nbsp;de&nbsp;aprender&nbsp;e&nbsp;progredir.<\/li>\n\n\n\n<li><strong>Oportunidades&nbsp;de&nbsp;Emprego:<\/strong>&nbsp;A&nbsp;falta&nbsp;de&nbsp;acessibilidade&nbsp;digital&nbsp;pode&nbsp;excluir&nbsp;PcDs&nbsp;do&nbsp;mercado&nbsp;de&nbsp;trabalho.<\/li>\n\n\n\n<li><strong>Isolamento&nbsp;Social:<\/strong>&nbsp;Ferramentas&nbsp;digitais&nbsp;inacess\u00edveis&nbsp;dificultam&nbsp;a&nbsp;socializa\u00e7\u00e3o&nbsp;e&nbsp;a&nbsp;comunica\u00e7\u00e3o&nbsp;com&nbsp;amigos&nbsp;e&nbsp;familiares.<\/li>\n<\/ol>\n\n\n\n<p><strong>Juntos&nbsp;podemos&nbsp;mudar&nbsp;isso!<\/strong><\/p>\n\n\n\n<p>Promover&nbsp;a&nbsp;inclus\u00e3o&nbsp;digital&nbsp;\u00e9&nbsp;essencial&nbsp;para&nbsp;garantir&nbsp;que&nbsp;todos&nbsp;tenham&nbsp;as&nbsp;mesmas&nbsp;oportunidades.&nbsp;Vamos&nbsp;nos&nbsp;unir&nbsp;para&nbsp;derrubar&nbsp;essas&nbsp;barreiras&nbsp;e&nbsp;construir&nbsp;uma&nbsp;web&nbsp;acess\u00edvel&nbsp;para&nbsp;todos!<\/p>\n\n\n\n<p>#Inclus\u00e3oDigital&nbsp;#Acessibilidade&nbsp;#PcD&nbsp;#TecnologiaParaTodos&nbsp;#PortalIncluir<\/p>\n\n\n\n<p><\/p>\n","protected":false},"excerpt":{"rendered":"<p>Barreiras&nbsp;digitais&nbsp;s\u00e3o&nbsp;obst\u00e1culos&nbsp;que&nbsp;limitam&nbsp;ou&nbsp;impedem&nbsp;o&nbsp;acesso&nbsp;\u00e0&nbsp;tecnologia&nbsp;por&nbsp;parte&nbsp;de&nbsp;Pessoas com&nbsp;Defici\u00eancia&nbsp;(PcD).&nbsp;Essas&nbsp;barreiras&nbsp;podem&nbsp;surgir&nbsp;de&nbsp;v\u00e1rias&nbsp;formas,&nbsp;como&nbsp;sites&nbsp;n\u00e3o&nbsp;acess\u00edveis,&nbsp;falta&nbsp;de&nbsp;legendas&nbsp;em&nbsp;v\u00eddeos,&nbsp;e&nbsp;tecnologias&nbsp;que&nbsp;n\u00e3o&nbsp;consideram&nbsp;a&nbsp;diversidade&nbsp;humana. Como&nbsp;Elas&nbsp;Atrapalham&nbsp;a&nbsp;Vida&nbsp;de&nbsp;PcD? Juntos&nbsp;podemos&nbsp;mudar&nbsp;isso! Promover&nbsp;a&nbsp;inclus\u00e3o&nbsp;digital&nbsp;\u00e9&nbsp;essencial&nbsp;para&nbsp;garantir&nbsp;que&nbsp;todos&nbsp;tenham&nbsp;as&nbsp;mesmas&nbsp;oportunidades.&nbsp;Vamos&nbsp;nos&nbsp;unir&nbsp;para&nbsp;derrubar&nbsp;essas&nbsp;barreiras&nbsp;e&nbsp;construir&nbsp;uma&nbsp;web&nbsp;acess\u00edvel&nbsp;para&nbsp;todos! #Inclus\u00e3oDigital&nbsp;#Acessibilidade&nbsp;#PcD&nbsp;#TecnologiaParaTodos&nbsp;#PortalIncluir<\/p>\n","protected":false},"author":1,"featured_media":387,"comment_status":"closed","ping_status":"open","sticky":false,"template":"","format":"standard","meta":{"om_disable_all_campaigns":false,"_monsterinsights_skip_tracking":false,"_monsterinsights_sitenote_active":false,"_monsterinsights_sitenote_note":"","_monsterinsights_sitenote_category":0,"_uf_show_specific_survey":0,"_uf_disable_surveys":false,"footnotes":""},"categories":[9],"tags":[],"class_list":["post-386","post","type-post","status-publish","format-standard","has-post-thumbnail","hentry","category-noticias"],"yoast_head":"<!-- This site is optimized with the Yoast SEO plugin v27.4 - https:\/\/yoast.com\/product\/yoast-seo-wordpress\/ -->\n<title>O\u00a0que\u00a0s\u00e3o\u00a0Barreiras\u00a0Digitais? - PORTAL INCLUIR<\/title>\n<meta name=\"robots\" content=\"index, follow, max-snippet:-1, max-image-preview:large, max-video-preview:-1\" \/>\n<link rel=\"canonical\" href=\"https:\/\/portalincluir.com.br\/index.php\/2024\/10\/14\/o-que-sao-barreiras-digitais\/\" \/>\n<meta property=\"og:locale\" content=\"pt_BR\" \/>\n<meta property=\"og:type\" content=\"article\" \/>\n<meta property=\"og:title\" content=\"O\u00a0que\u00a0s\u00e3o\u00a0Barreiras\u00a0Digitais? - PORTAL INCLUIR\" \/>\n<meta property=\"og:description\" content=\"Barreiras&nbsp;digitais&nbsp;s\u00e3o&nbsp;obst\u00e1culos&nbsp;que&nbsp;limitam&nbsp;ou&nbsp;impedem&nbsp;o&nbsp;acesso&nbsp;\u00e0&nbsp;tecnologia&nbsp;por&nbsp;parte&nbsp;de&nbsp;Pessoas com&nbsp;Defici\u00eancia&nbsp;(PcD).&nbsp;Essas&nbsp;barreiras&nbsp;podem&nbsp;surgir&nbsp;de&nbsp;v\u00e1rias&nbsp;formas,&nbsp;como&nbsp;sites&nbsp;n\u00e3o&nbsp;acess\u00edveis,&nbsp;falta&nbsp;de&nbsp;legendas&nbsp;em&nbsp;v\u00eddeos,&nbsp;e&nbsp;tecnologias&nbsp;que&nbsp;n\u00e3o&nbsp;consideram&nbsp;a&nbsp;diversidade&nbsp;humana. Como&nbsp;Elas&nbsp;Atrapalham&nbsp;a&nbsp;Vida&nbsp;de&nbsp;PcD? Juntos&nbsp;podemos&nbsp;mudar&nbsp;isso! Promover&nbsp;a&nbsp;inclus\u00e3o&nbsp;digital&nbsp;\u00e9&nbsp;essencial&nbsp;para&nbsp;garantir&nbsp;que&nbsp;todos&nbsp;tenham&nbsp;as&nbsp;mesmas&nbsp;oportunidades.&nbsp;Vamos&nbsp;nos&nbsp;unir&nbsp;para&nbsp;derrubar&nbsp;essas&nbsp;barreiras&nbsp;e&nbsp;construir&nbsp;uma&nbsp;web&nbsp;acess\u00edvel&nbsp;para&nbsp;todos! #Inclus\u00e3oDigital&nbsp;#Acessibilidade&nbsp;#PcD&nbsp;#TecnologiaParaTodos&nbsp;#PortalIncluir\" \/>\n<meta property=\"og:url\" content=\"https:\/\/portalincluir.com.br\/index.php\/2024\/10\/14\/o-que-sao-barreiras-digitais\/\" \/>\n<meta property=\"og:site_name\" content=\"PORTAL INCLUIR\" \/>\n<meta property=\"article:published_time\" content=\"2024-10-15T01:34:47+00:00\" \/>\n<meta property=\"article:modified_time\" content=\"2024-10-15T02:07:40+00:00\" \/>\n<meta property=\"og:image\" content=\"https:\/\/portalincluir.com.br\/wp-content\/uploads\/2024\/10\/barreira-digital-olhar-digital.jpg\" \/>\n\t<meta property=\"og:image:width\" content=\"1280\" \/>\n\t<meta property=\"og:image:height\" content=\"814\" \/>\n\t<meta property=\"og:image:type\" content=\"image\/jpeg\" \/>\n<meta name=\"author\" content=\"Portal Incluir\" \/>\n<meta name=\"twitter:card\" content=\"summary_large_image\" \/>\n<meta name=\"twitter:label1\" content=\"Escrito por\" \/>\n\t<meta name=\"twitter:data1\" content=\"Portal Incluir\" \/>\n\t<meta name=\"twitter:label2\" content=\"Est. tempo de leitura\" \/>\n\t<meta name=\"twitter:data2\" content=\"2 minutos\" \/>\n<script type=\"application\/ld+json\" class=\"yoast-schema-graph\">{\"@context\":\"https:\\\/\\\/schema.org\",\"@graph\":[{\"@type\":[\"Article\",\"BlogPosting\"],\"@id\":\"https:\\\/\\\/portalincluir.com.br\\\/index.php\\\/2024\\\/10\\\/14\\\/o-que-sao-barreiras-digitais\\\/#article\",\"isPartOf\":{\"@id\":\"https:\\\/\\\/portalincluir.com.br\\\/index.php\\\/2024\\\/10\\\/14\\\/o-que-sao-barreiras-digitais\\\/\"},\"author\":{\"name\":\"Portal Incluir\",\"@id\":\"https:\\\/\\\/portalincluir.com.br\\\/#\\\/schema\\\/person\\\/8823664e5902eee555607fb75c4c35ae\"},\"headline\":\"O\u00a0que\u00a0s\u00e3o\u00a0Barreiras\u00a0Digitais?\",\"datePublished\":\"2024-10-15T01:34:47+00:00\",\"dateModified\":\"2024-10-15T02:07:40+00:00\",\"mainEntityOfPage\":{\"@id\":\"https:\\\/\\\/portalincluir.com.br\\\/index.php\\\/2024\\\/10\\\/14\\\/o-que-sao-barreiras-digitais\\\/\"},\"wordCount\":316,\"image\":{\"@id\":\"https:\\\/\\\/portalincluir.com.br\\\/index.php\\\/2024\\\/10\\\/14\\\/o-que-sao-barreiras-digitais\\\/#primaryimage\"},\"thumbnailUrl\":\"https:\\\/\\\/portalincluir.com.br\\\/wp-content\\\/uploads\\\/2024\\\/10\\\/barreira-digital-olhar-digital.jpg\",\"articleSection\":[\"Not\u00edcias\"],\"inLanguage\":\"pt-BR\"},{\"@type\":\"WebPage\",\"@id\":\"https:\\\/\\\/portalincluir.com.br\\\/index.php\\\/2024\\\/10\\\/14\\\/o-que-sao-barreiras-digitais\\\/\",\"url\":\"https:\\\/\\\/portalincluir.com.br\\\/index.php\\\/2024\\\/10\\\/14\\\/o-que-sao-barreiras-digitais\\\/\",\"name\":\"O\u00a0que\u00a0s\u00e3o\u00a0Barreiras\u00a0Digitais? - PORTAL INCLUIR\",\"isPartOf\":{\"@id\":\"https:\\\/\\\/portalincluir.com.br\\\/#website\"},\"primaryImageOfPage\":{\"@id\":\"https:\\\/\\\/portalincluir.com.br\\\/index.php\\\/2024\\\/10\\\/14\\\/o-que-sao-barreiras-digitais\\\/#primaryimage\"},\"image\":{\"@id\":\"https:\\\/\\\/portalincluir.com.br\\\/index.php\\\/2024\\\/10\\\/14\\\/o-que-sao-barreiras-digitais\\\/#primaryimage\"},\"thumbnailUrl\":\"https:\\\/\\\/portalincluir.com.br\\\/wp-content\\\/uploads\\\/2024\\\/10\\\/barreira-digital-olhar-digital.jpg\",\"datePublished\":\"2024-10-15T01:34:47+00:00\",\"dateModified\":\"2024-10-15T02:07:40+00:00\",\"author\":{\"@id\":\"https:\\\/\\\/portalincluir.com.br\\\/#\\\/schema\\\/person\\\/8823664e5902eee555607fb75c4c35ae\"},\"breadcrumb\":{\"@id\":\"https:\\\/\\\/portalincluir.com.br\\\/index.php\\\/2024\\\/10\\\/14\\\/o-que-sao-barreiras-digitais\\\/#breadcrumb\"},\"inLanguage\":\"pt-BR\",\"potentialAction\":[{\"@type\":\"ReadAction\",\"target\":[\"https:\\\/\\\/portalincluir.com.br\\\/index.php\\\/2024\\\/10\\\/14\\\/o-que-sao-barreiras-digitais\\\/\"]}]},{\"@type\":\"ImageObject\",\"inLanguage\":\"pt-BR\",\"@id\":\"https:\\\/\\\/portalincluir.com.br\\\/index.php\\\/2024\\\/10\\\/14\\\/o-que-sao-barreiras-digitais\\\/#primaryimage\",\"url\":\"https:\\\/\\\/portalincluir.com.br\\\/wp-content\\\/uploads\\\/2024\\\/10\\\/barreira-digital-olhar-digital.jpg\",\"contentUrl\":\"https:\\\/\\\/portalincluir.com.br\\\/wp-content\\\/uploads\\\/2024\\\/10\\\/barreira-digital-olhar-digital.jpg\",\"width\":1280,\"height\":814},{\"@type\":\"BreadcrumbList\",\"@id\":\"https:\\\/\\\/portalincluir.com.br\\\/index.php\\\/2024\\\/10\\\/14\\\/o-que-sao-barreiras-digitais\\\/#breadcrumb\",\"itemListElement\":[{\"@type\":\"ListItem\",\"position\":1,\"name\":\"In\u00edcio\",\"item\":\"https:\\\/\\\/portalincluir.com.br\\\/\"},{\"@type\":\"ListItem\",\"position\":2,\"name\":\"O\u00a0que\u00a0s\u00e3o\u00a0Barreiras\u00a0Digitais?\"}]},{\"@type\":\"WebSite\",\"@id\":\"https:\\\/\\\/portalincluir.com.br\\\/#website\",\"url\":\"https:\\\/\\\/portalincluir.com.br\\\/\",\"name\":\"PORTAL INCLUIR\",\"description\":\"\",\"potentialAction\":[{\"@type\":\"SearchAction\",\"target\":{\"@type\":\"EntryPoint\",\"urlTemplate\":\"https:\\\/\\\/portalincluir.com.br\\\/?s={search_term_string}\"},\"query-input\":{\"@type\":\"PropertyValueSpecification\",\"valueRequired\":true,\"valueName\":\"search_term_string\"}}],\"inLanguage\":\"pt-BR\"},{\"@type\":\"Person\",\"@id\":\"https:\\\/\\\/portalincluir.com.br\\\/#\\\/schema\\\/person\\\/8823664e5902eee555607fb75c4c35ae\",\"name\":\"Portal Incluir\",\"image\":{\"@type\":\"ImageObject\",\"inLanguage\":\"pt-BR\",\"@id\":\"https:\\\/\\\/secure.gravatar.com\\\/avatar\\\/12085fe17e70c3550551519fe1f8f51fae69b1748563a47fc3bea53d91fbcbbd?s=96&d=mm&r=g\",\"url\":\"https:\\\/\\\/secure.gravatar.com\\\/avatar\\\/12085fe17e70c3550551519fe1f8f51fae69b1748563a47fc3bea53d91fbcbbd?s=96&d=mm&r=g\",\"contentUrl\":\"https:\\\/\\\/secure.gravatar.com\\\/avatar\\\/12085fe17e70c3550551519fe1f8f51fae69b1748563a47fc3bea53d91fbcbbd?s=96&d=mm&r=g\",\"caption\":\"Portal Incluir\"},\"sameAs\":[\"http:\\\/\\\/portalincluir.com.br\"],\"url\":\"https:\\\/\\\/portalincluir.com.br\\\/index.php\\\/author\\\/portalincluir-com-br\\\/\"}]}<\/script>\n<!-- \/ Yoast SEO plugin. -->","yoast_head_json":{"title":"O\u00a0que\u00a0s\u00e3o\u00a0Barreiras\u00a0Digitais? - PORTAL INCLUIR","robots":{"index":"index","follow":"follow","max-snippet":"max-snippet:-1","max-image-preview":"max-image-preview:large","max-video-preview":"max-video-preview:-1"},"canonical":"https:\/\/portalincluir.com.br\/index.php\/2024\/10\/14\/o-que-sao-barreiras-digitais\/","og_locale":"pt_BR","og_type":"article","og_title":"O\u00a0que\u00a0s\u00e3o\u00a0Barreiras\u00a0Digitais? - PORTAL INCLUIR","og_description":"Barreiras&nbsp;digitais&nbsp;s\u00e3o&nbsp;obst\u00e1culos&nbsp;que&nbsp;limitam&nbsp;ou&nbsp;impedem&nbsp;o&nbsp;acesso&nbsp;\u00e0&nbsp;tecnologia&nbsp;por&nbsp;parte&nbsp;de&nbsp;Pessoas com&nbsp;Defici\u00eancia&nbsp;(PcD).&nbsp;Essas&nbsp;barreiras&nbsp;podem&nbsp;surgir&nbsp;de&nbsp;v\u00e1rias&nbsp;formas,&nbsp;como&nbsp;sites&nbsp;n\u00e3o&nbsp;acess\u00edveis,&nbsp;falta&nbsp;de&nbsp;legendas&nbsp;em&nbsp;v\u00eddeos,&nbsp;e&nbsp;tecnologias&nbsp;que&nbsp;n\u00e3o&nbsp;consideram&nbsp;a&nbsp;diversidade&nbsp;humana. Como&nbsp;Elas&nbsp;Atrapalham&nbsp;a&nbsp;Vida&nbsp;de&nbsp;PcD? Juntos&nbsp;podemos&nbsp;mudar&nbsp;isso! Promover&nbsp;a&nbsp;inclus\u00e3o&nbsp;digital&nbsp;\u00e9&nbsp;essencial&nbsp;para&nbsp;garantir&nbsp;que&nbsp;todos&nbsp;tenham&nbsp;as&nbsp;mesmas&nbsp;oportunidades.&nbsp;Vamos&nbsp;nos&nbsp;unir&nbsp;para&nbsp;derrubar&nbsp;essas&nbsp;barreiras&nbsp;e&nbsp;construir&nbsp;uma&nbsp;web&nbsp;acess\u00edvel&nbsp;para&nbsp;todos! #Inclus\u00e3oDigital&nbsp;#Acessibilidade&nbsp;#PcD&nbsp;#TecnologiaParaTodos&nbsp;#PortalIncluir","og_url":"https:\/\/portalincluir.com.br\/index.php\/2024\/10\/14\/o-que-sao-barreiras-digitais\/","og_site_name":"PORTAL INCLUIR","article_published_time":"2024-10-15T01:34:47+00:00","article_modified_time":"2024-10-15T02:07:40+00:00","og_image":[{"width":1280,"height":814,"url":"https:\/\/portalincluir.com.br\/wp-content\/uploads\/2024\/10\/barreira-digital-olhar-digital.jpg","type":"image\/jpeg"}],"author":"Portal Incluir","twitter_card":"summary_large_image","twitter_misc":{"Escrito por":"Portal Incluir","Est. tempo de leitura":"2 minutos"},"schema":{"@context":"https:\/\/schema.org","@graph":[{"@type":["Article","BlogPosting"],"@id":"https:\/\/portalincluir.com.br\/index.php\/2024\/10\/14\/o-que-sao-barreiras-digitais\/#article","isPartOf":{"@id":"https:\/\/portalincluir.com.br\/index.php\/2024\/10\/14\/o-que-sao-barreiras-digitais\/"},"author":{"name":"Portal Incluir","@id":"https:\/\/portalincluir.com.br\/#\/schema\/person\/8823664e5902eee555607fb75c4c35ae"},"headline":"O\u00a0que\u00a0s\u00e3o\u00a0Barreiras\u00a0Digitais?","datePublished":"2024-10-15T01:34:47+00:00","dateModified":"2024-10-15T02:07:40+00:00","mainEntityOfPage":{"@id":"https:\/\/portalincluir.com.br\/index.php\/2024\/10\/14\/o-que-sao-barreiras-digitais\/"},"wordCount":316,"image":{"@id":"https:\/\/portalincluir.com.br\/index.php\/2024\/10\/14\/o-que-sao-barreiras-digitais\/#primaryimage"},"thumbnailUrl":"https:\/\/portalincluir.com.br\/wp-content\/uploads\/2024\/10\/barreira-digital-olhar-digital.jpg","articleSection":["Not\u00edcias"],"inLanguage":"pt-BR"},{"@type":"WebPage","@id":"https:\/\/portalincluir.com.br\/index.php\/2024\/10\/14\/o-que-sao-barreiras-digitais\/","url":"https:\/\/portalincluir.com.br\/index.php\/2024\/10\/14\/o-que-sao-barreiras-digitais\/","name":"O\u00a0que\u00a0s\u00e3o\u00a0Barreiras\u00a0Digitais? - PORTAL INCLUIR","isPartOf":{"@id":"https:\/\/portalincluir.com.br\/#website"},"primaryImageOfPage":{"@id":"https:\/\/portalincluir.com.br\/index.php\/2024\/10\/14\/o-que-sao-barreiras-digitais\/#primaryimage"},"image":{"@id":"https:\/\/portalincluir.com.br\/index.php\/2024\/10\/14\/o-que-sao-barreiras-digitais\/#primaryimage"},"thumbnailUrl":"https:\/\/portalincluir.com.br\/wp-content\/uploads\/2024\/10\/barreira-digital-olhar-digital.jpg","datePublished":"2024-10-15T01:34:47+00:00","dateModified":"2024-10-15T02:07:40+00:00","author":{"@id":"https:\/\/portalincluir.com.br\/#\/schema\/person\/8823664e5902eee555607fb75c4c35ae"},"breadcrumb":{"@id":"https:\/\/portalincluir.com.br\/index.php\/2024\/10\/14\/o-que-sao-barreiras-digitais\/#breadcrumb"},"inLanguage":"pt-BR","potentialAction":[{"@type":"ReadAction","target":["https:\/\/portalincluir.com.br\/index.php\/2024\/10\/14\/o-que-sao-barreiras-digitais\/"]}]},{"@type":"ImageObject","inLanguage":"pt-BR","@id":"https:\/\/portalincluir.com.br\/index.php\/2024\/10\/14\/o-que-sao-barreiras-digitais\/#primaryimage","url":"https:\/\/portalincluir.com.br\/wp-content\/uploads\/2024\/10\/barreira-digital-olhar-digital.jpg","contentUrl":"https:\/\/portalincluir.com.br\/wp-content\/uploads\/2024\/10\/barreira-digital-olhar-digital.jpg","width":1280,"height":814},{"@type":"BreadcrumbList","@id":"https:\/\/portalincluir.com.br\/index.php\/2024\/10\/14\/o-que-sao-barreiras-digitais\/#breadcrumb","itemListElement":[{"@type":"ListItem","position":1,"name":"In\u00edcio","item":"https:\/\/portalincluir.com.br\/"},{"@type":"ListItem","position":2,"name":"O\u00a0que\u00a0s\u00e3o\u00a0Barreiras\u00a0Digitais?"}]},{"@type":"WebSite","@id":"https:\/\/portalincluir.com.br\/#website","url":"https:\/\/portalincluir.com.br\/","name":"PORTAL INCLUIR","description":"","potentialAction":[{"@type":"SearchAction","target":{"@type":"EntryPoint","urlTemplate":"https:\/\/portalincluir.com.br\/?s={search_term_string}"},"query-input":{"@type":"PropertyValueSpecification","valueRequired":true,"valueName":"search_term_string"}}],"inLanguage":"pt-BR"},{"@type":"Person","@id":"https:\/\/portalincluir.com.br\/#\/schema\/person\/8823664e5902eee555607fb75c4c35ae","name":"Portal Incluir","image":{"@type":"ImageObject","inLanguage":"pt-BR","@id":"https:\/\/secure.gravatar.com\/avatar\/12085fe17e70c3550551519fe1f8f51fae69b1748563a47fc3bea53d91fbcbbd?s=96&d=mm&r=g","url":"https:\/\/secure.gravatar.com\/avatar\/12085fe17e70c3550551519fe1f8f51fae69b1748563a47fc3bea53d91fbcbbd?s=96&d=mm&r=g","contentUrl":"https:\/\/secure.gravatar.com\/avatar\/12085fe17e70c3550551519fe1f8f51fae69b1748563a47fc3bea53d91fbcbbd?s=96&d=mm&r=g","caption":"Portal Incluir"},"sameAs":["http:\/\/portalincluir.com.br"],"url":"https:\/\/portalincluir.com.br\/index.php\/author\/portalincluir-com-br\/"}]}},"_links":{"self":[{"href":"https:\/\/portalincluir.com.br\/index.php\/wp-json\/wp\/v2\/posts\/386","targetHints":{"allow":["GET"]}}],"collection":[{"href":"https:\/\/portalincluir.com.br\/index.php\/wp-json\/wp\/v2\/posts"}],"about":[{"href":"https:\/\/portalincluir.com.br\/index.php\/wp-json\/wp\/v2\/types\/post"}],"author":[{"embeddable":true,"href":"https:\/\/portalincluir.com.br\/index.php\/wp-json\/wp\/v2\/users\/1"}],"replies":[{"embeddable":true,"href":"https:\/\/portalincluir.com.br\/index.php\/wp-json\/wp\/v2\/comments?post=386"}],"version-history":[{"count":2,"href":"https:\/\/portalincluir.com.br\/index.php\/wp-json\/wp\/v2\/posts\/386\/revisions"}],"predecessor-version":[{"id":389,"href":"https:\/\/portalincluir.com.br\/index.php\/wp-json\/wp\/v2\/posts\/386\/revisions\/389"}],"wp:featuredmedia":[{"embeddable":true,"href":"https:\/\/portalincluir.com.br\/index.php\/wp-json\/wp\/v2\/media\/387"}],"wp:attachment":[{"href":"https:\/\/portalincluir.com.br\/index.php\/wp-json\/wp\/v2\/media?parent=386"}],"wp:term":[{"taxonomy":"category","embeddable":true,"href":"https:\/\/portalincluir.com.br\/index.php\/wp-json\/wp\/v2\/categories?post=386"},{"taxonomy":"post_tag","embeddable":true,"href":"https:\/\/portalincluir.com.br\/index.php\/wp-json\/wp\/v2\/tags?post=386"}],"curies":[{"name":"wp","href":"https:\/\/api.w.org\/{rel}","templated":true}]}}