{"id":399,"date":"2024-11-27T21:23:20","date_gmt":"2024-11-28T00:23:20","guid":{"rendered":"https:\/\/portalincluir.com.br\/?p=399"},"modified":"2024-11-27T21:28:15","modified_gmt":"2024-11-28T00:28:15","slug":"autismo-a-principal-acao-e-se-informar-se-educar","status":"publish","type":"post","link":"https:\/\/portalincluir.com.br\/index.php\/2024\/11\/27\/autismo-a-principal-acao-e-se-informar-se-educar\/","title":{"rendered":"Autismo: \u201cA principal a\u00e7\u00e3o \u00e9 se informar, se educar\u201d"},"content":{"rendered":"\n<p>O Portal Incluir entrevistou a Neuropsic\u00f3loga Maria Nogueira Maia, ela que tem TEA (Transtorno do Espectro Autista) e, com apenas 24 anos j\u00e1 possui um trabalho de reconhecida import\u00e2ncia junto a comunidade e nas redes sociais, onde atrai a aten\u00e7\u00e3o para centenas de milhares de pessoas sobre o assunto Autismo.<\/p>\n\n\n\n<p>Maria \u00e9 Neuropsic\u00f3loga, Psicanalista, Pesquisadora e Escritora. Diagnosticada como superdotada aos 12 anos e Autista aos 18, focou seus estudos na \u00e1rea e come\u00e7ou, h\u00e1 dois anos, a compartilhar conte\u00fados buscando educar e conscientizar as pessoas ao seu redor e em suas redes sociais. Hoje, possui uma cl\u00ednica, na qual atende diretamente mais de 40 autistas, e tamb\u00e9m j\u00e1 acumulou mais de 300 mil seguidores, ajudando, com empenho, a promover a inclus\u00e3o&nbsp;social.<\/p>\n\n\n\n<figure class=\"wp-block-image alignright size-large is-resized\"><img loading=\"lazy\" decoding=\"async\" width=\"768\" height=\"1024\" src=\"https:\/\/portalincluir.com.br\/wp-content\/uploads\/2024\/11\/maria-maia-768x1024.jpg\" alt=\"\" class=\"wp-image-400\" style=\"width:426px;height:auto\" srcset=\"https:\/\/portalincluir.com.br\/wp-content\/uploads\/2024\/11\/maria-maia-768x1024.jpg 768w, https:\/\/portalincluir.com.br\/wp-content\/uploads\/2024\/11\/maria-maia-225x300.jpg 225w, https:\/\/portalincluir.com.br\/wp-content\/uploads\/2024\/11\/maria-maia.jpg 960w\" sizes=\"auto, (max-width: 768px) 100vw, 768px\" \/><\/figure>\n\n\n\n<p>Confira a entrevista<\/p>\n\n\n\n<p><strong>Quais as dificuldades que enfrentou ao crescer enquanto uma pessoa autista. E como tem superado isso?<\/strong><\/p>\n\n\n\n<p>A minha principal dificuldade foi que eu cresci autista, sem saber que era autista. Eu n\u00e3o tinha um diagn\u00f3stico. Meu diagn\u00f3stico veio tardio, aos 18 anos. As pessoas sabiam que eu era diferente, a minha m\u00e3e sabia que eu tinha minhas peculiaridades, mas nada que fosse diagnosticado. E a\u00ed eu cresci ouvindo que eu era uma crian\u00e7a excepcional, mas nada neuro divergente. Depois eu fui diagnosticada como superdotada e s\u00f3 depois como autista. Algumas dificuldades, as mais comuns, acho eu tive todas. Eu tinha um problema com \u00e9 a sensa\u00e7\u00e3o t\u00e1til. N\u00e3o gostava que encostassem em mim, que me abra\u00e7assem sem eu querer&#8230; Eu tinha essa dificuldade. Eu tinha uma dificuldade grande de intera\u00e7\u00e3o social, tinha dificuldade e tenho com o meltdown (rea\u00e7\u00e3o a situa\u00e7\u00f5es que sobrecarregam os limites sensoriais, emocionais ou cognitivos da pessoa) com crises de choro e shutdown (pessoa pode parecer desligada, n\u00e3o responder a est\u00edmulos externos ou at\u00e9 mesmo parecer catat\u00f4nica). Tinha um problema S\u00e9rio com misofonia e ainda tenho que avers\u00e3o a barulhos altos ou repetidos. E a \u00fanica coisa assim que eu n\u00e3o identifiquei realmente era o paladar seletivo. Isso eu n\u00e3o tenho. Embora eu tenha bastante rigidez com rotina. Eu acho que a minha m\u00e3e fez um grande trabalho em rela\u00e7\u00e3o a isso tudo isso. Ela n\u00e3o sabia nomear como autismo, mas ela sabia que as minhas individualidades precisavam ser compreendidas e atendidas. Ent\u00e3o ela sempre se esfor\u00e7ou muito para garantir que eu estivesse bem. Que eu estivesse confort\u00e1vel, me desenvolvendo, me nutrindo. Ent\u00e3o a gente teve psic\u00f3loga, a gente teve fonoaudi\u00f3logo, a gente teve nutricionista, tive todo o apoio que eu precisei. E na minha vida adulta eu acho que eu fui aprendendo ao longo da minha inf\u00e2ncia. \u00b4E superando uma coisa de cada vez, n\u00e3o o diagn\u00f3stico, mas o que vem dele.<\/p>\n\n\n\n<p><strong>Como voc\u00ea lida com o preconceito e a discrimina\u00e7\u00e3o no seu dia a dia?<\/strong><\/p>\n\n\n\n<p>Discrimina\u00e7\u00e3o eu n\u00e3o sofro no dia a dia. Eu acho que tem um estigma grande nas redes sociais por eu falar que eu sou autista abertamente, de pessoas que v\u00eam contestar. L\u00f3gico, tem um pouco de preconceito. \u00c9 como eu n\u00e3o ter cara de autista. Eu n\u00e3o presto aten\u00e7\u00e3o. Eu acho que s\u00e3o pessoas que n\u00e3o sabem do que est\u00e3o falando. Mas eu n\u00e3o lido com nenhum preconceito de discrimina\u00e7\u00e3o no dia a dia por ser n\u00edvel um e conseguir mascarar muito bem. N\u00e3o \u00e9 uma habilidade que eu aprendi crian\u00e7a. Mas, eu vejo outras pessoas sofrendo preconceito, quando eu vejo falas preconceituosas, discriminativas, discriminadoras sobre o autismo e pessoas autistas. O que eu fa\u00e7o \u00e9 divulgar a favor da causa. Espalhar informa\u00e7\u00f5es que s\u00e3o ver\u00eddicas, que s\u00e3o boas, que combatem estigmas e preconceitos.<\/p>\n\n\n\n<p><strong>Profissionalmente falando, como seus pacientes reagem ao saber que voc\u00ea \u00e9 autista?<\/strong><\/p>\n\n\n\n<p>A maioria dos meus pacientes gostam de saber que eu sou autista. A maioria gosta, inclusive v\u00e1rios me procuram por isso, porque tamb\u00e9m s\u00e3o, porque eles est\u00e3o querendo diagn\u00f3stico e querem fazer com uma pessoa que n\u00e3o s\u00f3 saiba pelo DSM, pelo estudo, mas entenda o que eles est\u00e3o passando num n\u00edvel profundo.<\/p>\n\n\n\n<p><strong>Sobre capacitismo, mesmo sendo uma profissional preparada, reconhecida de alguma forma ele impacta sua vida.<\/strong><\/p>\n\n\n\n<p>Com certeza existe, existem pessoas que pensam que eu sou menos capaz porque eu tenho meu diagn\u00f3stico, mas isso n\u00e3o impacta a minha vida, porque a realidade \u00e9 que eu n\u00e3o tenho acesso. Eu n\u00e3o dou acesso a essas pessoas, n\u00e3o tenho acesso a essas pessoas. Quem est\u00e1 perto de mim, n\u00e3o tem uma atitude capacitista. \u00c0s vezes isso acontece at\u00e9 por falta de informa\u00e7\u00e3o. Eu recebo uma pergunta de tipo, isso \u00e9 o seu autismo? Mas \u00e9 mais no sentido de querer entender cada vez mais.<\/p>\n\n\n\n<p><strong>H\u00e1 alguma frase ou coment\u00e1rio que voc\u00ea frequentemente ouve e que considera especialmente inc\u00f4modo ou ofensivo para algu\u00e9m que tem autismo ou qualquer outro tipo de defici\u00eancia?<\/strong><\/p>\n\n\n\n<p>Acho que a frase que mais me incomoda \u00e9 que coincidentemente eu escuto mais \u00e9 que eu n\u00e3o tenho cara de autista. A minha resposta \u00e9, autista n\u00e3o tem cara. Autismo n\u00e3o tem cara. Isso \u00e9 preconceituoso, estereotipado, ultrapassado e querendo invalidar meu diagn\u00f3stico. \u00c9 uma coisa que eu tenho batalhado meu mundo inteiro para validar e para entender e, enfim, para aceitar.<\/p>\n\n\n\n<p><strong>Quais s\u00e3o as principais lutas? Ou cite para a gente algumas das lutas que as pessoas altistas enfrentam atualmente num ambiente escolar e de trabalho.<\/strong><\/p>\n\n\n\n<p>Eu vejo que as lutas s\u00e3o mais ou menos as mesmas em base, embora elas sejam incrivelmente individuais. Ent\u00e3o, a gente tem muitos aspectos de socializa\u00e7\u00e3o. A gente tem lutas no aspecto de inclus\u00e3o. N\u00e3o \u00e9 de n\u00e3o ter o desenho universal de aprendizagem pr\u00e1ticas que s\u00e3o inclusivas o suficiente para pessoas autistas, a gente. A gente tem discrimina\u00e7\u00e3o por parte de professores e nem tanto de colegas, porque os colegas ainda nem foram educados, n\u00e9? Acerca disso, e. A luta para constantemente se encaixar num sistema que n\u00e3o foi desenhado para n\u00f3s, n\u00e9? Eu acho que essa \u00e9 a maior luta que a gente enfrenta.<\/p>\n\n\n\n<p><strong>Como a sociedade pode melhorar isso? Quer dizer, pode ser mais inclusiva e acolhedora para pessoas autistas.<\/strong><\/p>\n\n\n\n<p>Eu acho que a principal coisa para inclus\u00e3o e acolhimento. A principal a\u00e7\u00e3o \u00e9 se informar, se educar.&nbsp; Agora mesmo estamos lan\u00e7ando uma plataforma justamente para educar pessoas que convivem com pessoas autistas, ou pessoas autistas que receberam o diagn\u00f3stico tardio ou profissionais que trabalham. Eu tenho um projeto tamb\u00e9m de capacita\u00e7\u00e3o de professores que eu estou desenvolvendo para lidar com pessoas autistas, TDAH, enfim, qualquer tipo de defici\u00eancia invis\u00edvel. \u00c9 o transtorno de sa\u00fade mental que acomete crian\u00e7as, adolescentes, e precisamos prepara pessoas para saber como lidar. Eu acho que \u00e9 isso que mais falta: informa\u00e7\u00e3o.<\/p>\n\n\n\n<p><strong>Qual o tipo de informa\u00e7\u00e3o que voc\u00ea gostaria que as pessoas tirassem de um momento em que eles escutam falar a respeito do autismo?<\/strong><\/p>\n\n\n\n<p>A maior li\u00e7\u00e3o eu acho que \u00e9 a compreens\u00e3o de que o transtorno do espectro autista significa, n\u00e9. Espectro \u00e9 um conjunto de sintomas, de apresenta\u00e7\u00f5es, de manifesta\u00e7\u00f5es de uma s\u00f3 coisa, ent\u00e3o embora n\u00f3s estejamos todos no mesmo diagn\u00f3stico, esse diagn\u00f3stico se ramifica de v\u00e1rias maneiras diferentes. E eu queria que as pessoas tivessem mais compreens\u00e3o disso, que n\u00e3o \u00e9 s\u00f3 porque aquela pessoa autista que voc\u00ea conhece \u00e9 dessa forma que todas as pessoas autistas v\u00e3o ser da mesma forma. \u00c9 um espectro, tem uma ampla gama de como pode se manifestar.<\/p>\n\n\n\n<p><strong>Voc\u00ea pode nos falar sobre o papel da fam\u00edlia e amigos no seu processo de aceita\u00e7\u00e3o e crescimento pessoal?<\/strong><\/p>\n\n\n\n<p>Eu acho que o principal papel da minha fam\u00edlia e o dos meus amigos foi s\u00f3 consentir. Eu cheguei com diagn\u00f3stico, as pessoas falaram \u201cOK\u201d. Ningu\u00e9m negou, ningu\u00e9m contestou nada e isso que eu acho muito importante. Quando voc\u00ea recebe um diagn\u00f3stico, j\u00e1 \u00e9 meio dif\u00edcil de aceitar, voc\u00ea acaba se achando meio impostor. Todos t\u00eam uma dificuldade para aceitar. Ent\u00e3o, quando as pessoas do seu lado s\u00f3 aceitam, como foi o caso dos meus pais e dos meus irm\u00e3os, fica muito mais f\u00e1cil. Ent\u00e3o, para os pais que est\u00e3o lendo, s\u00f3 aceitem que o diagn\u00f3stico tardio, n\u00e3o tem a ver com voc\u00eas, n\u00e3o tem a ver com eles. \u00c0s vezes os pais t\u00eam um pouco de receio de aceitar um diagn\u00f3stico tardio, porque eles acham que eles falharam em n\u00e3o perceber. E n\u00e3o \u00e9 bem assim que funciona.<\/p>\n\n\n\n<p><strong>Que tipo de suporte ou recurso seria necess\u00e1rio hoje para que as pessoas autistas e suas fam\u00edlias conseguissem de alguma forma, fazer com que a vida dessas pessoas aconte\u00e7am de uma maneira menos agressiva, com menos discrimina\u00e7\u00e3o?<\/strong><\/p>\n\n\n\n<p>O sistema tem que melhorar para receber melhor as pessoas autistas e todo tipo de defici\u00eancia invis\u00edvel, mas especialmente o autismo. Temos que capacitar mais, ter mais informa\u00e7\u00e3o, muita informa\u00e7\u00e3o. Eu acho que isso \u00e9 o que mais falta no sistema.<\/p>\n\n\n\n<p>Entrevista concedida a J\u00fanior Patente<\/p>\n","protected":false},"excerpt":{"rendered":"<p>O Portal Incluir entrevistou a Neuropsic\u00f3loga Maria Nogueira Maia, ela que tem TEA (Transtorno do<\/p>\n","protected":false},"author":1,"featured_media":401,"comment_status":"open","ping_status":"open","sticky":false,"template":"","format":"standard","meta":{"om_disable_all_campaigns":false,"_monsterinsights_skip_tracking":false,"_monsterinsights_sitenote_active":false,"_monsterinsights_sitenote_note":"","_monsterinsights_sitenote_category":0,"_uf_show_specific_survey":0,"_uf_disable_surveys":false,"footnotes":""},"categories":[6,9],"tags":[],"class_list":["post-399","post","type-post","status-publish","format-standard","has-post-thumbnail","hentry","category-autismo","category-noticias"],"yoast_head":"<!-- This site is optimized with the Yoast SEO plugin v27.4 - https:\/\/yoast.com\/product\/yoast-seo-wordpress\/ -->\n<title>Autismo: \u201cA principal a\u00e7\u00e3o \u00e9 se informar, se educar\u201d - PORTAL INCLUIR<\/title>\n<meta name=\"robots\" content=\"index, follow, max-snippet:-1, max-image-preview:large, max-video-preview:-1\" \/>\n<link rel=\"canonical\" href=\"https:\/\/portalincluir.com.br\/index.php\/2024\/11\/27\/autismo-a-principal-acao-e-se-informar-se-educar\/\" \/>\n<meta property=\"og:locale\" content=\"pt_BR\" \/>\n<meta property=\"og:type\" content=\"article\" \/>\n<meta property=\"og:title\" content=\"Autismo: \u201cA principal a\u00e7\u00e3o \u00e9 se informar, se educar\u201d - PORTAL INCLUIR\" \/>\n<meta property=\"og:description\" content=\"O Portal Incluir entrevistou a Neuropsic\u00f3loga Maria Nogueira Maia, ela que tem TEA (Transtorno do\" \/>\n<meta property=\"og:url\" content=\"https:\/\/portalincluir.com.br\/index.php\/2024\/11\/27\/autismo-a-principal-acao-e-se-informar-se-educar\/\" \/>\n<meta property=\"og:site_name\" content=\"PORTAL INCLUIR\" \/>\n<meta property=\"article:published_time\" content=\"2024-11-28T00:23:20+00:00\" \/>\n<meta property=\"article:modified_time\" content=\"2024-11-28T00:28:15+00:00\" \/>\n<meta property=\"og:image\" content=\"https:\/\/portalincluir.com.br\/wp-content\/uploads\/2024\/11\/Maria-Maia-1.jpg\" \/>\n\t<meta property=\"og:image:width\" content=\"566\" \/>\n\t<meta property=\"og:image:height\" content=\"453\" \/>\n\t<meta property=\"og:image:type\" content=\"image\/jpeg\" \/>\n<meta name=\"author\" content=\"Portal Incluir\" \/>\n<meta name=\"twitter:card\" content=\"summary_large_image\" \/>\n<meta name=\"twitter:label1\" content=\"Escrito por\" \/>\n\t<meta name=\"twitter:data1\" content=\"Portal Incluir\" \/>\n\t<meta name=\"twitter:label2\" content=\"Est. tempo de leitura\" \/>\n\t<meta name=\"twitter:data2\" content=\"8 minutos\" \/>\n<script type=\"application\/ld+json\" class=\"yoast-schema-graph\">{\"@context\":\"https:\\\/\\\/schema.org\",\"@graph\":[{\"@type\":[\"Article\",\"BlogPosting\"],\"@id\":\"https:\\\/\\\/portalincluir.com.br\\\/index.php\\\/2024\\\/11\\\/27\\\/autismo-a-principal-acao-e-se-informar-se-educar\\\/#article\",\"isPartOf\":{\"@id\":\"https:\\\/\\\/portalincluir.com.br\\\/index.php\\\/2024\\\/11\\\/27\\\/autismo-a-principal-acao-e-se-informar-se-educar\\\/\"},\"author\":{\"name\":\"Portal Incluir\",\"@id\":\"https:\\\/\\\/portalincluir.com.br\\\/#\\\/schema\\\/person\\\/8823664e5902eee555607fb75c4c35ae\"},\"headline\":\"Autismo: \u201cA principal a\u00e7\u00e3o \u00e9 se informar, se educar\u201d\",\"datePublished\":\"2024-11-28T00:23:20+00:00\",\"dateModified\":\"2024-11-28T00:28:15+00:00\",\"mainEntityOfPage\":{\"@id\":\"https:\\\/\\\/portalincluir.com.br\\\/index.php\\\/2024\\\/11\\\/27\\\/autismo-a-principal-acao-e-se-informar-se-educar\\\/\"},\"wordCount\":1581,\"commentCount\":0,\"image\":{\"@id\":\"https:\\\/\\\/portalincluir.com.br\\\/index.php\\\/2024\\\/11\\\/27\\\/autismo-a-principal-acao-e-se-informar-se-educar\\\/#primaryimage\"},\"thumbnailUrl\":\"https:\\\/\\\/portalincluir.com.br\\\/wp-content\\\/uploads\\\/2024\\\/11\\\/Maria-Maia-1.jpg\",\"articleSection\":[\"Autismo\",\"Not\u00edcias\"],\"inLanguage\":\"pt-BR\",\"potentialAction\":[{\"@type\":\"CommentAction\",\"name\":\"Comment\",\"target\":[\"https:\\\/\\\/portalincluir.com.br\\\/index.php\\\/2024\\\/11\\\/27\\\/autismo-a-principal-acao-e-se-informar-se-educar\\\/#respond\"]}]},{\"@type\":\"WebPage\",\"@id\":\"https:\\\/\\\/portalincluir.com.br\\\/index.php\\\/2024\\\/11\\\/27\\\/autismo-a-principal-acao-e-se-informar-se-educar\\\/\",\"url\":\"https:\\\/\\\/portalincluir.com.br\\\/index.php\\\/2024\\\/11\\\/27\\\/autismo-a-principal-acao-e-se-informar-se-educar\\\/\",\"name\":\"Autismo: \u201cA principal a\u00e7\u00e3o \u00e9 se informar, se educar\u201d - PORTAL INCLUIR\",\"isPartOf\":{\"@id\":\"https:\\\/\\\/portalincluir.com.br\\\/#website\"},\"primaryImageOfPage\":{\"@id\":\"https:\\\/\\\/portalincluir.com.br\\\/index.php\\\/2024\\\/11\\\/27\\\/autismo-a-principal-acao-e-se-informar-se-educar\\\/#primaryimage\"},\"image\":{\"@id\":\"https:\\\/\\\/portalincluir.com.br\\\/index.php\\\/2024\\\/11\\\/27\\\/autismo-a-principal-acao-e-se-informar-se-educar\\\/#primaryimage\"},\"thumbnailUrl\":\"https:\\\/\\\/portalincluir.com.br\\\/wp-content\\\/uploads\\\/2024\\\/11\\\/Maria-Maia-1.jpg\",\"datePublished\":\"2024-11-28T00:23:20+00:00\",\"dateModified\":\"2024-11-28T00:28:15+00:00\",\"author\":{\"@id\":\"https:\\\/\\\/portalincluir.com.br\\\/#\\\/schema\\\/person\\\/8823664e5902eee555607fb75c4c35ae\"},\"breadcrumb\":{\"@id\":\"https:\\\/\\\/portalincluir.com.br\\\/index.php\\\/2024\\\/11\\\/27\\\/autismo-a-principal-acao-e-se-informar-se-educar\\\/#breadcrumb\"},\"inLanguage\":\"pt-BR\",\"potentialAction\":[{\"@type\":\"ReadAction\",\"target\":[\"https:\\\/\\\/portalincluir.com.br\\\/index.php\\\/2024\\\/11\\\/27\\\/autismo-a-principal-acao-e-se-informar-se-educar\\\/\"]}]},{\"@type\":\"ImageObject\",\"inLanguage\":\"pt-BR\",\"@id\":\"https:\\\/\\\/portalincluir.com.br\\\/index.php\\\/2024\\\/11\\\/27\\\/autismo-a-principal-acao-e-se-informar-se-educar\\\/#primaryimage\",\"url\":\"https:\\\/\\\/portalincluir.com.br\\\/wp-content\\\/uploads\\\/2024\\\/11\\\/Maria-Maia-1.jpg\",\"contentUrl\":\"https:\\\/\\\/portalincluir.com.br\\\/wp-content\\\/uploads\\\/2024\\\/11\\\/Maria-Maia-1.jpg\",\"width\":566,\"height\":453,\"caption\":\"Maria Maia\"},{\"@type\":\"BreadcrumbList\",\"@id\":\"https:\\\/\\\/portalincluir.com.br\\\/index.php\\\/2024\\\/11\\\/27\\\/autismo-a-principal-acao-e-se-informar-se-educar\\\/#breadcrumb\",\"itemListElement\":[{\"@type\":\"ListItem\",\"position\":1,\"name\":\"In\u00edcio\",\"item\":\"https:\\\/\\\/portalincluir.com.br\\\/\"},{\"@type\":\"ListItem\",\"position\":2,\"name\":\"Autismo: \u201cA principal a\u00e7\u00e3o \u00e9 se informar, se educar\u201d\"}]},{\"@type\":\"WebSite\",\"@id\":\"https:\\\/\\\/portalincluir.com.br\\\/#website\",\"url\":\"https:\\\/\\\/portalincluir.com.br\\\/\",\"name\":\"PORTAL INCLUIR\",\"description\":\"\",\"potentialAction\":[{\"@type\":\"SearchAction\",\"target\":{\"@type\":\"EntryPoint\",\"urlTemplate\":\"https:\\\/\\\/portalincluir.com.br\\\/?s={search_term_string}\"},\"query-input\":{\"@type\":\"PropertyValueSpecification\",\"valueRequired\":true,\"valueName\":\"search_term_string\"}}],\"inLanguage\":\"pt-BR\"},{\"@type\":\"Person\",\"@id\":\"https:\\\/\\\/portalincluir.com.br\\\/#\\\/schema\\\/person\\\/8823664e5902eee555607fb75c4c35ae\",\"name\":\"Portal Incluir\",\"image\":{\"@type\":\"ImageObject\",\"inLanguage\":\"pt-BR\",\"@id\":\"https:\\\/\\\/secure.gravatar.com\\\/avatar\\\/12085fe17e70c3550551519fe1f8f51fae69b1748563a47fc3bea53d91fbcbbd?s=96&d=mm&r=g\",\"url\":\"https:\\\/\\\/secure.gravatar.com\\\/avatar\\\/12085fe17e70c3550551519fe1f8f51fae69b1748563a47fc3bea53d91fbcbbd?s=96&d=mm&r=g\",\"contentUrl\":\"https:\\\/\\\/secure.gravatar.com\\\/avatar\\\/12085fe17e70c3550551519fe1f8f51fae69b1748563a47fc3bea53d91fbcbbd?s=96&d=mm&r=g\",\"caption\":\"Portal Incluir\"},\"sameAs\":[\"http:\\\/\\\/portalincluir.com.br\"],\"url\":\"https:\\\/\\\/portalincluir.com.br\\\/index.php\\\/author\\\/portalincluir-com-br\\\/\"}]}<\/script>\n<!-- \/ Yoast SEO plugin. -->","yoast_head_json":{"title":"Autismo: \u201cA principal a\u00e7\u00e3o \u00e9 se informar, se educar\u201d - PORTAL INCLUIR","robots":{"index":"index","follow":"follow","max-snippet":"max-snippet:-1","max-image-preview":"max-image-preview:large","max-video-preview":"max-video-preview:-1"},"canonical":"https:\/\/portalincluir.com.br\/index.php\/2024\/11\/27\/autismo-a-principal-acao-e-se-informar-se-educar\/","og_locale":"pt_BR","og_type":"article","og_title":"Autismo: \u201cA principal a\u00e7\u00e3o \u00e9 se informar, se educar\u201d - PORTAL INCLUIR","og_description":"O Portal Incluir entrevistou a Neuropsic\u00f3loga Maria Nogueira Maia, ela que tem TEA (Transtorno do","og_url":"https:\/\/portalincluir.com.br\/index.php\/2024\/11\/27\/autismo-a-principal-acao-e-se-informar-se-educar\/","og_site_name":"PORTAL INCLUIR","article_published_time":"2024-11-28T00:23:20+00:00","article_modified_time":"2024-11-28T00:28:15+00:00","og_image":[{"width":566,"height":453,"url":"https:\/\/portalincluir.com.br\/wp-content\/uploads\/2024\/11\/Maria-Maia-1.jpg","type":"image\/jpeg"}],"author":"Portal Incluir","twitter_card":"summary_large_image","twitter_misc":{"Escrito por":"Portal Incluir","Est. tempo de leitura":"8 minutos"},"schema":{"@context":"https:\/\/schema.org","@graph":[{"@type":["Article","BlogPosting"],"@id":"https:\/\/portalincluir.com.br\/index.php\/2024\/11\/27\/autismo-a-principal-acao-e-se-informar-se-educar\/#article","isPartOf":{"@id":"https:\/\/portalincluir.com.br\/index.php\/2024\/11\/27\/autismo-a-principal-acao-e-se-informar-se-educar\/"},"author":{"name":"Portal Incluir","@id":"https:\/\/portalincluir.com.br\/#\/schema\/person\/8823664e5902eee555607fb75c4c35ae"},"headline":"Autismo: \u201cA principal a\u00e7\u00e3o \u00e9 se informar, se educar\u201d","datePublished":"2024-11-28T00:23:20+00:00","dateModified":"2024-11-28T00:28:15+00:00","mainEntityOfPage":{"@id":"https:\/\/portalincluir.com.br\/index.php\/2024\/11\/27\/autismo-a-principal-acao-e-se-informar-se-educar\/"},"wordCount":1581,"commentCount":0,"image":{"@id":"https:\/\/portalincluir.com.br\/index.php\/2024\/11\/27\/autismo-a-principal-acao-e-se-informar-se-educar\/#primaryimage"},"thumbnailUrl":"https:\/\/portalincluir.com.br\/wp-content\/uploads\/2024\/11\/Maria-Maia-1.jpg","articleSection":["Autismo","Not\u00edcias"],"inLanguage":"pt-BR","potentialAction":[{"@type":"CommentAction","name":"Comment","target":["https:\/\/portalincluir.com.br\/index.php\/2024\/11\/27\/autismo-a-principal-acao-e-se-informar-se-educar\/#respond"]}]},{"@type":"WebPage","@id":"https:\/\/portalincluir.com.br\/index.php\/2024\/11\/27\/autismo-a-principal-acao-e-se-informar-se-educar\/","url":"https:\/\/portalincluir.com.br\/index.php\/2024\/11\/27\/autismo-a-principal-acao-e-se-informar-se-educar\/","name":"Autismo: \u201cA principal a\u00e7\u00e3o \u00e9 se informar, se educar\u201d - PORTAL INCLUIR","isPartOf":{"@id":"https:\/\/portalincluir.com.br\/#website"},"primaryImageOfPage":{"@id":"https:\/\/portalincluir.com.br\/index.php\/2024\/11\/27\/autismo-a-principal-acao-e-se-informar-se-educar\/#primaryimage"},"image":{"@id":"https:\/\/portalincluir.com.br\/index.php\/2024\/11\/27\/autismo-a-principal-acao-e-se-informar-se-educar\/#primaryimage"},"thumbnailUrl":"https:\/\/portalincluir.com.br\/wp-content\/uploads\/2024\/11\/Maria-Maia-1.jpg","datePublished":"2024-11-28T00:23:20+00:00","dateModified":"2024-11-28T00:28:15+00:00","author":{"@id":"https:\/\/portalincluir.com.br\/#\/schema\/person\/8823664e5902eee555607fb75c4c35ae"},"breadcrumb":{"@id":"https:\/\/portalincluir.com.br\/index.php\/2024\/11\/27\/autismo-a-principal-acao-e-se-informar-se-educar\/#breadcrumb"},"inLanguage":"pt-BR","potentialAction":[{"@type":"ReadAction","target":["https:\/\/portalincluir.com.br\/index.php\/2024\/11\/27\/autismo-a-principal-acao-e-se-informar-se-educar\/"]}]},{"@type":"ImageObject","inLanguage":"pt-BR","@id":"https:\/\/portalincluir.com.br\/index.php\/2024\/11\/27\/autismo-a-principal-acao-e-se-informar-se-educar\/#primaryimage","url":"https:\/\/portalincluir.com.br\/wp-content\/uploads\/2024\/11\/Maria-Maia-1.jpg","contentUrl":"https:\/\/portalincluir.com.br\/wp-content\/uploads\/2024\/11\/Maria-Maia-1.jpg","width":566,"height":453,"caption":"Maria Maia"},{"@type":"BreadcrumbList","@id":"https:\/\/portalincluir.com.br\/index.php\/2024\/11\/27\/autismo-a-principal-acao-e-se-informar-se-educar\/#breadcrumb","itemListElement":[{"@type":"ListItem","position":1,"name":"In\u00edcio","item":"https:\/\/portalincluir.com.br\/"},{"@type":"ListItem","position":2,"name":"Autismo: \u201cA principal a\u00e7\u00e3o \u00e9 se informar, se educar\u201d"}]},{"@type":"WebSite","@id":"https:\/\/portalincluir.com.br\/#website","url":"https:\/\/portalincluir.com.br\/","name":"PORTAL INCLUIR","description":"","potentialAction":[{"@type":"SearchAction","target":{"@type":"EntryPoint","urlTemplate":"https:\/\/portalincluir.com.br\/?s={search_term_string}"},"query-input":{"@type":"PropertyValueSpecification","valueRequired":true,"valueName":"search_term_string"}}],"inLanguage":"pt-BR"},{"@type":"Person","@id":"https:\/\/portalincluir.com.br\/#\/schema\/person\/8823664e5902eee555607fb75c4c35ae","name":"Portal Incluir","image":{"@type":"ImageObject","inLanguage":"pt-BR","@id":"https:\/\/secure.gravatar.com\/avatar\/12085fe17e70c3550551519fe1f8f51fae69b1748563a47fc3bea53d91fbcbbd?s=96&d=mm&r=g","url":"https:\/\/secure.gravatar.com\/avatar\/12085fe17e70c3550551519fe1f8f51fae69b1748563a47fc3bea53d91fbcbbd?s=96&d=mm&r=g","contentUrl":"https:\/\/secure.gravatar.com\/avatar\/12085fe17e70c3550551519fe1f8f51fae69b1748563a47fc3bea53d91fbcbbd?s=96&d=mm&r=g","caption":"Portal Incluir"},"sameAs":["http:\/\/portalincluir.com.br"],"url":"https:\/\/portalincluir.com.br\/index.php\/author\/portalincluir-com-br\/"}]}},"_links":{"self":[{"href":"https:\/\/portalincluir.com.br\/index.php\/wp-json\/wp\/v2\/posts\/399","targetHints":{"allow":["GET"]}}],"collection":[{"href":"https:\/\/portalincluir.com.br\/index.php\/wp-json\/wp\/v2\/posts"}],"about":[{"href":"https:\/\/portalincluir.com.br\/index.php\/wp-json\/wp\/v2\/types\/post"}],"author":[{"embeddable":true,"href":"https:\/\/portalincluir.com.br\/index.php\/wp-json\/wp\/v2\/users\/1"}],"replies":[{"embeddable":true,"href":"https:\/\/portalincluir.com.br\/index.php\/wp-json\/wp\/v2\/comments?post=399"}],"version-history":[{"count":2,"href":"https:\/\/portalincluir.com.br\/index.php\/wp-json\/wp\/v2\/posts\/399\/revisions"}],"predecessor-version":[{"id":403,"href":"https:\/\/portalincluir.com.br\/index.php\/wp-json\/wp\/v2\/posts\/399\/revisions\/403"}],"wp:featuredmedia":[{"embeddable":true,"href":"https:\/\/portalincluir.com.br\/index.php\/wp-json\/wp\/v2\/media\/401"}],"wp:attachment":[{"href":"https:\/\/portalincluir.com.br\/index.php\/wp-json\/wp\/v2\/media?parent=399"}],"wp:term":[{"taxonomy":"category","embeddable":true,"href":"https:\/\/portalincluir.com.br\/index.php\/wp-json\/wp\/v2\/categories?post=399"},{"taxonomy":"post_tag","embeddable":true,"href":"https:\/\/portalincluir.com.br\/index.php\/wp-json\/wp\/v2\/tags?post=399"}],"curies":[{"name":"wp","href":"https:\/\/api.w.org\/{rel}","templated":true}]}}