{"id":404,"date":"2024-12-01T21:05:23","date_gmt":"2024-12-02T00:05:23","guid":{"rendered":"https:\/\/portalincluir.com.br\/?p=404"},"modified":"2024-12-02T07:59:58","modified_gmt":"2024-12-02T10:59:58","slug":"cultura-e-deficiencia-representacao-de-pessoas-com-deficiencia-na-midia-e-na-cultura-popula","status":"publish","type":"post","link":"https:\/\/portalincluir.com.br\/index.php\/2024\/12\/01\/cultura-e-deficiencia-representacao-de-pessoas-com-deficiencia-na-midia-e-na-cultura-popula\/","title":{"rendered":"Cultura e Defici\u00eancia: Representa\u00e7\u00e3o de Pessoas com Defici\u00eancia na M\u00eddia e na Cultura Popular"},"content":{"rendered":"\n<p>A representa\u00e7\u00e3o de pessoas com defici\u00eancia (PcD) na m\u00eddia e na cultura popular tem ganhado cada vez mais destaque, refletindo uma sociedade que busca ser mais inclusiva e consciente das diversidades. Entretanto, ainda h\u00e1 muitos desafios a serem superados para que a inclus\u00e3o plena se torne uma realidade cotidiana.<\/p>\n\n\n\n<p>Nos \u00faltimos anos, s\u00e9ries de TV, filmes, livros e outras formas de entretenimento t\u00eam dado passos significativos para incluir personagens com defici\u00eancia de maneira aut\u00eantica e respeitosa. T\u00edtulos como &#8220;Atypical&#8221; e &#8220;Meu Nome \u00e9 Ray&#8221; abriram portas para di\u00e1logos sobre autismo e identidade de g\u00eanero, respectivamente. Esses programas n\u00e3o s\u00f3 educam o p\u00fablico sobre as diversas experi\u00eancias de vida, mas tamb\u00e9m promovem empatia e compreens\u00e3o.<\/p>\n\n\n\n<p>Por\u00e9m, a representatividade correta vai al\u00e9m da inclus\u00e3o de personagens com defici\u00eancia nas narrativas. \u00c9 essencial que as hist\u00f3rias sejam contadas de forma precisa e que pessoas com defici\u00eancia sejam inclu\u00eddas no processo criativo, tanto na frente quanto atr\u00e1s das c\u00e2meras. A presen\u00e7a de escritores, diretores e atores PcD \u00e9 vital para assegurar que suas hist\u00f3rias n\u00e3o sejam estereotipadas ou tratadas de maneira superficial.<\/p>\n\n\n\n<p>A falta de representa\u00e7\u00e3o adequada na m\u00eddia contribui para a perpetua\u00e7\u00e3o de estere\u00f3tipos negativos e uma compreens\u00e3o limitada das capacidades e experi\u00eancias de PcD. Infelizmente, muitas vezes vemos a defici\u00eancia retratada de maneira sensacionalista ou como um obst\u00e1culo a ser superado, em vez de uma parte natural da diversidade humana. Essa vis\u00e3o distorcida pode refor\u00e7ar preconceitos e dificultar a inclus\u00e3o social.<\/p>\n\n\n\n<p>Em contraponto, projetos que se destacam por sua abordagem inclusiva ajudam a quebrar barreiras e a promover uma vis\u00e3o mais equilibrada. A inclus\u00e3o de PcD em campanhas publicit\u00e1rias, programas de televis\u00e3o e outras plataformas de m\u00eddia refor\u00e7a a mensagem de que todos devem ser vistos e ouvidos. Celebridades e influenciadores com defici\u00eancia tamb\u00e9m t\u00eam um papel crucial, usando suas plataformas para desafiar normas e inspirar mudan\u00e7as.<\/p>\n\n\n\n<p>O caminho para uma representa\u00e7\u00e3o justa e verdadeira de PcD na m\u00eddia e na cultura popular ainda \u00e9 longo, mas cada avan\u00e7o \u00e9 um passo importante na dire\u00e7\u00e3o certa. A conscientiza\u00e7\u00e3o e o compromisso cont\u00ednuo de todos os setores da sociedade s\u00e3o fundamentais para garantir que as vozes de PcD sejam amplificadas e respeitadas.<\/p>\n\n\n\n<p>Em \u00faltima an\u00e1lise, a verdadeira inclus\u00e3o s\u00f3 ser\u00e1 alcan\u00e7ada quando as pessoas com defici\u00eancia forem retratadas de maneira que reflita com precis\u00e3o suas experi\u00eancias e contribui\u00e7\u00f5es. O impacto positivo dessa transforma\u00e7\u00e3o ser\u00e1 sentido n\u00e3o apenas por PcD, mas por toda a sociedade, que se beneficiar\u00e1 de uma perspectiva mais rica e diversificada.<\/p>\n","protected":false},"excerpt":{"rendered":"<p>Dudu do cavaco \u00e9 um exemplo de como pessoas com PcD tem condi\u00e7\u00e3o de realizar qualquer atividade. M\u00fasico de execl\u00eancia encanta todo com sua qualidade musical e simpatia.<br \/>\nFoto: Site MTC<\/p>\n","protected":false},"author":1,"featured_media":406,"comment_status":"open","ping_status":"open","sticky":false,"template":"","format":"standard","meta":{"om_disable_all_campaigns":false,"_monsterinsights_skip_tracking":false,"_monsterinsights_sitenote_active":false,"_monsterinsights_sitenote_note":"","_monsterinsights_sitenote_category":0,"_uf_show_specific_survey":0,"_uf_disable_surveys":false,"footnotes":""},"categories":[9],"tags":[],"class_list":["post-404","post","type-post","status-publish","format-standard","has-post-thumbnail","hentry","category-noticias"],"yoast_head":"<!-- This site is optimized with the Yoast SEO plugin v27.4 - https:\/\/yoast.com\/product\/yoast-seo-wordpress\/ -->\n<title>Cultura e Defici\u00eancia: Representa\u00e7\u00e3o de Pessoas com Defici\u00eancia na M\u00eddia e na Cultura Popular - PORTAL INCLUIR<\/title>\n<meta name=\"robots\" content=\"index, follow, max-snippet:-1, max-image-preview:large, max-video-preview:-1\" \/>\n<link rel=\"canonical\" href=\"https:\/\/portalincluir.com.br\/index.php\/2024\/12\/01\/cultura-e-deficiencia-representacao-de-pessoas-com-deficiencia-na-midia-e-na-cultura-popula\/\" \/>\n<meta property=\"og:locale\" content=\"pt_BR\" \/>\n<meta property=\"og:type\" content=\"article\" \/>\n<meta property=\"og:title\" content=\"Cultura e Defici\u00eancia: Representa\u00e7\u00e3o de Pessoas com Defici\u00eancia na M\u00eddia e na Cultura Popular - PORTAL INCLUIR\" \/>\n<meta property=\"og:description\" content=\"Dudu do cavaco \u00e9 um exemplo de como pessoas com PcD tem condi\u00e7\u00e3o de realizar qualquer atividade. M\u00fasico de execl\u00eancia encanta todo com sua qualidade musical e simpatia.  Foto: Site MTC\" \/>\n<meta property=\"og:url\" content=\"https:\/\/portalincluir.com.br\/index.php\/2024\/12\/01\/cultura-e-deficiencia-representacao-de-pessoas-com-deficiencia-na-midia-e-na-cultura-popula\/\" \/>\n<meta property=\"og:site_name\" content=\"PORTAL INCLUIR\" \/>\n<meta property=\"article:published_time\" content=\"2024-12-02T00:05:23+00:00\" \/>\n<meta property=\"article:modified_time\" content=\"2024-12-02T10:59:58+00:00\" \/>\n<meta property=\"og:image\" content=\"https:\/\/portalincluir.com.br\/wp-content\/uploads\/2024\/12\/dudu-e1733097842868.jpg\" \/>\n\t<meta property=\"og:image:width\" content=\"944\" \/>\n\t<meta property=\"og:image:height\" content=\"560\" \/>\n\t<meta property=\"og:image:type\" content=\"image\/jpeg\" \/>\n<meta name=\"author\" content=\"Portal Incluir\" \/>\n<meta name=\"twitter:card\" content=\"summary_large_image\" \/>\n<meta name=\"twitter:label1\" content=\"Escrito por\" \/>\n\t<meta name=\"twitter:data1\" content=\"Portal Incluir\" \/>\n\t<meta name=\"twitter:label2\" content=\"Est. tempo de leitura\" \/>\n\t<meta name=\"twitter:data2\" content=\"2 minutos\" \/>\n<script type=\"application\/ld+json\" class=\"yoast-schema-graph\">{\"@context\":\"https:\\\/\\\/schema.org\",\"@graph\":[{\"@type\":[\"Article\",\"BlogPosting\"],\"@id\":\"https:\\\/\\\/portalincluir.com.br\\\/index.php\\\/2024\\\/12\\\/01\\\/cultura-e-deficiencia-representacao-de-pessoas-com-deficiencia-na-midia-e-na-cultura-popula\\\/#article\",\"isPartOf\":{\"@id\":\"https:\\\/\\\/portalincluir.com.br\\\/index.php\\\/2024\\\/12\\\/01\\\/cultura-e-deficiencia-representacao-de-pessoas-com-deficiencia-na-midia-e-na-cultura-popula\\\/\"},\"author\":{\"name\":\"Portal Incluir\",\"@id\":\"https:\\\/\\\/portalincluir.com.br\\\/#\\\/schema\\\/person\\\/8823664e5902eee555607fb75c4c35ae\"},\"headline\":\"Cultura e Defici\u00eancia: Representa\u00e7\u00e3o de Pessoas com Defici\u00eancia na M\u00eddia e na Cultura Popular\",\"datePublished\":\"2024-12-02T00:05:23+00:00\",\"dateModified\":\"2024-12-02T10:59:58+00:00\",\"mainEntityOfPage\":{\"@id\":\"https:\\\/\\\/portalincluir.com.br\\\/index.php\\\/2024\\\/12\\\/01\\\/cultura-e-deficiencia-representacao-de-pessoas-com-deficiencia-na-midia-e-na-cultura-popula\\\/\"},\"wordCount\":489,\"commentCount\":0,\"image\":{\"@id\":\"https:\\\/\\\/portalincluir.com.br\\\/index.php\\\/2024\\\/12\\\/01\\\/cultura-e-deficiencia-representacao-de-pessoas-com-deficiencia-na-midia-e-na-cultura-popula\\\/#primaryimage\"},\"thumbnailUrl\":\"https:\\\/\\\/portalincluir.com.br\\\/wp-content\\\/uploads\\\/2024\\\/12\\\/dudu-e1733097842868.jpg\",\"articleSection\":[\"Not\u00edcias\"],\"inLanguage\":\"pt-BR\",\"potentialAction\":[{\"@type\":\"CommentAction\",\"name\":\"Comment\",\"target\":[\"https:\\\/\\\/portalincluir.com.br\\\/index.php\\\/2024\\\/12\\\/01\\\/cultura-e-deficiencia-representacao-de-pessoas-com-deficiencia-na-midia-e-na-cultura-popula\\\/#respond\"]}]},{\"@type\":\"WebPage\",\"@id\":\"https:\\\/\\\/portalincluir.com.br\\\/index.php\\\/2024\\\/12\\\/01\\\/cultura-e-deficiencia-representacao-de-pessoas-com-deficiencia-na-midia-e-na-cultura-popula\\\/\",\"url\":\"https:\\\/\\\/portalincluir.com.br\\\/index.php\\\/2024\\\/12\\\/01\\\/cultura-e-deficiencia-representacao-de-pessoas-com-deficiencia-na-midia-e-na-cultura-popula\\\/\",\"name\":\"Cultura e Defici\u00eancia: Representa\u00e7\u00e3o de Pessoas com Defici\u00eancia na M\u00eddia e na Cultura Popular - PORTAL INCLUIR\",\"isPartOf\":{\"@id\":\"https:\\\/\\\/portalincluir.com.br\\\/#website\"},\"primaryImageOfPage\":{\"@id\":\"https:\\\/\\\/portalincluir.com.br\\\/index.php\\\/2024\\\/12\\\/01\\\/cultura-e-deficiencia-representacao-de-pessoas-com-deficiencia-na-midia-e-na-cultura-popula\\\/#primaryimage\"},\"image\":{\"@id\":\"https:\\\/\\\/portalincluir.com.br\\\/index.php\\\/2024\\\/12\\\/01\\\/cultura-e-deficiencia-representacao-de-pessoas-com-deficiencia-na-midia-e-na-cultura-popula\\\/#primaryimage\"},\"thumbnailUrl\":\"https:\\\/\\\/portalincluir.com.br\\\/wp-content\\\/uploads\\\/2024\\\/12\\\/dudu-e1733097842868.jpg\",\"datePublished\":\"2024-12-02T00:05:23+00:00\",\"dateModified\":\"2024-12-02T10:59:58+00:00\",\"author\":{\"@id\":\"https:\\\/\\\/portalincluir.com.br\\\/#\\\/schema\\\/person\\\/8823664e5902eee555607fb75c4c35ae\"},\"breadcrumb\":{\"@id\":\"https:\\\/\\\/portalincluir.com.br\\\/index.php\\\/2024\\\/12\\\/01\\\/cultura-e-deficiencia-representacao-de-pessoas-com-deficiencia-na-midia-e-na-cultura-popula\\\/#breadcrumb\"},\"inLanguage\":\"pt-BR\",\"potentialAction\":[{\"@type\":\"ReadAction\",\"target\":[\"https:\\\/\\\/portalincluir.com.br\\\/index.php\\\/2024\\\/12\\\/01\\\/cultura-e-deficiencia-representacao-de-pessoas-com-deficiencia-na-midia-e-na-cultura-popula\\\/\"]}]},{\"@type\":\"ImageObject\",\"inLanguage\":\"pt-BR\",\"@id\":\"https:\\\/\\\/portalincluir.com.br\\\/index.php\\\/2024\\\/12\\\/01\\\/cultura-e-deficiencia-representacao-de-pessoas-com-deficiencia-na-midia-e-na-cultura-popula\\\/#primaryimage\",\"url\":\"https:\\\/\\\/portalincluir.com.br\\\/wp-content\\\/uploads\\\/2024\\\/12\\\/dudu-e1733097842868.jpg\",\"contentUrl\":\"https:\\\/\\\/portalincluir.com.br\\\/wp-content\\\/uploads\\\/2024\\\/12\\\/dudu-e1733097842868.jpg\",\"width\":944,\"height\":560},{\"@type\":\"BreadcrumbList\",\"@id\":\"https:\\\/\\\/portalincluir.com.br\\\/index.php\\\/2024\\\/12\\\/01\\\/cultura-e-deficiencia-representacao-de-pessoas-com-deficiencia-na-midia-e-na-cultura-popula\\\/#breadcrumb\",\"itemListElement\":[{\"@type\":\"ListItem\",\"position\":1,\"name\":\"In\u00edcio\",\"item\":\"https:\\\/\\\/portalincluir.com.br\\\/\"},{\"@type\":\"ListItem\",\"position\":2,\"name\":\"Cultura e Defici\u00eancia: Representa\u00e7\u00e3o de Pessoas com Defici\u00eancia na M\u00eddia e na Cultura Popular\"}]},{\"@type\":\"WebSite\",\"@id\":\"https:\\\/\\\/portalincluir.com.br\\\/#website\",\"url\":\"https:\\\/\\\/portalincluir.com.br\\\/\",\"name\":\"PORTAL INCLUIR\",\"description\":\"\",\"potentialAction\":[{\"@type\":\"SearchAction\",\"target\":{\"@type\":\"EntryPoint\",\"urlTemplate\":\"https:\\\/\\\/portalincluir.com.br\\\/?s={search_term_string}\"},\"query-input\":{\"@type\":\"PropertyValueSpecification\",\"valueRequired\":true,\"valueName\":\"search_term_string\"}}],\"inLanguage\":\"pt-BR\"},{\"@type\":\"Person\",\"@id\":\"https:\\\/\\\/portalincluir.com.br\\\/#\\\/schema\\\/person\\\/8823664e5902eee555607fb75c4c35ae\",\"name\":\"Portal Incluir\",\"image\":{\"@type\":\"ImageObject\",\"inLanguage\":\"pt-BR\",\"@id\":\"https:\\\/\\\/secure.gravatar.com\\\/avatar\\\/12085fe17e70c3550551519fe1f8f51fae69b1748563a47fc3bea53d91fbcbbd?s=96&d=mm&r=g\",\"url\":\"https:\\\/\\\/secure.gravatar.com\\\/avatar\\\/12085fe17e70c3550551519fe1f8f51fae69b1748563a47fc3bea53d91fbcbbd?s=96&d=mm&r=g\",\"contentUrl\":\"https:\\\/\\\/secure.gravatar.com\\\/avatar\\\/12085fe17e70c3550551519fe1f8f51fae69b1748563a47fc3bea53d91fbcbbd?s=96&d=mm&r=g\",\"caption\":\"Portal Incluir\"},\"sameAs\":[\"http:\\\/\\\/portalincluir.com.br\"],\"url\":\"https:\\\/\\\/portalincluir.com.br\\\/index.php\\\/author\\\/portalincluir-com-br\\\/\"}]}<\/script>\n<!-- \/ Yoast SEO plugin. -->","yoast_head_json":{"title":"Cultura e Defici\u00eancia: Representa\u00e7\u00e3o de Pessoas com Defici\u00eancia na M\u00eddia e na Cultura Popular - PORTAL INCLUIR","robots":{"index":"index","follow":"follow","max-snippet":"max-snippet:-1","max-image-preview":"max-image-preview:large","max-video-preview":"max-video-preview:-1"},"canonical":"https:\/\/portalincluir.com.br\/index.php\/2024\/12\/01\/cultura-e-deficiencia-representacao-de-pessoas-com-deficiencia-na-midia-e-na-cultura-popula\/","og_locale":"pt_BR","og_type":"article","og_title":"Cultura e Defici\u00eancia: Representa\u00e7\u00e3o de Pessoas com Defici\u00eancia na M\u00eddia e na Cultura Popular - PORTAL INCLUIR","og_description":"Dudu do cavaco \u00e9 um exemplo de como pessoas com PcD tem condi\u00e7\u00e3o de realizar qualquer atividade. M\u00fasico de execl\u00eancia encanta todo com sua qualidade musical e simpatia.  Foto: Site MTC","og_url":"https:\/\/portalincluir.com.br\/index.php\/2024\/12\/01\/cultura-e-deficiencia-representacao-de-pessoas-com-deficiencia-na-midia-e-na-cultura-popula\/","og_site_name":"PORTAL INCLUIR","article_published_time":"2024-12-02T00:05:23+00:00","article_modified_time":"2024-12-02T10:59:58+00:00","og_image":[{"width":944,"height":560,"url":"https:\/\/portalincluir.com.br\/wp-content\/uploads\/2024\/12\/dudu-e1733097842868.jpg","type":"image\/jpeg"}],"author":"Portal Incluir","twitter_card":"summary_large_image","twitter_misc":{"Escrito por":"Portal Incluir","Est. tempo de leitura":"2 minutos"},"schema":{"@context":"https:\/\/schema.org","@graph":[{"@type":["Article","BlogPosting"],"@id":"https:\/\/portalincluir.com.br\/index.php\/2024\/12\/01\/cultura-e-deficiencia-representacao-de-pessoas-com-deficiencia-na-midia-e-na-cultura-popula\/#article","isPartOf":{"@id":"https:\/\/portalincluir.com.br\/index.php\/2024\/12\/01\/cultura-e-deficiencia-representacao-de-pessoas-com-deficiencia-na-midia-e-na-cultura-popula\/"},"author":{"name":"Portal Incluir","@id":"https:\/\/portalincluir.com.br\/#\/schema\/person\/8823664e5902eee555607fb75c4c35ae"},"headline":"Cultura e Defici\u00eancia: Representa\u00e7\u00e3o de Pessoas com Defici\u00eancia na M\u00eddia e na Cultura Popular","datePublished":"2024-12-02T00:05:23+00:00","dateModified":"2024-12-02T10:59:58+00:00","mainEntityOfPage":{"@id":"https:\/\/portalincluir.com.br\/index.php\/2024\/12\/01\/cultura-e-deficiencia-representacao-de-pessoas-com-deficiencia-na-midia-e-na-cultura-popula\/"},"wordCount":489,"commentCount":0,"image":{"@id":"https:\/\/portalincluir.com.br\/index.php\/2024\/12\/01\/cultura-e-deficiencia-representacao-de-pessoas-com-deficiencia-na-midia-e-na-cultura-popula\/#primaryimage"},"thumbnailUrl":"https:\/\/portalincluir.com.br\/wp-content\/uploads\/2024\/12\/dudu-e1733097842868.jpg","articleSection":["Not\u00edcias"],"inLanguage":"pt-BR","potentialAction":[{"@type":"CommentAction","name":"Comment","target":["https:\/\/portalincluir.com.br\/index.php\/2024\/12\/01\/cultura-e-deficiencia-representacao-de-pessoas-com-deficiencia-na-midia-e-na-cultura-popula\/#respond"]}]},{"@type":"WebPage","@id":"https:\/\/portalincluir.com.br\/index.php\/2024\/12\/01\/cultura-e-deficiencia-representacao-de-pessoas-com-deficiencia-na-midia-e-na-cultura-popula\/","url":"https:\/\/portalincluir.com.br\/index.php\/2024\/12\/01\/cultura-e-deficiencia-representacao-de-pessoas-com-deficiencia-na-midia-e-na-cultura-popula\/","name":"Cultura e Defici\u00eancia: Representa\u00e7\u00e3o de Pessoas com Defici\u00eancia na M\u00eddia e na Cultura Popular - PORTAL INCLUIR","isPartOf":{"@id":"https:\/\/portalincluir.com.br\/#website"},"primaryImageOfPage":{"@id":"https:\/\/portalincluir.com.br\/index.php\/2024\/12\/01\/cultura-e-deficiencia-representacao-de-pessoas-com-deficiencia-na-midia-e-na-cultura-popula\/#primaryimage"},"image":{"@id":"https:\/\/portalincluir.com.br\/index.php\/2024\/12\/01\/cultura-e-deficiencia-representacao-de-pessoas-com-deficiencia-na-midia-e-na-cultura-popula\/#primaryimage"},"thumbnailUrl":"https:\/\/portalincluir.com.br\/wp-content\/uploads\/2024\/12\/dudu-e1733097842868.jpg","datePublished":"2024-12-02T00:05:23+00:00","dateModified":"2024-12-02T10:59:58+00:00","author":{"@id":"https:\/\/portalincluir.com.br\/#\/schema\/person\/8823664e5902eee555607fb75c4c35ae"},"breadcrumb":{"@id":"https:\/\/portalincluir.com.br\/index.php\/2024\/12\/01\/cultura-e-deficiencia-representacao-de-pessoas-com-deficiencia-na-midia-e-na-cultura-popula\/#breadcrumb"},"inLanguage":"pt-BR","potentialAction":[{"@type":"ReadAction","target":["https:\/\/portalincluir.com.br\/index.php\/2024\/12\/01\/cultura-e-deficiencia-representacao-de-pessoas-com-deficiencia-na-midia-e-na-cultura-popula\/"]}]},{"@type":"ImageObject","inLanguage":"pt-BR","@id":"https:\/\/portalincluir.com.br\/index.php\/2024\/12\/01\/cultura-e-deficiencia-representacao-de-pessoas-com-deficiencia-na-midia-e-na-cultura-popula\/#primaryimage","url":"https:\/\/portalincluir.com.br\/wp-content\/uploads\/2024\/12\/dudu-e1733097842868.jpg","contentUrl":"https:\/\/portalincluir.com.br\/wp-content\/uploads\/2024\/12\/dudu-e1733097842868.jpg","width":944,"height":560},{"@type":"BreadcrumbList","@id":"https:\/\/portalincluir.com.br\/index.php\/2024\/12\/01\/cultura-e-deficiencia-representacao-de-pessoas-com-deficiencia-na-midia-e-na-cultura-popula\/#breadcrumb","itemListElement":[{"@type":"ListItem","position":1,"name":"In\u00edcio","item":"https:\/\/portalincluir.com.br\/"},{"@type":"ListItem","position":2,"name":"Cultura e Defici\u00eancia: Representa\u00e7\u00e3o de Pessoas com Defici\u00eancia na M\u00eddia e na Cultura Popular"}]},{"@type":"WebSite","@id":"https:\/\/portalincluir.com.br\/#website","url":"https:\/\/portalincluir.com.br\/","name":"PORTAL INCLUIR","description":"","potentialAction":[{"@type":"SearchAction","target":{"@type":"EntryPoint","urlTemplate":"https:\/\/portalincluir.com.br\/?s={search_term_string}"},"query-input":{"@type":"PropertyValueSpecification","valueRequired":true,"valueName":"search_term_string"}}],"inLanguage":"pt-BR"},{"@type":"Person","@id":"https:\/\/portalincluir.com.br\/#\/schema\/person\/8823664e5902eee555607fb75c4c35ae","name":"Portal Incluir","image":{"@type":"ImageObject","inLanguage":"pt-BR","@id":"https:\/\/secure.gravatar.com\/avatar\/12085fe17e70c3550551519fe1f8f51fae69b1748563a47fc3bea53d91fbcbbd?s=96&d=mm&r=g","url":"https:\/\/secure.gravatar.com\/avatar\/12085fe17e70c3550551519fe1f8f51fae69b1748563a47fc3bea53d91fbcbbd?s=96&d=mm&r=g","contentUrl":"https:\/\/secure.gravatar.com\/avatar\/12085fe17e70c3550551519fe1f8f51fae69b1748563a47fc3bea53d91fbcbbd?s=96&d=mm&r=g","caption":"Portal Incluir"},"sameAs":["http:\/\/portalincluir.com.br"],"url":"https:\/\/portalincluir.com.br\/index.php\/author\/portalincluir-com-br\/"}]}},"_links":{"self":[{"href":"https:\/\/portalincluir.com.br\/index.php\/wp-json\/wp\/v2\/posts\/404","targetHints":{"allow":["GET"]}}],"collection":[{"href":"https:\/\/portalincluir.com.br\/index.php\/wp-json\/wp\/v2\/posts"}],"about":[{"href":"https:\/\/portalincluir.com.br\/index.php\/wp-json\/wp\/v2\/types\/post"}],"author":[{"embeddable":true,"href":"https:\/\/portalincluir.com.br\/index.php\/wp-json\/wp\/v2\/users\/1"}],"replies":[{"embeddable":true,"href":"https:\/\/portalincluir.com.br\/index.php\/wp-json\/wp\/v2\/comments?post=404"}],"version-history":[{"count":3,"href":"https:\/\/portalincluir.com.br\/index.php\/wp-json\/wp\/v2\/posts\/404\/revisions"}],"predecessor-version":[{"id":409,"href":"https:\/\/portalincluir.com.br\/index.php\/wp-json\/wp\/v2\/posts\/404\/revisions\/409"}],"wp:featuredmedia":[{"embeddable":true,"href":"https:\/\/portalincluir.com.br\/index.php\/wp-json\/wp\/v2\/media\/406"}],"wp:attachment":[{"href":"https:\/\/portalincluir.com.br\/index.php\/wp-json\/wp\/v2\/media?parent=404"}],"wp:term":[{"taxonomy":"category","embeddable":true,"href":"https:\/\/portalincluir.com.br\/index.php\/wp-json\/wp\/v2\/categories?post=404"},{"taxonomy":"post_tag","embeddable":true,"href":"https:\/\/portalincluir.com.br\/index.php\/wp-json\/wp\/v2\/tags?post=404"}],"curies":[{"name":"wp","href":"https:\/\/api.w.org\/{rel}","templated":true}]}}