{"id":411,"date":"2024-12-23T17:24:29","date_gmt":"2024-12-23T20:24:29","guid":{"rendered":"https:\/\/portalincluir.com.br\/?p=411"},"modified":"2024-12-24T23:54:54","modified_gmt":"2024-12-25T02:54:54","slug":"entrevista-na-mega-radio-fala-da-estreia-do-inclusao-em-foco","status":"publish","type":"post","link":"https:\/\/portalincluir.com.br\/index.php\/2024\/12\/23\/entrevista-na-mega-radio-fala-da-estreia-do-inclusao-em-foco\/","title":{"rendered":"Entrevista na  Mega R\u00e1dio fala da estr\u00e9ia do Inclus\u00e3o em Foco"},"content":{"rendered":"\n<p>Na manh\u00e3 desta segunda feira, 23, o fundador do Portal Incluir, J\u00fanior Patente, concedeu entrevista ao radialista Daniel Morais, na Mega R\u00e1dio, quando falou sobre o trabalho do portal e a estr\u00e9ia do programa INCLUS\u00c3O EM FOCO, que vai ao ar na pr\u00f3pria Mega R\u00e1dio. Confira como foi.<\/p>\n\n\n\n<iframe src='https:\/\/www.4shared.com\/web\/embed\/audio\/file\/BwXY71Tdjq?type=NORMAL&#038;widgetWidth=530&#038;showArtwork=true&#038;playlistHeight=0&#038;widgetRid=880696286231' style='overflow:hidden;height:152px;width:530px;border: 0;margin:0;'><\/iframe>\n\n\n\n<p>O programa Inclus\u00e3o em Foco vai ao ar nas segundas e quartas semanas do m\u00eas, na segunda feira, \u00e0s 11h, com reprise na sexta feira da mesma semana \u00e0s 18h.<\/p>\n\n\n\n<p>Voce pode ouvir pelo site da Mega R\u00e1dio (<a href=\"http:\/\/www.megaradiovca.com.br\" target=\"_blank\" rel=\"noreferrer noopener\">www.megaradiovca.com.br<\/a>) ou baixar o app no seu celular no <a href=\"https:\/\/play.google.com\/store\/apps\/details?id=br.com.portalradios.megaradio\" target=\"_blank\" rel=\"noreferrer noopener\">Play Store<\/a><\/p>\n\n\n\n<p><\/p>\n","protected":false},"excerpt":{"rendered":"<p>Na manh\u00e3 desta segunda feira, 23, o fundador do Portal Incluir, J\u00fanior Patente, concedeu entrevista<\/p>\n","protected":false},"author":1,"featured_media":413,"comment_status":"open","ping_status":"open","sticky":false,"template":"","format":"standard","meta":{"om_disable_all_campaigns":false,"_monsterinsights_skip_tracking":false,"_monsterinsights_sitenote_active":false,"_monsterinsights_sitenote_note":"","_monsterinsights_sitenote_category":0,"_uf_show_specific_survey":0,"_uf_disable_surveys":false,"footnotes":""},"categories":[9,13],"tags":[],"class_list":["post-411","post","type-post","status-publish","format-standard","has-post-thumbnail","hentry","category-noticias","category-podcast"],"yoast_head":"<!-- This site is optimized with the Yoast SEO plugin v27.4 - https:\/\/yoast.com\/product\/yoast-seo-wordpress\/ -->\n<title>Entrevista na Mega R\u00e1dio fala da estr\u00e9ia do Inclus\u00e3o em Foco - PORTAL INCLUIR<\/title>\n<meta name=\"robots\" content=\"index, follow, max-snippet:-1, max-image-preview:large, max-video-preview:-1\" \/>\n<link rel=\"canonical\" href=\"https:\/\/portalincluir.com.br\/index.php\/2024\/12\/23\/entrevista-na-mega-radio-fala-da-estreia-do-inclusao-em-foco\/\" \/>\n<meta property=\"og:locale\" content=\"pt_BR\" \/>\n<meta property=\"og:type\" content=\"article\" \/>\n<meta property=\"og:title\" content=\"Entrevista na Mega R\u00e1dio fala da estr\u00e9ia do Inclus\u00e3o em Foco - PORTAL INCLUIR\" \/>\n<meta property=\"og:description\" content=\"Na manh\u00e3 desta segunda feira, 23, o fundador do Portal Incluir, J\u00fanior Patente, concedeu entrevista\" \/>\n<meta property=\"og:url\" content=\"https:\/\/portalincluir.com.br\/index.php\/2024\/12\/23\/entrevista-na-mega-radio-fala-da-estreia-do-inclusao-em-foco\/\" \/>\n<meta property=\"og:site_name\" content=\"PORTAL INCLUIR\" \/>\n<meta property=\"article:published_time\" content=\"2024-12-23T20:24:29+00:00\" \/>\n<meta property=\"article:modified_time\" content=\"2024-12-25T02:54:54+00:00\" \/>\n<meta property=\"og:image\" content=\"https:\/\/portalincluir.com.br\/wp-content\/uploads\/2024\/12\/IMG_20240719_192602_279.jpg\" \/>\n\t<meta property=\"og:image:width\" content=\"1289\" \/>\n\t<meta property=\"og:image:height\" content=\"1289\" \/>\n\t<meta property=\"og:image:type\" content=\"image\/jpeg\" \/>\n<meta name=\"author\" content=\"Portal Incluir\" \/>\n<meta name=\"twitter:card\" content=\"summary_large_image\" \/>\n<meta name=\"twitter:label1\" content=\"Escrito por\" \/>\n\t<meta name=\"twitter:data1\" content=\"Portal Incluir\" \/>\n\t<meta name=\"twitter:label2\" content=\"Est. tempo de leitura\" \/>\n\t<meta name=\"twitter:data2\" content=\"1 minuto\" \/>\n<script type=\"application\/ld+json\" class=\"yoast-schema-graph\">{\"@context\":\"https:\\\/\\\/schema.org\",\"@graph\":[{\"@type\":[\"Article\",\"BlogPosting\"],\"@id\":\"https:\\\/\\\/portalincluir.com.br\\\/index.php\\\/2024\\\/12\\\/23\\\/entrevista-na-mega-radio-fala-da-estreia-do-inclusao-em-foco\\\/#article\",\"isPartOf\":{\"@id\":\"https:\\\/\\\/portalincluir.com.br\\\/index.php\\\/2024\\\/12\\\/23\\\/entrevista-na-mega-radio-fala-da-estreia-do-inclusao-em-foco\\\/\"},\"author\":{\"name\":\"Portal Incluir\",\"@id\":\"https:\\\/\\\/portalincluir.com.br\\\/#\\\/schema\\\/person\\\/8823664e5902eee555607fb75c4c35ae\"},\"headline\":\"Entrevista na Mega R\u00e1dio fala da estr\u00e9ia do Inclus\u00e3o em Foco\",\"datePublished\":\"2024-12-23T20:24:29+00:00\",\"dateModified\":\"2024-12-25T02:54:54+00:00\",\"mainEntityOfPage\":{\"@id\":\"https:\\\/\\\/portalincluir.com.br\\\/index.php\\\/2024\\\/12\\\/23\\\/entrevista-na-mega-radio-fala-da-estreia-do-inclusao-em-foco\\\/\"},\"wordCount\":122,\"commentCount\":0,\"image\":{\"@id\":\"https:\\\/\\\/portalincluir.com.br\\\/index.php\\\/2024\\\/12\\\/23\\\/entrevista-na-mega-radio-fala-da-estreia-do-inclusao-em-foco\\\/#primaryimage\"},\"thumbnailUrl\":\"https:\\\/\\\/portalincluir.com.br\\\/wp-content\\\/uploads\\\/2024\\\/12\\\/IMG_20240719_192602_279.jpg\",\"articleSection\":[\"Not\u00edcias\",\"PodCast\"],\"inLanguage\":\"pt-BR\",\"potentialAction\":[{\"@type\":\"CommentAction\",\"name\":\"Comment\",\"target\":[\"https:\\\/\\\/portalincluir.com.br\\\/index.php\\\/2024\\\/12\\\/23\\\/entrevista-na-mega-radio-fala-da-estreia-do-inclusao-em-foco\\\/#respond\"]}]},{\"@type\":\"WebPage\",\"@id\":\"https:\\\/\\\/portalincluir.com.br\\\/index.php\\\/2024\\\/12\\\/23\\\/entrevista-na-mega-radio-fala-da-estreia-do-inclusao-em-foco\\\/\",\"url\":\"https:\\\/\\\/portalincluir.com.br\\\/index.php\\\/2024\\\/12\\\/23\\\/entrevista-na-mega-radio-fala-da-estreia-do-inclusao-em-foco\\\/\",\"name\":\"Entrevista na Mega R\u00e1dio fala da estr\u00e9ia do Inclus\u00e3o em Foco - PORTAL INCLUIR\",\"isPartOf\":{\"@id\":\"https:\\\/\\\/portalincluir.com.br\\\/#website\"},\"primaryImageOfPage\":{\"@id\":\"https:\\\/\\\/portalincluir.com.br\\\/index.php\\\/2024\\\/12\\\/23\\\/entrevista-na-mega-radio-fala-da-estreia-do-inclusao-em-foco\\\/#primaryimage\"},\"image\":{\"@id\":\"https:\\\/\\\/portalincluir.com.br\\\/index.php\\\/2024\\\/12\\\/23\\\/entrevista-na-mega-radio-fala-da-estreia-do-inclusao-em-foco\\\/#primaryimage\"},\"thumbnailUrl\":\"https:\\\/\\\/portalincluir.com.br\\\/wp-content\\\/uploads\\\/2024\\\/12\\\/IMG_20240719_192602_279.jpg\",\"datePublished\":\"2024-12-23T20:24:29+00:00\",\"dateModified\":\"2024-12-25T02:54:54+00:00\",\"author\":{\"@id\":\"https:\\\/\\\/portalincluir.com.br\\\/#\\\/schema\\\/person\\\/8823664e5902eee555607fb75c4c35ae\"},\"breadcrumb\":{\"@id\":\"https:\\\/\\\/portalincluir.com.br\\\/index.php\\\/2024\\\/12\\\/23\\\/entrevista-na-mega-radio-fala-da-estreia-do-inclusao-em-foco\\\/#breadcrumb\"},\"inLanguage\":\"pt-BR\",\"potentialAction\":[{\"@type\":\"ReadAction\",\"target\":[\"https:\\\/\\\/portalincluir.com.br\\\/index.php\\\/2024\\\/12\\\/23\\\/entrevista-na-mega-radio-fala-da-estreia-do-inclusao-em-foco\\\/\"]}]},{\"@type\":\"ImageObject\",\"inLanguage\":\"pt-BR\",\"@id\":\"https:\\\/\\\/portalincluir.com.br\\\/index.php\\\/2024\\\/12\\\/23\\\/entrevista-na-mega-radio-fala-da-estreia-do-inclusao-em-foco\\\/#primaryimage\",\"url\":\"https:\\\/\\\/portalincluir.com.br\\\/wp-content\\\/uploads\\\/2024\\\/12\\\/IMG_20240719_192602_279.jpg\",\"contentUrl\":\"https:\\\/\\\/portalincluir.com.br\\\/wp-content\\\/uploads\\\/2024\\\/12\\\/IMG_20240719_192602_279.jpg\",\"width\":1289,\"height\":1289},{\"@type\":\"BreadcrumbList\",\"@id\":\"https:\\\/\\\/portalincluir.com.br\\\/index.php\\\/2024\\\/12\\\/23\\\/entrevista-na-mega-radio-fala-da-estreia-do-inclusao-em-foco\\\/#breadcrumb\",\"itemListElement\":[{\"@type\":\"ListItem\",\"position\":1,\"name\":\"In\u00edcio\",\"item\":\"https:\\\/\\\/portalincluir.com.br\\\/\"},{\"@type\":\"ListItem\",\"position\":2,\"name\":\"Entrevista na Mega R\u00e1dio fala da estr\u00e9ia do Inclus\u00e3o em Foco\"}]},{\"@type\":\"WebSite\",\"@id\":\"https:\\\/\\\/portalincluir.com.br\\\/#website\",\"url\":\"https:\\\/\\\/portalincluir.com.br\\\/\",\"name\":\"PORTAL INCLUIR\",\"description\":\"\",\"potentialAction\":[{\"@type\":\"SearchAction\",\"target\":{\"@type\":\"EntryPoint\",\"urlTemplate\":\"https:\\\/\\\/portalincluir.com.br\\\/?s={search_term_string}\"},\"query-input\":{\"@type\":\"PropertyValueSpecification\",\"valueRequired\":true,\"valueName\":\"search_term_string\"}}],\"inLanguage\":\"pt-BR\"},{\"@type\":\"Person\",\"@id\":\"https:\\\/\\\/portalincluir.com.br\\\/#\\\/schema\\\/person\\\/8823664e5902eee555607fb75c4c35ae\",\"name\":\"Portal Incluir\",\"image\":{\"@type\":\"ImageObject\",\"inLanguage\":\"pt-BR\",\"@id\":\"https:\\\/\\\/secure.gravatar.com\\\/avatar\\\/12085fe17e70c3550551519fe1f8f51fae69b1748563a47fc3bea53d91fbcbbd?s=96&d=mm&r=g\",\"url\":\"https:\\\/\\\/secure.gravatar.com\\\/avatar\\\/12085fe17e70c3550551519fe1f8f51fae69b1748563a47fc3bea53d91fbcbbd?s=96&d=mm&r=g\",\"contentUrl\":\"https:\\\/\\\/secure.gravatar.com\\\/avatar\\\/12085fe17e70c3550551519fe1f8f51fae69b1748563a47fc3bea53d91fbcbbd?s=96&d=mm&r=g\",\"caption\":\"Portal Incluir\"},\"sameAs\":[\"http:\\\/\\\/portalincluir.com.br\"],\"url\":\"https:\\\/\\\/portalincluir.com.br\\\/index.php\\\/author\\\/portalincluir-com-br\\\/\"}]}<\/script>\n<!-- \/ Yoast SEO plugin. -->","yoast_head_json":{"title":"Entrevista na Mega R\u00e1dio fala da estr\u00e9ia do Inclus\u00e3o em Foco - PORTAL INCLUIR","robots":{"index":"index","follow":"follow","max-snippet":"max-snippet:-1","max-image-preview":"max-image-preview:large","max-video-preview":"max-video-preview:-1"},"canonical":"https:\/\/portalincluir.com.br\/index.php\/2024\/12\/23\/entrevista-na-mega-radio-fala-da-estreia-do-inclusao-em-foco\/","og_locale":"pt_BR","og_type":"article","og_title":"Entrevista na Mega R\u00e1dio fala da estr\u00e9ia do Inclus\u00e3o em Foco - PORTAL INCLUIR","og_description":"Na manh\u00e3 desta segunda feira, 23, o fundador do Portal Incluir, J\u00fanior Patente, concedeu entrevista","og_url":"https:\/\/portalincluir.com.br\/index.php\/2024\/12\/23\/entrevista-na-mega-radio-fala-da-estreia-do-inclusao-em-foco\/","og_site_name":"PORTAL INCLUIR","article_published_time":"2024-12-23T20:24:29+00:00","article_modified_time":"2024-12-25T02:54:54+00:00","og_image":[{"width":1289,"height":1289,"url":"https:\/\/portalincluir.com.br\/wp-content\/uploads\/2024\/12\/IMG_20240719_192602_279.jpg","type":"image\/jpeg"}],"author":"Portal Incluir","twitter_card":"summary_large_image","twitter_misc":{"Escrito por":"Portal Incluir","Est. tempo de leitura":"1 minuto"},"schema":{"@context":"https:\/\/schema.org","@graph":[{"@type":["Article","BlogPosting"],"@id":"https:\/\/portalincluir.com.br\/index.php\/2024\/12\/23\/entrevista-na-mega-radio-fala-da-estreia-do-inclusao-em-foco\/#article","isPartOf":{"@id":"https:\/\/portalincluir.com.br\/index.php\/2024\/12\/23\/entrevista-na-mega-radio-fala-da-estreia-do-inclusao-em-foco\/"},"author":{"name":"Portal Incluir","@id":"https:\/\/portalincluir.com.br\/#\/schema\/person\/8823664e5902eee555607fb75c4c35ae"},"headline":"Entrevista na Mega R\u00e1dio fala da estr\u00e9ia do Inclus\u00e3o em Foco","datePublished":"2024-12-23T20:24:29+00:00","dateModified":"2024-12-25T02:54:54+00:00","mainEntityOfPage":{"@id":"https:\/\/portalincluir.com.br\/index.php\/2024\/12\/23\/entrevista-na-mega-radio-fala-da-estreia-do-inclusao-em-foco\/"},"wordCount":122,"commentCount":0,"image":{"@id":"https:\/\/portalincluir.com.br\/index.php\/2024\/12\/23\/entrevista-na-mega-radio-fala-da-estreia-do-inclusao-em-foco\/#primaryimage"},"thumbnailUrl":"https:\/\/portalincluir.com.br\/wp-content\/uploads\/2024\/12\/IMG_20240719_192602_279.jpg","articleSection":["Not\u00edcias","PodCast"],"inLanguage":"pt-BR","potentialAction":[{"@type":"CommentAction","name":"Comment","target":["https:\/\/portalincluir.com.br\/index.php\/2024\/12\/23\/entrevista-na-mega-radio-fala-da-estreia-do-inclusao-em-foco\/#respond"]}]},{"@type":"WebPage","@id":"https:\/\/portalincluir.com.br\/index.php\/2024\/12\/23\/entrevista-na-mega-radio-fala-da-estreia-do-inclusao-em-foco\/","url":"https:\/\/portalincluir.com.br\/index.php\/2024\/12\/23\/entrevista-na-mega-radio-fala-da-estreia-do-inclusao-em-foco\/","name":"Entrevista na Mega R\u00e1dio fala da estr\u00e9ia do Inclus\u00e3o em Foco - PORTAL INCLUIR","isPartOf":{"@id":"https:\/\/portalincluir.com.br\/#website"},"primaryImageOfPage":{"@id":"https:\/\/portalincluir.com.br\/index.php\/2024\/12\/23\/entrevista-na-mega-radio-fala-da-estreia-do-inclusao-em-foco\/#primaryimage"},"image":{"@id":"https:\/\/portalincluir.com.br\/index.php\/2024\/12\/23\/entrevista-na-mega-radio-fala-da-estreia-do-inclusao-em-foco\/#primaryimage"},"thumbnailUrl":"https:\/\/portalincluir.com.br\/wp-content\/uploads\/2024\/12\/IMG_20240719_192602_279.jpg","datePublished":"2024-12-23T20:24:29+00:00","dateModified":"2024-12-25T02:54:54+00:00","author":{"@id":"https:\/\/portalincluir.com.br\/#\/schema\/person\/8823664e5902eee555607fb75c4c35ae"},"breadcrumb":{"@id":"https:\/\/portalincluir.com.br\/index.php\/2024\/12\/23\/entrevista-na-mega-radio-fala-da-estreia-do-inclusao-em-foco\/#breadcrumb"},"inLanguage":"pt-BR","potentialAction":[{"@type":"ReadAction","target":["https:\/\/portalincluir.com.br\/index.php\/2024\/12\/23\/entrevista-na-mega-radio-fala-da-estreia-do-inclusao-em-foco\/"]}]},{"@type":"ImageObject","inLanguage":"pt-BR","@id":"https:\/\/portalincluir.com.br\/index.php\/2024\/12\/23\/entrevista-na-mega-radio-fala-da-estreia-do-inclusao-em-foco\/#primaryimage","url":"https:\/\/portalincluir.com.br\/wp-content\/uploads\/2024\/12\/IMG_20240719_192602_279.jpg","contentUrl":"https:\/\/portalincluir.com.br\/wp-content\/uploads\/2024\/12\/IMG_20240719_192602_279.jpg","width":1289,"height":1289},{"@type":"BreadcrumbList","@id":"https:\/\/portalincluir.com.br\/index.php\/2024\/12\/23\/entrevista-na-mega-radio-fala-da-estreia-do-inclusao-em-foco\/#breadcrumb","itemListElement":[{"@type":"ListItem","position":1,"name":"In\u00edcio","item":"https:\/\/portalincluir.com.br\/"},{"@type":"ListItem","position":2,"name":"Entrevista na Mega R\u00e1dio fala da estr\u00e9ia do Inclus\u00e3o em Foco"}]},{"@type":"WebSite","@id":"https:\/\/portalincluir.com.br\/#website","url":"https:\/\/portalincluir.com.br\/","name":"PORTAL INCLUIR","description":"","potentialAction":[{"@type":"SearchAction","target":{"@type":"EntryPoint","urlTemplate":"https:\/\/portalincluir.com.br\/?s={search_term_string}"},"query-input":{"@type":"PropertyValueSpecification","valueRequired":true,"valueName":"search_term_string"}}],"inLanguage":"pt-BR"},{"@type":"Person","@id":"https:\/\/portalincluir.com.br\/#\/schema\/person\/8823664e5902eee555607fb75c4c35ae","name":"Portal Incluir","image":{"@type":"ImageObject","inLanguage":"pt-BR","@id":"https:\/\/secure.gravatar.com\/avatar\/12085fe17e70c3550551519fe1f8f51fae69b1748563a47fc3bea53d91fbcbbd?s=96&d=mm&r=g","url":"https:\/\/secure.gravatar.com\/avatar\/12085fe17e70c3550551519fe1f8f51fae69b1748563a47fc3bea53d91fbcbbd?s=96&d=mm&r=g","contentUrl":"https:\/\/secure.gravatar.com\/avatar\/12085fe17e70c3550551519fe1f8f51fae69b1748563a47fc3bea53d91fbcbbd?s=96&d=mm&r=g","caption":"Portal Incluir"},"sameAs":["http:\/\/portalincluir.com.br"],"url":"https:\/\/portalincluir.com.br\/index.php\/author\/portalincluir-com-br\/"}]}},"_links":{"self":[{"href":"https:\/\/portalincluir.com.br\/index.php\/wp-json\/wp\/v2\/posts\/411","targetHints":{"allow":["GET"]}}],"collection":[{"href":"https:\/\/portalincluir.com.br\/index.php\/wp-json\/wp\/v2\/posts"}],"about":[{"href":"https:\/\/portalincluir.com.br\/index.php\/wp-json\/wp\/v2\/types\/post"}],"author":[{"embeddable":true,"href":"https:\/\/portalincluir.com.br\/index.php\/wp-json\/wp\/v2\/users\/1"}],"replies":[{"embeddable":true,"href":"https:\/\/portalincluir.com.br\/index.php\/wp-json\/wp\/v2\/comments?post=411"}],"version-history":[{"count":2,"href":"https:\/\/portalincluir.com.br\/index.php\/wp-json\/wp\/v2\/posts\/411\/revisions"}],"predecessor-version":[{"id":431,"href":"https:\/\/portalincluir.com.br\/index.php\/wp-json\/wp\/v2\/posts\/411\/revisions\/431"}],"wp:featuredmedia":[{"embeddable":true,"href":"https:\/\/portalincluir.com.br\/index.php\/wp-json\/wp\/v2\/media\/413"}],"wp:attachment":[{"href":"https:\/\/portalincluir.com.br\/index.php\/wp-json\/wp\/v2\/media?parent=411"}],"wp:term":[{"taxonomy":"category","embeddable":true,"href":"https:\/\/portalincluir.com.br\/index.php\/wp-json\/wp\/v2\/categories?post=411"},{"taxonomy":"post_tag","embeddable":true,"href":"https:\/\/portalincluir.com.br\/index.php\/wp-json\/wp\/v2\/tags?post=411"}],"curies":[{"name":"wp","href":"https:\/\/api.w.org\/{rel}","templated":true}]}}