{"id":415,"date":"2024-12-23T17:28:14","date_gmt":"2024-12-23T20:28:14","guid":{"rendered":"https:\/\/portalincluir.com.br\/?p=415"},"modified":"2025-01-06T15:08:58","modified_gmt":"2025-01-06T18:08:58","slug":"inclusao-em-foco-primeira-edicao-foi-ao-ar-nesta-segunda-23","status":"publish","type":"post","link":"https:\/\/portalincluir.com.br\/index.php\/2024\/12\/23\/inclusao-em-foco-primeira-edicao-foi-ao-ar-nesta-segunda-23\/","title":{"rendered":"Inclus\u00e3o em Foco. Primeira edi\u00e7\u00e3o foi ao ar nesta segunda, 23"},"content":{"rendered":"\n<p>O Portal Incluir deu in\u00edcio a mais uma parte do seu projeto de discutir a inclus\u00e3o das PcD e consciencializa\u00e7\u00e3o da popula\u00e7ao sobre a importancia do acolhimento e respeito aos direitos das pessoas com defici\u00eancia e seus familiares. <\/p>\n\n\n\n<p>Na primeira edi\u00e7\u00e3o, destaque para dois assuntos: Capacitismo e Autismo.  Duas entrevistadas trouxeram informa\u00e7\u00f5es muito importantes sobre o autismo, sendo uma Neuropsic\u00f3loga (que tem autismo), Maria Maia e a jornalista Carla Sim\u00f5es, m\u00e3e de uma crian\u00e7a autista. <\/p>\n\n\n\n<p>Confira na \u00edntegra o programa, que foi ao ar pela Mega R\u00e1dio.<\/p>\n\n\n\n<iframe src='https:\/\/www.4shared.com\/web\/embed\/audio\/file\/e6fogRuwfa?type=NORMAL&#038;widgetWidth=530&#038;showArtwork=true&#038;playlistHeight=0&#038;widgetRid=136634236013' style='overflow:hidden;height:152px;width:530px;border: 0;margin:0;'><\/iframe>\n\n\n\n<p>O programa ser\u00e1 reprisado na sexta-feira, 27, \u00e0s 18h.<\/p>\n\n\n\n<p><\/p>\n","protected":false},"excerpt":{"rendered":"<p>O Portal Incluir deu in\u00edcio a mais uma parte do seu projeto de discutir a<\/p>\n","protected":false},"author":1,"featured_media":416,"comment_status":"open","ping_status":"open","sticky":false,"template":"","format":"standard","meta":{"om_disable_all_campaigns":false,"_monsterinsights_skip_tracking":false,"_monsterinsights_sitenote_active":false,"_monsterinsights_sitenote_note":"","_monsterinsights_sitenote_category":0,"_uf_show_specific_survey":0,"_uf_disable_surveys":false,"footnotes":""},"categories":[9,13],"tags":[],"class_list":["post-415","post","type-post","status-publish","format-standard","has-post-thumbnail","hentry","category-noticias","category-podcast"],"yoast_head":"<!-- This site is optimized with the Yoast SEO plugin v27.4 - https:\/\/yoast.com\/product\/yoast-seo-wordpress\/ -->\n<title>Inclus\u00e3o em Foco. Primeira edi\u00e7\u00e3o foi ao ar nesta segunda, 23 - PORTAL INCLUIR<\/title>\n<meta name=\"robots\" content=\"index, follow, max-snippet:-1, max-image-preview:large, max-video-preview:-1\" \/>\n<link rel=\"canonical\" href=\"https:\/\/portalincluir.com.br\/index.php\/2024\/12\/23\/inclusao-em-foco-primeira-edicao-foi-ao-ar-nesta-segunda-23\/\" \/>\n<meta property=\"og:locale\" content=\"pt_BR\" \/>\n<meta property=\"og:type\" content=\"article\" \/>\n<meta property=\"og:title\" content=\"Inclus\u00e3o em Foco. Primeira edi\u00e7\u00e3o foi ao ar nesta segunda, 23 - PORTAL INCLUIR\" \/>\n<meta property=\"og:description\" content=\"O Portal Incluir deu in\u00edcio a mais uma parte do seu projeto de discutir a\" \/>\n<meta property=\"og:url\" content=\"https:\/\/portalincluir.com.br\/index.php\/2024\/12\/23\/inclusao-em-foco-primeira-edicao-foi-ao-ar-nesta-segunda-23\/\" \/>\n<meta property=\"og:site_name\" content=\"PORTAL INCLUIR\" \/>\n<meta property=\"article:published_time\" content=\"2024-12-23T20:28:14+00:00\" \/>\n<meta property=\"article:modified_time\" content=\"2025-01-06T18:08:58+00:00\" \/>\n<meta property=\"og:image\" content=\"https:\/\/portalincluir.com.br\/wp-content\/uploads\/2024\/12\/JUNIOR-PATENTE-POD-CAST-6.jpeg\" \/>\n\t<meta property=\"og:image:width\" content=\"1024\" \/>\n\t<meta property=\"og:image:height\" content=\"1024\" \/>\n\t<meta property=\"og:image:type\" content=\"image\/jpeg\" \/>\n<meta name=\"author\" content=\"Portal Incluir\" \/>\n<meta name=\"twitter:card\" content=\"summary_large_image\" \/>\n<meta name=\"twitter:label1\" content=\"Escrito por\" \/>\n\t<meta name=\"twitter:data1\" content=\"Portal Incluir\" \/>\n\t<meta name=\"twitter:label2\" content=\"Est. tempo de leitura\" \/>\n\t<meta name=\"twitter:data2\" content=\"1 minuto\" \/>\n<script type=\"application\/ld+json\" class=\"yoast-schema-graph\">{\"@context\":\"https:\\\/\\\/schema.org\",\"@graph\":[{\"@type\":[\"Article\",\"BlogPosting\"],\"@id\":\"https:\\\/\\\/portalincluir.com.br\\\/index.php\\\/2024\\\/12\\\/23\\\/inclusao-em-foco-primeira-edicao-foi-ao-ar-nesta-segunda-23\\\/#article\",\"isPartOf\":{\"@id\":\"https:\\\/\\\/portalincluir.com.br\\\/index.php\\\/2024\\\/12\\\/23\\\/inclusao-em-foco-primeira-edicao-foi-ao-ar-nesta-segunda-23\\\/\"},\"author\":{\"name\":\"Portal Incluir\",\"@id\":\"https:\\\/\\\/portalincluir.com.br\\\/#\\\/schema\\\/person\\\/8823664e5902eee555607fb75c4c35ae\"},\"headline\":\"Inclus\u00e3o em Foco. Primeira edi\u00e7\u00e3o foi ao ar nesta segunda, 23\",\"datePublished\":\"2024-12-23T20:28:14+00:00\",\"dateModified\":\"2025-01-06T18:08:58+00:00\",\"mainEntityOfPage\":{\"@id\":\"https:\\\/\\\/portalincluir.com.br\\\/index.php\\\/2024\\\/12\\\/23\\\/inclusao-em-foco-primeira-edicao-foi-ao-ar-nesta-segunda-23\\\/\"},\"wordCount\":119,\"commentCount\":0,\"image\":{\"@id\":\"https:\\\/\\\/portalincluir.com.br\\\/index.php\\\/2024\\\/12\\\/23\\\/inclusao-em-foco-primeira-edicao-foi-ao-ar-nesta-segunda-23\\\/#primaryimage\"},\"thumbnailUrl\":\"https:\\\/\\\/portalincluir.com.br\\\/wp-content\\\/uploads\\\/2024\\\/12\\\/JUNIOR-PATENTE-POD-CAST-6.jpeg\",\"articleSection\":[\"Not\u00edcias\",\"PodCast\"],\"inLanguage\":\"pt-BR\",\"potentialAction\":[{\"@type\":\"CommentAction\",\"name\":\"Comment\",\"target\":[\"https:\\\/\\\/portalincluir.com.br\\\/index.php\\\/2024\\\/12\\\/23\\\/inclusao-em-foco-primeira-edicao-foi-ao-ar-nesta-segunda-23\\\/#respond\"]}]},{\"@type\":\"WebPage\",\"@id\":\"https:\\\/\\\/portalincluir.com.br\\\/index.php\\\/2024\\\/12\\\/23\\\/inclusao-em-foco-primeira-edicao-foi-ao-ar-nesta-segunda-23\\\/\",\"url\":\"https:\\\/\\\/portalincluir.com.br\\\/index.php\\\/2024\\\/12\\\/23\\\/inclusao-em-foco-primeira-edicao-foi-ao-ar-nesta-segunda-23\\\/\",\"name\":\"Inclus\u00e3o em Foco. Primeira edi\u00e7\u00e3o foi ao ar nesta segunda, 23 - PORTAL INCLUIR\",\"isPartOf\":{\"@id\":\"https:\\\/\\\/portalincluir.com.br\\\/#website\"},\"primaryImageOfPage\":{\"@id\":\"https:\\\/\\\/portalincluir.com.br\\\/index.php\\\/2024\\\/12\\\/23\\\/inclusao-em-foco-primeira-edicao-foi-ao-ar-nesta-segunda-23\\\/#primaryimage\"},\"image\":{\"@id\":\"https:\\\/\\\/portalincluir.com.br\\\/index.php\\\/2024\\\/12\\\/23\\\/inclusao-em-foco-primeira-edicao-foi-ao-ar-nesta-segunda-23\\\/#primaryimage\"},\"thumbnailUrl\":\"https:\\\/\\\/portalincluir.com.br\\\/wp-content\\\/uploads\\\/2024\\\/12\\\/JUNIOR-PATENTE-POD-CAST-6.jpeg\",\"datePublished\":\"2024-12-23T20:28:14+00:00\",\"dateModified\":\"2025-01-06T18:08:58+00:00\",\"author\":{\"@id\":\"https:\\\/\\\/portalincluir.com.br\\\/#\\\/schema\\\/person\\\/8823664e5902eee555607fb75c4c35ae\"},\"breadcrumb\":{\"@id\":\"https:\\\/\\\/portalincluir.com.br\\\/index.php\\\/2024\\\/12\\\/23\\\/inclusao-em-foco-primeira-edicao-foi-ao-ar-nesta-segunda-23\\\/#breadcrumb\"},\"inLanguage\":\"pt-BR\",\"potentialAction\":[{\"@type\":\"ReadAction\",\"target\":[\"https:\\\/\\\/portalincluir.com.br\\\/index.php\\\/2024\\\/12\\\/23\\\/inclusao-em-foco-primeira-edicao-foi-ao-ar-nesta-segunda-23\\\/\"]}]},{\"@type\":\"ImageObject\",\"inLanguage\":\"pt-BR\",\"@id\":\"https:\\\/\\\/portalincluir.com.br\\\/index.php\\\/2024\\\/12\\\/23\\\/inclusao-em-foco-primeira-edicao-foi-ao-ar-nesta-segunda-23\\\/#primaryimage\",\"url\":\"https:\\\/\\\/portalincluir.com.br\\\/wp-content\\\/uploads\\\/2024\\\/12\\\/JUNIOR-PATENTE-POD-CAST-6.jpeg\",\"contentUrl\":\"https:\\\/\\\/portalincluir.com.br\\\/wp-content\\\/uploads\\\/2024\\\/12\\\/JUNIOR-PATENTE-POD-CAST-6.jpeg\",\"width\":1024,\"height\":1024},{\"@type\":\"BreadcrumbList\",\"@id\":\"https:\\\/\\\/portalincluir.com.br\\\/index.php\\\/2024\\\/12\\\/23\\\/inclusao-em-foco-primeira-edicao-foi-ao-ar-nesta-segunda-23\\\/#breadcrumb\",\"itemListElement\":[{\"@type\":\"ListItem\",\"position\":1,\"name\":\"In\u00edcio\",\"item\":\"https:\\\/\\\/portalincluir.com.br\\\/\"},{\"@type\":\"ListItem\",\"position\":2,\"name\":\"Inclus\u00e3o em Foco. Primeira edi\u00e7\u00e3o foi ao ar nesta segunda, 23\"}]},{\"@type\":\"WebSite\",\"@id\":\"https:\\\/\\\/portalincluir.com.br\\\/#website\",\"url\":\"https:\\\/\\\/portalincluir.com.br\\\/\",\"name\":\"PORTAL INCLUIR\",\"description\":\"\",\"potentialAction\":[{\"@type\":\"SearchAction\",\"target\":{\"@type\":\"EntryPoint\",\"urlTemplate\":\"https:\\\/\\\/portalincluir.com.br\\\/?s={search_term_string}\"},\"query-input\":{\"@type\":\"PropertyValueSpecification\",\"valueRequired\":true,\"valueName\":\"search_term_string\"}}],\"inLanguage\":\"pt-BR\"},{\"@type\":\"Person\",\"@id\":\"https:\\\/\\\/portalincluir.com.br\\\/#\\\/schema\\\/person\\\/8823664e5902eee555607fb75c4c35ae\",\"name\":\"Portal Incluir\",\"image\":{\"@type\":\"ImageObject\",\"inLanguage\":\"pt-BR\",\"@id\":\"https:\\\/\\\/secure.gravatar.com\\\/avatar\\\/12085fe17e70c3550551519fe1f8f51fae69b1748563a47fc3bea53d91fbcbbd?s=96&d=mm&r=g\",\"url\":\"https:\\\/\\\/secure.gravatar.com\\\/avatar\\\/12085fe17e70c3550551519fe1f8f51fae69b1748563a47fc3bea53d91fbcbbd?s=96&d=mm&r=g\",\"contentUrl\":\"https:\\\/\\\/secure.gravatar.com\\\/avatar\\\/12085fe17e70c3550551519fe1f8f51fae69b1748563a47fc3bea53d91fbcbbd?s=96&d=mm&r=g\",\"caption\":\"Portal Incluir\"},\"sameAs\":[\"http:\\\/\\\/portalincluir.com.br\"],\"url\":\"https:\\\/\\\/portalincluir.com.br\\\/index.php\\\/author\\\/portalincluir-com-br\\\/\"}]}<\/script>\n<!-- \/ Yoast SEO plugin. -->","yoast_head_json":{"title":"Inclus\u00e3o em Foco. Primeira edi\u00e7\u00e3o foi ao ar nesta segunda, 23 - PORTAL INCLUIR","robots":{"index":"index","follow":"follow","max-snippet":"max-snippet:-1","max-image-preview":"max-image-preview:large","max-video-preview":"max-video-preview:-1"},"canonical":"https:\/\/portalincluir.com.br\/index.php\/2024\/12\/23\/inclusao-em-foco-primeira-edicao-foi-ao-ar-nesta-segunda-23\/","og_locale":"pt_BR","og_type":"article","og_title":"Inclus\u00e3o em Foco. Primeira edi\u00e7\u00e3o foi ao ar nesta segunda, 23 - PORTAL INCLUIR","og_description":"O Portal Incluir deu in\u00edcio a mais uma parte do seu projeto de discutir a","og_url":"https:\/\/portalincluir.com.br\/index.php\/2024\/12\/23\/inclusao-em-foco-primeira-edicao-foi-ao-ar-nesta-segunda-23\/","og_site_name":"PORTAL INCLUIR","article_published_time":"2024-12-23T20:28:14+00:00","article_modified_time":"2025-01-06T18:08:58+00:00","og_image":[{"width":1024,"height":1024,"url":"https:\/\/portalincluir.com.br\/wp-content\/uploads\/2024\/12\/JUNIOR-PATENTE-POD-CAST-6.jpeg","type":"image\/jpeg"}],"author":"Portal Incluir","twitter_card":"summary_large_image","twitter_misc":{"Escrito por":"Portal Incluir","Est. tempo de leitura":"1 minuto"},"schema":{"@context":"https:\/\/schema.org","@graph":[{"@type":["Article","BlogPosting"],"@id":"https:\/\/portalincluir.com.br\/index.php\/2024\/12\/23\/inclusao-em-foco-primeira-edicao-foi-ao-ar-nesta-segunda-23\/#article","isPartOf":{"@id":"https:\/\/portalincluir.com.br\/index.php\/2024\/12\/23\/inclusao-em-foco-primeira-edicao-foi-ao-ar-nesta-segunda-23\/"},"author":{"name":"Portal Incluir","@id":"https:\/\/portalincluir.com.br\/#\/schema\/person\/8823664e5902eee555607fb75c4c35ae"},"headline":"Inclus\u00e3o em Foco. Primeira edi\u00e7\u00e3o foi ao ar nesta segunda, 23","datePublished":"2024-12-23T20:28:14+00:00","dateModified":"2025-01-06T18:08:58+00:00","mainEntityOfPage":{"@id":"https:\/\/portalincluir.com.br\/index.php\/2024\/12\/23\/inclusao-em-foco-primeira-edicao-foi-ao-ar-nesta-segunda-23\/"},"wordCount":119,"commentCount":0,"image":{"@id":"https:\/\/portalincluir.com.br\/index.php\/2024\/12\/23\/inclusao-em-foco-primeira-edicao-foi-ao-ar-nesta-segunda-23\/#primaryimage"},"thumbnailUrl":"https:\/\/portalincluir.com.br\/wp-content\/uploads\/2024\/12\/JUNIOR-PATENTE-POD-CAST-6.jpeg","articleSection":["Not\u00edcias","PodCast"],"inLanguage":"pt-BR","potentialAction":[{"@type":"CommentAction","name":"Comment","target":["https:\/\/portalincluir.com.br\/index.php\/2024\/12\/23\/inclusao-em-foco-primeira-edicao-foi-ao-ar-nesta-segunda-23\/#respond"]}]},{"@type":"WebPage","@id":"https:\/\/portalincluir.com.br\/index.php\/2024\/12\/23\/inclusao-em-foco-primeira-edicao-foi-ao-ar-nesta-segunda-23\/","url":"https:\/\/portalincluir.com.br\/index.php\/2024\/12\/23\/inclusao-em-foco-primeira-edicao-foi-ao-ar-nesta-segunda-23\/","name":"Inclus\u00e3o em Foco. Primeira edi\u00e7\u00e3o foi ao ar nesta segunda, 23 - PORTAL INCLUIR","isPartOf":{"@id":"https:\/\/portalincluir.com.br\/#website"},"primaryImageOfPage":{"@id":"https:\/\/portalincluir.com.br\/index.php\/2024\/12\/23\/inclusao-em-foco-primeira-edicao-foi-ao-ar-nesta-segunda-23\/#primaryimage"},"image":{"@id":"https:\/\/portalincluir.com.br\/index.php\/2024\/12\/23\/inclusao-em-foco-primeira-edicao-foi-ao-ar-nesta-segunda-23\/#primaryimage"},"thumbnailUrl":"https:\/\/portalincluir.com.br\/wp-content\/uploads\/2024\/12\/JUNIOR-PATENTE-POD-CAST-6.jpeg","datePublished":"2024-12-23T20:28:14+00:00","dateModified":"2025-01-06T18:08:58+00:00","author":{"@id":"https:\/\/portalincluir.com.br\/#\/schema\/person\/8823664e5902eee555607fb75c4c35ae"},"breadcrumb":{"@id":"https:\/\/portalincluir.com.br\/index.php\/2024\/12\/23\/inclusao-em-foco-primeira-edicao-foi-ao-ar-nesta-segunda-23\/#breadcrumb"},"inLanguage":"pt-BR","potentialAction":[{"@type":"ReadAction","target":["https:\/\/portalincluir.com.br\/index.php\/2024\/12\/23\/inclusao-em-foco-primeira-edicao-foi-ao-ar-nesta-segunda-23\/"]}]},{"@type":"ImageObject","inLanguage":"pt-BR","@id":"https:\/\/portalincluir.com.br\/index.php\/2024\/12\/23\/inclusao-em-foco-primeira-edicao-foi-ao-ar-nesta-segunda-23\/#primaryimage","url":"https:\/\/portalincluir.com.br\/wp-content\/uploads\/2024\/12\/JUNIOR-PATENTE-POD-CAST-6.jpeg","contentUrl":"https:\/\/portalincluir.com.br\/wp-content\/uploads\/2024\/12\/JUNIOR-PATENTE-POD-CAST-6.jpeg","width":1024,"height":1024},{"@type":"BreadcrumbList","@id":"https:\/\/portalincluir.com.br\/index.php\/2024\/12\/23\/inclusao-em-foco-primeira-edicao-foi-ao-ar-nesta-segunda-23\/#breadcrumb","itemListElement":[{"@type":"ListItem","position":1,"name":"In\u00edcio","item":"https:\/\/portalincluir.com.br\/"},{"@type":"ListItem","position":2,"name":"Inclus\u00e3o em Foco. Primeira edi\u00e7\u00e3o foi ao ar nesta segunda, 23"}]},{"@type":"WebSite","@id":"https:\/\/portalincluir.com.br\/#website","url":"https:\/\/portalincluir.com.br\/","name":"PORTAL INCLUIR","description":"","potentialAction":[{"@type":"SearchAction","target":{"@type":"EntryPoint","urlTemplate":"https:\/\/portalincluir.com.br\/?s={search_term_string}"},"query-input":{"@type":"PropertyValueSpecification","valueRequired":true,"valueName":"search_term_string"}}],"inLanguage":"pt-BR"},{"@type":"Person","@id":"https:\/\/portalincluir.com.br\/#\/schema\/person\/8823664e5902eee555607fb75c4c35ae","name":"Portal Incluir","image":{"@type":"ImageObject","inLanguage":"pt-BR","@id":"https:\/\/secure.gravatar.com\/avatar\/12085fe17e70c3550551519fe1f8f51fae69b1748563a47fc3bea53d91fbcbbd?s=96&d=mm&r=g","url":"https:\/\/secure.gravatar.com\/avatar\/12085fe17e70c3550551519fe1f8f51fae69b1748563a47fc3bea53d91fbcbbd?s=96&d=mm&r=g","contentUrl":"https:\/\/secure.gravatar.com\/avatar\/12085fe17e70c3550551519fe1f8f51fae69b1748563a47fc3bea53d91fbcbbd?s=96&d=mm&r=g","caption":"Portal Incluir"},"sameAs":["http:\/\/portalincluir.com.br"],"url":"https:\/\/portalincluir.com.br\/index.php\/author\/portalincluir-com-br\/"}]}},"_links":{"self":[{"href":"https:\/\/portalincluir.com.br\/index.php\/wp-json\/wp\/v2\/posts\/415","targetHints":{"allow":["GET"]}}],"collection":[{"href":"https:\/\/portalincluir.com.br\/index.php\/wp-json\/wp\/v2\/posts"}],"about":[{"href":"https:\/\/portalincluir.com.br\/index.php\/wp-json\/wp\/v2\/types\/post"}],"author":[{"embeddable":true,"href":"https:\/\/portalincluir.com.br\/index.php\/wp-json\/wp\/v2\/users\/1"}],"replies":[{"embeddable":true,"href":"https:\/\/portalincluir.com.br\/index.php\/wp-json\/wp\/v2\/comments?post=415"}],"version-history":[{"count":9,"href":"https:\/\/portalincluir.com.br\/index.php\/wp-json\/wp\/v2\/posts\/415\/revisions"}],"predecessor-version":[{"id":430,"href":"https:\/\/portalincluir.com.br\/index.php\/wp-json\/wp\/v2\/posts\/415\/revisions\/430"}],"wp:featuredmedia":[{"embeddable":true,"href":"https:\/\/portalincluir.com.br\/index.php\/wp-json\/wp\/v2\/media\/416"}],"wp:attachment":[{"href":"https:\/\/portalincluir.com.br\/index.php\/wp-json\/wp\/v2\/media?parent=415"}],"wp:term":[{"taxonomy":"category","embeddable":true,"href":"https:\/\/portalincluir.com.br\/index.php\/wp-json\/wp\/v2\/categories?post=415"},{"taxonomy":"post_tag","embeddable":true,"href":"https:\/\/portalincluir.com.br\/index.php\/wp-json\/wp\/v2\/tags?post=415"}],"curies":[{"name":"wp","href":"https:\/\/api.w.org\/{rel}","templated":true}]}}