{"id":433,"date":"2024-12-27T23:55:00","date_gmt":"2024-12-28T02:55:00","guid":{"rendered":"https:\/\/portalincluir.com.br\/?p=433"},"modified":"2024-12-28T00:48:05","modified_gmt":"2024-12-28T03:48:05","slug":"veto-de-lula-mostra-a-forca-que-o-movimento-social-ainda-tem","status":"publish","type":"post","link":"https:\/\/portalincluir.com.br\/index.php\/2024\/12\/27\/veto-de-lula-mostra-a-forca-que-o-movimento-social-ainda-tem\/","title":{"rendered":"BPC: \u2018Veto de Lula mostra a for\u00e7a que o movimento social ainda tem\u2019"},"content":{"rendered":"\n<p>O presidente Lula vetou o par\u00e1grafo 2\u00ba A do artigo 20 do Projeto de Lei (PL) 4614\/2024, que restringia o acesso de Pessoas com Defici\u00eancia (PCDs) ao Benef\u00edcio de Presta\u00e7\u00e3o Continuada (BPC). O par\u00e1grafo estabelecia que \u201ca concess\u00e3o administrativa ou judicial do benef\u00edcio de que trata este artigo \u00e0 pessoa com defici\u00eancia fica sujeita \u00e0 avalia\u00e7\u00e3o que ateste defici\u00eancia de grau moderado ou grave, nos termos do regulamento\u201d, portanto, exclu\u00eda casos de defici\u00eancia considerados leves.<\/p>\n\n\n\n<p>O veto, aponta o professor do Centro de Educa\u00e7\u00e3o da Universidade Federal do Esp\u00edrito Santo (Ufes), <strong>Douglas Ferrari,<\/strong> que tem defici\u00eancia visual, \u201cmostra a for\u00e7a que o movimento social ainda tem\u201d. Ele afirma isso com base nas mobiliza\u00e7\u00f5es contr\u00e1rias \u00e0 restri\u00e7\u00e3o contida na proposta. \u201cO projeto veio do pr\u00f3prio governo, mas houve muita press\u00e3o, articula\u00e7\u00e3o com parlamentares, ent\u00e3o o desgaste pol\u00edtico que isso poderia causar para a gest\u00e3o federal foi levado em conta\u201d, diz.<\/p>\n\n\n\n<p>O veto j\u00e1 era esperado, pois na ocasi\u00e3o da aprova\u00e7\u00e3o do PL no Senado, no \u00faltimo dia 20, foi feito um acordo para que o presidente vetasse o artigo. Por meio do BPC, \u00e9 concedido um sal\u00e1rio m\u00ednimo (R$ 1.420,00) para idosos a partir de 65 anos e PCDs de qualquer faixa et\u00e1ria cuja renda por pessoa do grupo familiar seja igual ou menor que 1\/4 do sal\u00e1rio-m\u00ednimo. \u201c\u00c9 um direito b\u00e1sico. Um governo que fala tanto em combate \u00e0 fome nem deveria discutir a possibilidade de inserir o benef\u00edcio no corte de gastos. \u00c9 um recurso que busca garantir condi\u00e7\u00f5es dignas de vida\u201d, destaca.<\/p>\n\n\n\n<p>N\u00e3o contemplar as defici\u00eancias consideradas leves, como pretendia a altera\u00e7\u00e3o, afirma Douglas, seria um equ\u00edvoco. \u201cO que \u00e9 leve? Depende do contexto familiar. Pode ser leve, mas precisar de adapta\u00e7\u00f5es, de tecnologia assistida, mas muitas fam\u00edlias n\u00e3o t\u00eam condi\u00e7\u00f5es de acessar essa tecnologia\u201d, afirma. Ele exemplifica com sua pr\u00f3pria realidade, pois tinha defici\u00eancia leve, mas sem a possibilidade de tecnologia assistida por quest\u00f5es financeiras em parte da sua vida, passou a ter defici\u00eancia moderada.<\/p>\n\n\n\n<p>O professor destaca, ainda, que no caso das defici\u00eancias consideradas leves, pessoas com autismo n\u00edvel de suporte 1 e com s\u00edndrome de down, por exemplo, poderiam ser exclu\u00eddas do benef\u00edcio.<\/p>\n\n\n\n<p>Outra iniciativa prevista no PL e que tamb\u00e9m tem sido muito questionada \u00e9 a exig\u00eancia da biometria para se cadastrar para receber o benef\u00edcio. No entanto, isso se manteve. Douglas afirma ser contra, mas acredita que d\u00e1 para negociar, defendendo que a exig\u00eancia n\u00e3o seja feita para pessoas com dificuldade de locomo\u00e7\u00e3o, como as acamadas.<\/p>\n\n\n\n<p><strong>Pontos exclu\u00eddos<\/strong><\/p>\n\n\n\n<p>Antes da vota\u00e7\u00e3o no Senado, no dia 18 de dezembro, o colegiado de l\u00edderes da C\u00e2mara excluiu da proposta dois pontos relacionados ao BPC, tamb\u00e9m considerados retrocesso. Um deles foi o que leva em considera\u00e7\u00e3o outros benef\u00edcios na hora de contabilizar a renda familiar para fins de c\u00e1lculo para direito ao benef\u00edcio. O outro, o que inclui familiares que n\u00e3o moram no mesmo domic\u00edlio, como idosos que criam os netos e os pais das crian\u00e7as habitam outra resid\u00eancia. Em uma situa\u00e7\u00e3o dessa, a renda dos pais seria contabilizada.<\/p>\n\n\n\n<p>Por: Elaine Dal Gobbo<br>27 de dezembro de 2024<\/p>\n\n\n\n<p>Fonte: <a href=\"https:\/\/www.seculodiario.com.br\/direitos\/veto-de-lula-mostra-a-forca-que-o-movimento-social-ainda-tem\/\" target=\"_blank\" rel=\"noreferrer noopener\">S\u00e9culo Di\u00e1rio<\/a><\/p>\n\n\n\n<p><\/p>\n","protected":false},"excerpt":{"rendered":"<p>O veto \u201cmostra a for\u00e7a que o movimento social ainda tem\u201d.<br \/>\nFoto: Arquivo Pessoal<\/p>\n","protected":false},"author":1,"featured_media":434,"comment_status":"open","ping_status":"open","sticky":false,"template":"","format":"standard","meta":{"om_disable_all_campaigns":false,"_monsterinsights_skip_tracking":false,"_monsterinsights_sitenote_active":false,"_monsterinsights_sitenote_note":"","_monsterinsights_sitenote_category":0,"_uf_show_specific_survey":0,"_uf_disable_surveys":false,"footnotes":""},"categories":[9],"tags":[],"class_list":["post-433","post","type-post","status-publish","format-standard","has-post-thumbnail","hentry","category-noticias"],"yoast_head":"<!-- This site is optimized with the Yoast SEO plugin v27.4 - https:\/\/yoast.com\/product\/yoast-seo-wordpress\/ -->\n<title>BPC: \u2018Veto de Lula mostra a for\u00e7a que o movimento social ainda tem\u2019 - PORTAL INCLUIR<\/title>\n<meta name=\"robots\" content=\"index, follow, max-snippet:-1, max-image-preview:large, max-video-preview:-1\" \/>\n<link rel=\"canonical\" href=\"https:\/\/portalincluir.com.br\/index.php\/2024\/12\/27\/veto-de-lula-mostra-a-forca-que-o-movimento-social-ainda-tem\/\" \/>\n<meta property=\"og:locale\" content=\"pt_BR\" \/>\n<meta property=\"og:type\" content=\"article\" \/>\n<meta property=\"og:title\" content=\"BPC: \u2018Veto de Lula mostra a for\u00e7a que o movimento social ainda tem\u2019 - PORTAL INCLUIR\" \/>\n<meta property=\"og:description\" content=\"O veto \u201cmostra a for\u00e7a que o movimento social ainda tem\u201d. Foto: Arquivo Pessoal\" \/>\n<meta property=\"og:url\" content=\"https:\/\/portalincluir.com.br\/index.php\/2024\/12\/27\/veto-de-lula-mostra-a-forca-que-o-movimento-social-ainda-tem\/\" \/>\n<meta property=\"og:site_name\" content=\"PORTAL INCLUIR\" \/>\n<meta property=\"article:published_time\" content=\"2024-12-28T02:55:00+00:00\" \/>\n<meta property=\"article:modified_time\" content=\"2024-12-28T03:48:05+00:00\" \/>\n<meta property=\"og:image\" content=\"https:\/\/portalincluir.com.br\/wp-content\/uploads\/2024\/12\/douglas_ferrari_2_arquivo_pessoal.jpeg\" \/>\n\t<meta property=\"og:image:width\" content=\"1023\" \/>\n\t<meta property=\"og:image:height\" content=\"682\" \/>\n\t<meta property=\"og:image:type\" content=\"image\/jpeg\" \/>\n<meta name=\"author\" content=\"Portal Incluir\" \/>\n<meta name=\"twitter:card\" content=\"summary_large_image\" \/>\n<meta name=\"twitter:label1\" content=\"Escrito por\" \/>\n\t<meta name=\"twitter:data1\" content=\"Portal Incluir\" \/>\n\t<meta name=\"twitter:label2\" content=\"Est. tempo de leitura\" \/>\n\t<meta name=\"twitter:data2\" content=\"3 minutos\" \/>\n<script type=\"application\/ld+json\" class=\"yoast-schema-graph\">{\"@context\":\"https:\\\/\\\/schema.org\",\"@graph\":[{\"@type\":[\"Article\",\"BlogPosting\"],\"@id\":\"https:\\\/\\\/portalincluir.com.br\\\/index.php\\\/2024\\\/12\\\/27\\\/veto-de-lula-mostra-a-forca-que-o-movimento-social-ainda-tem\\\/#article\",\"isPartOf\":{\"@id\":\"https:\\\/\\\/portalincluir.com.br\\\/index.php\\\/2024\\\/12\\\/27\\\/veto-de-lula-mostra-a-forca-que-o-movimento-social-ainda-tem\\\/\"},\"author\":{\"name\":\"Portal Incluir\",\"@id\":\"https:\\\/\\\/portalincluir.com.br\\\/#\\\/schema\\\/person\\\/8823664e5902eee555607fb75c4c35ae\"},\"headline\":\"BPC: \u2018Veto de Lula mostra a for\u00e7a que o movimento social ainda tem\u2019\",\"datePublished\":\"2024-12-28T02:55:00+00:00\",\"dateModified\":\"2024-12-28T03:48:05+00:00\",\"mainEntityOfPage\":{\"@id\":\"https:\\\/\\\/portalincluir.com.br\\\/index.php\\\/2024\\\/12\\\/27\\\/veto-de-lula-mostra-a-forca-que-o-movimento-social-ainda-tem\\\/\"},\"wordCount\":584,\"commentCount\":0,\"image\":{\"@id\":\"https:\\\/\\\/portalincluir.com.br\\\/index.php\\\/2024\\\/12\\\/27\\\/veto-de-lula-mostra-a-forca-que-o-movimento-social-ainda-tem\\\/#primaryimage\"},\"thumbnailUrl\":\"https:\\\/\\\/portalincluir.com.br\\\/wp-content\\\/uploads\\\/2024\\\/12\\\/douglas_ferrari_2_arquivo_pessoal.jpeg\",\"articleSection\":[\"Not\u00edcias\"],\"inLanguage\":\"pt-BR\",\"potentialAction\":[{\"@type\":\"CommentAction\",\"name\":\"Comment\",\"target\":[\"https:\\\/\\\/portalincluir.com.br\\\/index.php\\\/2024\\\/12\\\/27\\\/veto-de-lula-mostra-a-forca-que-o-movimento-social-ainda-tem\\\/#respond\"]}]},{\"@type\":\"WebPage\",\"@id\":\"https:\\\/\\\/portalincluir.com.br\\\/index.php\\\/2024\\\/12\\\/27\\\/veto-de-lula-mostra-a-forca-que-o-movimento-social-ainda-tem\\\/\",\"url\":\"https:\\\/\\\/portalincluir.com.br\\\/index.php\\\/2024\\\/12\\\/27\\\/veto-de-lula-mostra-a-forca-que-o-movimento-social-ainda-tem\\\/\",\"name\":\"BPC: \u2018Veto de Lula mostra a for\u00e7a que o movimento social ainda tem\u2019 - PORTAL INCLUIR\",\"isPartOf\":{\"@id\":\"https:\\\/\\\/portalincluir.com.br\\\/#website\"},\"primaryImageOfPage\":{\"@id\":\"https:\\\/\\\/portalincluir.com.br\\\/index.php\\\/2024\\\/12\\\/27\\\/veto-de-lula-mostra-a-forca-que-o-movimento-social-ainda-tem\\\/#primaryimage\"},\"image\":{\"@id\":\"https:\\\/\\\/portalincluir.com.br\\\/index.php\\\/2024\\\/12\\\/27\\\/veto-de-lula-mostra-a-forca-que-o-movimento-social-ainda-tem\\\/#primaryimage\"},\"thumbnailUrl\":\"https:\\\/\\\/portalincluir.com.br\\\/wp-content\\\/uploads\\\/2024\\\/12\\\/douglas_ferrari_2_arquivo_pessoal.jpeg\",\"datePublished\":\"2024-12-28T02:55:00+00:00\",\"dateModified\":\"2024-12-28T03:48:05+00:00\",\"author\":{\"@id\":\"https:\\\/\\\/portalincluir.com.br\\\/#\\\/schema\\\/person\\\/8823664e5902eee555607fb75c4c35ae\"},\"breadcrumb\":{\"@id\":\"https:\\\/\\\/portalincluir.com.br\\\/index.php\\\/2024\\\/12\\\/27\\\/veto-de-lula-mostra-a-forca-que-o-movimento-social-ainda-tem\\\/#breadcrumb\"},\"inLanguage\":\"pt-BR\",\"potentialAction\":[{\"@type\":\"ReadAction\",\"target\":[\"https:\\\/\\\/portalincluir.com.br\\\/index.php\\\/2024\\\/12\\\/27\\\/veto-de-lula-mostra-a-forca-que-o-movimento-social-ainda-tem\\\/\"]}]},{\"@type\":\"ImageObject\",\"inLanguage\":\"pt-BR\",\"@id\":\"https:\\\/\\\/portalincluir.com.br\\\/index.php\\\/2024\\\/12\\\/27\\\/veto-de-lula-mostra-a-forca-que-o-movimento-social-ainda-tem\\\/#primaryimage\",\"url\":\"https:\\\/\\\/portalincluir.com.br\\\/wp-content\\\/uploads\\\/2024\\\/12\\\/douglas_ferrari_2_arquivo_pessoal.jpeg\",\"contentUrl\":\"https:\\\/\\\/portalincluir.com.br\\\/wp-content\\\/uploads\\\/2024\\\/12\\\/douglas_ferrari_2_arquivo_pessoal.jpeg\",\"width\":1023,\"height\":682},{\"@type\":\"BreadcrumbList\",\"@id\":\"https:\\\/\\\/portalincluir.com.br\\\/index.php\\\/2024\\\/12\\\/27\\\/veto-de-lula-mostra-a-forca-que-o-movimento-social-ainda-tem\\\/#breadcrumb\",\"itemListElement\":[{\"@type\":\"ListItem\",\"position\":1,\"name\":\"In\u00edcio\",\"item\":\"https:\\\/\\\/portalincluir.com.br\\\/\"},{\"@type\":\"ListItem\",\"position\":2,\"name\":\"BPC: \u2018Veto de Lula mostra a for\u00e7a que o movimento social ainda tem\u2019\"}]},{\"@type\":\"WebSite\",\"@id\":\"https:\\\/\\\/portalincluir.com.br\\\/#website\",\"url\":\"https:\\\/\\\/portalincluir.com.br\\\/\",\"name\":\"PORTAL INCLUIR\",\"description\":\"\",\"potentialAction\":[{\"@type\":\"SearchAction\",\"target\":{\"@type\":\"EntryPoint\",\"urlTemplate\":\"https:\\\/\\\/portalincluir.com.br\\\/?s={search_term_string}\"},\"query-input\":{\"@type\":\"PropertyValueSpecification\",\"valueRequired\":true,\"valueName\":\"search_term_string\"}}],\"inLanguage\":\"pt-BR\"},{\"@type\":\"Person\",\"@id\":\"https:\\\/\\\/portalincluir.com.br\\\/#\\\/schema\\\/person\\\/8823664e5902eee555607fb75c4c35ae\",\"name\":\"Portal Incluir\",\"image\":{\"@type\":\"ImageObject\",\"inLanguage\":\"pt-BR\",\"@id\":\"https:\\\/\\\/secure.gravatar.com\\\/avatar\\\/12085fe17e70c3550551519fe1f8f51fae69b1748563a47fc3bea53d91fbcbbd?s=96&d=mm&r=g\",\"url\":\"https:\\\/\\\/secure.gravatar.com\\\/avatar\\\/12085fe17e70c3550551519fe1f8f51fae69b1748563a47fc3bea53d91fbcbbd?s=96&d=mm&r=g\",\"contentUrl\":\"https:\\\/\\\/secure.gravatar.com\\\/avatar\\\/12085fe17e70c3550551519fe1f8f51fae69b1748563a47fc3bea53d91fbcbbd?s=96&d=mm&r=g\",\"caption\":\"Portal Incluir\"},\"sameAs\":[\"http:\\\/\\\/portalincluir.com.br\"],\"url\":\"https:\\\/\\\/portalincluir.com.br\\\/index.php\\\/author\\\/portalincluir-com-br\\\/\"}]}<\/script>\n<!-- \/ Yoast SEO plugin. -->","yoast_head_json":{"title":"BPC: \u2018Veto de Lula mostra a for\u00e7a que o movimento social ainda tem\u2019 - PORTAL INCLUIR","robots":{"index":"index","follow":"follow","max-snippet":"max-snippet:-1","max-image-preview":"max-image-preview:large","max-video-preview":"max-video-preview:-1"},"canonical":"https:\/\/portalincluir.com.br\/index.php\/2024\/12\/27\/veto-de-lula-mostra-a-forca-que-o-movimento-social-ainda-tem\/","og_locale":"pt_BR","og_type":"article","og_title":"BPC: \u2018Veto de Lula mostra a for\u00e7a que o movimento social ainda tem\u2019 - PORTAL INCLUIR","og_description":"O veto \u201cmostra a for\u00e7a que o movimento social ainda tem\u201d. Foto: Arquivo Pessoal","og_url":"https:\/\/portalincluir.com.br\/index.php\/2024\/12\/27\/veto-de-lula-mostra-a-forca-que-o-movimento-social-ainda-tem\/","og_site_name":"PORTAL INCLUIR","article_published_time":"2024-12-28T02:55:00+00:00","article_modified_time":"2024-12-28T03:48:05+00:00","og_image":[{"width":1023,"height":682,"url":"https:\/\/portalincluir.com.br\/wp-content\/uploads\/2024\/12\/douglas_ferrari_2_arquivo_pessoal.jpeg","type":"image\/jpeg"}],"author":"Portal Incluir","twitter_card":"summary_large_image","twitter_misc":{"Escrito por":"Portal Incluir","Est. tempo de leitura":"3 minutos"},"schema":{"@context":"https:\/\/schema.org","@graph":[{"@type":["Article","BlogPosting"],"@id":"https:\/\/portalincluir.com.br\/index.php\/2024\/12\/27\/veto-de-lula-mostra-a-forca-que-o-movimento-social-ainda-tem\/#article","isPartOf":{"@id":"https:\/\/portalincluir.com.br\/index.php\/2024\/12\/27\/veto-de-lula-mostra-a-forca-que-o-movimento-social-ainda-tem\/"},"author":{"name":"Portal Incluir","@id":"https:\/\/portalincluir.com.br\/#\/schema\/person\/8823664e5902eee555607fb75c4c35ae"},"headline":"BPC: \u2018Veto de Lula mostra a for\u00e7a que o movimento social ainda tem\u2019","datePublished":"2024-12-28T02:55:00+00:00","dateModified":"2024-12-28T03:48:05+00:00","mainEntityOfPage":{"@id":"https:\/\/portalincluir.com.br\/index.php\/2024\/12\/27\/veto-de-lula-mostra-a-forca-que-o-movimento-social-ainda-tem\/"},"wordCount":584,"commentCount":0,"image":{"@id":"https:\/\/portalincluir.com.br\/index.php\/2024\/12\/27\/veto-de-lula-mostra-a-forca-que-o-movimento-social-ainda-tem\/#primaryimage"},"thumbnailUrl":"https:\/\/portalincluir.com.br\/wp-content\/uploads\/2024\/12\/douglas_ferrari_2_arquivo_pessoal.jpeg","articleSection":["Not\u00edcias"],"inLanguage":"pt-BR","potentialAction":[{"@type":"CommentAction","name":"Comment","target":["https:\/\/portalincluir.com.br\/index.php\/2024\/12\/27\/veto-de-lula-mostra-a-forca-que-o-movimento-social-ainda-tem\/#respond"]}]},{"@type":"WebPage","@id":"https:\/\/portalincluir.com.br\/index.php\/2024\/12\/27\/veto-de-lula-mostra-a-forca-que-o-movimento-social-ainda-tem\/","url":"https:\/\/portalincluir.com.br\/index.php\/2024\/12\/27\/veto-de-lula-mostra-a-forca-que-o-movimento-social-ainda-tem\/","name":"BPC: \u2018Veto de Lula mostra a for\u00e7a que o movimento social ainda tem\u2019 - PORTAL INCLUIR","isPartOf":{"@id":"https:\/\/portalincluir.com.br\/#website"},"primaryImageOfPage":{"@id":"https:\/\/portalincluir.com.br\/index.php\/2024\/12\/27\/veto-de-lula-mostra-a-forca-que-o-movimento-social-ainda-tem\/#primaryimage"},"image":{"@id":"https:\/\/portalincluir.com.br\/index.php\/2024\/12\/27\/veto-de-lula-mostra-a-forca-que-o-movimento-social-ainda-tem\/#primaryimage"},"thumbnailUrl":"https:\/\/portalincluir.com.br\/wp-content\/uploads\/2024\/12\/douglas_ferrari_2_arquivo_pessoal.jpeg","datePublished":"2024-12-28T02:55:00+00:00","dateModified":"2024-12-28T03:48:05+00:00","author":{"@id":"https:\/\/portalincluir.com.br\/#\/schema\/person\/8823664e5902eee555607fb75c4c35ae"},"breadcrumb":{"@id":"https:\/\/portalincluir.com.br\/index.php\/2024\/12\/27\/veto-de-lula-mostra-a-forca-que-o-movimento-social-ainda-tem\/#breadcrumb"},"inLanguage":"pt-BR","potentialAction":[{"@type":"ReadAction","target":["https:\/\/portalincluir.com.br\/index.php\/2024\/12\/27\/veto-de-lula-mostra-a-forca-que-o-movimento-social-ainda-tem\/"]}]},{"@type":"ImageObject","inLanguage":"pt-BR","@id":"https:\/\/portalincluir.com.br\/index.php\/2024\/12\/27\/veto-de-lula-mostra-a-forca-que-o-movimento-social-ainda-tem\/#primaryimage","url":"https:\/\/portalincluir.com.br\/wp-content\/uploads\/2024\/12\/douglas_ferrari_2_arquivo_pessoal.jpeg","contentUrl":"https:\/\/portalincluir.com.br\/wp-content\/uploads\/2024\/12\/douglas_ferrari_2_arquivo_pessoal.jpeg","width":1023,"height":682},{"@type":"BreadcrumbList","@id":"https:\/\/portalincluir.com.br\/index.php\/2024\/12\/27\/veto-de-lula-mostra-a-forca-que-o-movimento-social-ainda-tem\/#breadcrumb","itemListElement":[{"@type":"ListItem","position":1,"name":"In\u00edcio","item":"https:\/\/portalincluir.com.br\/"},{"@type":"ListItem","position":2,"name":"BPC: \u2018Veto de Lula mostra a for\u00e7a que o movimento social ainda tem\u2019"}]},{"@type":"WebSite","@id":"https:\/\/portalincluir.com.br\/#website","url":"https:\/\/portalincluir.com.br\/","name":"PORTAL INCLUIR","description":"","potentialAction":[{"@type":"SearchAction","target":{"@type":"EntryPoint","urlTemplate":"https:\/\/portalincluir.com.br\/?s={search_term_string}"},"query-input":{"@type":"PropertyValueSpecification","valueRequired":true,"valueName":"search_term_string"}}],"inLanguage":"pt-BR"},{"@type":"Person","@id":"https:\/\/portalincluir.com.br\/#\/schema\/person\/8823664e5902eee555607fb75c4c35ae","name":"Portal Incluir","image":{"@type":"ImageObject","inLanguage":"pt-BR","@id":"https:\/\/secure.gravatar.com\/avatar\/12085fe17e70c3550551519fe1f8f51fae69b1748563a47fc3bea53d91fbcbbd?s=96&d=mm&r=g","url":"https:\/\/secure.gravatar.com\/avatar\/12085fe17e70c3550551519fe1f8f51fae69b1748563a47fc3bea53d91fbcbbd?s=96&d=mm&r=g","contentUrl":"https:\/\/secure.gravatar.com\/avatar\/12085fe17e70c3550551519fe1f8f51fae69b1748563a47fc3bea53d91fbcbbd?s=96&d=mm&r=g","caption":"Portal Incluir"},"sameAs":["http:\/\/portalincluir.com.br"],"url":"https:\/\/portalincluir.com.br\/index.php\/author\/portalincluir-com-br\/"}]}},"_links":{"self":[{"href":"https:\/\/portalincluir.com.br\/index.php\/wp-json\/wp\/v2\/posts\/433","targetHints":{"allow":["GET"]}}],"collection":[{"href":"https:\/\/portalincluir.com.br\/index.php\/wp-json\/wp\/v2\/posts"}],"about":[{"href":"https:\/\/portalincluir.com.br\/index.php\/wp-json\/wp\/v2\/types\/post"}],"author":[{"embeddable":true,"href":"https:\/\/portalincluir.com.br\/index.php\/wp-json\/wp\/v2\/users\/1"}],"replies":[{"embeddable":true,"href":"https:\/\/portalincluir.com.br\/index.php\/wp-json\/wp\/v2\/comments?post=433"}],"version-history":[{"count":6,"href":"https:\/\/portalincluir.com.br\/index.php\/wp-json\/wp\/v2\/posts\/433\/revisions"}],"predecessor-version":[{"id":440,"href":"https:\/\/portalincluir.com.br\/index.php\/wp-json\/wp\/v2\/posts\/433\/revisions\/440"}],"wp:featuredmedia":[{"embeddable":true,"href":"https:\/\/portalincluir.com.br\/index.php\/wp-json\/wp\/v2\/media\/434"}],"wp:attachment":[{"href":"https:\/\/portalincluir.com.br\/index.php\/wp-json\/wp\/v2\/media?parent=433"}],"wp:term":[{"taxonomy":"category","embeddable":true,"href":"https:\/\/portalincluir.com.br\/index.php\/wp-json\/wp\/v2\/categories?post=433"},{"taxonomy":"post_tag","embeddable":true,"href":"https:\/\/portalincluir.com.br\/index.php\/wp-json\/wp\/v2\/tags?post=433"}],"curies":[{"name":"wp","href":"https:\/\/api.w.org\/{rel}","templated":true}]}}