{"id":443,"date":"2025-01-06T14:35:40","date_gmt":"2025-01-06T17:35:40","guid":{"rendered":"https:\/\/portalincluir.com.br\/?p=443"},"modified":"2025-01-06T14:36:32","modified_gmt":"2025-01-06T17:36:32","slug":"inclusao-em-foco-episodio-2","status":"publish","type":"post","link":"https:\/\/portalincluir.com.br\/index.php\/2025\/01\/06\/inclusao-em-foco-episodio-2\/","title":{"rendered":"Inclus\u00e3o em Foco &#8211; Epis\u00f3dio 2"},"content":{"rendered":"\n<p>Entrevista com J\u00falia Macedo, idealizadora do projeto Lacre do Bem em BH e com o professor Paulo Gon\u00e7alves J\u00fanior a respeito da importancia do esporte para Pessoas com Defici\u00eancia.<\/p>\n\n\n\n<p>Confira o programa completo.<\/p>\n\n\n\n<iframe src='https:\/\/www.4shared.com\/web\/embed\/audio\/file\/gQmnxNWzfa?type=NORMAL&#038;widgetWidth=530&#038;showArtwork=true&#038;playlistHeight=0&#038;widgetRid=600182261679' style='overflow:hidden;height:152px;width:530px;border: 0;margin:0;'><\/iframe>\n","protected":false},"excerpt":{"rendered":"<p>Entrevista com J\u00falia Macedo, idealizadora do projeto Lacre do Bem em BH e com o<\/p>\n","protected":false},"author":1,"featured_media":444,"comment_status":"open","ping_status":"open","sticky":false,"template":"","format":"standard","meta":{"om_disable_all_campaigns":false,"_monsterinsights_skip_tracking":false,"_monsterinsights_sitenote_active":false,"_monsterinsights_sitenote_note":"","_monsterinsights_sitenote_category":0,"_uf_show_specific_survey":0,"_uf_disable_surveys":false,"footnotes":""},"categories":[9,13],"tags":[],"class_list":["post-443","post","type-post","status-publish","format-standard","has-post-thumbnail","hentry","category-noticias","category-podcast"],"yoast_head":"<!-- This site is optimized with the Yoast SEO plugin v27.4 - https:\/\/yoast.com\/product\/yoast-seo-wordpress\/ -->\n<title>Inclus\u00e3o em Foco - Epis\u00f3dio 2 - PORTAL INCLUIR<\/title>\n<meta name=\"robots\" content=\"index, follow, max-snippet:-1, max-image-preview:large, max-video-preview:-1\" \/>\n<link rel=\"canonical\" href=\"https:\/\/portalincluir.com.br\/index.php\/2025\/01\/06\/inclusao-em-foco-episodio-2\/\" \/>\n<meta property=\"og:locale\" content=\"pt_BR\" \/>\n<meta property=\"og:type\" content=\"article\" \/>\n<meta property=\"og:title\" content=\"Inclus\u00e3o em Foco - Epis\u00f3dio 2 - PORTAL INCLUIR\" \/>\n<meta property=\"og:description\" content=\"Entrevista com J\u00falia Macedo, idealizadora do projeto Lacre do Bem em BH e com o\" \/>\n<meta property=\"og:url\" content=\"https:\/\/portalincluir.com.br\/index.php\/2025\/01\/06\/inclusao-em-foco-episodio-2\/\" \/>\n<meta property=\"og:site_name\" content=\"PORTAL INCLUIR\" \/>\n<meta property=\"article:published_time\" content=\"2025-01-06T17:35:40+00:00\" \/>\n<meta property=\"article:modified_time\" content=\"2025-01-06T17:36:32+00:00\" \/>\n<meta property=\"og:image\" content=\"https:\/\/portalincluir.com.br\/wp-content\/uploads\/2025\/01\/Bom-Dia-1080-x-1080-px-e1736184894552.png\" \/>\n\t<meta property=\"og:image:width\" content=\"1080\" \/>\n\t<meta property=\"og:image:height\" content=\"860\" \/>\n\t<meta property=\"og:image:type\" content=\"image\/png\" \/>\n<meta name=\"author\" content=\"Portal Incluir\" \/>\n<meta name=\"twitter:card\" content=\"summary_large_image\" \/>\n<meta name=\"twitter:label1\" content=\"Escrito por\" \/>\n\t<meta name=\"twitter:data1\" content=\"Portal Incluir\" \/>\n<script type=\"application\/ld+json\" class=\"yoast-schema-graph\">{\"@context\":\"https:\\\/\\\/schema.org\",\"@graph\":[{\"@type\":[\"Article\",\"BlogPosting\"],\"@id\":\"https:\\\/\\\/portalincluir.com.br\\\/index.php\\\/2025\\\/01\\\/06\\\/inclusao-em-foco-episodio-2\\\/#article\",\"isPartOf\":{\"@id\":\"https:\\\/\\\/portalincluir.com.br\\\/index.php\\\/2025\\\/01\\\/06\\\/inclusao-em-foco-episodio-2\\\/\"},\"author\":{\"name\":\"Portal Incluir\",\"@id\":\"https:\\\/\\\/portalincluir.com.br\\\/#\\\/schema\\\/person\\\/8823664e5902eee555607fb75c4c35ae\"},\"headline\":\"Inclus\u00e3o em Foco &#8211; Epis\u00f3dio 2\",\"datePublished\":\"2025-01-06T17:35:40+00:00\",\"dateModified\":\"2025-01-06T17:36:32+00:00\",\"mainEntityOfPage\":{\"@id\":\"https:\\\/\\\/portalincluir.com.br\\\/index.php\\\/2025\\\/01\\\/06\\\/inclusao-em-foco-episodio-2\\\/\"},\"wordCount\":44,\"commentCount\":0,\"image\":{\"@id\":\"https:\\\/\\\/portalincluir.com.br\\\/index.php\\\/2025\\\/01\\\/06\\\/inclusao-em-foco-episodio-2\\\/#primaryimage\"},\"thumbnailUrl\":\"https:\\\/\\\/portalincluir.com.br\\\/wp-content\\\/uploads\\\/2025\\\/01\\\/Bom-Dia-1080-x-1080-px-e1736184894552.png\",\"articleSection\":[\"Not\u00edcias\",\"PodCast\"],\"inLanguage\":\"pt-BR\",\"potentialAction\":[{\"@type\":\"CommentAction\",\"name\":\"Comment\",\"target\":[\"https:\\\/\\\/portalincluir.com.br\\\/index.php\\\/2025\\\/01\\\/06\\\/inclusao-em-foco-episodio-2\\\/#respond\"]}]},{\"@type\":\"WebPage\",\"@id\":\"https:\\\/\\\/portalincluir.com.br\\\/index.php\\\/2025\\\/01\\\/06\\\/inclusao-em-foco-episodio-2\\\/\",\"url\":\"https:\\\/\\\/portalincluir.com.br\\\/index.php\\\/2025\\\/01\\\/06\\\/inclusao-em-foco-episodio-2\\\/\",\"name\":\"Inclus\u00e3o em Foco - Epis\u00f3dio 2 - PORTAL INCLUIR\",\"isPartOf\":{\"@id\":\"https:\\\/\\\/portalincluir.com.br\\\/#website\"},\"primaryImageOfPage\":{\"@id\":\"https:\\\/\\\/portalincluir.com.br\\\/index.php\\\/2025\\\/01\\\/06\\\/inclusao-em-foco-episodio-2\\\/#primaryimage\"},\"image\":{\"@id\":\"https:\\\/\\\/portalincluir.com.br\\\/index.php\\\/2025\\\/01\\\/06\\\/inclusao-em-foco-episodio-2\\\/#primaryimage\"},\"thumbnailUrl\":\"https:\\\/\\\/portalincluir.com.br\\\/wp-content\\\/uploads\\\/2025\\\/01\\\/Bom-Dia-1080-x-1080-px-e1736184894552.png\",\"datePublished\":\"2025-01-06T17:35:40+00:00\",\"dateModified\":\"2025-01-06T17:36:32+00:00\",\"author\":{\"@id\":\"https:\\\/\\\/portalincluir.com.br\\\/#\\\/schema\\\/person\\\/8823664e5902eee555607fb75c4c35ae\"},\"breadcrumb\":{\"@id\":\"https:\\\/\\\/portalincluir.com.br\\\/index.php\\\/2025\\\/01\\\/06\\\/inclusao-em-foco-episodio-2\\\/#breadcrumb\"},\"inLanguage\":\"pt-BR\",\"potentialAction\":[{\"@type\":\"ReadAction\",\"target\":[\"https:\\\/\\\/portalincluir.com.br\\\/index.php\\\/2025\\\/01\\\/06\\\/inclusao-em-foco-episodio-2\\\/\"]}]},{\"@type\":\"ImageObject\",\"inLanguage\":\"pt-BR\",\"@id\":\"https:\\\/\\\/portalincluir.com.br\\\/index.php\\\/2025\\\/01\\\/06\\\/inclusao-em-foco-episodio-2\\\/#primaryimage\",\"url\":\"https:\\\/\\\/portalincluir.com.br\\\/wp-content\\\/uploads\\\/2025\\\/01\\\/Bom-Dia-1080-x-1080-px-e1736184894552.png\",\"contentUrl\":\"https:\\\/\\\/portalincluir.com.br\\\/wp-content\\\/uploads\\\/2025\\\/01\\\/Bom-Dia-1080-x-1080-px-e1736184894552.png\",\"width\":1080,\"height\":860},{\"@type\":\"BreadcrumbList\",\"@id\":\"https:\\\/\\\/portalincluir.com.br\\\/index.php\\\/2025\\\/01\\\/06\\\/inclusao-em-foco-episodio-2\\\/#breadcrumb\",\"itemListElement\":[{\"@type\":\"ListItem\",\"position\":1,\"name\":\"In\u00edcio\",\"item\":\"https:\\\/\\\/portalincluir.com.br\\\/\"},{\"@type\":\"ListItem\",\"position\":2,\"name\":\"Inclus\u00e3o em Foco &#8211; Epis\u00f3dio 2\"}]},{\"@type\":\"WebSite\",\"@id\":\"https:\\\/\\\/portalincluir.com.br\\\/#website\",\"url\":\"https:\\\/\\\/portalincluir.com.br\\\/\",\"name\":\"PORTAL INCLUIR\",\"description\":\"\",\"potentialAction\":[{\"@type\":\"SearchAction\",\"target\":{\"@type\":\"EntryPoint\",\"urlTemplate\":\"https:\\\/\\\/portalincluir.com.br\\\/?s={search_term_string}\"},\"query-input\":{\"@type\":\"PropertyValueSpecification\",\"valueRequired\":true,\"valueName\":\"search_term_string\"}}],\"inLanguage\":\"pt-BR\"},{\"@type\":\"Person\",\"@id\":\"https:\\\/\\\/portalincluir.com.br\\\/#\\\/schema\\\/person\\\/8823664e5902eee555607fb75c4c35ae\",\"name\":\"Portal Incluir\",\"image\":{\"@type\":\"ImageObject\",\"inLanguage\":\"pt-BR\",\"@id\":\"https:\\\/\\\/secure.gravatar.com\\\/avatar\\\/12085fe17e70c3550551519fe1f8f51fae69b1748563a47fc3bea53d91fbcbbd?s=96&d=mm&r=g\",\"url\":\"https:\\\/\\\/secure.gravatar.com\\\/avatar\\\/12085fe17e70c3550551519fe1f8f51fae69b1748563a47fc3bea53d91fbcbbd?s=96&d=mm&r=g\",\"contentUrl\":\"https:\\\/\\\/secure.gravatar.com\\\/avatar\\\/12085fe17e70c3550551519fe1f8f51fae69b1748563a47fc3bea53d91fbcbbd?s=96&d=mm&r=g\",\"caption\":\"Portal Incluir\"},\"sameAs\":[\"http:\\\/\\\/portalincluir.com.br\"],\"url\":\"https:\\\/\\\/portalincluir.com.br\\\/index.php\\\/author\\\/portalincluir-com-br\\\/\"}]}<\/script>\n<!-- \/ Yoast SEO plugin. -->","yoast_head_json":{"title":"Inclus\u00e3o em Foco - Epis\u00f3dio 2 - PORTAL INCLUIR","robots":{"index":"index","follow":"follow","max-snippet":"max-snippet:-1","max-image-preview":"max-image-preview:large","max-video-preview":"max-video-preview:-1"},"canonical":"https:\/\/portalincluir.com.br\/index.php\/2025\/01\/06\/inclusao-em-foco-episodio-2\/","og_locale":"pt_BR","og_type":"article","og_title":"Inclus\u00e3o em Foco - Epis\u00f3dio 2 - PORTAL INCLUIR","og_description":"Entrevista com J\u00falia Macedo, idealizadora do projeto Lacre do Bem em BH e com o","og_url":"https:\/\/portalincluir.com.br\/index.php\/2025\/01\/06\/inclusao-em-foco-episodio-2\/","og_site_name":"PORTAL INCLUIR","article_published_time":"2025-01-06T17:35:40+00:00","article_modified_time":"2025-01-06T17:36:32+00:00","og_image":[{"width":1080,"height":860,"url":"https:\/\/portalincluir.com.br\/wp-content\/uploads\/2025\/01\/Bom-Dia-1080-x-1080-px-e1736184894552.png","type":"image\/png"}],"author":"Portal Incluir","twitter_card":"summary_large_image","twitter_misc":{"Escrito por":"Portal Incluir"},"schema":{"@context":"https:\/\/schema.org","@graph":[{"@type":["Article","BlogPosting"],"@id":"https:\/\/portalincluir.com.br\/index.php\/2025\/01\/06\/inclusao-em-foco-episodio-2\/#article","isPartOf":{"@id":"https:\/\/portalincluir.com.br\/index.php\/2025\/01\/06\/inclusao-em-foco-episodio-2\/"},"author":{"name":"Portal Incluir","@id":"https:\/\/portalincluir.com.br\/#\/schema\/person\/8823664e5902eee555607fb75c4c35ae"},"headline":"Inclus\u00e3o em Foco &#8211; Epis\u00f3dio 2","datePublished":"2025-01-06T17:35:40+00:00","dateModified":"2025-01-06T17:36:32+00:00","mainEntityOfPage":{"@id":"https:\/\/portalincluir.com.br\/index.php\/2025\/01\/06\/inclusao-em-foco-episodio-2\/"},"wordCount":44,"commentCount":0,"image":{"@id":"https:\/\/portalincluir.com.br\/index.php\/2025\/01\/06\/inclusao-em-foco-episodio-2\/#primaryimage"},"thumbnailUrl":"https:\/\/portalincluir.com.br\/wp-content\/uploads\/2025\/01\/Bom-Dia-1080-x-1080-px-e1736184894552.png","articleSection":["Not\u00edcias","PodCast"],"inLanguage":"pt-BR","potentialAction":[{"@type":"CommentAction","name":"Comment","target":["https:\/\/portalincluir.com.br\/index.php\/2025\/01\/06\/inclusao-em-foco-episodio-2\/#respond"]}]},{"@type":"WebPage","@id":"https:\/\/portalincluir.com.br\/index.php\/2025\/01\/06\/inclusao-em-foco-episodio-2\/","url":"https:\/\/portalincluir.com.br\/index.php\/2025\/01\/06\/inclusao-em-foco-episodio-2\/","name":"Inclus\u00e3o em Foco - Epis\u00f3dio 2 - PORTAL INCLUIR","isPartOf":{"@id":"https:\/\/portalincluir.com.br\/#website"},"primaryImageOfPage":{"@id":"https:\/\/portalincluir.com.br\/index.php\/2025\/01\/06\/inclusao-em-foco-episodio-2\/#primaryimage"},"image":{"@id":"https:\/\/portalincluir.com.br\/index.php\/2025\/01\/06\/inclusao-em-foco-episodio-2\/#primaryimage"},"thumbnailUrl":"https:\/\/portalincluir.com.br\/wp-content\/uploads\/2025\/01\/Bom-Dia-1080-x-1080-px-e1736184894552.png","datePublished":"2025-01-06T17:35:40+00:00","dateModified":"2025-01-06T17:36:32+00:00","author":{"@id":"https:\/\/portalincluir.com.br\/#\/schema\/person\/8823664e5902eee555607fb75c4c35ae"},"breadcrumb":{"@id":"https:\/\/portalincluir.com.br\/index.php\/2025\/01\/06\/inclusao-em-foco-episodio-2\/#breadcrumb"},"inLanguage":"pt-BR","potentialAction":[{"@type":"ReadAction","target":["https:\/\/portalincluir.com.br\/index.php\/2025\/01\/06\/inclusao-em-foco-episodio-2\/"]}]},{"@type":"ImageObject","inLanguage":"pt-BR","@id":"https:\/\/portalincluir.com.br\/index.php\/2025\/01\/06\/inclusao-em-foco-episodio-2\/#primaryimage","url":"https:\/\/portalincluir.com.br\/wp-content\/uploads\/2025\/01\/Bom-Dia-1080-x-1080-px-e1736184894552.png","contentUrl":"https:\/\/portalincluir.com.br\/wp-content\/uploads\/2025\/01\/Bom-Dia-1080-x-1080-px-e1736184894552.png","width":1080,"height":860},{"@type":"BreadcrumbList","@id":"https:\/\/portalincluir.com.br\/index.php\/2025\/01\/06\/inclusao-em-foco-episodio-2\/#breadcrumb","itemListElement":[{"@type":"ListItem","position":1,"name":"In\u00edcio","item":"https:\/\/portalincluir.com.br\/"},{"@type":"ListItem","position":2,"name":"Inclus\u00e3o em Foco &#8211; Epis\u00f3dio 2"}]},{"@type":"WebSite","@id":"https:\/\/portalincluir.com.br\/#website","url":"https:\/\/portalincluir.com.br\/","name":"PORTAL INCLUIR","description":"","potentialAction":[{"@type":"SearchAction","target":{"@type":"EntryPoint","urlTemplate":"https:\/\/portalincluir.com.br\/?s={search_term_string}"},"query-input":{"@type":"PropertyValueSpecification","valueRequired":true,"valueName":"search_term_string"}}],"inLanguage":"pt-BR"},{"@type":"Person","@id":"https:\/\/portalincluir.com.br\/#\/schema\/person\/8823664e5902eee555607fb75c4c35ae","name":"Portal Incluir","image":{"@type":"ImageObject","inLanguage":"pt-BR","@id":"https:\/\/secure.gravatar.com\/avatar\/12085fe17e70c3550551519fe1f8f51fae69b1748563a47fc3bea53d91fbcbbd?s=96&d=mm&r=g","url":"https:\/\/secure.gravatar.com\/avatar\/12085fe17e70c3550551519fe1f8f51fae69b1748563a47fc3bea53d91fbcbbd?s=96&d=mm&r=g","contentUrl":"https:\/\/secure.gravatar.com\/avatar\/12085fe17e70c3550551519fe1f8f51fae69b1748563a47fc3bea53d91fbcbbd?s=96&d=mm&r=g","caption":"Portal Incluir"},"sameAs":["http:\/\/portalincluir.com.br"],"url":"https:\/\/portalincluir.com.br\/index.php\/author\/portalincluir-com-br\/"}]}},"_links":{"self":[{"href":"https:\/\/portalincluir.com.br\/index.php\/wp-json\/wp\/v2\/posts\/443","targetHints":{"allow":["GET"]}}],"collection":[{"href":"https:\/\/portalincluir.com.br\/index.php\/wp-json\/wp\/v2\/posts"}],"about":[{"href":"https:\/\/portalincluir.com.br\/index.php\/wp-json\/wp\/v2\/types\/post"}],"author":[{"embeddable":true,"href":"https:\/\/portalincluir.com.br\/index.php\/wp-json\/wp\/v2\/users\/1"}],"replies":[{"embeddable":true,"href":"https:\/\/portalincluir.com.br\/index.php\/wp-json\/wp\/v2\/comments?post=443"}],"version-history":[{"count":1,"href":"https:\/\/portalincluir.com.br\/index.php\/wp-json\/wp\/v2\/posts\/443\/revisions"}],"predecessor-version":[{"id":445,"href":"https:\/\/portalincluir.com.br\/index.php\/wp-json\/wp\/v2\/posts\/443\/revisions\/445"}],"wp:featuredmedia":[{"embeddable":true,"href":"https:\/\/portalincluir.com.br\/index.php\/wp-json\/wp\/v2\/media\/444"}],"wp:attachment":[{"href":"https:\/\/portalincluir.com.br\/index.php\/wp-json\/wp\/v2\/media?parent=443"}],"wp:term":[{"taxonomy":"category","embeddable":true,"href":"https:\/\/portalincluir.com.br\/index.php\/wp-json\/wp\/v2\/categories?post=443"},{"taxonomy":"post_tag","embeddable":true,"href":"https:\/\/portalincluir.com.br\/index.php\/wp-json\/wp\/v2\/tags?post=443"}],"curies":[{"name":"wp","href":"https:\/\/api.w.org\/{rel}","templated":true}]}}