{"id":447,"date":"2025-01-13T17:59:51","date_gmt":"2025-01-13T20:59:51","guid":{"rendered":"https:\/\/portalincluir.com.br\/?p=447"},"modified":"2025-01-13T18:04:33","modified_gmt":"2025-01-13T21:04:33","slug":"faculdade-apae-brasil-e-credenciada-pelo-mec-para-ofertar-cursos-superiores-a-distancia","status":"publish","type":"post","link":"https:\/\/portalincluir.com.br\/index.php\/2025\/01\/13\/faculdade-apae-brasil-e-credenciada-pelo-mec-para-ofertar-cursos-superiores-a-distancia\/","title":{"rendered":"Faculdade Apae Brasil \u00e9 credenciada pelo MEC para ofertar cursos superiores a dist\u00e2ncia"},"content":{"rendered":"\n<p>O Minist\u00e9rio da Educa\u00e7\u00e3o (MEC) publicou nesta ter\u00e7a-feira (26), no Di\u00e1rio Oficial da Uni\u00e3o (DOU), a\u00a0Portaria n\u00b0 1.134, que credencia a Faculdade Apae Brasil \u2013 Dr. Eduardo Barbosa para a oferta de cursos superiores na modalidade a dist\u00e2ncia. Pela previs\u00e3o, as atividades acad\u00eamicas ter\u00e3o in\u00edcio no segundo semestre de 2025, ap\u00f3s o vestibular programado para maio do mesmo ano.<\/p>\n\n\n\n<p>O credenciamento permite que a institui\u00e7\u00e3o inicie as suas atividades, que foram desenvolvidas com uma proposta curricular diferenciada. O primeiro curso a ser ofertado ser\u00e1 a gradua\u00e7\u00e3o em pedagogia, com foco na forma\u00e7\u00e3o de professores especializados em educa\u00e7\u00e3o inclusiva, voltada para o desenvolvimento de pessoas com defici\u00eancia intelectual e m\u00faltipla.<\/p>\n\n\n\n<p>\u201cN\u00f3s somos um movimento de defesa de direitos das pessoas com defici\u00eancia, e uma das nossas etapas \u00e9 a capacita\u00e7\u00e3o. E, desde o in\u00edcio, o objetivo da faculdade foi preparar melhor as nossas equipes e oferecer servi\u00e7os de qualidade. Essa conquista, ent\u00e3o, \u00e9 resultado de anos de trabalho e representa um grande passo para a inclus\u00e3o\u201d, destacou o presidente da Federa\u00e7\u00e3o Nacional das Apaes (Fenapaes), prof. Jarbas Feldner de Barros.<\/p>\n\n\n\n<p><strong>Educa\u00e7\u00e3o especializada<\/strong><\/p>\n\n\n\n<figure class=\"wp-block-image alignright size-full\"><img loading=\"lazy\" decoding=\"async\" width=\"200\" height=\"200\" src=\"https:\/\/portalincluir.com.br\/wp-content\/uploads\/2025\/01\/1689719032551.jpeg\" alt=\"\" class=\"wp-image-449\" srcset=\"https:\/\/portalincluir.com.br\/wp-content\/uploads\/2025\/01\/1689719032551.jpeg 200w, https:\/\/portalincluir.com.br\/wp-content\/uploads\/2025\/01\/1689719032551-150x150.jpeg 150w\" sizes=\"auto, (max-width: 200px) 100vw, 200px\" \/><figcaption class=\"wp-element-caption\">Prof. Erivaldo F. Neves<\/figcaption><\/figure>\n\n\n\n<p>A cria\u00e7\u00e3o da Faculdade Apae Brasil \u00e9 fruto de anos de trabalho e visa atender a uma necessidade central da Rede Apae e da sociedade brasileira: a capacita\u00e7\u00e3o de profissionais para trabalhar com pessoas com defici\u00eancia intelectual e m\u00faltipla.<\/p>\n\n\n\n<p>O diretor-geral da institui\u00e7\u00e3o, Erivaldo Fernandes Neto, enfatizou que o curso de pedagogia foi desenvolvido com um enfoque pr\u00e1tico, envolvendo atividades de extens\u00e3o e disciplinas optativas voltadas para a avalia\u00e7\u00e3o e o desenvolvimento educacional de pessoas com defici\u00eancia.<\/p>\n\n\n\n<p>\u201cNosso desafio \u00e9 qualificar professores para atuarem com uma did\u00e1tica diferenciada e curr\u00edculos adaptados \u00e0s necessidades de apoio. O curso \u00e9 fundamentado nas escalas de desenvolvimento mais conceituadas e cientificamente validadas, para que possamos formar profissionais aptos a lidar com a diversidade em sala de aula\u201d, explicou.<\/p>\n\n\n\n<p><strong>Trajet\u00f3ria<\/strong><\/p>\n\n\n\n<p>A ideia da Faculdade Apae Brasil surgiu em 2009, com a cria\u00e7\u00e3o da Universidade Corporativa da Rede Apae (Uniapae), que oferecia capacita\u00e7\u00f5es de curta dura\u00e7\u00e3o para os profissionais da Rede. Em 2018, foi iniciada uma \u00e1rea de pesquisa no Instituto Apae Brasil, e, em 2021, o projeto de credenciamento da faculdade foi formalizado junto ao Minist\u00e9rio da Educa\u00e7\u00e3o.<\/p>\n\n\n\n<p>De acordo com Neto, foram necess\u00e1rias diversas adequa\u00e7\u00f5es para atender \u00e0s exig\u00eancias do MEC, incluindo a reestrutura\u00e7\u00e3o f\u00edsica na sede da Fenapaes, em Bras\u00edlia (DF), e a realiza\u00e7\u00e3o de visitas t\u00e9cnicas.<\/p>\n\n\n\n<p>\u201cPassamos por duas visitas do MEC, sendo uma para avaliar o curso de pedagogia e outra para o credenciamento institucional. Toda a equipe precisou ser capacitada e passar por forma\u00e7\u00f5es espec\u00edficas para cumprir as exig\u00eancias do minist\u00e9rio\u201d, esclareceu.<\/p>\n\n\n\n<p>O prof. Jarbas refor\u00e7ou que a mais nova conquista \u00e9 fruto de um esfor\u00e7o coletivo, frisando que o trabalho envolveu a equipe t\u00e9cnica da Fenapaes. \u201cCada setor colaborou para que pud\u00e9ssemos alcan\u00e7ar esse resultado. Foi um projeto que come\u00e7ou como algo institucional, mas se tornou uma causa de todo o movimento apaeano\u201d, acrescentou.<\/p>\n\n\n\n<p><strong>Pr\u00f3ximos passos<\/strong><\/p>\n\n\n\n<p>Com o credenciamento oficializado, os pr\u00f3ximos meses ser\u00e3o dedicados \u00e0 revis\u00e3o dos conte\u00fados j\u00e1 produzidos, \u00e0 grava\u00e7\u00e3o de novas aulas e \u00e0 organiza\u00e7\u00e3o dos processos acad\u00eamicos. O vestibular para o curso de pedagogia est\u00e1 previsto para maio de 2025, com o in\u00edcio das aulas no segundo semestre do mesmo ano.<\/p>\n\n\n\n<p>\u201cN\u00f3s j\u00e1 temos boa parte do conte\u00fado produzido, mas precisamos atualizar e revisar tudo para garantir a qualidade. Nos pr\u00f3ximos seis meses, o nosso foco ser\u00e1 organizar a estrutura necess\u00e1ria para iniciar as atividades da faculdade\u201d, finalizou Erivaldo Neto.<\/p>\n\n\n\n<p>Por <strong>Ana Carolina Santana<\/strong>, <a href=\"https:\/\/apaebrasil.org.br\/noticias\/faculdade-apae-brasil-e-credenciada-pelo-mec-para-ofertar-cursos-superiores-a-distancia\" target=\"_blank\" rel=\"noreferrer noopener\">APAE BRASIL<\/a><\/p>\n\n\n\n<p><\/p>\n","protected":false},"excerpt":{"rendered":"<p>O Minist\u00e9rio da Educa\u00e7\u00e3o (MEC) publicou nesta ter\u00e7a-feira (26), no Di\u00e1rio Oficial da Uni\u00e3o (DOU),<\/p>\n","protected":false},"author":1,"featured_media":448,"comment_status":"open","ping_status":"open","sticky":false,"template":"","format":"standard","meta":{"om_disable_all_campaigns":false,"_monsterinsights_skip_tracking":false,"_monsterinsights_sitenote_active":false,"_monsterinsights_sitenote_note":"","_monsterinsights_sitenote_category":0,"_uf_show_specific_survey":0,"_uf_disable_surveys":false,"footnotes":""},"categories":[9],"tags":[],"class_list":["post-447","post","type-post","status-publish","format-standard","has-post-thumbnail","hentry","category-noticias"],"yoast_head":"<!-- This site is optimized with the Yoast SEO plugin v27.4 - https:\/\/yoast.com\/product\/yoast-seo-wordpress\/ -->\n<title>Faculdade Apae Brasil \u00e9 credenciada pelo MEC para ofertar cursos superiores a dist\u00e2ncia - PORTAL INCLUIR<\/title>\n<meta name=\"robots\" content=\"index, follow, max-snippet:-1, max-image-preview:large, max-video-preview:-1\" \/>\n<link rel=\"canonical\" href=\"https:\/\/portalincluir.com.br\/index.php\/2025\/01\/13\/faculdade-apae-brasil-e-credenciada-pelo-mec-para-ofertar-cursos-superiores-a-distancia\/\" \/>\n<meta property=\"og:locale\" content=\"pt_BR\" \/>\n<meta property=\"og:type\" content=\"article\" \/>\n<meta property=\"og:title\" content=\"Faculdade Apae Brasil \u00e9 credenciada pelo MEC para ofertar cursos superiores a dist\u00e2ncia - PORTAL INCLUIR\" \/>\n<meta property=\"og:description\" content=\"O Minist\u00e9rio da Educa\u00e7\u00e3o (MEC) publicou nesta ter\u00e7a-feira (26), no Di\u00e1rio Oficial da Uni\u00e3o (DOU),\" \/>\n<meta property=\"og:url\" content=\"https:\/\/portalincluir.com.br\/index.php\/2025\/01\/13\/faculdade-apae-brasil-e-credenciada-pelo-mec-para-ofertar-cursos-superiores-a-distancia\/\" \/>\n<meta property=\"og:site_name\" content=\"PORTAL INCLUIR\" \/>\n<meta property=\"article:published_time\" content=\"2025-01-13T20:59:51+00:00\" \/>\n<meta property=\"article:modified_time\" content=\"2025-01-13T21:04:33+00:00\" \/>\n<meta property=\"og:image\" content=\"https:\/\/portalincluir.com.br\/wp-content\/uploads\/2025\/01\/faculdaded-apae-brasil-1024x575.png\" \/>\n\t<meta property=\"og:image:width\" content=\"1024\" \/>\n\t<meta property=\"og:image:height\" content=\"575\" \/>\n\t<meta property=\"og:image:type\" content=\"image\/png\" \/>\n<meta name=\"author\" content=\"Portal Incluir\" \/>\n<meta name=\"twitter:card\" content=\"summary_large_image\" \/>\n<meta name=\"twitter:label1\" content=\"Escrito por\" \/>\n\t<meta name=\"twitter:data1\" content=\"Portal Incluir\" \/>\n\t<meta name=\"twitter:label2\" content=\"Est. tempo de leitura\" \/>\n\t<meta name=\"twitter:data2\" content=\"3 minutos\" \/>\n<script type=\"application\/ld+json\" class=\"yoast-schema-graph\">{\"@context\":\"https:\\\/\\\/schema.org\",\"@graph\":[{\"@type\":[\"Article\",\"BlogPosting\"],\"@id\":\"https:\\\/\\\/portalincluir.com.br\\\/index.php\\\/2025\\\/01\\\/13\\\/faculdade-apae-brasil-e-credenciada-pelo-mec-para-ofertar-cursos-superiores-a-distancia\\\/#article\",\"isPartOf\":{\"@id\":\"https:\\\/\\\/portalincluir.com.br\\\/index.php\\\/2025\\\/01\\\/13\\\/faculdade-apae-brasil-e-credenciada-pelo-mec-para-ofertar-cursos-superiores-a-distancia\\\/\"},\"author\":{\"name\":\"Portal Incluir\",\"@id\":\"https:\\\/\\\/portalincluir.com.br\\\/#\\\/schema\\\/person\\\/8823664e5902eee555607fb75c4c35ae\"},\"headline\":\"Faculdade Apae Brasil \u00e9 credenciada pelo MEC para ofertar cursos superiores a dist\u00e2ncia\",\"datePublished\":\"2025-01-13T20:59:51+00:00\",\"dateModified\":\"2025-01-13T21:04:33+00:00\",\"mainEntityOfPage\":{\"@id\":\"https:\\\/\\\/portalincluir.com.br\\\/index.php\\\/2025\\\/01\\\/13\\\/faculdade-apae-brasil-e-credenciada-pelo-mec-para-ofertar-cursos-superiores-a-distancia\\\/\"},\"wordCount\":658,\"commentCount\":0,\"image\":{\"@id\":\"https:\\\/\\\/portalincluir.com.br\\\/index.php\\\/2025\\\/01\\\/13\\\/faculdade-apae-brasil-e-credenciada-pelo-mec-para-ofertar-cursos-superiores-a-distancia\\\/#primaryimage\"},\"thumbnailUrl\":\"https:\\\/\\\/portalincluir.com.br\\\/wp-content\\\/uploads\\\/2025\\\/01\\\/faculdaded-apae-brasil.png\",\"articleSection\":[\"Not\u00edcias\"],\"inLanguage\":\"pt-BR\",\"potentialAction\":[{\"@type\":\"CommentAction\",\"name\":\"Comment\",\"target\":[\"https:\\\/\\\/portalincluir.com.br\\\/index.php\\\/2025\\\/01\\\/13\\\/faculdade-apae-brasil-e-credenciada-pelo-mec-para-ofertar-cursos-superiores-a-distancia\\\/#respond\"]}]},{\"@type\":\"WebPage\",\"@id\":\"https:\\\/\\\/portalincluir.com.br\\\/index.php\\\/2025\\\/01\\\/13\\\/faculdade-apae-brasil-e-credenciada-pelo-mec-para-ofertar-cursos-superiores-a-distancia\\\/\",\"url\":\"https:\\\/\\\/portalincluir.com.br\\\/index.php\\\/2025\\\/01\\\/13\\\/faculdade-apae-brasil-e-credenciada-pelo-mec-para-ofertar-cursos-superiores-a-distancia\\\/\",\"name\":\"Faculdade Apae Brasil \u00e9 credenciada pelo MEC para ofertar cursos superiores a dist\u00e2ncia - PORTAL INCLUIR\",\"isPartOf\":{\"@id\":\"https:\\\/\\\/portalincluir.com.br\\\/#website\"},\"primaryImageOfPage\":{\"@id\":\"https:\\\/\\\/portalincluir.com.br\\\/index.php\\\/2025\\\/01\\\/13\\\/faculdade-apae-brasil-e-credenciada-pelo-mec-para-ofertar-cursos-superiores-a-distancia\\\/#primaryimage\"},\"image\":{\"@id\":\"https:\\\/\\\/portalincluir.com.br\\\/index.php\\\/2025\\\/01\\\/13\\\/faculdade-apae-brasil-e-credenciada-pelo-mec-para-ofertar-cursos-superiores-a-distancia\\\/#primaryimage\"},\"thumbnailUrl\":\"https:\\\/\\\/portalincluir.com.br\\\/wp-content\\\/uploads\\\/2025\\\/01\\\/faculdaded-apae-brasil.png\",\"datePublished\":\"2025-01-13T20:59:51+00:00\",\"dateModified\":\"2025-01-13T21:04:33+00:00\",\"author\":{\"@id\":\"https:\\\/\\\/portalincluir.com.br\\\/#\\\/schema\\\/person\\\/8823664e5902eee555607fb75c4c35ae\"},\"breadcrumb\":{\"@id\":\"https:\\\/\\\/portalincluir.com.br\\\/index.php\\\/2025\\\/01\\\/13\\\/faculdade-apae-brasil-e-credenciada-pelo-mec-para-ofertar-cursos-superiores-a-distancia\\\/#breadcrumb\"},\"inLanguage\":\"pt-BR\",\"potentialAction\":[{\"@type\":\"ReadAction\",\"target\":[\"https:\\\/\\\/portalincluir.com.br\\\/index.php\\\/2025\\\/01\\\/13\\\/faculdade-apae-brasil-e-credenciada-pelo-mec-para-ofertar-cursos-superiores-a-distancia\\\/\"]}]},{\"@type\":\"ImageObject\",\"inLanguage\":\"pt-BR\",\"@id\":\"https:\\\/\\\/portalincluir.com.br\\\/index.php\\\/2025\\\/01\\\/13\\\/faculdade-apae-brasil-e-credenciada-pelo-mec-para-ofertar-cursos-superiores-a-distancia\\\/#primaryimage\",\"url\":\"https:\\\/\\\/portalincluir.com.br\\\/wp-content\\\/uploads\\\/2025\\\/01\\\/faculdaded-apae-brasil.png\",\"contentUrl\":\"https:\\\/\\\/portalincluir.com.br\\\/wp-content\\\/uploads\\\/2025\\\/01\\\/faculdaded-apae-brasil.png\",\"width\":1600,\"height\":899},{\"@type\":\"BreadcrumbList\",\"@id\":\"https:\\\/\\\/portalincluir.com.br\\\/index.php\\\/2025\\\/01\\\/13\\\/faculdade-apae-brasil-e-credenciada-pelo-mec-para-ofertar-cursos-superiores-a-distancia\\\/#breadcrumb\",\"itemListElement\":[{\"@type\":\"ListItem\",\"position\":1,\"name\":\"In\u00edcio\",\"item\":\"https:\\\/\\\/portalincluir.com.br\\\/\"},{\"@type\":\"ListItem\",\"position\":2,\"name\":\"Faculdade Apae Brasil \u00e9 credenciada pelo MEC para ofertar cursos superiores a dist\u00e2ncia\"}]},{\"@type\":\"WebSite\",\"@id\":\"https:\\\/\\\/portalincluir.com.br\\\/#website\",\"url\":\"https:\\\/\\\/portalincluir.com.br\\\/\",\"name\":\"PORTAL INCLUIR\",\"description\":\"\",\"potentialAction\":[{\"@type\":\"SearchAction\",\"target\":{\"@type\":\"EntryPoint\",\"urlTemplate\":\"https:\\\/\\\/portalincluir.com.br\\\/?s={search_term_string}\"},\"query-input\":{\"@type\":\"PropertyValueSpecification\",\"valueRequired\":true,\"valueName\":\"search_term_string\"}}],\"inLanguage\":\"pt-BR\"},{\"@type\":\"Person\",\"@id\":\"https:\\\/\\\/portalincluir.com.br\\\/#\\\/schema\\\/person\\\/8823664e5902eee555607fb75c4c35ae\",\"name\":\"Portal Incluir\",\"image\":{\"@type\":\"ImageObject\",\"inLanguage\":\"pt-BR\",\"@id\":\"https:\\\/\\\/secure.gravatar.com\\\/avatar\\\/12085fe17e70c3550551519fe1f8f51fae69b1748563a47fc3bea53d91fbcbbd?s=96&d=mm&r=g\",\"url\":\"https:\\\/\\\/secure.gravatar.com\\\/avatar\\\/12085fe17e70c3550551519fe1f8f51fae69b1748563a47fc3bea53d91fbcbbd?s=96&d=mm&r=g\",\"contentUrl\":\"https:\\\/\\\/secure.gravatar.com\\\/avatar\\\/12085fe17e70c3550551519fe1f8f51fae69b1748563a47fc3bea53d91fbcbbd?s=96&d=mm&r=g\",\"caption\":\"Portal Incluir\"},\"sameAs\":[\"http:\\\/\\\/portalincluir.com.br\"],\"url\":\"https:\\\/\\\/portalincluir.com.br\\\/index.php\\\/author\\\/portalincluir-com-br\\\/\"}]}<\/script>\n<!-- \/ Yoast SEO plugin. -->","yoast_head_json":{"title":"Faculdade Apae Brasil \u00e9 credenciada pelo MEC para ofertar cursos superiores a dist\u00e2ncia - PORTAL INCLUIR","robots":{"index":"index","follow":"follow","max-snippet":"max-snippet:-1","max-image-preview":"max-image-preview:large","max-video-preview":"max-video-preview:-1"},"canonical":"https:\/\/portalincluir.com.br\/index.php\/2025\/01\/13\/faculdade-apae-brasil-e-credenciada-pelo-mec-para-ofertar-cursos-superiores-a-distancia\/","og_locale":"pt_BR","og_type":"article","og_title":"Faculdade Apae Brasil \u00e9 credenciada pelo MEC para ofertar cursos superiores a dist\u00e2ncia - PORTAL INCLUIR","og_description":"O Minist\u00e9rio da Educa\u00e7\u00e3o (MEC) publicou nesta ter\u00e7a-feira (26), no Di\u00e1rio Oficial da Uni\u00e3o (DOU),","og_url":"https:\/\/portalincluir.com.br\/index.php\/2025\/01\/13\/faculdade-apae-brasil-e-credenciada-pelo-mec-para-ofertar-cursos-superiores-a-distancia\/","og_site_name":"PORTAL INCLUIR","article_published_time":"2025-01-13T20:59:51+00:00","article_modified_time":"2025-01-13T21:04:33+00:00","og_image":[{"width":1024,"height":575,"url":"https:\/\/portalincluir.com.br\/wp-content\/uploads\/2025\/01\/faculdaded-apae-brasil-1024x575.png","type":"image\/png"}],"author":"Portal Incluir","twitter_card":"summary_large_image","twitter_misc":{"Escrito por":"Portal Incluir","Est. tempo de leitura":"3 minutos"},"schema":{"@context":"https:\/\/schema.org","@graph":[{"@type":["Article","BlogPosting"],"@id":"https:\/\/portalincluir.com.br\/index.php\/2025\/01\/13\/faculdade-apae-brasil-e-credenciada-pelo-mec-para-ofertar-cursos-superiores-a-distancia\/#article","isPartOf":{"@id":"https:\/\/portalincluir.com.br\/index.php\/2025\/01\/13\/faculdade-apae-brasil-e-credenciada-pelo-mec-para-ofertar-cursos-superiores-a-distancia\/"},"author":{"name":"Portal Incluir","@id":"https:\/\/portalincluir.com.br\/#\/schema\/person\/8823664e5902eee555607fb75c4c35ae"},"headline":"Faculdade Apae Brasil \u00e9 credenciada pelo MEC para ofertar cursos superiores a dist\u00e2ncia","datePublished":"2025-01-13T20:59:51+00:00","dateModified":"2025-01-13T21:04:33+00:00","mainEntityOfPage":{"@id":"https:\/\/portalincluir.com.br\/index.php\/2025\/01\/13\/faculdade-apae-brasil-e-credenciada-pelo-mec-para-ofertar-cursos-superiores-a-distancia\/"},"wordCount":658,"commentCount":0,"image":{"@id":"https:\/\/portalincluir.com.br\/index.php\/2025\/01\/13\/faculdade-apae-brasil-e-credenciada-pelo-mec-para-ofertar-cursos-superiores-a-distancia\/#primaryimage"},"thumbnailUrl":"https:\/\/portalincluir.com.br\/wp-content\/uploads\/2025\/01\/faculdaded-apae-brasil.png","articleSection":["Not\u00edcias"],"inLanguage":"pt-BR","potentialAction":[{"@type":"CommentAction","name":"Comment","target":["https:\/\/portalincluir.com.br\/index.php\/2025\/01\/13\/faculdade-apae-brasil-e-credenciada-pelo-mec-para-ofertar-cursos-superiores-a-distancia\/#respond"]}]},{"@type":"WebPage","@id":"https:\/\/portalincluir.com.br\/index.php\/2025\/01\/13\/faculdade-apae-brasil-e-credenciada-pelo-mec-para-ofertar-cursos-superiores-a-distancia\/","url":"https:\/\/portalincluir.com.br\/index.php\/2025\/01\/13\/faculdade-apae-brasil-e-credenciada-pelo-mec-para-ofertar-cursos-superiores-a-distancia\/","name":"Faculdade Apae Brasil \u00e9 credenciada pelo MEC para ofertar cursos superiores a dist\u00e2ncia - PORTAL INCLUIR","isPartOf":{"@id":"https:\/\/portalincluir.com.br\/#website"},"primaryImageOfPage":{"@id":"https:\/\/portalincluir.com.br\/index.php\/2025\/01\/13\/faculdade-apae-brasil-e-credenciada-pelo-mec-para-ofertar-cursos-superiores-a-distancia\/#primaryimage"},"image":{"@id":"https:\/\/portalincluir.com.br\/index.php\/2025\/01\/13\/faculdade-apae-brasil-e-credenciada-pelo-mec-para-ofertar-cursos-superiores-a-distancia\/#primaryimage"},"thumbnailUrl":"https:\/\/portalincluir.com.br\/wp-content\/uploads\/2025\/01\/faculdaded-apae-brasil.png","datePublished":"2025-01-13T20:59:51+00:00","dateModified":"2025-01-13T21:04:33+00:00","author":{"@id":"https:\/\/portalincluir.com.br\/#\/schema\/person\/8823664e5902eee555607fb75c4c35ae"},"breadcrumb":{"@id":"https:\/\/portalincluir.com.br\/index.php\/2025\/01\/13\/faculdade-apae-brasil-e-credenciada-pelo-mec-para-ofertar-cursos-superiores-a-distancia\/#breadcrumb"},"inLanguage":"pt-BR","potentialAction":[{"@type":"ReadAction","target":["https:\/\/portalincluir.com.br\/index.php\/2025\/01\/13\/faculdade-apae-brasil-e-credenciada-pelo-mec-para-ofertar-cursos-superiores-a-distancia\/"]}]},{"@type":"ImageObject","inLanguage":"pt-BR","@id":"https:\/\/portalincluir.com.br\/index.php\/2025\/01\/13\/faculdade-apae-brasil-e-credenciada-pelo-mec-para-ofertar-cursos-superiores-a-distancia\/#primaryimage","url":"https:\/\/portalincluir.com.br\/wp-content\/uploads\/2025\/01\/faculdaded-apae-brasil.png","contentUrl":"https:\/\/portalincluir.com.br\/wp-content\/uploads\/2025\/01\/faculdaded-apae-brasil.png","width":1600,"height":899},{"@type":"BreadcrumbList","@id":"https:\/\/portalincluir.com.br\/index.php\/2025\/01\/13\/faculdade-apae-brasil-e-credenciada-pelo-mec-para-ofertar-cursos-superiores-a-distancia\/#breadcrumb","itemListElement":[{"@type":"ListItem","position":1,"name":"In\u00edcio","item":"https:\/\/portalincluir.com.br\/"},{"@type":"ListItem","position":2,"name":"Faculdade Apae Brasil \u00e9 credenciada pelo MEC para ofertar cursos superiores a dist\u00e2ncia"}]},{"@type":"WebSite","@id":"https:\/\/portalincluir.com.br\/#website","url":"https:\/\/portalincluir.com.br\/","name":"PORTAL INCLUIR","description":"","potentialAction":[{"@type":"SearchAction","target":{"@type":"EntryPoint","urlTemplate":"https:\/\/portalincluir.com.br\/?s={search_term_string}"},"query-input":{"@type":"PropertyValueSpecification","valueRequired":true,"valueName":"search_term_string"}}],"inLanguage":"pt-BR"},{"@type":"Person","@id":"https:\/\/portalincluir.com.br\/#\/schema\/person\/8823664e5902eee555607fb75c4c35ae","name":"Portal Incluir","image":{"@type":"ImageObject","inLanguage":"pt-BR","@id":"https:\/\/secure.gravatar.com\/avatar\/12085fe17e70c3550551519fe1f8f51fae69b1748563a47fc3bea53d91fbcbbd?s=96&d=mm&r=g","url":"https:\/\/secure.gravatar.com\/avatar\/12085fe17e70c3550551519fe1f8f51fae69b1748563a47fc3bea53d91fbcbbd?s=96&d=mm&r=g","contentUrl":"https:\/\/secure.gravatar.com\/avatar\/12085fe17e70c3550551519fe1f8f51fae69b1748563a47fc3bea53d91fbcbbd?s=96&d=mm&r=g","caption":"Portal Incluir"},"sameAs":["http:\/\/portalincluir.com.br"],"url":"https:\/\/portalincluir.com.br\/index.php\/author\/portalincluir-com-br\/"}]}},"_links":{"self":[{"href":"https:\/\/portalincluir.com.br\/index.php\/wp-json\/wp\/v2\/posts\/447","targetHints":{"allow":["GET"]}}],"collection":[{"href":"https:\/\/portalincluir.com.br\/index.php\/wp-json\/wp\/v2\/posts"}],"about":[{"href":"https:\/\/portalincluir.com.br\/index.php\/wp-json\/wp\/v2\/types\/post"}],"author":[{"embeddable":true,"href":"https:\/\/portalincluir.com.br\/index.php\/wp-json\/wp\/v2\/users\/1"}],"replies":[{"embeddable":true,"href":"https:\/\/portalincluir.com.br\/index.php\/wp-json\/wp\/v2\/comments?post=447"}],"version-history":[{"count":2,"href":"https:\/\/portalincluir.com.br\/index.php\/wp-json\/wp\/v2\/posts\/447\/revisions"}],"predecessor-version":[{"id":451,"href":"https:\/\/portalincluir.com.br\/index.php\/wp-json\/wp\/v2\/posts\/447\/revisions\/451"}],"wp:featuredmedia":[{"embeddable":true,"href":"https:\/\/portalincluir.com.br\/index.php\/wp-json\/wp\/v2\/media\/448"}],"wp:attachment":[{"href":"https:\/\/portalincluir.com.br\/index.php\/wp-json\/wp\/v2\/media?parent=447"}],"wp:term":[{"taxonomy":"category","embeddable":true,"href":"https:\/\/portalincluir.com.br\/index.php\/wp-json\/wp\/v2\/categories?post=447"},{"taxonomy":"post_tag","embeddable":true,"href":"https:\/\/portalincluir.com.br\/index.php\/wp-json\/wp\/v2\/tags?post=447"}],"curies":[{"name":"wp","href":"https:\/\/api.w.org\/{rel}","templated":true}]}}