{"id":453,"date":"2025-01-19T16:12:49","date_gmt":"2025-01-19T19:12:49","guid":{"rendered":"https:\/\/portalincluir.com.br\/?p=453"},"modified":"2025-01-19T23:53:07","modified_gmt":"2025-01-20T02:53:07","slug":"crianca-com-sindrome-de-down-estao-em-perigo-veja-esse-relato","status":"publish","type":"post","link":"https:\/\/portalincluir.com.br\/index.php\/2025\/01\/19\/crianca-com-sindrome-de-down-estao-em-perigo-veja-esse-relato\/","title":{"rendered":"Crian\u00e7as com S\u00edndrome de Down est\u00e3o em perigo: Veja esse\u00a0relato"},"content":{"rendered":"\n<p>Charlotte Fien \u00e9 uma mulher com s\u00edndrome de Down, que tem falado apaixonadamente sobre o direito de sua comunidade existir. Em todo o mundo, as vidas de pessoas com s\u00edndrome de Down est\u00e3o em perigo\u2026 gra\u00e7as ao aborto . Nossa cultura da morte aproveitou os benef\u00edcios dos testes pr\u00e9-natais e os subverteu, ent\u00e3o, em muitos pa\u00edses, beb\u00eas com s\u00edndrome de Down s\u00e3o mortos antes mesmo de nascerem. Fien tem falado regularmente sobre essa injusti\u00e7a \u2013 inclusive perante as Na\u00e7\u00f5es Unidas v\u00e1rias vezes \u2013 defendendo o direito de pessoas como ela de viver.<\/p>\n\n\n\n<p>Ela falou novamente nas Na\u00e7\u00f5es Unidas, pedindo o fim do aborto eug\u00eanico.<\/p>\n\n\n\n<p>Ela disse, em parte:<\/p>\n\n\n\n<p>\u201cO futuro da s\u00edndrome de Down est\u00e1 em grave perigo. Em todo o mundo, mais de 90% dos beb\u00eas com s\u00edndrome de Down s\u00e3o abortados at\u00e9 o nascimento. O \u00fatero da m\u00e3e \u00e9 o lugar mais perigoso para um beb\u00ea com s\u00edndrome de Down. Governos e ministros da sa\u00fade desejam se livrar de n\u00f3s. Alguns pa\u00edses como a Holanda impuseram uma etiqueta de pre\u00e7o em nossas cabe\u00e7as. Eles acham que o mundo ser\u00e1 melhor sem pessoas como eu.<\/p>\n\n\n\n<p>Fizemos muito progresso nos \u00faltimos 60 anos. Deixamos de ser deixados em hospitais ap\u00f3s o nascimento e passamos a ser criados em casa por fam\u00edlias que nos amam. Deixamos de ser colocados em escolas especiais e passamos a frequentar o ensino regular. Alguns de n\u00f3s est\u00e3o at\u00e9 indo para a universidade. Ent\u00e3o, por que corremos tanto perigo de ser extintos hoje? Porque a eugenia est\u00e1 se tornando algo para se admirar.<\/p>\n\n\n\n<p>Um beb\u00ea perfeito, uma fam\u00edlia perfeita, uma sociedade perfeita agora s\u00e3o poss\u00edveis. Mas eles s\u00e3o mesmo? N\u00e3o, claro que n\u00e3o. N\u00e3o existe perfei\u00e7\u00e3o. Voc\u00ea pode tentar matar todos com s\u00edndrome de Down usando o aborto, mas n\u00e3o estar\u00e1 mais perto de uma sociedade perfeita. Voc\u00ea ficar\u00e1 mais perto de algu\u00e9m cruel e sem cora\u00e7\u00e3o, na minha opini\u00e3o.<\/p>\n\n\n\n<p>A \u00fanica maneira de mudar a vis\u00e3o da sociedade sobre n\u00f3s \u00e9 fazendo parte da nossa comunidade. Para ir para as mesmas escolas que outras crian\u00e7as, para n\u00e3o ficarmos escondidos como est\u00e1vamos no passado. Precisamos estar empregados, precisamos receber treinamento para podermos trabalhar.<\/p>\n\n\n\n<p>Postado em @defesadavida_al <\/p>\n\n\n\n<p>Fonte: <a href=\"https:\/\/bodystalk.home.blog\/2021\/04\/03\/crianca-com-sindrome-de-down-estao-em-perigo-veja-esse-relato\/\">https:\/\/bodystalk.home.blog\/2021\/04\/03\/crianca-com-sindrome-de-down-estao-em-perigo-veja-esse-relato\/<\/a><\/p>\n\n\n\n<p><\/p>\n","protected":false},"excerpt":{"rendered":"<p>Charlotte Fien \u00e9 uma mulher com s\u00edndrome de Down, que tem falado apaixonadamente sobre o<\/p>\n","protected":false},"author":1,"featured_media":454,"comment_status":"open","ping_status":"open","sticky":false,"template":"","format":"standard","meta":{"om_disable_all_campaigns":false,"_monsterinsights_skip_tracking":false,"_monsterinsights_sitenote_active":false,"_monsterinsights_sitenote_note":"","_monsterinsights_sitenote_category":0,"_uf_show_specific_survey":0,"_uf_disable_surveys":false,"footnotes":""},"categories":[9,7],"tags":[],"class_list":["post-453","post","type-post","status-publish","format-standard","has-post-thumbnail","hentry","category-noticias","category-t21"],"yoast_head":"<!-- This site is optimized with the Yoast SEO plugin v27.4 - https:\/\/yoast.com\/product\/yoast-seo-wordpress\/ -->\n<title>Crian\u00e7as com S\u00edndrome de Down est\u00e3o em perigo: Veja esse\u00a0relato - PORTAL INCLUIR<\/title>\n<meta name=\"robots\" content=\"index, follow, max-snippet:-1, max-image-preview:large, max-video-preview:-1\" \/>\n<link rel=\"canonical\" href=\"https:\/\/portalincluir.com.br\/index.php\/2025\/01\/19\/crianca-com-sindrome-de-down-estao-em-perigo-veja-esse-relato\/\" \/>\n<meta property=\"og:locale\" content=\"pt_BR\" \/>\n<meta property=\"og:type\" content=\"article\" \/>\n<meta property=\"og:title\" content=\"Crian\u00e7as com S\u00edndrome de Down est\u00e3o em perigo: Veja esse\u00a0relato - PORTAL INCLUIR\" \/>\n<meta property=\"og:description\" content=\"Charlotte Fien \u00e9 uma mulher com s\u00edndrome de Down, que tem falado apaixonadamente sobre o\" \/>\n<meta property=\"og:url\" content=\"https:\/\/portalincluir.com.br\/index.php\/2025\/01\/19\/crianca-com-sindrome-de-down-estao-em-perigo-veja-esse-relato\/\" \/>\n<meta property=\"og:site_name\" content=\"PORTAL INCLUIR\" \/>\n<meta property=\"article:published_time\" content=\"2025-01-19T19:12:49+00:00\" \/>\n<meta property=\"article:modified_time\" content=\"2025-01-20T02:53:07+00:00\" \/>\n<meta property=\"og:image\" content=\"https:\/\/portalincluir.com.br\/wp-content\/uploads\/2025\/01\/aborto.jpg\" \/>\n\t<meta property=\"og:image:width\" content=\"748\" \/>\n\t<meta property=\"og:image:height\" content=\"874\" \/>\n\t<meta property=\"og:image:type\" content=\"image\/jpeg\" \/>\n<meta name=\"author\" content=\"Portal Incluir\" \/>\n<meta name=\"twitter:card\" content=\"summary_large_image\" \/>\n<meta name=\"twitter:label1\" content=\"Escrito por\" \/>\n\t<meta name=\"twitter:data1\" content=\"Portal Incluir\" \/>\n\t<meta name=\"twitter:label2\" content=\"Est. tempo de leitura\" \/>\n\t<meta name=\"twitter:data2\" content=\"2 minutos\" \/>\n<script type=\"application\/ld+json\" class=\"yoast-schema-graph\">{\"@context\":\"https:\\\/\\\/schema.org\",\"@graph\":[{\"@type\":[\"Article\",\"BlogPosting\"],\"@id\":\"https:\\\/\\\/portalincluir.com.br\\\/index.php\\\/2025\\\/01\\\/19\\\/crianca-com-sindrome-de-down-estao-em-perigo-veja-esse-relato\\\/#article\",\"isPartOf\":{\"@id\":\"https:\\\/\\\/portalincluir.com.br\\\/index.php\\\/2025\\\/01\\\/19\\\/crianca-com-sindrome-de-down-estao-em-perigo-veja-esse-relato\\\/\"},\"author\":{\"name\":\"Portal Incluir\",\"@id\":\"https:\\\/\\\/portalincluir.com.br\\\/#\\\/schema\\\/person\\\/8823664e5902eee555607fb75c4c35ae\"},\"headline\":\"Crian\u00e7as com S\u00edndrome de Down est\u00e3o em perigo: Veja esse\u00a0relato\",\"datePublished\":\"2025-01-19T19:12:49+00:00\",\"dateModified\":\"2025-01-20T02:53:07+00:00\",\"mainEntityOfPage\":{\"@id\":\"https:\\\/\\\/portalincluir.com.br\\\/index.php\\\/2025\\\/01\\\/19\\\/crianca-com-sindrome-de-down-estao-em-perigo-veja-esse-relato\\\/\"},\"wordCount\":423,\"commentCount\":0,\"image\":{\"@id\":\"https:\\\/\\\/portalincluir.com.br\\\/index.php\\\/2025\\\/01\\\/19\\\/crianca-com-sindrome-de-down-estao-em-perigo-veja-esse-relato\\\/#primaryimage\"},\"thumbnailUrl\":\"https:\\\/\\\/portalincluir.com.br\\\/wp-content\\\/uploads\\\/2025\\\/01\\\/aborto.jpg\",\"articleSection\":[\"Not\u00edcias\",\"T21\"],\"inLanguage\":\"pt-BR\",\"potentialAction\":[{\"@type\":\"CommentAction\",\"name\":\"Comment\",\"target\":[\"https:\\\/\\\/portalincluir.com.br\\\/index.php\\\/2025\\\/01\\\/19\\\/crianca-com-sindrome-de-down-estao-em-perigo-veja-esse-relato\\\/#respond\"]}]},{\"@type\":\"WebPage\",\"@id\":\"https:\\\/\\\/portalincluir.com.br\\\/index.php\\\/2025\\\/01\\\/19\\\/crianca-com-sindrome-de-down-estao-em-perigo-veja-esse-relato\\\/\",\"url\":\"https:\\\/\\\/portalincluir.com.br\\\/index.php\\\/2025\\\/01\\\/19\\\/crianca-com-sindrome-de-down-estao-em-perigo-veja-esse-relato\\\/\",\"name\":\"Crian\u00e7as com S\u00edndrome de Down est\u00e3o em perigo: Veja esse\u00a0relato - PORTAL INCLUIR\",\"isPartOf\":{\"@id\":\"https:\\\/\\\/portalincluir.com.br\\\/#website\"},\"primaryImageOfPage\":{\"@id\":\"https:\\\/\\\/portalincluir.com.br\\\/index.php\\\/2025\\\/01\\\/19\\\/crianca-com-sindrome-de-down-estao-em-perigo-veja-esse-relato\\\/#primaryimage\"},\"image\":{\"@id\":\"https:\\\/\\\/portalincluir.com.br\\\/index.php\\\/2025\\\/01\\\/19\\\/crianca-com-sindrome-de-down-estao-em-perigo-veja-esse-relato\\\/#primaryimage\"},\"thumbnailUrl\":\"https:\\\/\\\/portalincluir.com.br\\\/wp-content\\\/uploads\\\/2025\\\/01\\\/aborto.jpg\",\"datePublished\":\"2025-01-19T19:12:49+00:00\",\"dateModified\":\"2025-01-20T02:53:07+00:00\",\"author\":{\"@id\":\"https:\\\/\\\/portalincluir.com.br\\\/#\\\/schema\\\/person\\\/8823664e5902eee555607fb75c4c35ae\"},\"breadcrumb\":{\"@id\":\"https:\\\/\\\/portalincluir.com.br\\\/index.php\\\/2025\\\/01\\\/19\\\/crianca-com-sindrome-de-down-estao-em-perigo-veja-esse-relato\\\/#breadcrumb\"},\"inLanguage\":\"pt-BR\",\"potentialAction\":[{\"@type\":\"ReadAction\",\"target\":[\"https:\\\/\\\/portalincluir.com.br\\\/index.php\\\/2025\\\/01\\\/19\\\/crianca-com-sindrome-de-down-estao-em-perigo-veja-esse-relato\\\/\"]}]},{\"@type\":\"ImageObject\",\"inLanguage\":\"pt-BR\",\"@id\":\"https:\\\/\\\/portalincluir.com.br\\\/index.php\\\/2025\\\/01\\\/19\\\/crianca-com-sindrome-de-down-estao-em-perigo-veja-esse-relato\\\/#primaryimage\",\"url\":\"https:\\\/\\\/portalincluir.com.br\\\/wp-content\\\/uploads\\\/2025\\\/01\\\/aborto.jpg\",\"contentUrl\":\"https:\\\/\\\/portalincluir.com.br\\\/wp-content\\\/uploads\\\/2025\\\/01\\\/aborto.jpg\",\"width\":748,\"height\":874},{\"@type\":\"BreadcrumbList\",\"@id\":\"https:\\\/\\\/portalincluir.com.br\\\/index.php\\\/2025\\\/01\\\/19\\\/crianca-com-sindrome-de-down-estao-em-perigo-veja-esse-relato\\\/#breadcrumb\",\"itemListElement\":[{\"@type\":\"ListItem\",\"position\":1,\"name\":\"In\u00edcio\",\"item\":\"https:\\\/\\\/portalincluir.com.br\\\/\"},{\"@type\":\"ListItem\",\"position\":2,\"name\":\"Crian\u00e7as com S\u00edndrome de Down est\u00e3o em perigo: Veja esse\u00a0relato\"}]},{\"@type\":\"WebSite\",\"@id\":\"https:\\\/\\\/portalincluir.com.br\\\/#website\",\"url\":\"https:\\\/\\\/portalincluir.com.br\\\/\",\"name\":\"PORTAL INCLUIR\",\"description\":\"\",\"potentialAction\":[{\"@type\":\"SearchAction\",\"target\":{\"@type\":\"EntryPoint\",\"urlTemplate\":\"https:\\\/\\\/portalincluir.com.br\\\/?s={search_term_string}\"},\"query-input\":{\"@type\":\"PropertyValueSpecification\",\"valueRequired\":true,\"valueName\":\"search_term_string\"}}],\"inLanguage\":\"pt-BR\"},{\"@type\":\"Person\",\"@id\":\"https:\\\/\\\/portalincluir.com.br\\\/#\\\/schema\\\/person\\\/8823664e5902eee555607fb75c4c35ae\",\"name\":\"Portal Incluir\",\"image\":{\"@type\":\"ImageObject\",\"inLanguage\":\"pt-BR\",\"@id\":\"https:\\\/\\\/secure.gravatar.com\\\/avatar\\\/12085fe17e70c3550551519fe1f8f51fae69b1748563a47fc3bea53d91fbcbbd?s=96&d=mm&r=g\",\"url\":\"https:\\\/\\\/secure.gravatar.com\\\/avatar\\\/12085fe17e70c3550551519fe1f8f51fae69b1748563a47fc3bea53d91fbcbbd?s=96&d=mm&r=g\",\"contentUrl\":\"https:\\\/\\\/secure.gravatar.com\\\/avatar\\\/12085fe17e70c3550551519fe1f8f51fae69b1748563a47fc3bea53d91fbcbbd?s=96&d=mm&r=g\",\"caption\":\"Portal Incluir\"},\"sameAs\":[\"http:\\\/\\\/portalincluir.com.br\"],\"url\":\"https:\\\/\\\/portalincluir.com.br\\\/index.php\\\/author\\\/portalincluir-com-br\\\/\"}]}<\/script>\n<!-- \/ Yoast SEO plugin. -->","yoast_head_json":{"title":"Crian\u00e7as com S\u00edndrome de Down est\u00e3o em perigo: Veja esse\u00a0relato - PORTAL INCLUIR","robots":{"index":"index","follow":"follow","max-snippet":"max-snippet:-1","max-image-preview":"max-image-preview:large","max-video-preview":"max-video-preview:-1"},"canonical":"https:\/\/portalincluir.com.br\/index.php\/2025\/01\/19\/crianca-com-sindrome-de-down-estao-em-perigo-veja-esse-relato\/","og_locale":"pt_BR","og_type":"article","og_title":"Crian\u00e7as com S\u00edndrome de Down est\u00e3o em perigo: Veja esse\u00a0relato - PORTAL INCLUIR","og_description":"Charlotte Fien \u00e9 uma mulher com s\u00edndrome de Down, que tem falado apaixonadamente sobre o","og_url":"https:\/\/portalincluir.com.br\/index.php\/2025\/01\/19\/crianca-com-sindrome-de-down-estao-em-perigo-veja-esse-relato\/","og_site_name":"PORTAL INCLUIR","article_published_time":"2025-01-19T19:12:49+00:00","article_modified_time":"2025-01-20T02:53:07+00:00","og_image":[{"width":748,"height":874,"url":"https:\/\/portalincluir.com.br\/wp-content\/uploads\/2025\/01\/aborto.jpg","type":"image\/jpeg"}],"author":"Portal Incluir","twitter_card":"summary_large_image","twitter_misc":{"Escrito por":"Portal Incluir","Est. tempo de leitura":"2 minutos"},"schema":{"@context":"https:\/\/schema.org","@graph":[{"@type":["Article","BlogPosting"],"@id":"https:\/\/portalincluir.com.br\/index.php\/2025\/01\/19\/crianca-com-sindrome-de-down-estao-em-perigo-veja-esse-relato\/#article","isPartOf":{"@id":"https:\/\/portalincluir.com.br\/index.php\/2025\/01\/19\/crianca-com-sindrome-de-down-estao-em-perigo-veja-esse-relato\/"},"author":{"name":"Portal Incluir","@id":"https:\/\/portalincluir.com.br\/#\/schema\/person\/8823664e5902eee555607fb75c4c35ae"},"headline":"Crian\u00e7as com S\u00edndrome de Down est\u00e3o em perigo: Veja esse\u00a0relato","datePublished":"2025-01-19T19:12:49+00:00","dateModified":"2025-01-20T02:53:07+00:00","mainEntityOfPage":{"@id":"https:\/\/portalincluir.com.br\/index.php\/2025\/01\/19\/crianca-com-sindrome-de-down-estao-em-perigo-veja-esse-relato\/"},"wordCount":423,"commentCount":0,"image":{"@id":"https:\/\/portalincluir.com.br\/index.php\/2025\/01\/19\/crianca-com-sindrome-de-down-estao-em-perigo-veja-esse-relato\/#primaryimage"},"thumbnailUrl":"https:\/\/portalincluir.com.br\/wp-content\/uploads\/2025\/01\/aborto.jpg","articleSection":["Not\u00edcias","T21"],"inLanguage":"pt-BR","potentialAction":[{"@type":"CommentAction","name":"Comment","target":["https:\/\/portalincluir.com.br\/index.php\/2025\/01\/19\/crianca-com-sindrome-de-down-estao-em-perigo-veja-esse-relato\/#respond"]}]},{"@type":"WebPage","@id":"https:\/\/portalincluir.com.br\/index.php\/2025\/01\/19\/crianca-com-sindrome-de-down-estao-em-perigo-veja-esse-relato\/","url":"https:\/\/portalincluir.com.br\/index.php\/2025\/01\/19\/crianca-com-sindrome-de-down-estao-em-perigo-veja-esse-relato\/","name":"Crian\u00e7as com S\u00edndrome de Down est\u00e3o em perigo: Veja esse\u00a0relato - PORTAL INCLUIR","isPartOf":{"@id":"https:\/\/portalincluir.com.br\/#website"},"primaryImageOfPage":{"@id":"https:\/\/portalincluir.com.br\/index.php\/2025\/01\/19\/crianca-com-sindrome-de-down-estao-em-perigo-veja-esse-relato\/#primaryimage"},"image":{"@id":"https:\/\/portalincluir.com.br\/index.php\/2025\/01\/19\/crianca-com-sindrome-de-down-estao-em-perigo-veja-esse-relato\/#primaryimage"},"thumbnailUrl":"https:\/\/portalincluir.com.br\/wp-content\/uploads\/2025\/01\/aborto.jpg","datePublished":"2025-01-19T19:12:49+00:00","dateModified":"2025-01-20T02:53:07+00:00","author":{"@id":"https:\/\/portalincluir.com.br\/#\/schema\/person\/8823664e5902eee555607fb75c4c35ae"},"breadcrumb":{"@id":"https:\/\/portalincluir.com.br\/index.php\/2025\/01\/19\/crianca-com-sindrome-de-down-estao-em-perigo-veja-esse-relato\/#breadcrumb"},"inLanguage":"pt-BR","potentialAction":[{"@type":"ReadAction","target":["https:\/\/portalincluir.com.br\/index.php\/2025\/01\/19\/crianca-com-sindrome-de-down-estao-em-perigo-veja-esse-relato\/"]}]},{"@type":"ImageObject","inLanguage":"pt-BR","@id":"https:\/\/portalincluir.com.br\/index.php\/2025\/01\/19\/crianca-com-sindrome-de-down-estao-em-perigo-veja-esse-relato\/#primaryimage","url":"https:\/\/portalincluir.com.br\/wp-content\/uploads\/2025\/01\/aborto.jpg","contentUrl":"https:\/\/portalincluir.com.br\/wp-content\/uploads\/2025\/01\/aborto.jpg","width":748,"height":874},{"@type":"BreadcrumbList","@id":"https:\/\/portalincluir.com.br\/index.php\/2025\/01\/19\/crianca-com-sindrome-de-down-estao-em-perigo-veja-esse-relato\/#breadcrumb","itemListElement":[{"@type":"ListItem","position":1,"name":"In\u00edcio","item":"https:\/\/portalincluir.com.br\/"},{"@type":"ListItem","position":2,"name":"Crian\u00e7as com S\u00edndrome de Down est\u00e3o em perigo: Veja esse\u00a0relato"}]},{"@type":"WebSite","@id":"https:\/\/portalincluir.com.br\/#website","url":"https:\/\/portalincluir.com.br\/","name":"PORTAL INCLUIR","description":"","potentialAction":[{"@type":"SearchAction","target":{"@type":"EntryPoint","urlTemplate":"https:\/\/portalincluir.com.br\/?s={search_term_string}"},"query-input":{"@type":"PropertyValueSpecification","valueRequired":true,"valueName":"search_term_string"}}],"inLanguage":"pt-BR"},{"@type":"Person","@id":"https:\/\/portalincluir.com.br\/#\/schema\/person\/8823664e5902eee555607fb75c4c35ae","name":"Portal Incluir","image":{"@type":"ImageObject","inLanguage":"pt-BR","@id":"https:\/\/secure.gravatar.com\/avatar\/12085fe17e70c3550551519fe1f8f51fae69b1748563a47fc3bea53d91fbcbbd?s=96&d=mm&r=g","url":"https:\/\/secure.gravatar.com\/avatar\/12085fe17e70c3550551519fe1f8f51fae69b1748563a47fc3bea53d91fbcbbd?s=96&d=mm&r=g","contentUrl":"https:\/\/secure.gravatar.com\/avatar\/12085fe17e70c3550551519fe1f8f51fae69b1748563a47fc3bea53d91fbcbbd?s=96&d=mm&r=g","caption":"Portal Incluir"},"sameAs":["http:\/\/portalincluir.com.br"],"url":"https:\/\/portalincluir.com.br\/index.php\/author\/portalincluir-com-br\/"}]}},"_links":{"self":[{"href":"https:\/\/portalincluir.com.br\/index.php\/wp-json\/wp\/v2\/posts\/453","targetHints":{"allow":["GET"]}}],"collection":[{"href":"https:\/\/portalincluir.com.br\/index.php\/wp-json\/wp\/v2\/posts"}],"about":[{"href":"https:\/\/portalincluir.com.br\/index.php\/wp-json\/wp\/v2\/types\/post"}],"author":[{"embeddable":true,"href":"https:\/\/portalincluir.com.br\/index.php\/wp-json\/wp\/v2\/users\/1"}],"replies":[{"embeddable":true,"href":"https:\/\/portalincluir.com.br\/index.php\/wp-json\/wp\/v2\/comments?post=453"}],"version-history":[{"count":3,"href":"https:\/\/portalincluir.com.br\/index.php\/wp-json\/wp\/v2\/posts\/453\/revisions"}],"predecessor-version":[{"id":458,"href":"https:\/\/portalincluir.com.br\/index.php\/wp-json\/wp\/v2\/posts\/453\/revisions\/458"}],"wp:featuredmedia":[{"embeddable":true,"href":"https:\/\/portalincluir.com.br\/index.php\/wp-json\/wp\/v2\/media\/454"}],"wp:attachment":[{"href":"https:\/\/portalincluir.com.br\/index.php\/wp-json\/wp\/v2\/media?parent=453"}],"wp:term":[{"taxonomy":"category","embeddable":true,"href":"https:\/\/portalincluir.com.br\/index.php\/wp-json\/wp\/v2\/categories?post=453"},{"taxonomy":"post_tag","embeddable":true,"href":"https:\/\/portalincluir.com.br\/index.php\/wp-json\/wp\/v2\/tags?post=453"}],"curies":[{"name":"wp","href":"https:\/\/api.w.org\/{rel}","templated":true}]}}