{"id":467,"date":"2025-01-27T23:24:36","date_gmt":"2025-01-28T02:24:36","guid":{"rendered":"https:\/\/portalincluir.com.br\/?p=467"},"modified":"2025-01-27T23:24:37","modified_gmt":"2025-01-28T02:24:37","slug":"comissao-aprova-projeto-que-cria-politica-nacional-para-pessoas-com-sindrome-de-down","status":"publish","type":"post","link":"https:\/\/portalincluir.com.br\/index.php\/2025\/01\/27\/comissao-aprova-projeto-que-cria-politica-nacional-para-pessoas-com-sindrome-de-down\/","title":{"rendered":"Comiss\u00e3o aprova projeto que cria Pol\u00edtica Nacional para pessoas com S\u00edndrome de Down"},"content":{"rendered":"\n<p>A Comiss\u00e3o de Defesa dos Direitos das Pessoas com Defici\u00eancia aprovou a cria\u00e7\u00e3o da Pol\u00edtica Nacional de Prote\u00e7\u00e3o dos Direitos da Pessoa com S\u00edndrome de Down. O texto prev\u00ea medidas para assegurar a autonomia, a inclus\u00e3o e a acessibilidade dessas pessoas.<\/p>\n\n\n\n<p>Entre os objetivos da pol\u00edtica est\u00e3o incentivos:<\/p>\n\n\n\n<ul class=\"wp-block-list\">\n<li>\u00e0 participa\u00e7\u00e3o plena e efetiva de pessoas com Down na sociedade;<\/li>\n\n\n\n<li>ao desenvolvimento de capacidades e potencialidades dessa parcela da popula\u00e7\u00e3o; e<\/li>\n\n\n\n<li>\u00e0 conscientiza\u00e7\u00e3o social sobre a S\u00edndrome de Down.<\/li>\n<\/ul>\n\n\n\n<p>Foi aprovado o substitutivo do relator, deputado Weliton Prado (Solidariedade-MG), ao projeto de lei 910\/24, do deputado Z\u00e9 Haroldo Cathedral (PSD-RR).<\/p>\n\n\n\n<p>O novo texto incorpora refer\u00eancias a outras leis que j\u00e1 asseguram direitos a pessoas com s\u00edndrome de Down, como a <a href=\"https:\/\/www2.camara.leg.br\/legin\/fed\/lei\/2015\/lei-13146-6-julho-2015-781174-norma-pl.html\">Lei Brasileira de Inclus\u00e3o da Pessoa com Defici\u00eancia (LBI)<\/a>, e determina que o governo federal adote medidas para colocar em pr\u00e1tica os objetivos da pol\u00edtica.<\/p>\n\n\n\n<p>\u201cSugerimos um substitutivo contemplando as diretrizes do projeto original e propondo ajustes basicamente nesses dois pontos\u201d, disse o relator.<\/p>\n\n\n\n<p>O substitutivo refor\u00e7a que s\u00e3o direitos da pessoa com S\u00edndrome de Down todos aqueles j\u00e1 assegurados a pessoas com defici\u00eancia, incluindo:<\/p>\n\n\n\n<ul class=\"wp-block-list\">\n<li>o direito \u00e0 vida digna;<\/li>\n\n\n\n<li>o acesso integral a a\u00e7\u00f5es e servi\u00e7os de sa\u00fade;<\/li>\n\n\n\n<li>a prote\u00e7\u00e3o contra qualquer forma de discrimina\u00e7\u00e3o; e<\/li>\n\n\n\n<li>o acesso \u00e0 educa\u00e7\u00e3o.<\/li>\n<\/ul>\n\n\n\n<p>A proposta obriga o governo federal a adotar medidas relacionadas a essa pol\u00edtica, como:<\/p>\n\n\n\n<ul class=\"wp-block-list\">\n<li>programas de diagn\u00f3stico precoce durante a gesta\u00e7\u00e3o;<\/li>\n\n\n\n<li>promo\u00e7\u00e3o da participa\u00e7\u00e3o efetiva da fam\u00edlia nas a\u00e7\u00f5es e servi\u00e7os ofertados; e<\/li>\n\n\n\n<li>apoio \u00e0 pesquisa cient\u00edfica para tratamentos terap\u00eauticos e medicamentosos; entre outros.<\/li>\n<\/ul>\n\n\n\n<p><strong>Pr\u00f3ximas etapas<\/strong><br>A proposta ser\u00e1 analisada, em car\u00e1ter conclusivo, pela Comiss\u00e3o de Constitui\u00e7\u00e3o e Justi\u00e7a e de Cidadania.<\/p>\n\n\n\n<p>Para virar lei, o texto precisa ser aprovado pela C\u00e2mara e pelo Senado.<\/p>\n\n\n\n<p><a href=\"https:\/\/www.camara.leg.br\/noticias\/573454-SAIBA-MAIS-SOBRE-A-TRAMITACAO-DE-PROJETOS-DE-LEI\">Saiba mais sobre a tramita\u00e7\u00e3o de projetos de lei<\/a><\/p>\n\n\n\n<p>Reportagem \u2013 Murilo Souza<br>Edi\u00e7\u00e3o \u2013 Ana Chalub<\/p>\n\n\n\n<p>Fonte: Ag\u00eancia C\u00e2mara de Not\u00edcias<\/p>\n","protected":false},"excerpt":{"rendered":"<p>A Comiss\u00e3o de Defesa dos Direitos das Pessoas com Defici\u00eancia aprovou a cria\u00e7\u00e3o da Pol\u00edtica<\/p>\n","protected":false},"author":1,"featured_media":468,"comment_status":"open","ping_status":"open","sticky":false,"template":"","format":"standard","meta":{"om_disable_all_campaigns":false,"_monsterinsights_skip_tracking":false,"_monsterinsights_sitenote_active":false,"_monsterinsights_sitenote_note":"","_monsterinsights_sitenote_category":0,"_uf_show_specific_survey":0,"_uf_disable_surveys":false,"footnotes":""},"categories":[7],"tags":[],"class_list":["post-467","post","type-post","status-publish","format-standard","has-post-thumbnail","hentry","category-t21"],"yoast_head":"<!-- This site is optimized with the Yoast SEO plugin v27.4 - https:\/\/yoast.com\/product\/yoast-seo-wordpress\/ -->\n<title>Comiss\u00e3o aprova projeto que cria Pol\u00edtica Nacional para pessoas com S\u00edndrome de Down - PORTAL INCLUIR<\/title>\n<meta name=\"robots\" content=\"index, follow, max-snippet:-1, max-image-preview:large, max-video-preview:-1\" \/>\n<link rel=\"canonical\" href=\"https:\/\/portalincluir.com.br\/index.php\/2025\/01\/27\/comissao-aprova-projeto-que-cria-politica-nacional-para-pessoas-com-sindrome-de-down\/\" \/>\n<meta property=\"og:locale\" content=\"pt_BR\" \/>\n<meta property=\"og:type\" content=\"article\" \/>\n<meta property=\"og:title\" content=\"Comiss\u00e3o aprova projeto que cria Pol\u00edtica Nacional para pessoas com S\u00edndrome de Down - PORTAL INCLUIR\" \/>\n<meta property=\"og:description\" content=\"A Comiss\u00e3o de Defesa dos Direitos das Pessoas com Defici\u00eancia aprovou a cria\u00e7\u00e3o da Pol\u00edtica\" \/>\n<meta property=\"og:url\" content=\"https:\/\/portalincluir.com.br\/index.php\/2025\/01\/27\/comissao-aprova-projeto-que-cria-politica-nacional-para-pessoas-com-sindrome-de-down\/\" \/>\n<meta property=\"og:site_name\" content=\"PORTAL INCLUIR\" \/>\n<meta property=\"article:published_time\" content=\"2025-01-28T02:24:36+00:00\" \/>\n<meta property=\"article:modified_time\" content=\"2025-01-28T02:24:37+00:00\" \/>\n<meta property=\"og:image\" content=\"https:\/\/portalincluir.com.br\/wp-content\/uploads\/2025\/01\/Weliton-Prado.jpg\" \/>\n\t<meta property=\"og:image:width\" content=\"768\" \/>\n\t<meta property=\"og:image:height\" content=\"473\" \/>\n\t<meta property=\"og:image:type\" content=\"image\/jpeg\" \/>\n<meta name=\"author\" content=\"Portal Incluir\" \/>\n<meta name=\"twitter:card\" content=\"summary_large_image\" \/>\n<meta name=\"twitter:label1\" content=\"Escrito por\" \/>\n\t<meta name=\"twitter:data1\" content=\"Portal Incluir\" \/>\n\t<meta name=\"twitter:label2\" content=\"Est. tempo de leitura\" \/>\n\t<meta name=\"twitter:data2\" content=\"2 minutos\" \/>\n<script type=\"application\/ld+json\" class=\"yoast-schema-graph\">{\"@context\":\"https:\\\/\\\/schema.org\",\"@graph\":[{\"@type\":[\"Article\",\"BlogPosting\"],\"@id\":\"https:\\\/\\\/portalincluir.com.br\\\/index.php\\\/2025\\\/01\\\/27\\\/comissao-aprova-projeto-que-cria-politica-nacional-para-pessoas-com-sindrome-de-down\\\/#article\",\"isPartOf\":{\"@id\":\"https:\\\/\\\/portalincluir.com.br\\\/index.php\\\/2025\\\/01\\\/27\\\/comissao-aprova-projeto-que-cria-politica-nacional-para-pessoas-com-sindrome-de-down\\\/\"},\"author\":{\"name\":\"Portal Incluir\",\"@id\":\"https:\\\/\\\/portalincluir.com.br\\\/#\\\/schema\\\/person\\\/8823664e5902eee555607fb75c4c35ae\"},\"headline\":\"Comiss\u00e3o aprova projeto que cria Pol\u00edtica Nacional para pessoas com S\u00edndrome de Down\",\"datePublished\":\"2025-01-28T02:24:36+00:00\",\"dateModified\":\"2025-01-28T02:24:37+00:00\",\"mainEntityOfPage\":{\"@id\":\"https:\\\/\\\/portalincluir.com.br\\\/index.php\\\/2025\\\/01\\\/27\\\/comissao-aprova-projeto-que-cria-politica-nacional-para-pessoas-com-sindrome-de-down\\\/\"},\"wordCount\":364,\"commentCount\":0,\"image\":{\"@id\":\"https:\\\/\\\/portalincluir.com.br\\\/index.php\\\/2025\\\/01\\\/27\\\/comissao-aprova-projeto-que-cria-politica-nacional-para-pessoas-com-sindrome-de-down\\\/#primaryimage\"},\"thumbnailUrl\":\"https:\\\/\\\/portalincluir.com.br\\\/wp-content\\\/uploads\\\/2025\\\/01\\\/Weliton-Prado.jpg\",\"articleSection\":[\"T21\"],\"inLanguage\":\"pt-BR\",\"potentialAction\":[{\"@type\":\"CommentAction\",\"name\":\"Comment\",\"target\":[\"https:\\\/\\\/portalincluir.com.br\\\/index.php\\\/2025\\\/01\\\/27\\\/comissao-aprova-projeto-que-cria-politica-nacional-para-pessoas-com-sindrome-de-down\\\/#respond\"]}]},{\"@type\":\"WebPage\",\"@id\":\"https:\\\/\\\/portalincluir.com.br\\\/index.php\\\/2025\\\/01\\\/27\\\/comissao-aprova-projeto-que-cria-politica-nacional-para-pessoas-com-sindrome-de-down\\\/\",\"url\":\"https:\\\/\\\/portalincluir.com.br\\\/index.php\\\/2025\\\/01\\\/27\\\/comissao-aprova-projeto-que-cria-politica-nacional-para-pessoas-com-sindrome-de-down\\\/\",\"name\":\"Comiss\u00e3o aprova projeto que cria Pol\u00edtica Nacional para pessoas com S\u00edndrome de Down - PORTAL INCLUIR\",\"isPartOf\":{\"@id\":\"https:\\\/\\\/portalincluir.com.br\\\/#website\"},\"primaryImageOfPage\":{\"@id\":\"https:\\\/\\\/portalincluir.com.br\\\/index.php\\\/2025\\\/01\\\/27\\\/comissao-aprova-projeto-que-cria-politica-nacional-para-pessoas-com-sindrome-de-down\\\/#primaryimage\"},\"image\":{\"@id\":\"https:\\\/\\\/portalincluir.com.br\\\/index.php\\\/2025\\\/01\\\/27\\\/comissao-aprova-projeto-que-cria-politica-nacional-para-pessoas-com-sindrome-de-down\\\/#primaryimage\"},\"thumbnailUrl\":\"https:\\\/\\\/portalincluir.com.br\\\/wp-content\\\/uploads\\\/2025\\\/01\\\/Weliton-Prado.jpg\",\"datePublished\":\"2025-01-28T02:24:36+00:00\",\"dateModified\":\"2025-01-28T02:24:37+00:00\",\"author\":{\"@id\":\"https:\\\/\\\/portalincluir.com.br\\\/#\\\/schema\\\/person\\\/8823664e5902eee555607fb75c4c35ae\"},\"breadcrumb\":{\"@id\":\"https:\\\/\\\/portalincluir.com.br\\\/index.php\\\/2025\\\/01\\\/27\\\/comissao-aprova-projeto-que-cria-politica-nacional-para-pessoas-com-sindrome-de-down\\\/#breadcrumb\"},\"inLanguage\":\"pt-BR\",\"potentialAction\":[{\"@type\":\"ReadAction\",\"target\":[\"https:\\\/\\\/portalincluir.com.br\\\/index.php\\\/2025\\\/01\\\/27\\\/comissao-aprova-projeto-que-cria-politica-nacional-para-pessoas-com-sindrome-de-down\\\/\"]}]},{\"@type\":\"ImageObject\",\"inLanguage\":\"pt-BR\",\"@id\":\"https:\\\/\\\/portalincluir.com.br\\\/index.php\\\/2025\\\/01\\\/27\\\/comissao-aprova-projeto-que-cria-politica-nacional-para-pessoas-com-sindrome-de-down\\\/#primaryimage\",\"url\":\"https:\\\/\\\/portalincluir.com.br\\\/wp-content\\\/uploads\\\/2025\\\/01\\\/Weliton-Prado.jpg\",\"contentUrl\":\"https:\\\/\\\/portalincluir.com.br\\\/wp-content\\\/uploads\\\/2025\\\/01\\\/Weliton-Prado.jpg\",\"width\":768,\"height\":473,\"caption\":\"Mario Agra \\\/ C\u00e2mara dos Deputados\"},{\"@type\":\"BreadcrumbList\",\"@id\":\"https:\\\/\\\/portalincluir.com.br\\\/index.php\\\/2025\\\/01\\\/27\\\/comissao-aprova-projeto-que-cria-politica-nacional-para-pessoas-com-sindrome-de-down\\\/#breadcrumb\",\"itemListElement\":[{\"@type\":\"ListItem\",\"position\":1,\"name\":\"In\u00edcio\",\"item\":\"https:\\\/\\\/portalincluir.com.br\\\/\"},{\"@type\":\"ListItem\",\"position\":2,\"name\":\"Comiss\u00e3o aprova projeto que cria Pol\u00edtica Nacional para pessoas com S\u00edndrome de Down\"}]},{\"@type\":\"WebSite\",\"@id\":\"https:\\\/\\\/portalincluir.com.br\\\/#website\",\"url\":\"https:\\\/\\\/portalincluir.com.br\\\/\",\"name\":\"PORTAL INCLUIR\",\"description\":\"\",\"potentialAction\":[{\"@type\":\"SearchAction\",\"target\":{\"@type\":\"EntryPoint\",\"urlTemplate\":\"https:\\\/\\\/portalincluir.com.br\\\/?s={search_term_string}\"},\"query-input\":{\"@type\":\"PropertyValueSpecification\",\"valueRequired\":true,\"valueName\":\"search_term_string\"}}],\"inLanguage\":\"pt-BR\"},{\"@type\":\"Person\",\"@id\":\"https:\\\/\\\/portalincluir.com.br\\\/#\\\/schema\\\/person\\\/8823664e5902eee555607fb75c4c35ae\",\"name\":\"Portal Incluir\",\"image\":{\"@type\":\"ImageObject\",\"inLanguage\":\"pt-BR\",\"@id\":\"https:\\\/\\\/secure.gravatar.com\\\/avatar\\\/12085fe17e70c3550551519fe1f8f51fae69b1748563a47fc3bea53d91fbcbbd?s=96&d=mm&r=g\",\"url\":\"https:\\\/\\\/secure.gravatar.com\\\/avatar\\\/12085fe17e70c3550551519fe1f8f51fae69b1748563a47fc3bea53d91fbcbbd?s=96&d=mm&r=g\",\"contentUrl\":\"https:\\\/\\\/secure.gravatar.com\\\/avatar\\\/12085fe17e70c3550551519fe1f8f51fae69b1748563a47fc3bea53d91fbcbbd?s=96&d=mm&r=g\",\"caption\":\"Portal Incluir\"},\"sameAs\":[\"http:\\\/\\\/portalincluir.com.br\"],\"url\":\"https:\\\/\\\/portalincluir.com.br\\\/index.php\\\/author\\\/portalincluir-com-br\\\/\"}]}<\/script>\n<!-- \/ Yoast SEO plugin. -->","yoast_head_json":{"title":"Comiss\u00e3o aprova projeto que cria Pol\u00edtica Nacional para pessoas com S\u00edndrome de Down - PORTAL INCLUIR","robots":{"index":"index","follow":"follow","max-snippet":"max-snippet:-1","max-image-preview":"max-image-preview:large","max-video-preview":"max-video-preview:-1"},"canonical":"https:\/\/portalincluir.com.br\/index.php\/2025\/01\/27\/comissao-aprova-projeto-que-cria-politica-nacional-para-pessoas-com-sindrome-de-down\/","og_locale":"pt_BR","og_type":"article","og_title":"Comiss\u00e3o aprova projeto que cria Pol\u00edtica Nacional para pessoas com S\u00edndrome de Down - PORTAL INCLUIR","og_description":"A Comiss\u00e3o de Defesa dos Direitos das Pessoas com Defici\u00eancia aprovou a cria\u00e7\u00e3o da Pol\u00edtica","og_url":"https:\/\/portalincluir.com.br\/index.php\/2025\/01\/27\/comissao-aprova-projeto-que-cria-politica-nacional-para-pessoas-com-sindrome-de-down\/","og_site_name":"PORTAL INCLUIR","article_published_time":"2025-01-28T02:24:36+00:00","article_modified_time":"2025-01-28T02:24:37+00:00","og_image":[{"width":768,"height":473,"url":"https:\/\/portalincluir.com.br\/wp-content\/uploads\/2025\/01\/Weliton-Prado.jpg","type":"image\/jpeg"}],"author":"Portal Incluir","twitter_card":"summary_large_image","twitter_misc":{"Escrito por":"Portal Incluir","Est. tempo de leitura":"2 minutos"},"schema":{"@context":"https:\/\/schema.org","@graph":[{"@type":["Article","BlogPosting"],"@id":"https:\/\/portalincluir.com.br\/index.php\/2025\/01\/27\/comissao-aprova-projeto-que-cria-politica-nacional-para-pessoas-com-sindrome-de-down\/#article","isPartOf":{"@id":"https:\/\/portalincluir.com.br\/index.php\/2025\/01\/27\/comissao-aprova-projeto-que-cria-politica-nacional-para-pessoas-com-sindrome-de-down\/"},"author":{"name":"Portal Incluir","@id":"https:\/\/portalincluir.com.br\/#\/schema\/person\/8823664e5902eee555607fb75c4c35ae"},"headline":"Comiss\u00e3o aprova projeto que cria Pol\u00edtica Nacional para pessoas com S\u00edndrome de Down","datePublished":"2025-01-28T02:24:36+00:00","dateModified":"2025-01-28T02:24:37+00:00","mainEntityOfPage":{"@id":"https:\/\/portalincluir.com.br\/index.php\/2025\/01\/27\/comissao-aprova-projeto-que-cria-politica-nacional-para-pessoas-com-sindrome-de-down\/"},"wordCount":364,"commentCount":0,"image":{"@id":"https:\/\/portalincluir.com.br\/index.php\/2025\/01\/27\/comissao-aprova-projeto-que-cria-politica-nacional-para-pessoas-com-sindrome-de-down\/#primaryimage"},"thumbnailUrl":"https:\/\/portalincluir.com.br\/wp-content\/uploads\/2025\/01\/Weliton-Prado.jpg","articleSection":["T21"],"inLanguage":"pt-BR","potentialAction":[{"@type":"CommentAction","name":"Comment","target":["https:\/\/portalincluir.com.br\/index.php\/2025\/01\/27\/comissao-aprova-projeto-que-cria-politica-nacional-para-pessoas-com-sindrome-de-down\/#respond"]}]},{"@type":"WebPage","@id":"https:\/\/portalincluir.com.br\/index.php\/2025\/01\/27\/comissao-aprova-projeto-que-cria-politica-nacional-para-pessoas-com-sindrome-de-down\/","url":"https:\/\/portalincluir.com.br\/index.php\/2025\/01\/27\/comissao-aprova-projeto-que-cria-politica-nacional-para-pessoas-com-sindrome-de-down\/","name":"Comiss\u00e3o aprova projeto que cria Pol\u00edtica Nacional para pessoas com S\u00edndrome de Down - PORTAL INCLUIR","isPartOf":{"@id":"https:\/\/portalincluir.com.br\/#website"},"primaryImageOfPage":{"@id":"https:\/\/portalincluir.com.br\/index.php\/2025\/01\/27\/comissao-aprova-projeto-que-cria-politica-nacional-para-pessoas-com-sindrome-de-down\/#primaryimage"},"image":{"@id":"https:\/\/portalincluir.com.br\/index.php\/2025\/01\/27\/comissao-aprova-projeto-que-cria-politica-nacional-para-pessoas-com-sindrome-de-down\/#primaryimage"},"thumbnailUrl":"https:\/\/portalincluir.com.br\/wp-content\/uploads\/2025\/01\/Weliton-Prado.jpg","datePublished":"2025-01-28T02:24:36+00:00","dateModified":"2025-01-28T02:24:37+00:00","author":{"@id":"https:\/\/portalincluir.com.br\/#\/schema\/person\/8823664e5902eee555607fb75c4c35ae"},"breadcrumb":{"@id":"https:\/\/portalincluir.com.br\/index.php\/2025\/01\/27\/comissao-aprova-projeto-que-cria-politica-nacional-para-pessoas-com-sindrome-de-down\/#breadcrumb"},"inLanguage":"pt-BR","potentialAction":[{"@type":"ReadAction","target":["https:\/\/portalincluir.com.br\/index.php\/2025\/01\/27\/comissao-aprova-projeto-que-cria-politica-nacional-para-pessoas-com-sindrome-de-down\/"]}]},{"@type":"ImageObject","inLanguage":"pt-BR","@id":"https:\/\/portalincluir.com.br\/index.php\/2025\/01\/27\/comissao-aprova-projeto-que-cria-politica-nacional-para-pessoas-com-sindrome-de-down\/#primaryimage","url":"https:\/\/portalincluir.com.br\/wp-content\/uploads\/2025\/01\/Weliton-Prado.jpg","contentUrl":"https:\/\/portalincluir.com.br\/wp-content\/uploads\/2025\/01\/Weliton-Prado.jpg","width":768,"height":473,"caption":"Mario Agra \/ C\u00e2mara dos Deputados"},{"@type":"BreadcrumbList","@id":"https:\/\/portalincluir.com.br\/index.php\/2025\/01\/27\/comissao-aprova-projeto-que-cria-politica-nacional-para-pessoas-com-sindrome-de-down\/#breadcrumb","itemListElement":[{"@type":"ListItem","position":1,"name":"In\u00edcio","item":"https:\/\/portalincluir.com.br\/"},{"@type":"ListItem","position":2,"name":"Comiss\u00e3o aprova projeto que cria Pol\u00edtica Nacional para pessoas com S\u00edndrome de Down"}]},{"@type":"WebSite","@id":"https:\/\/portalincluir.com.br\/#website","url":"https:\/\/portalincluir.com.br\/","name":"PORTAL INCLUIR","description":"","potentialAction":[{"@type":"SearchAction","target":{"@type":"EntryPoint","urlTemplate":"https:\/\/portalincluir.com.br\/?s={search_term_string}"},"query-input":{"@type":"PropertyValueSpecification","valueRequired":true,"valueName":"search_term_string"}}],"inLanguage":"pt-BR"},{"@type":"Person","@id":"https:\/\/portalincluir.com.br\/#\/schema\/person\/8823664e5902eee555607fb75c4c35ae","name":"Portal Incluir","image":{"@type":"ImageObject","inLanguage":"pt-BR","@id":"https:\/\/secure.gravatar.com\/avatar\/12085fe17e70c3550551519fe1f8f51fae69b1748563a47fc3bea53d91fbcbbd?s=96&d=mm&r=g","url":"https:\/\/secure.gravatar.com\/avatar\/12085fe17e70c3550551519fe1f8f51fae69b1748563a47fc3bea53d91fbcbbd?s=96&d=mm&r=g","contentUrl":"https:\/\/secure.gravatar.com\/avatar\/12085fe17e70c3550551519fe1f8f51fae69b1748563a47fc3bea53d91fbcbbd?s=96&d=mm&r=g","caption":"Portal Incluir"},"sameAs":["http:\/\/portalincluir.com.br"],"url":"https:\/\/portalincluir.com.br\/index.php\/author\/portalincluir-com-br\/"}]}},"_links":{"self":[{"href":"https:\/\/portalincluir.com.br\/index.php\/wp-json\/wp\/v2\/posts\/467","targetHints":{"allow":["GET"]}}],"collection":[{"href":"https:\/\/portalincluir.com.br\/index.php\/wp-json\/wp\/v2\/posts"}],"about":[{"href":"https:\/\/portalincluir.com.br\/index.php\/wp-json\/wp\/v2\/types\/post"}],"author":[{"embeddable":true,"href":"https:\/\/portalincluir.com.br\/index.php\/wp-json\/wp\/v2\/users\/1"}],"replies":[{"embeddable":true,"href":"https:\/\/portalincluir.com.br\/index.php\/wp-json\/wp\/v2\/comments?post=467"}],"version-history":[{"count":1,"href":"https:\/\/portalincluir.com.br\/index.php\/wp-json\/wp\/v2\/posts\/467\/revisions"}],"predecessor-version":[{"id":469,"href":"https:\/\/portalincluir.com.br\/index.php\/wp-json\/wp\/v2\/posts\/467\/revisions\/469"}],"wp:featuredmedia":[{"embeddable":true,"href":"https:\/\/portalincluir.com.br\/index.php\/wp-json\/wp\/v2\/media\/468"}],"wp:attachment":[{"href":"https:\/\/portalincluir.com.br\/index.php\/wp-json\/wp\/v2\/media?parent=467"}],"wp:term":[{"taxonomy":"category","embeddable":true,"href":"https:\/\/portalincluir.com.br\/index.php\/wp-json\/wp\/v2\/categories?post=467"},{"taxonomy":"post_tag","embeddable":true,"href":"https:\/\/portalincluir.com.br\/index.php\/wp-json\/wp\/v2\/tags?post=467"}],"curies":[{"name":"wp","href":"https:\/\/api.w.org\/{rel}","templated":true}]}}