{"id":470,"date":"2025-01-22T23:36:04","date_gmt":"2025-01-23T02:36:04","guid":{"rendered":"https:\/\/portalincluir.com.br\/?p=470"},"modified":"2025-01-27T23:38:30","modified_gmt":"2025-01-28T02:38:30","slug":"lei-estadual-obriga-supermercados-a-qualificar-funcionarios-para-auxilio-a-pessoas-com-deficiencia","status":"publish","type":"post","link":"https:\/\/portalincluir.com.br\/index.php\/2025\/01\/22\/lei-estadual-obriga-supermercados-a-qualificar-funcionarios-para-auxilio-a-pessoas-com-deficiencia\/","title":{"rendered":"Lei estadual obriga supermercados a qualificar funcion\u00e1rios para aux\u00edlio a pessoas com defici\u00eancia"},"content":{"rendered":"\n<p>Em mar\u00e7o deste ano, entra em vigor na Bahia a lei n\u00ba 14.771, que determina a hipermercados, supermercados, minimercados, varej\u00f5es, lojas de departamentos e estabelecimentos cong\u00eaneres com mais de 10 funcion\u00e1rios a se adaptarem \u00e0 presta\u00e7\u00e3o de aux\u00edlio \u00e0s pessoas com defici\u00eancia ou mobilidade reduzida.<\/p>\n\n\n\n<p>A lei baiana determina que os funcion\u00e1rios devem ser treinados para indicar a localiza\u00e7\u00e3o dos produtos, ler r\u00f3tulos, colocar os objetos no carrinho de compras, al\u00e9m de informar sobre pre\u00e7os, ofertas, data de validade, etc. O estabelecimento ainda deve afixar cartaz sobre o direito. O n\u00e3o cumprimento resultar\u00e1 em multa de R$ 2 mil e de R$ 10 mil, no caso de reincid\u00eancia. Os valores arrecadados ser\u00e3o destinados a um fundo especial do Conselho Estadual dos Direitos da Pessoa com Defici\u00eancia (Coede\/BA).<\/p>\n\n\n\n<p>Herbert Rony Dias Ferraz e a esposa Carolina Rodrigues Quaresma s\u00e3o deficientes visuais e j\u00e1 s\u00e3o acostumados a fazer compras no mercadinho do bairro onde moram. Muitas vezes, eles contam com a ajuda de algum volunt\u00e1rio, algu\u00e9m que tamb\u00e9m est\u00e1 fazendo compras e percebe que precisam de apoio.<\/p>\n\n\n\n<p>Por\u00e9m, a dificuldade \u00e9 maior quando o casal resolve ir a algum hipermercado. \u201cNo antigo Hiper Bom Pre\u00e7o, uma vez, tivemos problemas, pois colocaram uma pessoa com dificuldade na fala para nos auxiliar. Al\u00e9m disso, ela tinha nanismo e n\u00e3o alcan\u00e7ava os produtos que a gente queria nas partes mais altas da g\u00f4ndola, por isso \u00e9 importante um treinamento para auxiliar os deficientes\u201d, relatou Herbert.<\/p>\n\n\n\n<p>Herbert, que \u00e9 presidente da Associa\u00e7\u00e3o Conquistense de Integra\u00e7\u00e3o ao Deficiente\/ACIDE, j\u00e1 lutava por essa conquista desde quando foi presidente do Conselho da Pessoa com Defici\u00eancia em Vit\u00f3ria da Conquista, inclusive j\u00e1 havia proposto a ideia a alguns vereadores. \u201cEu fico feliz que, em n\u00edvel de Estado, na Assembleia Legislativa, tenha sa\u00eddo essa lei. Eu s\u00f3 achava que esses valores das multas deveriam ser destinados aos conselhos municipais de suas cidades. Mas, eu acho super v\u00e1lida e necess\u00e1ria\u201d, destacou.<\/p>\n\n\n\n<p>Fonte: <a href=\"https:\/\/www.camaravc.ba.gov.br\/home\/noticia\/35679\/lei-estadual-obriga-supermercados-a-qualificar-funcionarios-para-auxilio-a-pessoas-com-deficiencia\">C\u00e2mara de Vereadores de Vit\u00f3ria da Conquista<\/a><\/p>\n","protected":false},"excerpt":{"rendered":"<p>Em mar\u00e7o deste ano, entra em vigor na Bahia a lei n\u00ba 14.771, que determina<\/p>\n","protected":false},"author":1,"featured_media":471,"comment_status":"open","ping_status":"open","sticky":false,"template":"","format":"standard","meta":{"om_disable_all_campaigns":false,"_monsterinsights_skip_tracking":false,"_monsterinsights_sitenote_active":false,"_monsterinsights_sitenote_note":"","_monsterinsights_sitenote_category":0,"_uf_show_specific_survey":0,"_uf_disable_surveys":false,"footnotes":""},"categories":[9],"tags":[],"class_list":["post-470","post","type-post","status-publish","format-standard","has-post-thumbnail","hentry","category-noticias"],"yoast_head":"<!-- This site is optimized with the Yoast SEO plugin v27.4 - https:\/\/yoast.com\/product\/yoast-seo-wordpress\/ -->\n<title>Lei estadual obriga supermercados a qualificar funcion\u00e1rios para aux\u00edlio a pessoas com defici\u00eancia - PORTAL INCLUIR<\/title>\n<meta name=\"robots\" content=\"index, follow, max-snippet:-1, max-image-preview:large, max-video-preview:-1\" \/>\n<link rel=\"canonical\" href=\"https:\/\/portalincluir.com.br\/index.php\/2025\/01\/22\/lei-estadual-obriga-supermercados-a-qualificar-funcionarios-para-auxilio-a-pessoas-com-deficiencia\/\" \/>\n<meta property=\"og:locale\" content=\"pt_BR\" \/>\n<meta property=\"og:type\" content=\"article\" \/>\n<meta property=\"og:title\" content=\"Lei estadual obriga supermercados a qualificar funcion\u00e1rios para aux\u00edlio a pessoas com defici\u00eancia - PORTAL INCLUIR\" \/>\n<meta property=\"og:description\" content=\"Em mar\u00e7o deste ano, entra em vigor na Bahia a lei n\u00ba 14.771, que determina\" \/>\n<meta property=\"og:url\" content=\"https:\/\/portalincluir.com.br\/index.php\/2025\/01\/22\/lei-estadual-obriga-supermercados-a-qualificar-funcionarios-para-auxilio-a-pessoas-com-deficiencia\/\" \/>\n<meta property=\"og:site_name\" content=\"PORTAL INCLUIR\" \/>\n<meta property=\"article:published_time\" content=\"2025-01-23T02:36:04+00:00\" \/>\n<meta property=\"article:modified_time\" content=\"2025-01-28T02:38:30+00:00\" \/>\n<meta property=\"og:image\" content=\"https:\/\/portalincluir.com.br\/wp-content\/uploads\/2025\/01\/WhatsApp_Image_20250121_at_10393911.jpeg\" \/>\n\t<meta property=\"og:image:width\" content=\"626\" \/>\n\t<meta property=\"og:image:height\" content=\"358\" \/>\n\t<meta property=\"og:image:type\" content=\"image\/jpeg\" \/>\n<meta name=\"author\" content=\"Portal Incluir\" \/>\n<meta name=\"twitter:card\" content=\"summary_large_image\" \/>\n<meta name=\"twitter:label1\" content=\"Escrito por\" \/>\n\t<meta name=\"twitter:data1\" content=\"Portal Incluir\" \/>\n\t<meta name=\"twitter:label2\" content=\"Est. tempo de leitura\" \/>\n\t<meta name=\"twitter:data2\" content=\"2 minutos\" \/>\n<script type=\"application\/ld+json\" class=\"yoast-schema-graph\">{\"@context\":\"https:\\\/\\\/schema.org\",\"@graph\":[{\"@type\":[\"Article\",\"BlogPosting\"],\"@id\":\"https:\\\/\\\/portalincluir.com.br\\\/index.php\\\/2025\\\/01\\\/22\\\/lei-estadual-obriga-supermercados-a-qualificar-funcionarios-para-auxilio-a-pessoas-com-deficiencia\\\/#article\",\"isPartOf\":{\"@id\":\"https:\\\/\\\/portalincluir.com.br\\\/index.php\\\/2025\\\/01\\\/22\\\/lei-estadual-obriga-supermercados-a-qualificar-funcionarios-para-auxilio-a-pessoas-com-deficiencia\\\/\"},\"author\":{\"name\":\"Portal Incluir\",\"@id\":\"https:\\\/\\\/portalincluir.com.br\\\/#\\\/schema\\\/person\\\/8823664e5902eee555607fb75c4c35ae\"},\"headline\":\"Lei estadual obriga supermercados a qualificar funcion\u00e1rios para aux\u00edlio a pessoas com defici\u00eancia\",\"datePublished\":\"2025-01-23T02:36:04+00:00\",\"dateModified\":\"2025-01-28T02:38:30+00:00\",\"mainEntityOfPage\":{\"@id\":\"https:\\\/\\\/portalincluir.com.br\\\/index.php\\\/2025\\\/01\\\/22\\\/lei-estadual-obriga-supermercados-a-qualificar-funcionarios-para-auxilio-a-pessoas-com-deficiencia\\\/\"},\"wordCount\":374,\"commentCount\":0,\"image\":{\"@id\":\"https:\\\/\\\/portalincluir.com.br\\\/index.php\\\/2025\\\/01\\\/22\\\/lei-estadual-obriga-supermercados-a-qualificar-funcionarios-para-auxilio-a-pessoas-com-deficiencia\\\/#primaryimage\"},\"thumbnailUrl\":\"https:\\\/\\\/portalincluir.com.br\\\/wp-content\\\/uploads\\\/2025\\\/01\\\/WhatsApp_Image_20250121_at_10393911.jpeg\",\"articleSection\":[\"Not\u00edcias\"],\"inLanguage\":\"pt-BR\",\"potentialAction\":[{\"@type\":\"CommentAction\",\"name\":\"Comment\",\"target\":[\"https:\\\/\\\/portalincluir.com.br\\\/index.php\\\/2025\\\/01\\\/22\\\/lei-estadual-obriga-supermercados-a-qualificar-funcionarios-para-auxilio-a-pessoas-com-deficiencia\\\/#respond\"]}]},{\"@type\":\"WebPage\",\"@id\":\"https:\\\/\\\/portalincluir.com.br\\\/index.php\\\/2025\\\/01\\\/22\\\/lei-estadual-obriga-supermercados-a-qualificar-funcionarios-para-auxilio-a-pessoas-com-deficiencia\\\/\",\"url\":\"https:\\\/\\\/portalincluir.com.br\\\/index.php\\\/2025\\\/01\\\/22\\\/lei-estadual-obriga-supermercados-a-qualificar-funcionarios-para-auxilio-a-pessoas-com-deficiencia\\\/\",\"name\":\"Lei estadual obriga supermercados a qualificar funcion\u00e1rios para aux\u00edlio a pessoas com defici\u00eancia - PORTAL INCLUIR\",\"isPartOf\":{\"@id\":\"https:\\\/\\\/portalincluir.com.br\\\/#website\"},\"primaryImageOfPage\":{\"@id\":\"https:\\\/\\\/portalincluir.com.br\\\/index.php\\\/2025\\\/01\\\/22\\\/lei-estadual-obriga-supermercados-a-qualificar-funcionarios-para-auxilio-a-pessoas-com-deficiencia\\\/#primaryimage\"},\"image\":{\"@id\":\"https:\\\/\\\/portalincluir.com.br\\\/index.php\\\/2025\\\/01\\\/22\\\/lei-estadual-obriga-supermercados-a-qualificar-funcionarios-para-auxilio-a-pessoas-com-deficiencia\\\/#primaryimage\"},\"thumbnailUrl\":\"https:\\\/\\\/portalincluir.com.br\\\/wp-content\\\/uploads\\\/2025\\\/01\\\/WhatsApp_Image_20250121_at_10393911.jpeg\",\"datePublished\":\"2025-01-23T02:36:04+00:00\",\"dateModified\":\"2025-01-28T02:38:30+00:00\",\"author\":{\"@id\":\"https:\\\/\\\/portalincluir.com.br\\\/#\\\/schema\\\/person\\\/8823664e5902eee555607fb75c4c35ae\"},\"breadcrumb\":{\"@id\":\"https:\\\/\\\/portalincluir.com.br\\\/index.php\\\/2025\\\/01\\\/22\\\/lei-estadual-obriga-supermercados-a-qualificar-funcionarios-para-auxilio-a-pessoas-com-deficiencia\\\/#breadcrumb\"},\"inLanguage\":\"pt-BR\",\"potentialAction\":[{\"@type\":\"ReadAction\",\"target\":[\"https:\\\/\\\/portalincluir.com.br\\\/index.php\\\/2025\\\/01\\\/22\\\/lei-estadual-obriga-supermercados-a-qualificar-funcionarios-para-auxilio-a-pessoas-com-deficiencia\\\/\"]}]},{\"@type\":\"ImageObject\",\"inLanguage\":\"pt-BR\",\"@id\":\"https:\\\/\\\/portalincluir.com.br\\\/index.php\\\/2025\\\/01\\\/22\\\/lei-estadual-obriga-supermercados-a-qualificar-funcionarios-para-auxilio-a-pessoas-com-deficiencia\\\/#primaryimage\",\"url\":\"https:\\\/\\\/portalincluir.com.br\\\/wp-content\\\/uploads\\\/2025\\\/01\\\/WhatsApp_Image_20250121_at_10393911.jpeg\",\"contentUrl\":\"https:\\\/\\\/portalincluir.com.br\\\/wp-content\\\/uploads\\\/2025\\\/01\\\/WhatsApp_Image_20250121_at_10393911.jpeg\",\"width\":626,\"height\":358},{\"@type\":\"BreadcrumbList\",\"@id\":\"https:\\\/\\\/portalincluir.com.br\\\/index.php\\\/2025\\\/01\\\/22\\\/lei-estadual-obriga-supermercados-a-qualificar-funcionarios-para-auxilio-a-pessoas-com-deficiencia\\\/#breadcrumb\",\"itemListElement\":[{\"@type\":\"ListItem\",\"position\":1,\"name\":\"In\u00edcio\",\"item\":\"https:\\\/\\\/portalincluir.com.br\\\/\"},{\"@type\":\"ListItem\",\"position\":2,\"name\":\"Lei estadual obriga supermercados a qualificar funcion\u00e1rios para aux\u00edlio a pessoas com defici\u00eancia\"}]},{\"@type\":\"WebSite\",\"@id\":\"https:\\\/\\\/portalincluir.com.br\\\/#website\",\"url\":\"https:\\\/\\\/portalincluir.com.br\\\/\",\"name\":\"PORTAL INCLUIR\",\"description\":\"\",\"potentialAction\":[{\"@type\":\"SearchAction\",\"target\":{\"@type\":\"EntryPoint\",\"urlTemplate\":\"https:\\\/\\\/portalincluir.com.br\\\/?s={search_term_string}\"},\"query-input\":{\"@type\":\"PropertyValueSpecification\",\"valueRequired\":true,\"valueName\":\"search_term_string\"}}],\"inLanguage\":\"pt-BR\"},{\"@type\":\"Person\",\"@id\":\"https:\\\/\\\/portalincluir.com.br\\\/#\\\/schema\\\/person\\\/8823664e5902eee555607fb75c4c35ae\",\"name\":\"Portal Incluir\",\"image\":{\"@type\":\"ImageObject\",\"inLanguage\":\"pt-BR\",\"@id\":\"https:\\\/\\\/secure.gravatar.com\\\/avatar\\\/12085fe17e70c3550551519fe1f8f51fae69b1748563a47fc3bea53d91fbcbbd?s=96&d=mm&r=g\",\"url\":\"https:\\\/\\\/secure.gravatar.com\\\/avatar\\\/12085fe17e70c3550551519fe1f8f51fae69b1748563a47fc3bea53d91fbcbbd?s=96&d=mm&r=g\",\"contentUrl\":\"https:\\\/\\\/secure.gravatar.com\\\/avatar\\\/12085fe17e70c3550551519fe1f8f51fae69b1748563a47fc3bea53d91fbcbbd?s=96&d=mm&r=g\",\"caption\":\"Portal Incluir\"},\"sameAs\":[\"http:\\\/\\\/portalincluir.com.br\"],\"url\":\"https:\\\/\\\/portalincluir.com.br\\\/index.php\\\/author\\\/portalincluir-com-br\\\/\"}]}<\/script>\n<!-- \/ Yoast SEO plugin. -->","yoast_head_json":{"title":"Lei estadual obriga supermercados a qualificar funcion\u00e1rios para aux\u00edlio a pessoas com defici\u00eancia - PORTAL INCLUIR","robots":{"index":"index","follow":"follow","max-snippet":"max-snippet:-1","max-image-preview":"max-image-preview:large","max-video-preview":"max-video-preview:-1"},"canonical":"https:\/\/portalincluir.com.br\/index.php\/2025\/01\/22\/lei-estadual-obriga-supermercados-a-qualificar-funcionarios-para-auxilio-a-pessoas-com-deficiencia\/","og_locale":"pt_BR","og_type":"article","og_title":"Lei estadual obriga supermercados a qualificar funcion\u00e1rios para aux\u00edlio a pessoas com defici\u00eancia - PORTAL INCLUIR","og_description":"Em mar\u00e7o deste ano, entra em vigor na Bahia a lei n\u00ba 14.771, que determina","og_url":"https:\/\/portalincluir.com.br\/index.php\/2025\/01\/22\/lei-estadual-obriga-supermercados-a-qualificar-funcionarios-para-auxilio-a-pessoas-com-deficiencia\/","og_site_name":"PORTAL INCLUIR","article_published_time":"2025-01-23T02:36:04+00:00","article_modified_time":"2025-01-28T02:38:30+00:00","og_image":[{"width":626,"height":358,"url":"https:\/\/portalincluir.com.br\/wp-content\/uploads\/2025\/01\/WhatsApp_Image_20250121_at_10393911.jpeg","type":"image\/jpeg"}],"author":"Portal Incluir","twitter_card":"summary_large_image","twitter_misc":{"Escrito por":"Portal Incluir","Est. tempo de leitura":"2 minutos"},"schema":{"@context":"https:\/\/schema.org","@graph":[{"@type":["Article","BlogPosting"],"@id":"https:\/\/portalincluir.com.br\/index.php\/2025\/01\/22\/lei-estadual-obriga-supermercados-a-qualificar-funcionarios-para-auxilio-a-pessoas-com-deficiencia\/#article","isPartOf":{"@id":"https:\/\/portalincluir.com.br\/index.php\/2025\/01\/22\/lei-estadual-obriga-supermercados-a-qualificar-funcionarios-para-auxilio-a-pessoas-com-deficiencia\/"},"author":{"name":"Portal Incluir","@id":"https:\/\/portalincluir.com.br\/#\/schema\/person\/8823664e5902eee555607fb75c4c35ae"},"headline":"Lei estadual obriga supermercados a qualificar funcion\u00e1rios para aux\u00edlio a pessoas com defici\u00eancia","datePublished":"2025-01-23T02:36:04+00:00","dateModified":"2025-01-28T02:38:30+00:00","mainEntityOfPage":{"@id":"https:\/\/portalincluir.com.br\/index.php\/2025\/01\/22\/lei-estadual-obriga-supermercados-a-qualificar-funcionarios-para-auxilio-a-pessoas-com-deficiencia\/"},"wordCount":374,"commentCount":0,"image":{"@id":"https:\/\/portalincluir.com.br\/index.php\/2025\/01\/22\/lei-estadual-obriga-supermercados-a-qualificar-funcionarios-para-auxilio-a-pessoas-com-deficiencia\/#primaryimage"},"thumbnailUrl":"https:\/\/portalincluir.com.br\/wp-content\/uploads\/2025\/01\/WhatsApp_Image_20250121_at_10393911.jpeg","articleSection":["Not\u00edcias"],"inLanguage":"pt-BR","potentialAction":[{"@type":"CommentAction","name":"Comment","target":["https:\/\/portalincluir.com.br\/index.php\/2025\/01\/22\/lei-estadual-obriga-supermercados-a-qualificar-funcionarios-para-auxilio-a-pessoas-com-deficiencia\/#respond"]}]},{"@type":"WebPage","@id":"https:\/\/portalincluir.com.br\/index.php\/2025\/01\/22\/lei-estadual-obriga-supermercados-a-qualificar-funcionarios-para-auxilio-a-pessoas-com-deficiencia\/","url":"https:\/\/portalincluir.com.br\/index.php\/2025\/01\/22\/lei-estadual-obriga-supermercados-a-qualificar-funcionarios-para-auxilio-a-pessoas-com-deficiencia\/","name":"Lei estadual obriga supermercados a qualificar funcion\u00e1rios para aux\u00edlio a pessoas com defici\u00eancia - PORTAL INCLUIR","isPartOf":{"@id":"https:\/\/portalincluir.com.br\/#website"},"primaryImageOfPage":{"@id":"https:\/\/portalincluir.com.br\/index.php\/2025\/01\/22\/lei-estadual-obriga-supermercados-a-qualificar-funcionarios-para-auxilio-a-pessoas-com-deficiencia\/#primaryimage"},"image":{"@id":"https:\/\/portalincluir.com.br\/index.php\/2025\/01\/22\/lei-estadual-obriga-supermercados-a-qualificar-funcionarios-para-auxilio-a-pessoas-com-deficiencia\/#primaryimage"},"thumbnailUrl":"https:\/\/portalincluir.com.br\/wp-content\/uploads\/2025\/01\/WhatsApp_Image_20250121_at_10393911.jpeg","datePublished":"2025-01-23T02:36:04+00:00","dateModified":"2025-01-28T02:38:30+00:00","author":{"@id":"https:\/\/portalincluir.com.br\/#\/schema\/person\/8823664e5902eee555607fb75c4c35ae"},"breadcrumb":{"@id":"https:\/\/portalincluir.com.br\/index.php\/2025\/01\/22\/lei-estadual-obriga-supermercados-a-qualificar-funcionarios-para-auxilio-a-pessoas-com-deficiencia\/#breadcrumb"},"inLanguage":"pt-BR","potentialAction":[{"@type":"ReadAction","target":["https:\/\/portalincluir.com.br\/index.php\/2025\/01\/22\/lei-estadual-obriga-supermercados-a-qualificar-funcionarios-para-auxilio-a-pessoas-com-deficiencia\/"]}]},{"@type":"ImageObject","inLanguage":"pt-BR","@id":"https:\/\/portalincluir.com.br\/index.php\/2025\/01\/22\/lei-estadual-obriga-supermercados-a-qualificar-funcionarios-para-auxilio-a-pessoas-com-deficiencia\/#primaryimage","url":"https:\/\/portalincluir.com.br\/wp-content\/uploads\/2025\/01\/WhatsApp_Image_20250121_at_10393911.jpeg","contentUrl":"https:\/\/portalincluir.com.br\/wp-content\/uploads\/2025\/01\/WhatsApp_Image_20250121_at_10393911.jpeg","width":626,"height":358},{"@type":"BreadcrumbList","@id":"https:\/\/portalincluir.com.br\/index.php\/2025\/01\/22\/lei-estadual-obriga-supermercados-a-qualificar-funcionarios-para-auxilio-a-pessoas-com-deficiencia\/#breadcrumb","itemListElement":[{"@type":"ListItem","position":1,"name":"In\u00edcio","item":"https:\/\/portalincluir.com.br\/"},{"@type":"ListItem","position":2,"name":"Lei estadual obriga supermercados a qualificar funcion\u00e1rios para aux\u00edlio a pessoas com defici\u00eancia"}]},{"@type":"WebSite","@id":"https:\/\/portalincluir.com.br\/#website","url":"https:\/\/portalincluir.com.br\/","name":"PORTAL INCLUIR","description":"","potentialAction":[{"@type":"SearchAction","target":{"@type":"EntryPoint","urlTemplate":"https:\/\/portalincluir.com.br\/?s={search_term_string}"},"query-input":{"@type":"PropertyValueSpecification","valueRequired":true,"valueName":"search_term_string"}}],"inLanguage":"pt-BR"},{"@type":"Person","@id":"https:\/\/portalincluir.com.br\/#\/schema\/person\/8823664e5902eee555607fb75c4c35ae","name":"Portal Incluir","image":{"@type":"ImageObject","inLanguage":"pt-BR","@id":"https:\/\/secure.gravatar.com\/avatar\/12085fe17e70c3550551519fe1f8f51fae69b1748563a47fc3bea53d91fbcbbd?s=96&d=mm&r=g","url":"https:\/\/secure.gravatar.com\/avatar\/12085fe17e70c3550551519fe1f8f51fae69b1748563a47fc3bea53d91fbcbbd?s=96&d=mm&r=g","contentUrl":"https:\/\/secure.gravatar.com\/avatar\/12085fe17e70c3550551519fe1f8f51fae69b1748563a47fc3bea53d91fbcbbd?s=96&d=mm&r=g","caption":"Portal Incluir"},"sameAs":["http:\/\/portalincluir.com.br"],"url":"https:\/\/portalincluir.com.br\/index.php\/author\/portalincluir-com-br\/"}]}},"_links":{"self":[{"href":"https:\/\/portalincluir.com.br\/index.php\/wp-json\/wp\/v2\/posts\/470","targetHints":{"allow":["GET"]}}],"collection":[{"href":"https:\/\/portalincluir.com.br\/index.php\/wp-json\/wp\/v2\/posts"}],"about":[{"href":"https:\/\/portalincluir.com.br\/index.php\/wp-json\/wp\/v2\/types\/post"}],"author":[{"embeddable":true,"href":"https:\/\/portalincluir.com.br\/index.php\/wp-json\/wp\/v2\/users\/1"}],"replies":[{"embeddable":true,"href":"https:\/\/portalincluir.com.br\/index.php\/wp-json\/wp\/v2\/comments?post=470"}],"version-history":[{"count":2,"href":"https:\/\/portalincluir.com.br\/index.php\/wp-json\/wp\/v2\/posts\/470\/revisions"}],"predecessor-version":[{"id":474,"href":"https:\/\/portalincluir.com.br\/index.php\/wp-json\/wp\/v2\/posts\/470\/revisions\/474"}],"wp:featuredmedia":[{"embeddable":true,"href":"https:\/\/portalincluir.com.br\/index.php\/wp-json\/wp\/v2\/media\/471"}],"wp:attachment":[{"href":"https:\/\/portalincluir.com.br\/index.php\/wp-json\/wp\/v2\/media?parent=470"}],"wp:term":[{"taxonomy":"category","embeddable":true,"href":"https:\/\/portalincluir.com.br\/index.php\/wp-json\/wp\/v2\/categories?post=470"},{"taxonomy":"post_tag","embeddable":true,"href":"https:\/\/portalincluir.com.br\/index.php\/wp-json\/wp\/v2\/tags?post=470"}],"curies":[{"name":"wp","href":"https:\/\/api.w.org\/{rel}","templated":true}]}}