{"id":477,"date":"2025-01-29T23:37:16","date_gmt":"2025-01-30T02:37:16","guid":{"rendered":"https:\/\/portalincluir.com.br\/?p=477"},"modified":"2025-01-29T23:39:13","modified_gmt":"2025-01-30T02:39:13","slug":"deficiencia-e-desafio-incluir-em-um-mundo-que-exclui","status":"publish","type":"post","link":"https:\/\/portalincluir.com.br\/index.php\/2025\/01\/29\/deficiencia-e-desafio-incluir-em-um-mundo-que-exclui\/","title":{"rendered":"Defici\u00eancia e Desafio: Incluir em um Mundo que Exclui"},"content":{"rendered":"\n<p>Em um mundo cada vez mais marcado pelo individualismo e por ideais eugenistas, a inclus\u00e3o de pessoas com defici\u00eancia se torna um desafio urgente e necess\u00e1rio. A exclus\u00e3o enfrentada por essa parcela da popula\u00e7\u00e3o n\u00e3o \u00e9 apenas uma quest\u00e3o de acessibilidade f\u00edsica, mas tamb\u00e9m um reflexo de uma sociedade que, muitas vezes, valoriza a &#8220;perfei\u00e7\u00e3o&#8221; em detrimento da diversidade humana. Essa realidade se assemelha a outras formas de discrimina\u00e7\u00e3o, como o racismo, o machismo e a LGBTQIA+fobia, que perpetuam desigualdades e marginalizam grupos historicamente vulner\u00e1veis.<\/p>\n\n\n\n<p>Dados da Organiza\u00e7\u00e3o Mundial da Sa\u00fade (OMS), afirmam que mais de&nbsp;<strong>1 bilh\u00e3o de pessoas<\/strong>&nbsp;em todo o mundo vivem com algum tipo de defici\u00eancia, o que representa cerca de&nbsp;<strong>15% da popula\u00e7\u00e3o global<\/strong>. No Brasil, o Censo do IBGE de 2010 apontou que quase&nbsp;<strong>24% da popula\u00e7\u00e3o<\/strong>&nbsp;(aproximadamente&nbsp;<strong>45 milh\u00f5es de pessoas<\/strong>) possui alguma defici\u00eancia, seja f\u00edsica, intelectual, visual, auditiva ou m\u00faltipla. Esses n\u00fameros evidenciam que a defici\u00eancia \u00e9 uma realidade significativa, mas que ainda \u00e9 tratada com descaso e invisibilidade.<\/p>\n\n\n\n<p>A sociedade contempor\u00e2nea, pautada pelo individualismo, prioriza o sucesso pessoal em detrimento do bem-estar coletivo. Nesse contexto, pessoas com defici\u00eancia s\u00e3o frequentemente vistas como &#8220;menos capazes&#8221; ou &#8220;um fardo&#8221;, especialmente em um sistema que valoriza a produtividade acima de tudo. Essa mentalidade ecoa os ideais eugenistas do s\u00e9culo XX, que pregavam a &#8220;melhoria&#8221; da ra\u00e7a humana por meio da exclus\u00e3o de indiv\u00edduos considerados &#8220;imperfeitos&#8221;.<\/p>\n\n\n\n<p>A eugenia, embora desacreditada cientificamente, ainda se manifesta de forma sutil em pr\u00e1ticas como a sele\u00e7\u00e3o de embri\u00f5es em tratamentos de fertiliza\u00e7\u00e3o in vitro, onde h\u00e1 uma prefer\u00eancia por caracter\u00edsticas consideradas &#8220;ideais&#8221;. Essa l\u00f3gica exclui n\u00e3o apenas pessoas com defici\u00eancia, mas tamb\u00e9m refor\u00e7a estere\u00f3tipos de que apenas corpos &#8220;perfeitos&#8221; merecem existir.<\/p>\n\n\n\n<p>A exclus\u00e3o de pessoas com defici\u00eancia n\u00e3o ocorre de forma isolada. Ela se assemelha a outras formas de discrimina\u00e7\u00e3o, como o racismo, que marginaliza pessoas negras; o machismo, que oprime mulheres; e a LGBTQIA+fobia, que nega direitos e dignidade \u00e0 comunidade LGBTQIA+. Todas essas formas de exclus\u00e3o t\u00eam em comum a nega\u00e7\u00e3o da humanidade do outro, baseada em caracter\u00edsticas que fogem a um padr\u00e3o imposto pela sociedade.<\/p>\n\n\n\n<p>Por exemplo, assim como pessoas com defici\u00eancia enfrentam barreiras arquitet\u00f4nicas e atitudinais, pessoas negras enfrentam o racismo estrutural que limita seu acesso a oportunidades. Da mesma forma, mulheres e pessoas LGBTQIA+ lutam contra estere\u00f3tipos e viol\u00eancias que as colocam em posi\u00e7\u00e3o de inferioridade. A luta pela inclus\u00e3o, portanto, deve ser interseccional, reconhecendo que todas essas formas de opress\u00e3o est\u00e3o interligadas.<\/p>\n\n\n\n<p>No Brasil, a Lei Brasileira de Inclus\u00e3o (LBI), sancionada em 2015, foi um marco importante ao garantir direitos como acessibilidade, educa\u00e7\u00e3o inclusiva e inser\u00e7\u00e3o no mercado de trabalho. No entanto, a implementa\u00e7\u00e3o dessas pol\u00edticas ainda esbarra em desafios como a falta de fiscaliza\u00e7\u00e3o, a precariedade dos servi\u00e7os p\u00fablicos e o preconceito enraizado na sociedade.<\/p>\n\n\n\n<p>Dados do Minist\u00e9rio da Economia mostram que, em 2022, apenas&nbsp;<strong>1% das vagas formais de emprego<\/strong>&nbsp;no pa\u00eds eram ocupadas por pessoas com defici\u00eancia, apesar da legisla\u00e7\u00e3o que obriga empresas com mais de 100 funcion\u00e1rios a reservarem uma cota de vagas. Na educa\u00e7\u00e3o, embora haja avan\u00e7os na inclus\u00e3o de alunos com defici\u00eancia em escolas regulares, muitos ainda enfrentam barreiras como a falta de profissionais capacitados e de recursos adaptados.<\/p>\n\n\n\n<p>Incluir pessoas com defici\u00eancia n\u00e3o \u00e9 apenas uma quest\u00e3o de cumprir leis ou garantir acessibilidade. \u00c9, acima de tudo, um resgate da humanidade em uma sociedade que tende a valorizar apenas o que \u00e9 considerado &#8220;produtivo&#8221; ou &#8220;perfeito&#8221;. A inclus\u00e3o pressup\u00f5e reconhecer que a diversidade \u00e9 uma riqueza e que todas as pessoas, independentemente de suas caracter\u00edsticas, t\u00eam o direito de viver com dignidade e plenitude.<\/p>\n\n\n\n<p>Para isso, \u00e9 necess\u00e1rio combater o capacitismo \u2014 a discrimina\u00e7\u00e3o contra pessoas com defici\u00eancia \u2014 assim como combatemos o racismo, o machismo e outras formas de opress\u00e3o. Isso envolve educa\u00e7\u00e3o, conscientiza\u00e7\u00e3o e pol\u00edticas p\u00fablicas eficazes, mas tamb\u00e9m uma mudan\u00e7a cultural que valorize a diferen\u00e7a como parte intr\u00ednseca da experi\u00eancia humana.<\/p>\n\n\n\n<p>A inclus\u00e3o de pessoas com defici\u00eancia \u00e9 um desafio que exige a\u00e7\u00e3o coletiva e uma ruptura com os ideais individualistas e eugenistas que ainda permeiam nossa sociedade. Enquanto milh\u00f5es de pessoas continuam sendo exclu\u00eddas por suas caracter\u00edsticas f\u00edsicas, intelectuais ou sensoriais, n\u00e3o podemos falar em justi\u00e7a ou igualdade. A verdadeira inclus\u00e3o s\u00f3 ser\u00e1 poss\u00edvel quando entendermos que a diversidade n\u00e3o \u00e9 um problema a ser resolvido, mas uma oportunidade para construir uma sociedade mais justa, humana e acolhedora para todos.<\/p>\n","protected":false},"excerpt":{"rendered":"<p>Em um mundo cada vez mais marcado pelo individualismo e por ideais eugenistas, a inclus\u00e3o<\/p>\n","protected":false},"author":1,"featured_media":480,"comment_status":"open","ping_status":"open","sticky":false,"template":"","format":"standard","meta":{"om_disable_all_campaigns":false,"_monsterinsights_skip_tracking":false,"_monsterinsights_sitenote_active":false,"_monsterinsights_sitenote_note":"","_monsterinsights_sitenote_category":0,"_uf_show_specific_survey":0,"_uf_disable_surveys":false,"footnotes":""},"categories":[1],"tags":[],"class_list":["post-477","post","type-post","status-publish","format-standard","has-post-thumbnail","hentry","category-portal"],"yoast_head":"<!-- This site is optimized with the Yoast SEO plugin v27.4 - https:\/\/yoast.com\/product\/yoast-seo-wordpress\/ -->\n<title>Defici\u00eancia e Desafio: Incluir em um Mundo que Exclui - PORTAL INCLUIR<\/title>\n<meta name=\"robots\" content=\"index, follow, max-snippet:-1, max-image-preview:large, max-video-preview:-1\" \/>\n<link rel=\"canonical\" href=\"https:\/\/portalincluir.com.br\/index.php\/2025\/01\/29\/deficiencia-e-desafio-incluir-em-um-mundo-que-exclui\/\" \/>\n<meta property=\"og:locale\" content=\"pt_BR\" \/>\n<meta property=\"og:type\" content=\"article\" \/>\n<meta property=\"og:title\" content=\"Defici\u00eancia e Desafio: Incluir em um Mundo que Exclui - PORTAL INCLUIR\" \/>\n<meta property=\"og:description\" content=\"Em um mundo cada vez mais marcado pelo individualismo e por ideais eugenistas, a inclus\u00e3o\" \/>\n<meta property=\"og:url\" content=\"https:\/\/portalincluir.com.br\/index.php\/2025\/01\/29\/deficiencia-e-desafio-incluir-em-um-mundo-que-exclui\/\" \/>\n<meta property=\"og:site_name\" content=\"PORTAL INCLUIR\" \/>\n<meta property=\"article:published_time\" content=\"2025-01-30T02:37:16+00:00\" \/>\n<meta property=\"article:modified_time\" content=\"2025-01-30T02:39:13+00:00\" \/>\n<meta property=\"og:image\" content=\"https:\/\/portalincluir.com.br\/wp-content\/uploads\/2025\/01\/Acessibilidade-e-direito-nao-favor-1.png\" \/>\n\t<meta property=\"og:image:width\" content=\"1067\" \/>\n\t<meta property=\"og:image:height\" content=\"768\" \/>\n\t<meta property=\"og:image:type\" content=\"image\/png\" \/>\n<meta name=\"author\" content=\"Portal Incluir\" \/>\n<meta name=\"twitter:card\" content=\"summary_large_image\" \/>\n<meta name=\"twitter:label1\" content=\"Escrito por\" \/>\n\t<meta name=\"twitter:data1\" content=\"Portal Incluir\" \/>\n\t<meta name=\"twitter:label2\" content=\"Est. tempo de leitura\" \/>\n\t<meta name=\"twitter:data2\" content=\"4 minutos\" \/>\n<script type=\"application\/ld+json\" class=\"yoast-schema-graph\">{\"@context\":\"https:\\\/\\\/schema.org\",\"@graph\":[{\"@type\":[\"Article\",\"BlogPosting\"],\"@id\":\"https:\\\/\\\/portalincluir.com.br\\\/index.php\\\/2025\\\/01\\\/29\\\/deficiencia-e-desafio-incluir-em-um-mundo-que-exclui\\\/#article\",\"isPartOf\":{\"@id\":\"https:\\\/\\\/portalincluir.com.br\\\/index.php\\\/2025\\\/01\\\/29\\\/deficiencia-e-desafio-incluir-em-um-mundo-que-exclui\\\/\"},\"author\":{\"name\":\"Portal Incluir\",\"@id\":\"https:\\\/\\\/portalincluir.com.br\\\/#\\\/schema\\\/person\\\/8823664e5902eee555607fb75c4c35ae\"},\"headline\":\"Defici\u00eancia e Desafio: Incluir em um Mundo que Exclui\",\"datePublished\":\"2025-01-30T02:37:16+00:00\",\"dateModified\":\"2025-01-30T02:39:13+00:00\",\"mainEntityOfPage\":{\"@id\":\"https:\\\/\\\/portalincluir.com.br\\\/index.php\\\/2025\\\/01\\\/29\\\/deficiencia-e-desafio-incluir-em-um-mundo-que-exclui\\\/\"},\"wordCount\":835,\"commentCount\":0,\"image\":{\"@id\":\"https:\\\/\\\/portalincluir.com.br\\\/index.php\\\/2025\\\/01\\\/29\\\/deficiencia-e-desafio-incluir-em-um-mundo-que-exclui\\\/#primaryimage\"},\"thumbnailUrl\":\"https:\\\/\\\/portalincluir.com.br\\\/wp-content\\\/uploads\\\/2025\\\/01\\\/Acessibilidade-e-direito-nao-favor-1.png\",\"articleSection\":[\"Portal\"],\"inLanguage\":\"pt-BR\",\"potentialAction\":[{\"@type\":\"CommentAction\",\"name\":\"Comment\",\"target\":[\"https:\\\/\\\/portalincluir.com.br\\\/index.php\\\/2025\\\/01\\\/29\\\/deficiencia-e-desafio-incluir-em-um-mundo-que-exclui\\\/#respond\"]}]},{\"@type\":\"WebPage\",\"@id\":\"https:\\\/\\\/portalincluir.com.br\\\/index.php\\\/2025\\\/01\\\/29\\\/deficiencia-e-desafio-incluir-em-um-mundo-que-exclui\\\/\",\"url\":\"https:\\\/\\\/portalincluir.com.br\\\/index.php\\\/2025\\\/01\\\/29\\\/deficiencia-e-desafio-incluir-em-um-mundo-que-exclui\\\/\",\"name\":\"Defici\u00eancia e Desafio: Incluir em um Mundo que Exclui - PORTAL INCLUIR\",\"isPartOf\":{\"@id\":\"https:\\\/\\\/portalincluir.com.br\\\/#website\"},\"primaryImageOfPage\":{\"@id\":\"https:\\\/\\\/portalincluir.com.br\\\/index.php\\\/2025\\\/01\\\/29\\\/deficiencia-e-desafio-incluir-em-um-mundo-que-exclui\\\/#primaryimage\"},\"image\":{\"@id\":\"https:\\\/\\\/portalincluir.com.br\\\/index.php\\\/2025\\\/01\\\/29\\\/deficiencia-e-desafio-incluir-em-um-mundo-que-exclui\\\/#primaryimage\"},\"thumbnailUrl\":\"https:\\\/\\\/portalincluir.com.br\\\/wp-content\\\/uploads\\\/2025\\\/01\\\/Acessibilidade-e-direito-nao-favor-1.png\",\"datePublished\":\"2025-01-30T02:37:16+00:00\",\"dateModified\":\"2025-01-30T02:39:13+00:00\",\"author\":{\"@id\":\"https:\\\/\\\/portalincluir.com.br\\\/#\\\/schema\\\/person\\\/8823664e5902eee555607fb75c4c35ae\"},\"breadcrumb\":{\"@id\":\"https:\\\/\\\/portalincluir.com.br\\\/index.php\\\/2025\\\/01\\\/29\\\/deficiencia-e-desafio-incluir-em-um-mundo-que-exclui\\\/#breadcrumb\"},\"inLanguage\":\"pt-BR\",\"potentialAction\":[{\"@type\":\"ReadAction\",\"target\":[\"https:\\\/\\\/portalincluir.com.br\\\/index.php\\\/2025\\\/01\\\/29\\\/deficiencia-e-desafio-incluir-em-um-mundo-que-exclui\\\/\"]}]},{\"@type\":\"ImageObject\",\"inLanguage\":\"pt-BR\",\"@id\":\"https:\\\/\\\/portalincluir.com.br\\\/index.php\\\/2025\\\/01\\\/29\\\/deficiencia-e-desafio-incluir-em-um-mundo-que-exclui\\\/#primaryimage\",\"url\":\"https:\\\/\\\/portalincluir.com.br\\\/wp-content\\\/uploads\\\/2025\\\/01\\\/Acessibilidade-e-direito-nao-favor-1.png\",\"contentUrl\":\"https:\\\/\\\/portalincluir.com.br\\\/wp-content\\\/uploads\\\/2025\\\/01\\\/Acessibilidade-e-direito-nao-favor-1.png\",\"width\":1067,\"height\":768},{\"@type\":\"BreadcrumbList\",\"@id\":\"https:\\\/\\\/portalincluir.com.br\\\/index.php\\\/2025\\\/01\\\/29\\\/deficiencia-e-desafio-incluir-em-um-mundo-que-exclui\\\/#breadcrumb\",\"itemListElement\":[{\"@type\":\"ListItem\",\"position\":1,\"name\":\"In\u00edcio\",\"item\":\"https:\\\/\\\/portalincluir.com.br\\\/\"},{\"@type\":\"ListItem\",\"position\":2,\"name\":\"Defici\u00eancia e Desafio: Incluir em um Mundo que Exclui\"}]},{\"@type\":\"WebSite\",\"@id\":\"https:\\\/\\\/portalincluir.com.br\\\/#website\",\"url\":\"https:\\\/\\\/portalincluir.com.br\\\/\",\"name\":\"PORTAL INCLUIR\",\"description\":\"\",\"potentialAction\":[{\"@type\":\"SearchAction\",\"target\":{\"@type\":\"EntryPoint\",\"urlTemplate\":\"https:\\\/\\\/portalincluir.com.br\\\/?s={search_term_string}\"},\"query-input\":{\"@type\":\"PropertyValueSpecification\",\"valueRequired\":true,\"valueName\":\"search_term_string\"}}],\"inLanguage\":\"pt-BR\"},{\"@type\":\"Person\",\"@id\":\"https:\\\/\\\/portalincluir.com.br\\\/#\\\/schema\\\/person\\\/8823664e5902eee555607fb75c4c35ae\",\"name\":\"Portal Incluir\",\"image\":{\"@type\":\"ImageObject\",\"inLanguage\":\"pt-BR\",\"@id\":\"https:\\\/\\\/secure.gravatar.com\\\/avatar\\\/12085fe17e70c3550551519fe1f8f51fae69b1748563a47fc3bea53d91fbcbbd?s=96&d=mm&r=g\",\"url\":\"https:\\\/\\\/secure.gravatar.com\\\/avatar\\\/12085fe17e70c3550551519fe1f8f51fae69b1748563a47fc3bea53d91fbcbbd?s=96&d=mm&r=g\",\"contentUrl\":\"https:\\\/\\\/secure.gravatar.com\\\/avatar\\\/12085fe17e70c3550551519fe1f8f51fae69b1748563a47fc3bea53d91fbcbbd?s=96&d=mm&r=g\",\"caption\":\"Portal Incluir\"},\"sameAs\":[\"http:\\\/\\\/portalincluir.com.br\"],\"url\":\"https:\\\/\\\/portalincluir.com.br\\\/index.php\\\/author\\\/portalincluir-com-br\\\/\"}]}<\/script>\n<!-- \/ Yoast SEO plugin. -->","yoast_head_json":{"title":"Defici\u00eancia e Desafio: Incluir em um Mundo que Exclui - PORTAL INCLUIR","robots":{"index":"index","follow":"follow","max-snippet":"max-snippet:-1","max-image-preview":"max-image-preview:large","max-video-preview":"max-video-preview:-1"},"canonical":"https:\/\/portalincluir.com.br\/index.php\/2025\/01\/29\/deficiencia-e-desafio-incluir-em-um-mundo-que-exclui\/","og_locale":"pt_BR","og_type":"article","og_title":"Defici\u00eancia e Desafio: Incluir em um Mundo que Exclui - PORTAL INCLUIR","og_description":"Em um mundo cada vez mais marcado pelo individualismo e por ideais eugenistas, a inclus\u00e3o","og_url":"https:\/\/portalincluir.com.br\/index.php\/2025\/01\/29\/deficiencia-e-desafio-incluir-em-um-mundo-que-exclui\/","og_site_name":"PORTAL INCLUIR","article_published_time":"2025-01-30T02:37:16+00:00","article_modified_time":"2025-01-30T02:39:13+00:00","og_image":[{"width":1067,"height":768,"url":"https:\/\/portalincluir.com.br\/wp-content\/uploads\/2025\/01\/Acessibilidade-e-direito-nao-favor-1.png","type":"image\/png"}],"author":"Portal Incluir","twitter_card":"summary_large_image","twitter_misc":{"Escrito por":"Portal Incluir","Est. tempo de leitura":"4 minutos"},"schema":{"@context":"https:\/\/schema.org","@graph":[{"@type":["Article","BlogPosting"],"@id":"https:\/\/portalincluir.com.br\/index.php\/2025\/01\/29\/deficiencia-e-desafio-incluir-em-um-mundo-que-exclui\/#article","isPartOf":{"@id":"https:\/\/portalincluir.com.br\/index.php\/2025\/01\/29\/deficiencia-e-desafio-incluir-em-um-mundo-que-exclui\/"},"author":{"name":"Portal Incluir","@id":"https:\/\/portalincluir.com.br\/#\/schema\/person\/8823664e5902eee555607fb75c4c35ae"},"headline":"Defici\u00eancia e Desafio: Incluir em um Mundo que Exclui","datePublished":"2025-01-30T02:37:16+00:00","dateModified":"2025-01-30T02:39:13+00:00","mainEntityOfPage":{"@id":"https:\/\/portalincluir.com.br\/index.php\/2025\/01\/29\/deficiencia-e-desafio-incluir-em-um-mundo-que-exclui\/"},"wordCount":835,"commentCount":0,"image":{"@id":"https:\/\/portalincluir.com.br\/index.php\/2025\/01\/29\/deficiencia-e-desafio-incluir-em-um-mundo-que-exclui\/#primaryimage"},"thumbnailUrl":"https:\/\/portalincluir.com.br\/wp-content\/uploads\/2025\/01\/Acessibilidade-e-direito-nao-favor-1.png","articleSection":["Portal"],"inLanguage":"pt-BR","potentialAction":[{"@type":"CommentAction","name":"Comment","target":["https:\/\/portalincluir.com.br\/index.php\/2025\/01\/29\/deficiencia-e-desafio-incluir-em-um-mundo-que-exclui\/#respond"]}]},{"@type":"WebPage","@id":"https:\/\/portalincluir.com.br\/index.php\/2025\/01\/29\/deficiencia-e-desafio-incluir-em-um-mundo-que-exclui\/","url":"https:\/\/portalincluir.com.br\/index.php\/2025\/01\/29\/deficiencia-e-desafio-incluir-em-um-mundo-que-exclui\/","name":"Defici\u00eancia e Desafio: Incluir em um Mundo que Exclui - PORTAL INCLUIR","isPartOf":{"@id":"https:\/\/portalincluir.com.br\/#website"},"primaryImageOfPage":{"@id":"https:\/\/portalincluir.com.br\/index.php\/2025\/01\/29\/deficiencia-e-desafio-incluir-em-um-mundo-que-exclui\/#primaryimage"},"image":{"@id":"https:\/\/portalincluir.com.br\/index.php\/2025\/01\/29\/deficiencia-e-desafio-incluir-em-um-mundo-que-exclui\/#primaryimage"},"thumbnailUrl":"https:\/\/portalincluir.com.br\/wp-content\/uploads\/2025\/01\/Acessibilidade-e-direito-nao-favor-1.png","datePublished":"2025-01-30T02:37:16+00:00","dateModified":"2025-01-30T02:39:13+00:00","author":{"@id":"https:\/\/portalincluir.com.br\/#\/schema\/person\/8823664e5902eee555607fb75c4c35ae"},"breadcrumb":{"@id":"https:\/\/portalincluir.com.br\/index.php\/2025\/01\/29\/deficiencia-e-desafio-incluir-em-um-mundo-que-exclui\/#breadcrumb"},"inLanguage":"pt-BR","potentialAction":[{"@type":"ReadAction","target":["https:\/\/portalincluir.com.br\/index.php\/2025\/01\/29\/deficiencia-e-desafio-incluir-em-um-mundo-que-exclui\/"]}]},{"@type":"ImageObject","inLanguage":"pt-BR","@id":"https:\/\/portalincluir.com.br\/index.php\/2025\/01\/29\/deficiencia-e-desafio-incluir-em-um-mundo-que-exclui\/#primaryimage","url":"https:\/\/portalincluir.com.br\/wp-content\/uploads\/2025\/01\/Acessibilidade-e-direito-nao-favor-1.png","contentUrl":"https:\/\/portalincluir.com.br\/wp-content\/uploads\/2025\/01\/Acessibilidade-e-direito-nao-favor-1.png","width":1067,"height":768},{"@type":"BreadcrumbList","@id":"https:\/\/portalincluir.com.br\/index.php\/2025\/01\/29\/deficiencia-e-desafio-incluir-em-um-mundo-que-exclui\/#breadcrumb","itemListElement":[{"@type":"ListItem","position":1,"name":"In\u00edcio","item":"https:\/\/portalincluir.com.br\/"},{"@type":"ListItem","position":2,"name":"Defici\u00eancia e Desafio: Incluir em um Mundo que Exclui"}]},{"@type":"WebSite","@id":"https:\/\/portalincluir.com.br\/#website","url":"https:\/\/portalincluir.com.br\/","name":"PORTAL INCLUIR","description":"","potentialAction":[{"@type":"SearchAction","target":{"@type":"EntryPoint","urlTemplate":"https:\/\/portalincluir.com.br\/?s={search_term_string}"},"query-input":{"@type":"PropertyValueSpecification","valueRequired":true,"valueName":"search_term_string"}}],"inLanguage":"pt-BR"},{"@type":"Person","@id":"https:\/\/portalincluir.com.br\/#\/schema\/person\/8823664e5902eee555607fb75c4c35ae","name":"Portal Incluir","image":{"@type":"ImageObject","inLanguage":"pt-BR","@id":"https:\/\/secure.gravatar.com\/avatar\/12085fe17e70c3550551519fe1f8f51fae69b1748563a47fc3bea53d91fbcbbd?s=96&d=mm&r=g","url":"https:\/\/secure.gravatar.com\/avatar\/12085fe17e70c3550551519fe1f8f51fae69b1748563a47fc3bea53d91fbcbbd?s=96&d=mm&r=g","contentUrl":"https:\/\/secure.gravatar.com\/avatar\/12085fe17e70c3550551519fe1f8f51fae69b1748563a47fc3bea53d91fbcbbd?s=96&d=mm&r=g","caption":"Portal Incluir"},"sameAs":["http:\/\/portalincluir.com.br"],"url":"https:\/\/portalincluir.com.br\/index.php\/author\/portalincluir-com-br\/"}]}},"_links":{"self":[{"href":"https:\/\/portalincluir.com.br\/index.php\/wp-json\/wp\/v2\/posts\/477","targetHints":{"allow":["GET"]}}],"collection":[{"href":"https:\/\/portalincluir.com.br\/index.php\/wp-json\/wp\/v2\/posts"}],"about":[{"href":"https:\/\/portalincluir.com.br\/index.php\/wp-json\/wp\/v2\/types\/post"}],"author":[{"embeddable":true,"href":"https:\/\/portalincluir.com.br\/index.php\/wp-json\/wp\/v2\/users\/1"}],"replies":[{"embeddable":true,"href":"https:\/\/portalincluir.com.br\/index.php\/wp-json\/wp\/v2\/comments?post=477"}],"version-history":[{"count":1,"href":"https:\/\/portalincluir.com.br\/index.php\/wp-json\/wp\/v2\/posts\/477\/revisions"}],"predecessor-version":[{"id":479,"href":"https:\/\/portalincluir.com.br\/index.php\/wp-json\/wp\/v2\/posts\/477\/revisions\/479"}],"wp:featuredmedia":[{"embeddable":true,"href":"https:\/\/portalincluir.com.br\/index.php\/wp-json\/wp\/v2\/media\/480"}],"wp:attachment":[{"href":"https:\/\/portalincluir.com.br\/index.php\/wp-json\/wp\/v2\/media?parent=477"}],"wp:term":[{"taxonomy":"category","embeddable":true,"href":"https:\/\/portalincluir.com.br\/index.php\/wp-json\/wp\/v2\/categories?post=477"},{"taxonomy":"post_tag","embeddable":true,"href":"https:\/\/portalincluir.com.br\/index.php\/wp-json\/wp\/v2\/tags?post=477"}],"curies":[{"name":"wp","href":"https:\/\/api.w.org\/{rel}","templated":true}]}}