{"id":497,"date":"2025-02-17T20:28:48","date_gmt":"2025-02-17T23:28:48","guid":{"rendered":"https:\/\/portalincluir.com.br\/?p=497"},"modified":"2025-02-17T20:29:58","modified_gmt":"2025-02-17T23:29:58","slug":"inclusao-em-foco-edicao-05","status":"publish","type":"post","link":"https:\/\/portalincluir.com.br\/index.php\/2025\/02\/17\/inclusao-em-foco-edicao-05\/","title":{"rendered":"Inclus\u00e3o em Foco &#8211; Edi\u00e7\u00e3o 05"},"content":{"rendered":"\n<p>O programa Inclus\u00e3o em Foco dsta semana destacou assuntos importantes. Confira:<\/p>\n\n\n\n<ul class=\"wp-block-list\">\n<li>Dica de Filme: Cromossomo21, que fala de capacitismo e Sindrome de Down<\/li>\n\n\n\n<li>Den\u00fancia: pais reclamam da falta de cuidadores na Rede Municipal de Vit\u00f3ria da Conquista<\/li>\n\n\n\n<li>Carnaval da APAE Vit\u00f3ria da Conquista<\/li>\n\n\n\n<li>Entrevisra com Hegles Assis, professora da Uniftc, Especialista em educa\u00e7\u00e3o inclusiva, Professora de educa\u00e7\u00e3o f\u00edsica e nata\u00e7\u00e3o, al\u00e9m de ser especialista em Psicomotricidade. Temas: Nata\u00e7\u00e3o para PcD e Psicomotricidade<\/li>\n<\/ul>\n\n\n\n<iframe src='https:\/\/www.4shared.com\/web\/embed\/audio\/file\/ZZbNFrn6ku?type=NORMAL&#038;widgetWidth=530&#038;showArtwork=true&#038;playlistHeight=0&#038;widgetRid=734021858927' style='overflow:hidden;height:152px;width:530px;border: 0;margin:0;'><\/iframe>\n","protected":false},"excerpt":{"rendered":"<p>O programa Inclus\u00e3o em Foco dsta semana destacou assuntos importantes. Confira:<\/p>\n","protected":false},"author":1,"featured_media":498,"comment_status":"open","ping_status":"open","sticky":false,"template":"","format":"standard","meta":{"om_disable_all_campaigns":false,"_monsterinsights_skip_tracking":false,"_monsterinsights_sitenote_active":false,"_monsterinsights_sitenote_note":"","_monsterinsights_sitenote_category":0,"_uf_show_specific_survey":0,"_uf_disable_surveys":false,"footnotes":""},"categories":[13,1],"tags":[],"class_list":["post-497","post","type-post","status-publish","format-standard","has-post-thumbnail","hentry","category-podcast","category-portal"],"yoast_head":"<!-- This site is optimized with the Yoast SEO plugin v27.4 - https:\/\/yoast.com\/product\/yoast-seo-wordpress\/ -->\n<title>Inclus\u00e3o em Foco - Edi\u00e7\u00e3o 05 - PORTAL INCLUIR<\/title>\n<meta name=\"robots\" content=\"index, follow, max-snippet:-1, max-image-preview:large, max-video-preview:-1\" \/>\n<link rel=\"canonical\" href=\"https:\/\/portalincluir.com.br\/index.php\/2025\/02\/17\/inclusao-em-foco-edicao-05\/\" \/>\n<meta property=\"og:locale\" content=\"pt_BR\" \/>\n<meta property=\"og:type\" content=\"article\" \/>\n<meta property=\"og:title\" content=\"Inclus\u00e3o em Foco - Edi\u00e7\u00e3o 05 - PORTAL INCLUIR\" \/>\n<meta property=\"og:description\" content=\"O programa Inclus\u00e3o em Foco dsta semana destacou assuntos importantes. Confira:\" \/>\n<meta property=\"og:url\" content=\"https:\/\/portalincluir.com.br\/index.php\/2025\/02\/17\/inclusao-em-foco-edicao-05\/\" \/>\n<meta property=\"og:site_name\" content=\"PORTAL INCLUIR\" \/>\n<meta property=\"article:published_time\" content=\"2025-02-17T23:28:48+00:00\" \/>\n<meta property=\"article:modified_time\" content=\"2025-02-17T23:29:58+00:00\" \/>\n<meta property=\"og:image\" content=\"https:\/\/portalincluir.com.br\/wp-content\/uploads\/2025\/02\/Hegles-576x1024-1-e1739834887243.jpeg\" \/>\n\t<meta property=\"og:image:width\" content=\"576\" \/>\n\t<meta property=\"og:image:height\" content=\"736\" \/>\n\t<meta property=\"og:image:type\" content=\"image\/jpeg\" \/>\n<meta name=\"author\" content=\"Portal Incluir\" \/>\n<meta name=\"twitter:card\" content=\"summary_large_image\" \/>\n<meta name=\"twitter:label1\" content=\"Escrito por\" \/>\n\t<meta name=\"twitter:data1\" content=\"Portal Incluir\" \/>\n<script type=\"application\/ld+json\" class=\"yoast-schema-graph\">{\"@context\":\"https:\\\/\\\/schema.org\",\"@graph\":[{\"@type\":[\"Article\",\"BlogPosting\"],\"@id\":\"https:\\\/\\\/portalincluir.com.br\\\/index.php\\\/2025\\\/02\\\/17\\\/inclusao-em-foco-edicao-05\\\/#article\",\"isPartOf\":{\"@id\":\"https:\\\/\\\/portalincluir.com.br\\\/index.php\\\/2025\\\/02\\\/17\\\/inclusao-em-foco-edicao-05\\\/\"},\"author\":{\"name\":\"Portal Incluir\",\"@id\":\"https:\\\/\\\/portalincluir.com.br\\\/#\\\/schema\\\/person\\\/8823664e5902eee555607fb75c4c35ae\"},\"headline\":\"Inclus\u00e3o em Foco &#8211; Edi\u00e7\u00e3o 05\",\"datePublished\":\"2025-02-17T23:28:48+00:00\",\"dateModified\":\"2025-02-17T23:29:58+00:00\",\"mainEntityOfPage\":{\"@id\":\"https:\\\/\\\/portalincluir.com.br\\\/index.php\\\/2025\\\/02\\\/17\\\/inclusao-em-foco-edicao-05\\\/\"},\"wordCount\":89,\"commentCount\":0,\"image\":{\"@id\":\"https:\\\/\\\/portalincluir.com.br\\\/index.php\\\/2025\\\/02\\\/17\\\/inclusao-em-foco-edicao-05\\\/#primaryimage\"},\"thumbnailUrl\":\"https:\\\/\\\/portalincluir.com.br\\\/wp-content\\\/uploads\\\/2025\\\/02\\\/Hegles-576x1024-1-e1739834887243.jpeg\",\"articleSection\":[\"PodCast\",\"Portal\"],\"inLanguage\":\"pt-BR\",\"potentialAction\":[{\"@type\":\"CommentAction\",\"name\":\"Comment\",\"target\":[\"https:\\\/\\\/portalincluir.com.br\\\/index.php\\\/2025\\\/02\\\/17\\\/inclusao-em-foco-edicao-05\\\/#respond\"]}]},{\"@type\":\"WebPage\",\"@id\":\"https:\\\/\\\/portalincluir.com.br\\\/index.php\\\/2025\\\/02\\\/17\\\/inclusao-em-foco-edicao-05\\\/\",\"url\":\"https:\\\/\\\/portalincluir.com.br\\\/index.php\\\/2025\\\/02\\\/17\\\/inclusao-em-foco-edicao-05\\\/\",\"name\":\"Inclus\u00e3o em Foco - Edi\u00e7\u00e3o 05 - PORTAL INCLUIR\",\"isPartOf\":{\"@id\":\"https:\\\/\\\/portalincluir.com.br\\\/#website\"},\"primaryImageOfPage\":{\"@id\":\"https:\\\/\\\/portalincluir.com.br\\\/index.php\\\/2025\\\/02\\\/17\\\/inclusao-em-foco-edicao-05\\\/#primaryimage\"},\"image\":{\"@id\":\"https:\\\/\\\/portalincluir.com.br\\\/index.php\\\/2025\\\/02\\\/17\\\/inclusao-em-foco-edicao-05\\\/#primaryimage\"},\"thumbnailUrl\":\"https:\\\/\\\/portalincluir.com.br\\\/wp-content\\\/uploads\\\/2025\\\/02\\\/Hegles-576x1024-1-e1739834887243.jpeg\",\"datePublished\":\"2025-02-17T23:28:48+00:00\",\"dateModified\":\"2025-02-17T23:29:58+00:00\",\"author\":{\"@id\":\"https:\\\/\\\/portalincluir.com.br\\\/#\\\/schema\\\/person\\\/8823664e5902eee555607fb75c4c35ae\"},\"breadcrumb\":{\"@id\":\"https:\\\/\\\/portalincluir.com.br\\\/index.php\\\/2025\\\/02\\\/17\\\/inclusao-em-foco-edicao-05\\\/#breadcrumb\"},\"inLanguage\":\"pt-BR\",\"potentialAction\":[{\"@type\":\"ReadAction\",\"target\":[\"https:\\\/\\\/portalincluir.com.br\\\/index.php\\\/2025\\\/02\\\/17\\\/inclusao-em-foco-edicao-05\\\/\"]}]},{\"@type\":\"ImageObject\",\"inLanguage\":\"pt-BR\",\"@id\":\"https:\\\/\\\/portalincluir.com.br\\\/index.php\\\/2025\\\/02\\\/17\\\/inclusao-em-foco-edicao-05\\\/#primaryimage\",\"url\":\"https:\\\/\\\/portalincluir.com.br\\\/wp-content\\\/uploads\\\/2025\\\/02\\\/Hegles-576x1024-1-e1739834887243.jpeg\",\"contentUrl\":\"https:\\\/\\\/portalincluir.com.br\\\/wp-content\\\/uploads\\\/2025\\\/02\\\/Hegles-576x1024-1-e1739834887243.jpeg\",\"width\":576,\"height\":736},{\"@type\":\"BreadcrumbList\",\"@id\":\"https:\\\/\\\/portalincluir.com.br\\\/index.php\\\/2025\\\/02\\\/17\\\/inclusao-em-foco-edicao-05\\\/#breadcrumb\",\"itemListElement\":[{\"@type\":\"ListItem\",\"position\":1,\"name\":\"In\u00edcio\",\"item\":\"https:\\\/\\\/portalincluir.com.br\\\/\"},{\"@type\":\"ListItem\",\"position\":2,\"name\":\"Inclus\u00e3o em Foco &#8211; Edi\u00e7\u00e3o 05\"}]},{\"@type\":\"WebSite\",\"@id\":\"https:\\\/\\\/portalincluir.com.br\\\/#website\",\"url\":\"https:\\\/\\\/portalincluir.com.br\\\/\",\"name\":\"PORTAL INCLUIR\",\"description\":\"\",\"potentialAction\":[{\"@type\":\"SearchAction\",\"target\":{\"@type\":\"EntryPoint\",\"urlTemplate\":\"https:\\\/\\\/portalincluir.com.br\\\/?s={search_term_string}\"},\"query-input\":{\"@type\":\"PropertyValueSpecification\",\"valueRequired\":true,\"valueName\":\"search_term_string\"}}],\"inLanguage\":\"pt-BR\"},{\"@type\":\"Person\",\"@id\":\"https:\\\/\\\/portalincluir.com.br\\\/#\\\/schema\\\/person\\\/8823664e5902eee555607fb75c4c35ae\",\"name\":\"Portal Incluir\",\"image\":{\"@type\":\"ImageObject\",\"inLanguage\":\"pt-BR\",\"@id\":\"https:\\\/\\\/secure.gravatar.com\\\/avatar\\\/12085fe17e70c3550551519fe1f8f51fae69b1748563a47fc3bea53d91fbcbbd?s=96&d=mm&r=g\",\"url\":\"https:\\\/\\\/secure.gravatar.com\\\/avatar\\\/12085fe17e70c3550551519fe1f8f51fae69b1748563a47fc3bea53d91fbcbbd?s=96&d=mm&r=g\",\"contentUrl\":\"https:\\\/\\\/secure.gravatar.com\\\/avatar\\\/12085fe17e70c3550551519fe1f8f51fae69b1748563a47fc3bea53d91fbcbbd?s=96&d=mm&r=g\",\"caption\":\"Portal Incluir\"},\"sameAs\":[\"http:\\\/\\\/portalincluir.com.br\"],\"url\":\"https:\\\/\\\/portalincluir.com.br\\\/index.php\\\/author\\\/portalincluir-com-br\\\/\"}]}<\/script>\n<!-- \/ Yoast SEO plugin. -->","yoast_head_json":{"title":"Inclus\u00e3o em Foco - Edi\u00e7\u00e3o 05 - PORTAL INCLUIR","robots":{"index":"index","follow":"follow","max-snippet":"max-snippet:-1","max-image-preview":"max-image-preview:large","max-video-preview":"max-video-preview:-1"},"canonical":"https:\/\/portalincluir.com.br\/index.php\/2025\/02\/17\/inclusao-em-foco-edicao-05\/","og_locale":"pt_BR","og_type":"article","og_title":"Inclus\u00e3o em Foco - Edi\u00e7\u00e3o 05 - PORTAL INCLUIR","og_description":"O programa Inclus\u00e3o em Foco dsta semana destacou assuntos importantes. Confira:","og_url":"https:\/\/portalincluir.com.br\/index.php\/2025\/02\/17\/inclusao-em-foco-edicao-05\/","og_site_name":"PORTAL INCLUIR","article_published_time":"2025-02-17T23:28:48+00:00","article_modified_time":"2025-02-17T23:29:58+00:00","og_image":[{"width":576,"height":736,"url":"https:\/\/portalincluir.com.br\/wp-content\/uploads\/2025\/02\/Hegles-576x1024-1-e1739834887243.jpeg","type":"image\/jpeg"}],"author":"Portal Incluir","twitter_card":"summary_large_image","twitter_misc":{"Escrito por":"Portal Incluir"},"schema":{"@context":"https:\/\/schema.org","@graph":[{"@type":["Article","BlogPosting"],"@id":"https:\/\/portalincluir.com.br\/index.php\/2025\/02\/17\/inclusao-em-foco-edicao-05\/#article","isPartOf":{"@id":"https:\/\/portalincluir.com.br\/index.php\/2025\/02\/17\/inclusao-em-foco-edicao-05\/"},"author":{"name":"Portal Incluir","@id":"https:\/\/portalincluir.com.br\/#\/schema\/person\/8823664e5902eee555607fb75c4c35ae"},"headline":"Inclus\u00e3o em Foco &#8211; Edi\u00e7\u00e3o 05","datePublished":"2025-02-17T23:28:48+00:00","dateModified":"2025-02-17T23:29:58+00:00","mainEntityOfPage":{"@id":"https:\/\/portalincluir.com.br\/index.php\/2025\/02\/17\/inclusao-em-foco-edicao-05\/"},"wordCount":89,"commentCount":0,"image":{"@id":"https:\/\/portalincluir.com.br\/index.php\/2025\/02\/17\/inclusao-em-foco-edicao-05\/#primaryimage"},"thumbnailUrl":"https:\/\/portalincluir.com.br\/wp-content\/uploads\/2025\/02\/Hegles-576x1024-1-e1739834887243.jpeg","articleSection":["PodCast","Portal"],"inLanguage":"pt-BR","potentialAction":[{"@type":"CommentAction","name":"Comment","target":["https:\/\/portalincluir.com.br\/index.php\/2025\/02\/17\/inclusao-em-foco-edicao-05\/#respond"]}]},{"@type":"WebPage","@id":"https:\/\/portalincluir.com.br\/index.php\/2025\/02\/17\/inclusao-em-foco-edicao-05\/","url":"https:\/\/portalincluir.com.br\/index.php\/2025\/02\/17\/inclusao-em-foco-edicao-05\/","name":"Inclus\u00e3o em Foco - Edi\u00e7\u00e3o 05 - PORTAL INCLUIR","isPartOf":{"@id":"https:\/\/portalincluir.com.br\/#website"},"primaryImageOfPage":{"@id":"https:\/\/portalincluir.com.br\/index.php\/2025\/02\/17\/inclusao-em-foco-edicao-05\/#primaryimage"},"image":{"@id":"https:\/\/portalincluir.com.br\/index.php\/2025\/02\/17\/inclusao-em-foco-edicao-05\/#primaryimage"},"thumbnailUrl":"https:\/\/portalincluir.com.br\/wp-content\/uploads\/2025\/02\/Hegles-576x1024-1-e1739834887243.jpeg","datePublished":"2025-02-17T23:28:48+00:00","dateModified":"2025-02-17T23:29:58+00:00","author":{"@id":"https:\/\/portalincluir.com.br\/#\/schema\/person\/8823664e5902eee555607fb75c4c35ae"},"breadcrumb":{"@id":"https:\/\/portalincluir.com.br\/index.php\/2025\/02\/17\/inclusao-em-foco-edicao-05\/#breadcrumb"},"inLanguage":"pt-BR","potentialAction":[{"@type":"ReadAction","target":["https:\/\/portalincluir.com.br\/index.php\/2025\/02\/17\/inclusao-em-foco-edicao-05\/"]}]},{"@type":"ImageObject","inLanguage":"pt-BR","@id":"https:\/\/portalincluir.com.br\/index.php\/2025\/02\/17\/inclusao-em-foco-edicao-05\/#primaryimage","url":"https:\/\/portalincluir.com.br\/wp-content\/uploads\/2025\/02\/Hegles-576x1024-1-e1739834887243.jpeg","contentUrl":"https:\/\/portalincluir.com.br\/wp-content\/uploads\/2025\/02\/Hegles-576x1024-1-e1739834887243.jpeg","width":576,"height":736},{"@type":"BreadcrumbList","@id":"https:\/\/portalincluir.com.br\/index.php\/2025\/02\/17\/inclusao-em-foco-edicao-05\/#breadcrumb","itemListElement":[{"@type":"ListItem","position":1,"name":"In\u00edcio","item":"https:\/\/portalincluir.com.br\/"},{"@type":"ListItem","position":2,"name":"Inclus\u00e3o em Foco &#8211; Edi\u00e7\u00e3o 05"}]},{"@type":"WebSite","@id":"https:\/\/portalincluir.com.br\/#website","url":"https:\/\/portalincluir.com.br\/","name":"PORTAL INCLUIR","description":"","potentialAction":[{"@type":"SearchAction","target":{"@type":"EntryPoint","urlTemplate":"https:\/\/portalincluir.com.br\/?s={search_term_string}"},"query-input":{"@type":"PropertyValueSpecification","valueRequired":true,"valueName":"search_term_string"}}],"inLanguage":"pt-BR"},{"@type":"Person","@id":"https:\/\/portalincluir.com.br\/#\/schema\/person\/8823664e5902eee555607fb75c4c35ae","name":"Portal Incluir","image":{"@type":"ImageObject","inLanguage":"pt-BR","@id":"https:\/\/secure.gravatar.com\/avatar\/12085fe17e70c3550551519fe1f8f51fae69b1748563a47fc3bea53d91fbcbbd?s=96&d=mm&r=g","url":"https:\/\/secure.gravatar.com\/avatar\/12085fe17e70c3550551519fe1f8f51fae69b1748563a47fc3bea53d91fbcbbd?s=96&d=mm&r=g","contentUrl":"https:\/\/secure.gravatar.com\/avatar\/12085fe17e70c3550551519fe1f8f51fae69b1748563a47fc3bea53d91fbcbbd?s=96&d=mm&r=g","caption":"Portal Incluir"},"sameAs":["http:\/\/portalincluir.com.br"],"url":"https:\/\/portalincluir.com.br\/index.php\/author\/portalincluir-com-br\/"}]}},"_links":{"self":[{"href":"https:\/\/portalincluir.com.br\/index.php\/wp-json\/wp\/v2\/posts\/497","targetHints":{"allow":["GET"]}}],"collection":[{"href":"https:\/\/portalincluir.com.br\/index.php\/wp-json\/wp\/v2\/posts"}],"about":[{"href":"https:\/\/portalincluir.com.br\/index.php\/wp-json\/wp\/v2\/types\/post"}],"author":[{"embeddable":true,"href":"https:\/\/portalincluir.com.br\/index.php\/wp-json\/wp\/v2\/users\/1"}],"replies":[{"embeddable":true,"href":"https:\/\/portalincluir.com.br\/index.php\/wp-json\/wp\/v2\/comments?post=497"}],"version-history":[{"count":2,"href":"https:\/\/portalincluir.com.br\/index.php\/wp-json\/wp\/v2\/posts\/497\/revisions"}],"predecessor-version":[{"id":500,"href":"https:\/\/portalincluir.com.br\/index.php\/wp-json\/wp\/v2\/posts\/497\/revisions\/500"}],"wp:featuredmedia":[{"embeddable":true,"href":"https:\/\/portalincluir.com.br\/index.php\/wp-json\/wp\/v2\/media\/498"}],"wp:attachment":[{"href":"https:\/\/portalincluir.com.br\/index.php\/wp-json\/wp\/v2\/media?parent=497"}],"wp:term":[{"taxonomy":"category","embeddable":true,"href":"https:\/\/portalincluir.com.br\/index.php\/wp-json\/wp\/v2\/categories?post=497"},{"taxonomy":"post_tag","embeddable":true,"href":"https:\/\/portalincluir.com.br\/index.php\/wp-json\/wp\/v2\/tags?post=497"}],"curies":[{"name":"wp","href":"https:\/\/api.w.org\/{rel}","templated":true}]}}