{"id":5,"date":"2023-08-24T23:51:56","date_gmt":"2023-08-25T02:51:56","guid":{"rendered":"http:\/\/portalincluir.com.br\/index.php\/2023\/08\/24\/inclusao-um-caminho-para-a-diversidade-e-igualdade\/"},"modified":"2023-08-25T00:34:26","modified_gmt":"2023-08-25T03:34:26","slug":"inclusao-um-caminho-para-a-diversidade-e-igualdade","status":"publish","type":"post","link":"https:\/\/portalincluir.com.br\/index.php\/2023\/08\/24\/inclusao-um-caminho-para-a-diversidade-e-igualdade\/","title":{"rendered":"Inclus\u00e3o: Um caminho para a diversidade e igualdade"},"content":{"rendered":"<h2>A import\u00e2ncia da inclus\u00e3o<\/h2>\n<p>A inclus\u00e3o \u00e9 um conceito que busca garantir que todas as pessoas, independentemente de suas condi\u00e7\u00f5es f\u00edsicas ou mentais, sejam aceitas e integradas na sociedade. No entanto, a inclus\u00e3o vai al\u00e9m de uma simples conviv\u00eancia. Ela se trata de criar oportunidades equitativas para todos, garantindo que cada indiv\u00edduo possa desenvolver seu potencial plenamente.<\/p>\n<p>Ao promover a inclus\u00e3o, estamos contribuindo para a constru\u00e7\u00e3o de uma sociedade mais justa e igualit\u00e1ria. Estamos quebrando barreiras e preconceitos, e possibilitando que pessoas com defici\u00eancia tenham acesso a educa\u00e7\u00e3o, trabalho, lazer e todas as outras esferas da vida social.<\/p>\n<h2>A inclus\u00e3o como um processo cont\u00ednuo<\/h2>\n<p>A inclus\u00e3o \u00e9 um processo cont\u00ednuo, que exige o engajamento de toda a sociedade. \u00c9 um trabalho que precisa ser feito em conjunto, com a participa\u00e7\u00e3o de empresas, governos, institui\u00e7\u00f5es educacionais e da pr\u00f3pria comunidade.<\/p>\n<p>Para que a inclus\u00e3o seja efetiva, \u00e9 necess\u00e1rio garantir que as pessoas com defici\u00eancia tenham acesso a recursos e adapta\u00e7\u00f5es que facilitem sua participa\u00e7\u00e3o plena na sociedade. Al\u00e9m disso, \u00e9 fundamental combater o preconceito e promover a conscientiza\u00e7\u00e3o sobre a import\u00e2ncia da inclus\u00e3o, para que todos compreendam que a diversidade \u00e9 uma riqueza e n\u00e3o uma limita\u00e7\u00e3o.<\/p>\n","protected":false},"excerpt":{"rendered":"<p>A import\u00e2ncia da inclus\u00e3o A inclus\u00e3o \u00e9 um conceito que busca garantir que todas as<\/p>\n","protected":false},"author":1,"featured_media":17,"comment_status":"open","ping_status":"open","sticky":false,"template":"","format":"standard","meta":{"om_disable_all_campaigns":false,"_monsterinsights_skip_tracking":false,"_monsterinsights_sitenote_active":false,"_monsterinsights_sitenote_note":"","_monsterinsights_sitenote_category":0,"_uf_show_specific_survey":0,"_uf_disable_surveys":false,"footnotes":""},"categories":[1],"tags":[],"class_list":["post-5","post","type-post","status-publish","format-standard","has-post-thumbnail","hentry","category-portal"],"yoast_head":"<!-- This site is optimized with the Yoast SEO plugin v27.4 - https:\/\/yoast.com\/product\/yoast-seo-wordpress\/ -->\n<title>Inclus\u00e3o: Um caminho para a diversidade e igualdade - PORTAL INCLUIR<\/title>\n<meta name=\"robots\" content=\"index, follow, max-snippet:-1, max-image-preview:large, max-video-preview:-1\" \/>\n<link rel=\"canonical\" href=\"https:\/\/portalincluir.com.br\/index.php\/2023\/08\/24\/inclusao-um-caminho-para-a-diversidade-e-igualdade\/\" \/>\n<meta property=\"og:locale\" content=\"pt_BR\" \/>\n<meta property=\"og:type\" content=\"article\" \/>\n<meta property=\"og:title\" content=\"Inclus\u00e3o: Um caminho para a diversidade e igualdade - PORTAL INCLUIR\" \/>\n<meta property=\"og:description\" content=\"A import\u00e2ncia da inclus\u00e3o A inclus\u00e3o \u00e9 um conceito que busca garantir que todas as\" \/>\n<meta property=\"og:url\" content=\"https:\/\/portalincluir.com.br\/index.php\/2023\/08\/24\/inclusao-um-caminho-para-a-diversidade-e-igualdade\/\" \/>\n<meta property=\"og:site_name\" content=\"PORTAL INCLUIR\" \/>\n<meta property=\"article:published_time\" content=\"2023-08-25T02:51:56+00:00\" \/>\n<meta property=\"article:modified_time\" content=\"2023-08-25T03:34:26+00:00\" \/>\n<meta property=\"og:image\" content=\"https:\/\/portalincluir.com.br\/wp-content\/uploads\/2023\/08\/img04.webp\" \/>\n\t<meta property=\"og:image:width\" content=\"1000\" \/>\n\t<meta property=\"og:image:height\" content=\"667\" \/>\n\t<meta property=\"og:image:type\" content=\"image\/webp\" \/>\n<meta name=\"author\" content=\"Portal Incluir\" \/>\n<meta name=\"twitter:card\" content=\"summary_large_image\" \/>\n<meta name=\"twitter:label1\" content=\"Escrito por\" \/>\n\t<meta name=\"twitter:data1\" content=\"Portal Incluir\" \/>\n\t<meta name=\"twitter:label2\" content=\"Est. tempo de leitura\" \/>\n\t<meta name=\"twitter:data2\" content=\"1 minuto\" \/>\n<script type=\"application\/ld+json\" class=\"yoast-schema-graph\">{\"@context\":\"https:\\\/\\\/schema.org\",\"@graph\":[{\"@type\":[\"Article\",\"BlogPosting\"],\"@id\":\"https:\\\/\\\/portalincluir.com.br\\\/index.php\\\/2023\\\/08\\\/24\\\/inclusao-um-caminho-para-a-diversidade-e-igualdade\\\/#article\",\"isPartOf\":{\"@id\":\"https:\\\/\\\/portalincluir.com.br\\\/index.php\\\/2023\\\/08\\\/24\\\/inclusao-um-caminho-para-a-diversidade-e-igualdade\\\/\"},\"author\":{\"name\":\"Portal Incluir\",\"@id\":\"https:\\\/\\\/portalincluir.com.br\\\/#\\\/schema\\\/person\\\/8823664e5902eee555607fb75c4c35ae\"},\"headline\":\"Inclus\u00e3o: Um caminho para a diversidade e igualdade\",\"datePublished\":\"2023-08-25T02:51:56+00:00\",\"dateModified\":\"2023-08-25T03:34:26+00:00\",\"mainEntityOfPage\":{\"@id\":\"https:\\\/\\\/portalincluir.com.br\\\/index.php\\\/2023\\\/08\\\/24\\\/inclusao-um-caminho-para-a-diversidade-e-igualdade\\\/\"},\"wordCount\":231,\"commentCount\":0,\"image\":{\"@id\":\"https:\\\/\\\/portalincluir.com.br\\\/index.php\\\/2023\\\/08\\\/24\\\/inclusao-um-caminho-para-a-diversidade-e-igualdade\\\/#primaryimage\"},\"thumbnailUrl\":\"https:\\\/\\\/portalincluir.com.br\\\/wp-content\\\/uploads\\\/2023\\\/08\\\/img04.webp\",\"articleSection\":[\"Portal\"],\"inLanguage\":\"pt-BR\",\"potentialAction\":[{\"@type\":\"CommentAction\",\"name\":\"Comment\",\"target\":[\"https:\\\/\\\/portalincluir.com.br\\\/index.php\\\/2023\\\/08\\\/24\\\/inclusao-um-caminho-para-a-diversidade-e-igualdade\\\/#respond\"]}]},{\"@type\":\"WebPage\",\"@id\":\"https:\\\/\\\/portalincluir.com.br\\\/index.php\\\/2023\\\/08\\\/24\\\/inclusao-um-caminho-para-a-diversidade-e-igualdade\\\/\",\"url\":\"https:\\\/\\\/portalincluir.com.br\\\/index.php\\\/2023\\\/08\\\/24\\\/inclusao-um-caminho-para-a-diversidade-e-igualdade\\\/\",\"name\":\"Inclus\u00e3o: Um caminho para a diversidade e igualdade - PORTAL INCLUIR\",\"isPartOf\":{\"@id\":\"https:\\\/\\\/portalincluir.com.br\\\/#website\"},\"primaryImageOfPage\":{\"@id\":\"https:\\\/\\\/portalincluir.com.br\\\/index.php\\\/2023\\\/08\\\/24\\\/inclusao-um-caminho-para-a-diversidade-e-igualdade\\\/#primaryimage\"},\"image\":{\"@id\":\"https:\\\/\\\/portalincluir.com.br\\\/index.php\\\/2023\\\/08\\\/24\\\/inclusao-um-caminho-para-a-diversidade-e-igualdade\\\/#primaryimage\"},\"thumbnailUrl\":\"https:\\\/\\\/portalincluir.com.br\\\/wp-content\\\/uploads\\\/2023\\\/08\\\/img04.webp\",\"datePublished\":\"2023-08-25T02:51:56+00:00\",\"dateModified\":\"2023-08-25T03:34:26+00:00\",\"author\":{\"@id\":\"https:\\\/\\\/portalincluir.com.br\\\/#\\\/schema\\\/person\\\/8823664e5902eee555607fb75c4c35ae\"},\"breadcrumb\":{\"@id\":\"https:\\\/\\\/portalincluir.com.br\\\/index.php\\\/2023\\\/08\\\/24\\\/inclusao-um-caminho-para-a-diversidade-e-igualdade\\\/#breadcrumb\"},\"inLanguage\":\"pt-BR\",\"potentialAction\":[{\"@type\":\"ReadAction\",\"target\":[\"https:\\\/\\\/portalincluir.com.br\\\/index.php\\\/2023\\\/08\\\/24\\\/inclusao-um-caminho-para-a-diversidade-e-igualdade\\\/\"]}]},{\"@type\":\"ImageObject\",\"inLanguage\":\"pt-BR\",\"@id\":\"https:\\\/\\\/portalincluir.com.br\\\/index.php\\\/2023\\\/08\\\/24\\\/inclusao-um-caminho-para-a-diversidade-e-igualdade\\\/#primaryimage\",\"url\":\"https:\\\/\\\/portalincluir.com.br\\\/wp-content\\\/uploads\\\/2023\\\/08\\\/img04.webp\",\"contentUrl\":\"https:\\\/\\\/portalincluir.com.br\\\/wp-content\\\/uploads\\\/2023\\\/08\\\/img04.webp\",\"width\":1000,\"height\":667},{\"@type\":\"BreadcrumbList\",\"@id\":\"https:\\\/\\\/portalincluir.com.br\\\/index.php\\\/2023\\\/08\\\/24\\\/inclusao-um-caminho-para-a-diversidade-e-igualdade\\\/#breadcrumb\",\"itemListElement\":[{\"@type\":\"ListItem\",\"position\":1,\"name\":\"In\u00edcio\",\"item\":\"https:\\\/\\\/portalincluir.com.br\\\/\"},{\"@type\":\"ListItem\",\"position\":2,\"name\":\"Inclus\u00e3o: Um caminho para a diversidade e igualdade\"}]},{\"@type\":\"WebSite\",\"@id\":\"https:\\\/\\\/portalincluir.com.br\\\/#website\",\"url\":\"https:\\\/\\\/portalincluir.com.br\\\/\",\"name\":\"PORTAL INCLUIR\",\"description\":\"\",\"potentialAction\":[{\"@type\":\"SearchAction\",\"target\":{\"@type\":\"EntryPoint\",\"urlTemplate\":\"https:\\\/\\\/portalincluir.com.br\\\/?s={search_term_string}\"},\"query-input\":{\"@type\":\"PropertyValueSpecification\",\"valueRequired\":true,\"valueName\":\"search_term_string\"}}],\"inLanguage\":\"pt-BR\"},{\"@type\":\"Person\",\"@id\":\"https:\\\/\\\/portalincluir.com.br\\\/#\\\/schema\\\/person\\\/8823664e5902eee555607fb75c4c35ae\",\"name\":\"Portal Incluir\",\"image\":{\"@type\":\"ImageObject\",\"inLanguage\":\"pt-BR\",\"@id\":\"https:\\\/\\\/secure.gravatar.com\\\/avatar\\\/12085fe17e70c3550551519fe1f8f51fae69b1748563a47fc3bea53d91fbcbbd?s=96&d=mm&r=g\",\"url\":\"https:\\\/\\\/secure.gravatar.com\\\/avatar\\\/12085fe17e70c3550551519fe1f8f51fae69b1748563a47fc3bea53d91fbcbbd?s=96&d=mm&r=g\",\"contentUrl\":\"https:\\\/\\\/secure.gravatar.com\\\/avatar\\\/12085fe17e70c3550551519fe1f8f51fae69b1748563a47fc3bea53d91fbcbbd?s=96&d=mm&r=g\",\"caption\":\"Portal Incluir\"},\"sameAs\":[\"http:\\\/\\\/portalincluir.com.br\"],\"url\":\"https:\\\/\\\/portalincluir.com.br\\\/index.php\\\/author\\\/portalincluir-com-br\\\/\"}]}<\/script>\n<!-- \/ Yoast SEO plugin. -->","yoast_head_json":{"title":"Inclus\u00e3o: Um caminho para a diversidade e igualdade - PORTAL INCLUIR","robots":{"index":"index","follow":"follow","max-snippet":"max-snippet:-1","max-image-preview":"max-image-preview:large","max-video-preview":"max-video-preview:-1"},"canonical":"https:\/\/portalincluir.com.br\/index.php\/2023\/08\/24\/inclusao-um-caminho-para-a-diversidade-e-igualdade\/","og_locale":"pt_BR","og_type":"article","og_title":"Inclus\u00e3o: Um caminho para a diversidade e igualdade - PORTAL INCLUIR","og_description":"A import\u00e2ncia da inclus\u00e3o A inclus\u00e3o \u00e9 um conceito que busca garantir que todas as","og_url":"https:\/\/portalincluir.com.br\/index.php\/2023\/08\/24\/inclusao-um-caminho-para-a-diversidade-e-igualdade\/","og_site_name":"PORTAL INCLUIR","article_published_time":"2023-08-25T02:51:56+00:00","article_modified_time":"2023-08-25T03:34:26+00:00","og_image":[{"width":1000,"height":667,"url":"https:\/\/portalincluir.com.br\/wp-content\/uploads\/2023\/08\/img04.webp","type":"image\/webp"}],"author":"Portal Incluir","twitter_card":"summary_large_image","twitter_misc":{"Escrito por":"Portal Incluir","Est. tempo de leitura":"1 minuto"},"schema":{"@context":"https:\/\/schema.org","@graph":[{"@type":["Article","BlogPosting"],"@id":"https:\/\/portalincluir.com.br\/index.php\/2023\/08\/24\/inclusao-um-caminho-para-a-diversidade-e-igualdade\/#article","isPartOf":{"@id":"https:\/\/portalincluir.com.br\/index.php\/2023\/08\/24\/inclusao-um-caminho-para-a-diversidade-e-igualdade\/"},"author":{"name":"Portal Incluir","@id":"https:\/\/portalincluir.com.br\/#\/schema\/person\/8823664e5902eee555607fb75c4c35ae"},"headline":"Inclus\u00e3o: Um caminho para a diversidade e igualdade","datePublished":"2023-08-25T02:51:56+00:00","dateModified":"2023-08-25T03:34:26+00:00","mainEntityOfPage":{"@id":"https:\/\/portalincluir.com.br\/index.php\/2023\/08\/24\/inclusao-um-caminho-para-a-diversidade-e-igualdade\/"},"wordCount":231,"commentCount":0,"image":{"@id":"https:\/\/portalincluir.com.br\/index.php\/2023\/08\/24\/inclusao-um-caminho-para-a-diversidade-e-igualdade\/#primaryimage"},"thumbnailUrl":"https:\/\/portalincluir.com.br\/wp-content\/uploads\/2023\/08\/img04.webp","articleSection":["Portal"],"inLanguage":"pt-BR","potentialAction":[{"@type":"CommentAction","name":"Comment","target":["https:\/\/portalincluir.com.br\/index.php\/2023\/08\/24\/inclusao-um-caminho-para-a-diversidade-e-igualdade\/#respond"]}]},{"@type":"WebPage","@id":"https:\/\/portalincluir.com.br\/index.php\/2023\/08\/24\/inclusao-um-caminho-para-a-diversidade-e-igualdade\/","url":"https:\/\/portalincluir.com.br\/index.php\/2023\/08\/24\/inclusao-um-caminho-para-a-diversidade-e-igualdade\/","name":"Inclus\u00e3o: Um caminho para a diversidade e igualdade - PORTAL INCLUIR","isPartOf":{"@id":"https:\/\/portalincluir.com.br\/#website"},"primaryImageOfPage":{"@id":"https:\/\/portalincluir.com.br\/index.php\/2023\/08\/24\/inclusao-um-caminho-para-a-diversidade-e-igualdade\/#primaryimage"},"image":{"@id":"https:\/\/portalincluir.com.br\/index.php\/2023\/08\/24\/inclusao-um-caminho-para-a-diversidade-e-igualdade\/#primaryimage"},"thumbnailUrl":"https:\/\/portalincluir.com.br\/wp-content\/uploads\/2023\/08\/img04.webp","datePublished":"2023-08-25T02:51:56+00:00","dateModified":"2023-08-25T03:34:26+00:00","author":{"@id":"https:\/\/portalincluir.com.br\/#\/schema\/person\/8823664e5902eee555607fb75c4c35ae"},"breadcrumb":{"@id":"https:\/\/portalincluir.com.br\/index.php\/2023\/08\/24\/inclusao-um-caminho-para-a-diversidade-e-igualdade\/#breadcrumb"},"inLanguage":"pt-BR","potentialAction":[{"@type":"ReadAction","target":["https:\/\/portalincluir.com.br\/index.php\/2023\/08\/24\/inclusao-um-caminho-para-a-diversidade-e-igualdade\/"]}]},{"@type":"ImageObject","inLanguage":"pt-BR","@id":"https:\/\/portalincluir.com.br\/index.php\/2023\/08\/24\/inclusao-um-caminho-para-a-diversidade-e-igualdade\/#primaryimage","url":"https:\/\/portalincluir.com.br\/wp-content\/uploads\/2023\/08\/img04.webp","contentUrl":"https:\/\/portalincluir.com.br\/wp-content\/uploads\/2023\/08\/img04.webp","width":1000,"height":667},{"@type":"BreadcrumbList","@id":"https:\/\/portalincluir.com.br\/index.php\/2023\/08\/24\/inclusao-um-caminho-para-a-diversidade-e-igualdade\/#breadcrumb","itemListElement":[{"@type":"ListItem","position":1,"name":"In\u00edcio","item":"https:\/\/portalincluir.com.br\/"},{"@type":"ListItem","position":2,"name":"Inclus\u00e3o: Um caminho para a diversidade e igualdade"}]},{"@type":"WebSite","@id":"https:\/\/portalincluir.com.br\/#website","url":"https:\/\/portalincluir.com.br\/","name":"PORTAL INCLUIR","description":"","potentialAction":[{"@type":"SearchAction","target":{"@type":"EntryPoint","urlTemplate":"https:\/\/portalincluir.com.br\/?s={search_term_string}"},"query-input":{"@type":"PropertyValueSpecification","valueRequired":true,"valueName":"search_term_string"}}],"inLanguage":"pt-BR"},{"@type":"Person","@id":"https:\/\/portalincluir.com.br\/#\/schema\/person\/8823664e5902eee555607fb75c4c35ae","name":"Portal Incluir","image":{"@type":"ImageObject","inLanguage":"pt-BR","@id":"https:\/\/secure.gravatar.com\/avatar\/12085fe17e70c3550551519fe1f8f51fae69b1748563a47fc3bea53d91fbcbbd?s=96&d=mm&r=g","url":"https:\/\/secure.gravatar.com\/avatar\/12085fe17e70c3550551519fe1f8f51fae69b1748563a47fc3bea53d91fbcbbd?s=96&d=mm&r=g","contentUrl":"https:\/\/secure.gravatar.com\/avatar\/12085fe17e70c3550551519fe1f8f51fae69b1748563a47fc3bea53d91fbcbbd?s=96&d=mm&r=g","caption":"Portal Incluir"},"sameAs":["http:\/\/portalincluir.com.br"],"url":"https:\/\/portalincluir.com.br\/index.php\/author\/portalincluir-com-br\/"}]}},"_links":{"self":[{"href":"https:\/\/portalincluir.com.br\/index.php\/wp-json\/wp\/v2\/posts\/5","targetHints":{"allow":["GET"]}}],"collection":[{"href":"https:\/\/portalincluir.com.br\/index.php\/wp-json\/wp\/v2\/posts"}],"about":[{"href":"https:\/\/portalincluir.com.br\/index.php\/wp-json\/wp\/v2\/types\/post"}],"author":[{"embeddable":true,"href":"https:\/\/portalincluir.com.br\/index.php\/wp-json\/wp\/v2\/users\/1"}],"replies":[{"embeddable":true,"href":"https:\/\/portalincluir.com.br\/index.php\/wp-json\/wp\/v2\/comments?post=5"}],"version-history":[{"count":1,"href":"https:\/\/portalincluir.com.br\/index.php\/wp-json\/wp\/v2\/posts\/5\/revisions"}],"predecessor-version":[{"id":18,"href":"https:\/\/portalincluir.com.br\/index.php\/wp-json\/wp\/v2\/posts\/5\/revisions\/18"}],"wp:featuredmedia":[{"embeddable":true,"href":"https:\/\/portalincluir.com.br\/index.php\/wp-json\/wp\/v2\/media\/17"}],"wp:attachment":[{"href":"https:\/\/portalincluir.com.br\/index.php\/wp-json\/wp\/v2\/media?parent=5"}],"wp:term":[{"taxonomy":"category","embeddable":true,"href":"https:\/\/portalincluir.com.br\/index.php\/wp-json\/wp\/v2\/categories?post=5"},{"taxonomy":"post_tag","embeddable":true,"href":"https:\/\/portalincluir.com.br\/index.php\/wp-json\/wp\/v2\/tags?post=5"}],"curies":[{"name":"wp","href":"https:\/\/api.w.org\/{rel}","templated":true}]}}