{"id":502,"date":"2025-03-16T23:08:01","date_gmt":"2025-03-17T02:08:01","guid":{"rendered":"https:\/\/portalincluir.com.br\/?p=502"},"modified":"2025-03-16T23:09:00","modified_gmt":"2025-03-17T02:09:00","slug":"dia-internacional-da-sindrome-de-down-celebrando-a-diversidade-e-promovendo-a-inclusao","status":"publish","type":"post","link":"https:\/\/portalincluir.com.br\/index.php\/2025\/03\/16\/dia-internacional-da-sindrome-de-down-celebrando-a-diversidade-e-promovendo-a-inclusao\/","title":{"rendered":"Dia Internacional da S\u00edndrome de Down: Celebrando a Diversidade e Promovendo a Inclus\u00e3o"},"content":{"rendered":"\n<p>Sexta-feira, 21 de mar\u00e7o, \u00e9 celebrado o\u00a0<strong>Dia Internacional da S\u00edndrome de Down<\/strong>, data estabelecida pela Organiza\u00e7\u00e3o das Na\u00e7\u00f5es Unidas (ONU) em 2012 para conscientizar a sociedade sobre a import\u00e2ncia da inclus\u00e3o, do respeito e da valoriza\u00e7\u00e3o das pessoas com s\u00edndrome de Down. A escolha do dia 21\/3 n\u00e3o foi por acaso: a s\u00edndrome de Down \u00e9 uma condi\u00e7\u00e3o gen\u00e9tica causada pela presen\u00e7a de um cromossomo extra no par 21, o que inspirou a representa\u00e7\u00e3o simb\u00f3lica da data.<\/p>\n\n\n\n<p>Este ano, o tema proposto pela Down Syndrome International \u00e9\u00a0<strong>&#8220;Melhore nossos sistemas de apoio&#8221;<\/strong>, refor\u00e7ando a import\u00e2ncia de criar la\u00e7os, compartilhar experi\u00eancias e promover a inclus\u00e3o em todos os espa\u00e7os. <\/p>\n\n\n\n<p>No Brasil, a Federa\u00e7\u00e3o Brasileira das Associa\u00e7\u00f5es de S\u00edndrome de Down, elegeu a tradu\u00e7\u00e3o que melhor contempla a vis\u00e3o dos autodefensores \u2013 pessoas com s\u00edndrome de down de todo o brasil; sobre a mensagem: <strong>\u201cSuporte para quem precisa. Todos juntos apoiando a inclus\u00e3o! Seja rede de apoio!\u201d.<\/strong> <\/p>\n\n\n\n<p>A data serve como um momento para refletir sobre os avan\u00e7os conquistados e os desafios que ainda precisam ser superados. Pessoas com s\u00edndrome de Down t\u00eam demonstrado que, com oportunidades e apoio, podem alcan\u00e7ar conquistas significativas em \u00e1reas como educa\u00e7\u00e3o, trabalho, esporte e arte.<\/p>\n\n\n\n<figure class=\"wp-block-image size-large\"><img loading=\"lazy\" decoding=\"async\" width=\"1024\" height=\"683\" src=\"https:\/\/portalincluir.com.br\/wp-content\/uploads\/2025\/03\/Foto-1200x800-1-1024x683.png\" alt=\"\" class=\"wp-image-503\" srcset=\"https:\/\/portalincluir.com.br\/wp-content\/uploads\/2025\/03\/Foto-1200x800-1-1024x683.png 1024w, https:\/\/portalincluir.com.br\/wp-content\/uploads\/2025\/03\/Foto-1200x800-1-300x200.png 300w, https:\/\/portalincluir.com.br\/wp-content\/uploads\/2025\/03\/Foto-1200x800-1-768x512.png 768w, https:\/\/portalincluir.com.br\/wp-content\/uploads\/2025\/03\/Foto-1200x800-1.png 1200w\" sizes=\"auto, (max-width: 1024px) 100vw, 1024px\" \/><\/figure>\n\n\n\n<p>A inclus\u00e3o, n\u00e3o \u00e9 uma responsabilidade apenas das fam\u00edlias ou das institui\u00e7\u00f5es, mas de toda a sociedade. Pequenas atitudes, como respeitar as diferen\u00e7as e oferecer oportunidades iguais, j\u00e1 fazem uma grande diferen\u00e7a. Combater o preconceito e promover a conscientiza\u00e7\u00e3o s\u00e3o passos essenciais para construir um mundo mais justo e acolhedor.<\/p>\n\n\n\n<p>Neste Dia Internacional da S\u00edndrome de Down, a mensagem \u00e9 clara: a inclus\u00e3o come\u00e7a com cada um de n\u00f3s. Que possamos aprender mais sobre a s\u00edndrome de Down, compartilhar informa\u00e7\u00f5es e, acima de tudo, valorizar as potencialidades de cada indiv\u00edduo.<\/p>\n","protected":false},"excerpt":{"rendered":"<p>Sexta-feira, 21 de mar\u00e7o, \u00e9 celebrado o\u00a0Dia Internacional da S\u00edndrome de Down, data estabelecida pela<\/p>\n","protected":false},"author":1,"featured_media":504,"comment_status":"open","ping_status":"open","sticky":false,"template":"","format":"standard","meta":{"om_disable_all_campaigns":false,"_monsterinsights_skip_tracking":false,"_monsterinsights_sitenote_active":false,"_monsterinsights_sitenote_note":"","_monsterinsights_sitenote_category":0,"_uf_show_specific_survey":0,"_uf_disable_surveys":false,"footnotes":""},"categories":[7],"tags":[],"class_list":["post-502","post","type-post","status-publish","format-standard","has-post-thumbnail","hentry","category-t21"],"yoast_head":"<!-- This site is optimized with the Yoast SEO plugin v27.4 - https:\/\/yoast.com\/product\/yoast-seo-wordpress\/ -->\n<title>Dia Internacional da S\u00edndrome de Down: Celebrando a Diversidade e Promovendo a Inclus\u00e3o - PORTAL INCLUIR<\/title>\n<meta name=\"robots\" content=\"index, follow, max-snippet:-1, max-image-preview:large, max-video-preview:-1\" \/>\n<link rel=\"canonical\" href=\"https:\/\/portalincluir.com.br\/index.php\/2025\/03\/16\/dia-internacional-da-sindrome-de-down-celebrando-a-diversidade-e-promovendo-a-inclusao\/\" \/>\n<meta property=\"og:locale\" content=\"pt_BR\" \/>\n<meta property=\"og:type\" content=\"article\" \/>\n<meta property=\"og:title\" content=\"Dia Internacional da S\u00edndrome de Down: Celebrando a Diversidade e Promovendo a Inclus\u00e3o - PORTAL INCLUIR\" \/>\n<meta property=\"og:description\" content=\"Sexta-feira, 21 de mar\u00e7o, \u00e9 celebrado o\u00a0Dia Internacional da S\u00edndrome de Down, data estabelecida pela\" \/>\n<meta property=\"og:url\" content=\"https:\/\/portalincluir.com.br\/index.php\/2025\/03\/16\/dia-internacional-da-sindrome-de-down-celebrando-a-diversidade-e-promovendo-a-inclusao\/\" \/>\n<meta property=\"og:site_name\" content=\"PORTAL INCLUIR\" \/>\n<meta property=\"article:published_time\" content=\"2025-03-17T02:08:01+00:00\" \/>\n<meta property=\"article:modified_time\" content=\"2025-03-17T02:09:00+00:00\" \/>\n<meta property=\"og:image\" content=\"https:\/\/portalincluir.com.br\/wp-content\/uploads\/2025\/03\/Foto-1200x800-2.png\" \/>\n\t<meta property=\"og:image:width\" content=\"1200\" \/>\n\t<meta property=\"og:image:height\" content=\"800\" \/>\n\t<meta property=\"og:image:type\" content=\"image\/png\" \/>\n<meta name=\"author\" content=\"Portal Incluir\" \/>\n<meta name=\"twitter:card\" content=\"summary_large_image\" \/>\n<meta name=\"twitter:label1\" content=\"Escrito por\" \/>\n\t<meta name=\"twitter:data1\" content=\"Portal Incluir\" \/>\n\t<meta name=\"twitter:label2\" content=\"Est. tempo de leitura\" \/>\n\t<meta name=\"twitter:data2\" content=\"2 minutos\" \/>\n<script type=\"application\/ld+json\" class=\"yoast-schema-graph\">{\"@context\":\"https:\\\/\\\/schema.org\",\"@graph\":[{\"@type\":[\"Article\",\"BlogPosting\"],\"@id\":\"https:\\\/\\\/portalincluir.com.br\\\/index.php\\\/2025\\\/03\\\/16\\\/dia-internacional-da-sindrome-de-down-celebrando-a-diversidade-e-promovendo-a-inclusao\\\/#article\",\"isPartOf\":{\"@id\":\"https:\\\/\\\/portalincluir.com.br\\\/index.php\\\/2025\\\/03\\\/16\\\/dia-internacional-da-sindrome-de-down-celebrando-a-diversidade-e-promovendo-a-inclusao\\\/\"},\"author\":{\"name\":\"Portal Incluir\",\"@id\":\"https:\\\/\\\/portalincluir.com.br\\\/#\\\/schema\\\/person\\\/8823664e5902eee555607fb75c4c35ae\"},\"headline\":\"Dia Internacional da S\u00edndrome de Down: Celebrando a Diversidade e Promovendo a Inclus\u00e3o\",\"datePublished\":\"2025-03-17T02:08:01+00:00\",\"dateModified\":\"2025-03-17T02:09:00+00:00\",\"mainEntityOfPage\":{\"@id\":\"https:\\\/\\\/portalincluir.com.br\\\/index.php\\\/2025\\\/03\\\/16\\\/dia-internacional-da-sindrome-de-down-celebrando-a-diversidade-e-promovendo-a-inclusao\\\/\"},\"wordCount\":343,\"commentCount\":0,\"image\":{\"@id\":\"https:\\\/\\\/portalincluir.com.br\\\/index.php\\\/2025\\\/03\\\/16\\\/dia-internacional-da-sindrome-de-down-celebrando-a-diversidade-e-promovendo-a-inclusao\\\/#primaryimage\"},\"thumbnailUrl\":\"https:\\\/\\\/portalincluir.com.br\\\/wp-content\\\/uploads\\\/2025\\\/03\\\/Foto-1200x800-2.png\",\"articleSection\":[\"T21\"],\"inLanguage\":\"pt-BR\",\"potentialAction\":[{\"@type\":\"CommentAction\",\"name\":\"Comment\",\"target\":[\"https:\\\/\\\/portalincluir.com.br\\\/index.php\\\/2025\\\/03\\\/16\\\/dia-internacional-da-sindrome-de-down-celebrando-a-diversidade-e-promovendo-a-inclusao\\\/#respond\"]}]},{\"@type\":\"WebPage\",\"@id\":\"https:\\\/\\\/portalincluir.com.br\\\/index.php\\\/2025\\\/03\\\/16\\\/dia-internacional-da-sindrome-de-down-celebrando-a-diversidade-e-promovendo-a-inclusao\\\/\",\"url\":\"https:\\\/\\\/portalincluir.com.br\\\/index.php\\\/2025\\\/03\\\/16\\\/dia-internacional-da-sindrome-de-down-celebrando-a-diversidade-e-promovendo-a-inclusao\\\/\",\"name\":\"Dia Internacional da S\u00edndrome de Down: Celebrando a Diversidade e Promovendo a Inclus\u00e3o - PORTAL INCLUIR\",\"isPartOf\":{\"@id\":\"https:\\\/\\\/portalincluir.com.br\\\/#website\"},\"primaryImageOfPage\":{\"@id\":\"https:\\\/\\\/portalincluir.com.br\\\/index.php\\\/2025\\\/03\\\/16\\\/dia-internacional-da-sindrome-de-down-celebrando-a-diversidade-e-promovendo-a-inclusao\\\/#primaryimage\"},\"image\":{\"@id\":\"https:\\\/\\\/portalincluir.com.br\\\/index.php\\\/2025\\\/03\\\/16\\\/dia-internacional-da-sindrome-de-down-celebrando-a-diversidade-e-promovendo-a-inclusao\\\/#primaryimage\"},\"thumbnailUrl\":\"https:\\\/\\\/portalincluir.com.br\\\/wp-content\\\/uploads\\\/2025\\\/03\\\/Foto-1200x800-2.png\",\"datePublished\":\"2025-03-17T02:08:01+00:00\",\"dateModified\":\"2025-03-17T02:09:00+00:00\",\"author\":{\"@id\":\"https:\\\/\\\/portalincluir.com.br\\\/#\\\/schema\\\/person\\\/8823664e5902eee555607fb75c4c35ae\"},\"breadcrumb\":{\"@id\":\"https:\\\/\\\/portalincluir.com.br\\\/index.php\\\/2025\\\/03\\\/16\\\/dia-internacional-da-sindrome-de-down-celebrando-a-diversidade-e-promovendo-a-inclusao\\\/#breadcrumb\"},\"inLanguage\":\"pt-BR\",\"potentialAction\":[{\"@type\":\"ReadAction\",\"target\":[\"https:\\\/\\\/portalincluir.com.br\\\/index.php\\\/2025\\\/03\\\/16\\\/dia-internacional-da-sindrome-de-down-celebrando-a-diversidade-e-promovendo-a-inclusao\\\/\"]}]},{\"@type\":\"ImageObject\",\"inLanguage\":\"pt-BR\",\"@id\":\"https:\\\/\\\/portalincluir.com.br\\\/index.php\\\/2025\\\/03\\\/16\\\/dia-internacional-da-sindrome-de-down-celebrando-a-diversidade-e-promovendo-a-inclusao\\\/#primaryimage\",\"url\":\"https:\\\/\\\/portalincluir.com.br\\\/wp-content\\\/uploads\\\/2025\\\/03\\\/Foto-1200x800-2.png\",\"contentUrl\":\"https:\\\/\\\/portalincluir.com.br\\\/wp-content\\\/uploads\\\/2025\\\/03\\\/Foto-1200x800-2.png\",\"width\":1200,\"height\":800},{\"@type\":\"BreadcrumbList\",\"@id\":\"https:\\\/\\\/portalincluir.com.br\\\/index.php\\\/2025\\\/03\\\/16\\\/dia-internacional-da-sindrome-de-down-celebrando-a-diversidade-e-promovendo-a-inclusao\\\/#breadcrumb\",\"itemListElement\":[{\"@type\":\"ListItem\",\"position\":1,\"name\":\"In\u00edcio\",\"item\":\"https:\\\/\\\/portalincluir.com.br\\\/\"},{\"@type\":\"ListItem\",\"position\":2,\"name\":\"Dia Internacional da S\u00edndrome de Down: Celebrando a Diversidade e Promovendo a Inclus\u00e3o\"}]},{\"@type\":\"WebSite\",\"@id\":\"https:\\\/\\\/portalincluir.com.br\\\/#website\",\"url\":\"https:\\\/\\\/portalincluir.com.br\\\/\",\"name\":\"PORTAL INCLUIR\",\"description\":\"\",\"potentialAction\":[{\"@type\":\"SearchAction\",\"target\":{\"@type\":\"EntryPoint\",\"urlTemplate\":\"https:\\\/\\\/portalincluir.com.br\\\/?s={search_term_string}\"},\"query-input\":{\"@type\":\"PropertyValueSpecification\",\"valueRequired\":true,\"valueName\":\"search_term_string\"}}],\"inLanguage\":\"pt-BR\"},{\"@type\":\"Person\",\"@id\":\"https:\\\/\\\/portalincluir.com.br\\\/#\\\/schema\\\/person\\\/8823664e5902eee555607fb75c4c35ae\",\"name\":\"Portal Incluir\",\"image\":{\"@type\":\"ImageObject\",\"inLanguage\":\"pt-BR\",\"@id\":\"https:\\\/\\\/secure.gravatar.com\\\/avatar\\\/12085fe17e70c3550551519fe1f8f51fae69b1748563a47fc3bea53d91fbcbbd?s=96&d=mm&r=g\",\"url\":\"https:\\\/\\\/secure.gravatar.com\\\/avatar\\\/12085fe17e70c3550551519fe1f8f51fae69b1748563a47fc3bea53d91fbcbbd?s=96&d=mm&r=g\",\"contentUrl\":\"https:\\\/\\\/secure.gravatar.com\\\/avatar\\\/12085fe17e70c3550551519fe1f8f51fae69b1748563a47fc3bea53d91fbcbbd?s=96&d=mm&r=g\",\"caption\":\"Portal Incluir\"},\"sameAs\":[\"http:\\\/\\\/portalincluir.com.br\"],\"url\":\"https:\\\/\\\/portalincluir.com.br\\\/index.php\\\/author\\\/portalincluir-com-br\\\/\"}]}<\/script>\n<!-- \/ Yoast SEO plugin. -->","yoast_head_json":{"title":"Dia Internacional da S\u00edndrome de Down: Celebrando a Diversidade e Promovendo a Inclus\u00e3o - PORTAL INCLUIR","robots":{"index":"index","follow":"follow","max-snippet":"max-snippet:-1","max-image-preview":"max-image-preview:large","max-video-preview":"max-video-preview:-1"},"canonical":"https:\/\/portalincluir.com.br\/index.php\/2025\/03\/16\/dia-internacional-da-sindrome-de-down-celebrando-a-diversidade-e-promovendo-a-inclusao\/","og_locale":"pt_BR","og_type":"article","og_title":"Dia Internacional da S\u00edndrome de Down: Celebrando a Diversidade e Promovendo a Inclus\u00e3o - PORTAL INCLUIR","og_description":"Sexta-feira, 21 de mar\u00e7o, \u00e9 celebrado o\u00a0Dia Internacional da S\u00edndrome de Down, data estabelecida pela","og_url":"https:\/\/portalincluir.com.br\/index.php\/2025\/03\/16\/dia-internacional-da-sindrome-de-down-celebrando-a-diversidade-e-promovendo-a-inclusao\/","og_site_name":"PORTAL INCLUIR","article_published_time":"2025-03-17T02:08:01+00:00","article_modified_time":"2025-03-17T02:09:00+00:00","og_image":[{"width":1200,"height":800,"url":"https:\/\/portalincluir.com.br\/wp-content\/uploads\/2025\/03\/Foto-1200x800-2.png","type":"image\/png"}],"author":"Portal Incluir","twitter_card":"summary_large_image","twitter_misc":{"Escrito por":"Portal Incluir","Est. tempo de leitura":"2 minutos"},"schema":{"@context":"https:\/\/schema.org","@graph":[{"@type":["Article","BlogPosting"],"@id":"https:\/\/portalincluir.com.br\/index.php\/2025\/03\/16\/dia-internacional-da-sindrome-de-down-celebrando-a-diversidade-e-promovendo-a-inclusao\/#article","isPartOf":{"@id":"https:\/\/portalincluir.com.br\/index.php\/2025\/03\/16\/dia-internacional-da-sindrome-de-down-celebrando-a-diversidade-e-promovendo-a-inclusao\/"},"author":{"name":"Portal Incluir","@id":"https:\/\/portalincluir.com.br\/#\/schema\/person\/8823664e5902eee555607fb75c4c35ae"},"headline":"Dia Internacional da S\u00edndrome de Down: Celebrando a Diversidade e Promovendo a Inclus\u00e3o","datePublished":"2025-03-17T02:08:01+00:00","dateModified":"2025-03-17T02:09:00+00:00","mainEntityOfPage":{"@id":"https:\/\/portalincluir.com.br\/index.php\/2025\/03\/16\/dia-internacional-da-sindrome-de-down-celebrando-a-diversidade-e-promovendo-a-inclusao\/"},"wordCount":343,"commentCount":0,"image":{"@id":"https:\/\/portalincluir.com.br\/index.php\/2025\/03\/16\/dia-internacional-da-sindrome-de-down-celebrando-a-diversidade-e-promovendo-a-inclusao\/#primaryimage"},"thumbnailUrl":"https:\/\/portalincluir.com.br\/wp-content\/uploads\/2025\/03\/Foto-1200x800-2.png","articleSection":["T21"],"inLanguage":"pt-BR","potentialAction":[{"@type":"CommentAction","name":"Comment","target":["https:\/\/portalincluir.com.br\/index.php\/2025\/03\/16\/dia-internacional-da-sindrome-de-down-celebrando-a-diversidade-e-promovendo-a-inclusao\/#respond"]}]},{"@type":"WebPage","@id":"https:\/\/portalincluir.com.br\/index.php\/2025\/03\/16\/dia-internacional-da-sindrome-de-down-celebrando-a-diversidade-e-promovendo-a-inclusao\/","url":"https:\/\/portalincluir.com.br\/index.php\/2025\/03\/16\/dia-internacional-da-sindrome-de-down-celebrando-a-diversidade-e-promovendo-a-inclusao\/","name":"Dia Internacional da S\u00edndrome de Down: Celebrando a Diversidade e Promovendo a Inclus\u00e3o - PORTAL INCLUIR","isPartOf":{"@id":"https:\/\/portalincluir.com.br\/#website"},"primaryImageOfPage":{"@id":"https:\/\/portalincluir.com.br\/index.php\/2025\/03\/16\/dia-internacional-da-sindrome-de-down-celebrando-a-diversidade-e-promovendo-a-inclusao\/#primaryimage"},"image":{"@id":"https:\/\/portalincluir.com.br\/index.php\/2025\/03\/16\/dia-internacional-da-sindrome-de-down-celebrando-a-diversidade-e-promovendo-a-inclusao\/#primaryimage"},"thumbnailUrl":"https:\/\/portalincluir.com.br\/wp-content\/uploads\/2025\/03\/Foto-1200x800-2.png","datePublished":"2025-03-17T02:08:01+00:00","dateModified":"2025-03-17T02:09:00+00:00","author":{"@id":"https:\/\/portalincluir.com.br\/#\/schema\/person\/8823664e5902eee555607fb75c4c35ae"},"breadcrumb":{"@id":"https:\/\/portalincluir.com.br\/index.php\/2025\/03\/16\/dia-internacional-da-sindrome-de-down-celebrando-a-diversidade-e-promovendo-a-inclusao\/#breadcrumb"},"inLanguage":"pt-BR","potentialAction":[{"@type":"ReadAction","target":["https:\/\/portalincluir.com.br\/index.php\/2025\/03\/16\/dia-internacional-da-sindrome-de-down-celebrando-a-diversidade-e-promovendo-a-inclusao\/"]}]},{"@type":"ImageObject","inLanguage":"pt-BR","@id":"https:\/\/portalincluir.com.br\/index.php\/2025\/03\/16\/dia-internacional-da-sindrome-de-down-celebrando-a-diversidade-e-promovendo-a-inclusao\/#primaryimage","url":"https:\/\/portalincluir.com.br\/wp-content\/uploads\/2025\/03\/Foto-1200x800-2.png","contentUrl":"https:\/\/portalincluir.com.br\/wp-content\/uploads\/2025\/03\/Foto-1200x800-2.png","width":1200,"height":800},{"@type":"BreadcrumbList","@id":"https:\/\/portalincluir.com.br\/index.php\/2025\/03\/16\/dia-internacional-da-sindrome-de-down-celebrando-a-diversidade-e-promovendo-a-inclusao\/#breadcrumb","itemListElement":[{"@type":"ListItem","position":1,"name":"In\u00edcio","item":"https:\/\/portalincluir.com.br\/"},{"@type":"ListItem","position":2,"name":"Dia Internacional da S\u00edndrome de Down: Celebrando a Diversidade e Promovendo a Inclus\u00e3o"}]},{"@type":"WebSite","@id":"https:\/\/portalincluir.com.br\/#website","url":"https:\/\/portalincluir.com.br\/","name":"PORTAL INCLUIR","description":"","potentialAction":[{"@type":"SearchAction","target":{"@type":"EntryPoint","urlTemplate":"https:\/\/portalincluir.com.br\/?s={search_term_string}"},"query-input":{"@type":"PropertyValueSpecification","valueRequired":true,"valueName":"search_term_string"}}],"inLanguage":"pt-BR"},{"@type":"Person","@id":"https:\/\/portalincluir.com.br\/#\/schema\/person\/8823664e5902eee555607fb75c4c35ae","name":"Portal Incluir","image":{"@type":"ImageObject","inLanguage":"pt-BR","@id":"https:\/\/secure.gravatar.com\/avatar\/12085fe17e70c3550551519fe1f8f51fae69b1748563a47fc3bea53d91fbcbbd?s=96&d=mm&r=g","url":"https:\/\/secure.gravatar.com\/avatar\/12085fe17e70c3550551519fe1f8f51fae69b1748563a47fc3bea53d91fbcbbd?s=96&d=mm&r=g","contentUrl":"https:\/\/secure.gravatar.com\/avatar\/12085fe17e70c3550551519fe1f8f51fae69b1748563a47fc3bea53d91fbcbbd?s=96&d=mm&r=g","caption":"Portal Incluir"},"sameAs":["http:\/\/portalincluir.com.br"],"url":"https:\/\/portalincluir.com.br\/index.php\/author\/portalincluir-com-br\/"}]}},"_links":{"self":[{"href":"https:\/\/portalincluir.com.br\/index.php\/wp-json\/wp\/v2\/posts\/502","targetHints":{"allow":["GET"]}}],"collection":[{"href":"https:\/\/portalincluir.com.br\/index.php\/wp-json\/wp\/v2\/posts"}],"about":[{"href":"https:\/\/portalincluir.com.br\/index.php\/wp-json\/wp\/v2\/types\/post"}],"author":[{"embeddable":true,"href":"https:\/\/portalincluir.com.br\/index.php\/wp-json\/wp\/v2\/users\/1"}],"replies":[{"embeddable":true,"href":"https:\/\/portalincluir.com.br\/index.php\/wp-json\/wp\/v2\/comments?post=502"}],"version-history":[{"count":2,"href":"https:\/\/portalincluir.com.br\/index.php\/wp-json\/wp\/v2\/posts\/502\/revisions"}],"predecessor-version":[{"id":506,"href":"https:\/\/portalincluir.com.br\/index.php\/wp-json\/wp\/v2\/posts\/502\/revisions\/506"}],"wp:featuredmedia":[{"embeddable":true,"href":"https:\/\/portalincluir.com.br\/index.php\/wp-json\/wp\/v2\/media\/504"}],"wp:attachment":[{"href":"https:\/\/portalincluir.com.br\/index.php\/wp-json\/wp\/v2\/media?parent=502"}],"wp:term":[{"taxonomy":"category","embeddable":true,"href":"https:\/\/portalincluir.com.br\/index.php\/wp-json\/wp\/v2\/categories?post=502"},{"taxonomy":"post_tag","embeddable":true,"href":"https:\/\/portalincluir.com.br\/index.php\/wp-json\/wp\/v2\/tags?post=502"}],"curies":[{"name":"wp","href":"https:\/\/api.w.org\/{rel}","templated":true}]}}