{"id":510,"date":"2025-03-20T18:44:28","date_gmt":"2025-03-20T21:44:28","guid":{"rendered":"https:\/\/portalincluir.com.br\/?p=510"},"modified":"2025-03-20T18:44:59","modified_gmt":"2025-03-20T21:44:59","slug":"510","status":"publish","type":"post","link":"https:\/\/portalincluir.com.br\/index.php\/2025\/03\/20\/510\/","title":{"rendered":"Campanha \u2019\u2019meias trocadas\u2019\u2019: celebrando a diversidade"},"content":{"rendered":"\n<p>No dia&nbsp;&nbsp;<strong>21 de mar\u00e7o,&nbsp;<\/strong>&nbsp;comemora-se o&nbsp;&nbsp;<strong>Dia Internacional da S\u00edndrome de Down<\/strong>&nbsp;, um dado especialmente criado para conscientizar as pessoas sobre a import\u00e2ncia da inclus\u00e3o, do respeito e da valoriza\u00e7\u00e3o das pessoas com S\u00edndrome de Down. A escolha da data (21\/03) n\u00e3o foi por acaso: ela faz refer\u00eancia \u00e0 trissomia do cromossomo 21, que \u00e9 uma caracter\u00edstica gen\u00e9tica das pessoas com S\u00edndrome de Down. Esse dia \u00e9 uma oportunidade para celebrar a diversidade e promover a igualdade de oportunidades para todos.<\/p>\n\n\n\n<p><strong>O que \u00e9 a S\u00edndrome de Down?<\/strong><\/p>\n\n\n\n<p>A S\u00edndrome de Down \u00e9 uma condi\u00e7\u00e3o gen\u00e9tica causada pela presen\u00e7a de um cromossomo extra no par 21. Isso afeta o desenvolvimento f\u00edsico e intelectual da pessoa, mas cada indiv\u00edduo com S\u00edndrome de Down \u00e9 \u00fanico, com suas pr\u00f3prias habilidades, personalidades e sonhos. Com o apoio adequado, eles podem levar vidas plenas, estudar, trabalhar, praticar esportes e contribuir de muitas formas para a sociedade.<\/p>\n\n\n\n<p><strong>A Campanha &#8220;Meias Trocadas&#8221;<\/strong><\/p>\n\n\n\n<p>Uma das iniciativas mais conhecidas e simb\u00f3licas do Dia Internacional da S\u00edndrome de Down \u00e9 a campanha&nbsp;&nbsp;<strong>&#8220;Meias Trocadas&#8221;<\/strong>&nbsp;. A ideia \u00e9 simples, mas cheia de significado: usar meias diferentes, uma de cada cor ou estampa, no dia 21 de mar\u00e7o.<\/p>\n\n\n\n<p>Mas por que meias trocadas? As meias diferentes representam a&nbsp;<strong>diversidade<\/strong>&nbsp;e a&nbsp;&nbsp;<strong>singularidade<\/strong>&nbsp;de cada pessoa. Elas s\u00e3o um s\u00edmbolo de que as diferen\u00e7as devem ser celebradas, n\u00e3o temidas. Al\u00e9m disso, as meias t\u00eam formato semelhante ao de um cromossomo, o que refor\u00e7a a conex\u00e3o com a S\u00edndrome de Down.<\/p>\n\n\n\n<p>A campanha \u00e9 uma forma divertida e visual de chamar a aten\u00e7\u00e3o para a import\u00e2ncia da inclus\u00e3o e dos preconceitos psicol\u00f3gicos. Ao usar meias trocadas, as pessoas mostram que est\u00e3o dispostas a abra\u00e7ar a diversidade e a lutar por um mundo mais justo e acolhedor.<\/p>\n\n\n\n<p><strong>Como participar?<\/strong><\/p>\n\n\n\n<p>Participar da campanha \u00e9 muito f\u00e1cil:<\/p>\n\n\n\n<p>No dia 21 de mar\u00e7o, escolha duas meias diferentes (cores, estampas ou tamanhos).<\/p>\n\n\n\n<p>Use-as com orgulho, seja no trabalho, na escola ou em casa.<\/p>\n\n\n\n<p>Tire uma foto e compartilhe nas redes sociais com as hashtags&nbsp;&nbsp;<strong>#MeiasTrocadas<\/strong>&nbsp;,&nbsp;&nbsp;<strong>#DiaInternacionalDaS\u00edndromeDeDown<\/strong>&nbsp;e&nbsp;&nbsp;<strong>#Inclus\u00e3o<\/strong>&nbsp;.<\/p>\n\n\n\n<p>Converse com amigos e familiares sobre a import\u00e2ncia da inclus\u00e3o e o respeito \u00e0s diferen\u00e7as.<\/p>\n\n\n\n<p><strong>Por que essa campanha \u00e9 importante?<\/strong><\/p>\n\n\n\n<p>A campanha &#8220;Meias Trocadas&#8221; vai al\u00e9m de um gesto simb\u00f3lico. Ela ajuda a:<\/p>\n\n\n\n<p><strong>Combater o preconceito<\/strong>&nbsp;: Mostra que as diferen\u00e7as n\u00e3o s\u00e3o barreiras, mas sim motivos para celebrar a vida.<\/p>\n\n\n\n<p><strong>Promover a inclus\u00e3o<\/strong>&nbsp;: Incentiva a sociedade a criar espa\u00e7os mais acess\u00edveis e acolhedores para todos.<\/p>\n\n\n\n<p><strong>Dar visibilidade<\/strong>&nbsp;: Ajuda a conscientizar as pessoas sobre os direitos e as capacidades das pessoas com S\u00edndrome de Down.<\/p>\n\n\n\n<p><strong>Celebre a Diversidade!<\/strong><\/p>\n\n\n\n<p>O Dia Internacional da S\u00edndrome de Down e a campanha &#8220;Meias Trocadas&#8221; nos lembram de que todos somos \u00fanicos e especiais \u00e0 nossa maneira. Ao usar meias diferentes, estamos dizendo &#8220;sim&#8221; \u00e0 inclus\u00e3o, ao respeito e \u00e0 acessibilidade. Vamos juntos construir um mundo onde todos tenham a oportunidade de brilhar, independentemente de suas diferen\u00e7as.<\/p>\n\n\n\n<p>Ent\u00e3o, no dia 21 de mar\u00e7o, vista suas meias trocadas e fa\u00e7a parte dessa corrente do bem!&nbsp;<\/p>\n\n\n\n<p>Por J\u00fanior Patente<\/p>\n","protected":false},"excerpt":{"rendered":"<p>No dia&nbsp;&nbsp;21 de mar\u00e7o,&nbsp;&nbsp;comemora-se o&nbsp;&nbsp;Dia Internacional da S\u00edndrome de Down&nbsp;, um dado especialmente criado para<\/p>\n","protected":false},"author":1,"featured_media":511,"comment_status":"open","ping_status":"open","sticky":false,"template":"","format":"standard","meta":{"om_disable_all_campaigns":false,"_monsterinsights_skip_tracking":false,"_monsterinsights_sitenote_active":false,"_monsterinsights_sitenote_note":"","_monsterinsights_sitenote_category":0,"_uf_show_specific_survey":0,"_uf_disable_surveys":false,"footnotes":""},"categories":[9,7],"tags":[],"class_list":["post-510","post","type-post","status-publish","format-standard","has-post-thumbnail","hentry","category-noticias","category-t21"],"yoast_head":"<!-- This site is optimized with the Yoast SEO plugin v27.4 - https:\/\/yoast.com\/product\/yoast-seo-wordpress\/ -->\n<title>Campanha \u2019\u2019meias trocadas\u2019\u2019: celebrando a diversidade - PORTAL INCLUIR<\/title>\n<meta name=\"robots\" content=\"index, follow, max-snippet:-1, max-image-preview:large, max-video-preview:-1\" \/>\n<link rel=\"canonical\" href=\"https:\/\/portalincluir.com.br\/index.php\/2025\/03\/20\/510\/\" \/>\n<meta property=\"og:locale\" content=\"pt_BR\" \/>\n<meta property=\"og:type\" content=\"article\" \/>\n<meta property=\"og:title\" content=\"Campanha \u2019\u2019meias trocadas\u2019\u2019: celebrando a diversidade - PORTAL INCLUIR\" \/>\n<meta property=\"og:description\" content=\"No dia&nbsp;&nbsp;21 de mar\u00e7o,&nbsp;&nbsp;comemora-se o&nbsp;&nbsp;Dia Internacional da S\u00edndrome de Down&nbsp;, um dado especialmente criado para\" \/>\n<meta property=\"og:url\" content=\"https:\/\/portalincluir.com.br\/index.php\/2025\/03\/20\/510\/\" \/>\n<meta property=\"og:site_name\" content=\"PORTAL INCLUIR\" \/>\n<meta property=\"article:published_time\" content=\"2025-03-20T21:44:28+00:00\" \/>\n<meta property=\"article:modified_time\" content=\"2025-03-20T21:44:59+00:00\" \/>\n<meta property=\"og:image\" content=\"https:\/\/portalincluir.com.br\/wp-content\/uploads\/2025\/03\/meias-scaled-1.jpg\" \/>\n\t<meta property=\"og:image:width\" content=\"2560\" \/>\n\t<meta property=\"og:image:height\" content=\"1707\" \/>\n\t<meta property=\"og:image:type\" content=\"image\/jpeg\" \/>\n<meta name=\"author\" content=\"Portal Incluir\" \/>\n<meta name=\"twitter:card\" content=\"summary_large_image\" \/>\n<meta name=\"twitter:label1\" content=\"Escrito por\" \/>\n\t<meta name=\"twitter:data1\" content=\"Portal Incluir\" \/>\n\t<meta name=\"twitter:label2\" content=\"Est. tempo de leitura\" \/>\n\t<meta name=\"twitter:data2\" content=\"3 minutos\" \/>\n<script type=\"application\/ld+json\" class=\"yoast-schema-graph\">{\"@context\":\"https:\\\/\\\/schema.org\",\"@graph\":[{\"@type\":[\"Article\",\"BlogPosting\"],\"@id\":\"https:\\\/\\\/portalincluir.com.br\\\/index.php\\\/2025\\\/03\\\/20\\\/510\\\/#article\",\"isPartOf\":{\"@id\":\"https:\\\/\\\/portalincluir.com.br\\\/index.php\\\/2025\\\/03\\\/20\\\/510\\\/\"},\"author\":{\"name\":\"Portal Incluir\",\"@id\":\"https:\\\/\\\/portalincluir.com.br\\\/#\\\/schema\\\/person\\\/8823664e5902eee555607fb75c4c35ae\"},\"headline\":\"Campanha \u2019\u2019meias trocadas\u2019\u2019: celebrando a diversidade\",\"datePublished\":\"2025-03-20T21:44:28+00:00\",\"dateModified\":\"2025-03-20T21:44:59+00:00\",\"mainEntityOfPage\":{\"@id\":\"https:\\\/\\\/portalincluir.com.br\\\/index.php\\\/2025\\\/03\\\/20\\\/510\\\/\"},\"wordCount\":577,\"commentCount\":0,\"image\":{\"@id\":\"https:\\\/\\\/portalincluir.com.br\\\/index.php\\\/2025\\\/03\\\/20\\\/510\\\/#primaryimage\"},\"thumbnailUrl\":\"https:\\\/\\\/portalincluir.com.br\\\/wp-content\\\/uploads\\\/2025\\\/03\\\/meias-scaled-1.jpg\",\"articleSection\":[\"Not\u00edcias\",\"T21\"],\"inLanguage\":\"pt-BR\",\"potentialAction\":[{\"@type\":\"CommentAction\",\"name\":\"Comment\",\"target\":[\"https:\\\/\\\/portalincluir.com.br\\\/index.php\\\/2025\\\/03\\\/20\\\/510\\\/#respond\"]}]},{\"@type\":\"WebPage\",\"@id\":\"https:\\\/\\\/portalincluir.com.br\\\/index.php\\\/2025\\\/03\\\/20\\\/510\\\/\",\"url\":\"https:\\\/\\\/portalincluir.com.br\\\/index.php\\\/2025\\\/03\\\/20\\\/510\\\/\",\"name\":\"Campanha \u2019\u2019meias trocadas\u2019\u2019: celebrando a diversidade - PORTAL INCLUIR\",\"isPartOf\":{\"@id\":\"https:\\\/\\\/portalincluir.com.br\\\/#website\"},\"primaryImageOfPage\":{\"@id\":\"https:\\\/\\\/portalincluir.com.br\\\/index.php\\\/2025\\\/03\\\/20\\\/510\\\/#primaryimage\"},\"image\":{\"@id\":\"https:\\\/\\\/portalincluir.com.br\\\/index.php\\\/2025\\\/03\\\/20\\\/510\\\/#primaryimage\"},\"thumbnailUrl\":\"https:\\\/\\\/portalincluir.com.br\\\/wp-content\\\/uploads\\\/2025\\\/03\\\/meias-scaled-1.jpg\",\"datePublished\":\"2025-03-20T21:44:28+00:00\",\"dateModified\":\"2025-03-20T21:44:59+00:00\",\"author\":{\"@id\":\"https:\\\/\\\/portalincluir.com.br\\\/#\\\/schema\\\/person\\\/8823664e5902eee555607fb75c4c35ae\"},\"breadcrumb\":{\"@id\":\"https:\\\/\\\/portalincluir.com.br\\\/index.php\\\/2025\\\/03\\\/20\\\/510\\\/#breadcrumb\"},\"inLanguage\":\"pt-BR\",\"potentialAction\":[{\"@type\":\"ReadAction\",\"target\":[\"https:\\\/\\\/portalincluir.com.br\\\/index.php\\\/2025\\\/03\\\/20\\\/510\\\/\"]}]},{\"@type\":\"ImageObject\",\"inLanguage\":\"pt-BR\",\"@id\":\"https:\\\/\\\/portalincluir.com.br\\\/index.php\\\/2025\\\/03\\\/20\\\/510\\\/#primaryimage\",\"url\":\"https:\\\/\\\/portalincluir.com.br\\\/wp-content\\\/uploads\\\/2025\\\/03\\\/meias-scaled-1.jpg\",\"contentUrl\":\"https:\\\/\\\/portalincluir.com.br\\\/wp-content\\\/uploads\\\/2025\\\/03\\\/meias-scaled-1.jpg\",\"width\":2560,\"height\":1707},{\"@type\":\"BreadcrumbList\",\"@id\":\"https:\\\/\\\/portalincluir.com.br\\\/index.php\\\/2025\\\/03\\\/20\\\/510\\\/#breadcrumb\",\"itemListElement\":[{\"@type\":\"ListItem\",\"position\":1,\"name\":\"In\u00edcio\",\"item\":\"https:\\\/\\\/portalincluir.com.br\\\/\"},{\"@type\":\"ListItem\",\"position\":2,\"name\":\"Campanha \u2019\u2019meias trocadas\u2019\u2019: celebrando a diversidade\"}]},{\"@type\":\"WebSite\",\"@id\":\"https:\\\/\\\/portalincluir.com.br\\\/#website\",\"url\":\"https:\\\/\\\/portalincluir.com.br\\\/\",\"name\":\"PORTAL INCLUIR\",\"description\":\"\",\"potentialAction\":[{\"@type\":\"SearchAction\",\"target\":{\"@type\":\"EntryPoint\",\"urlTemplate\":\"https:\\\/\\\/portalincluir.com.br\\\/?s={search_term_string}\"},\"query-input\":{\"@type\":\"PropertyValueSpecification\",\"valueRequired\":true,\"valueName\":\"search_term_string\"}}],\"inLanguage\":\"pt-BR\"},{\"@type\":\"Person\",\"@id\":\"https:\\\/\\\/portalincluir.com.br\\\/#\\\/schema\\\/person\\\/8823664e5902eee555607fb75c4c35ae\",\"name\":\"Portal Incluir\",\"image\":{\"@type\":\"ImageObject\",\"inLanguage\":\"pt-BR\",\"@id\":\"https:\\\/\\\/secure.gravatar.com\\\/avatar\\\/12085fe17e70c3550551519fe1f8f51fae69b1748563a47fc3bea53d91fbcbbd?s=96&d=mm&r=g\",\"url\":\"https:\\\/\\\/secure.gravatar.com\\\/avatar\\\/12085fe17e70c3550551519fe1f8f51fae69b1748563a47fc3bea53d91fbcbbd?s=96&d=mm&r=g\",\"contentUrl\":\"https:\\\/\\\/secure.gravatar.com\\\/avatar\\\/12085fe17e70c3550551519fe1f8f51fae69b1748563a47fc3bea53d91fbcbbd?s=96&d=mm&r=g\",\"caption\":\"Portal Incluir\"},\"sameAs\":[\"http:\\\/\\\/portalincluir.com.br\"],\"url\":\"https:\\\/\\\/portalincluir.com.br\\\/index.php\\\/author\\\/portalincluir-com-br\\\/\"}]}<\/script>\n<!-- \/ Yoast SEO plugin. -->","yoast_head_json":{"title":"Campanha \u2019\u2019meias trocadas\u2019\u2019: celebrando a diversidade - PORTAL INCLUIR","robots":{"index":"index","follow":"follow","max-snippet":"max-snippet:-1","max-image-preview":"max-image-preview:large","max-video-preview":"max-video-preview:-1"},"canonical":"https:\/\/portalincluir.com.br\/index.php\/2025\/03\/20\/510\/","og_locale":"pt_BR","og_type":"article","og_title":"Campanha \u2019\u2019meias trocadas\u2019\u2019: celebrando a diversidade - PORTAL INCLUIR","og_description":"No dia&nbsp;&nbsp;21 de mar\u00e7o,&nbsp;&nbsp;comemora-se o&nbsp;&nbsp;Dia Internacional da S\u00edndrome de Down&nbsp;, um dado especialmente criado para","og_url":"https:\/\/portalincluir.com.br\/index.php\/2025\/03\/20\/510\/","og_site_name":"PORTAL INCLUIR","article_published_time":"2025-03-20T21:44:28+00:00","article_modified_time":"2025-03-20T21:44:59+00:00","og_image":[{"width":2560,"height":1707,"url":"https:\/\/portalincluir.com.br\/wp-content\/uploads\/2025\/03\/meias-scaled-1.jpg","type":"image\/jpeg"}],"author":"Portal Incluir","twitter_card":"summary_large_image","twitter_misc":{"Escrito por":"Portal Incluir","Est. tempo de leitura":"3 minutos"},"schema":{"@context":"https:\/\/schema.org","@graph":[{"@type":["Article","BlogPosting"],"@id":"https:\/\/portalincluir.com.br\/index.php\/2025\/03\/20\/510\/#article","isPartOf":{"@id":"https:\/\/portalincluir.com.br\/index.php\/2025\/03\/20\/510\/"},"author":{"name":"Portal Incluir","@id":"https:\/\/portalincluir.com.br\/#\/schema\/person\/8823664e5902eee555607fb75c4c35ae"},"headline":"Campanha \u2019\u2019meias trocadas\u2019\u2019: celebrando a diversidade","datePublished":"2025-03-20T21:44:28+00:00","dateModified":"2025-03-20T21:44:59+00:00","mainEntityOfPage":{"@id":"https:\/\/portalincluir.com.br\/index.php\/2025\/03\/20\/510\/"},"wordCount":577,"commentCount":0,"image":{"@id":"https:\/\/portalincluir.com.br\/index.php\/2025\/03\/20\/510\/#primaryimage"},"thumbnailUrl":"https:\/\/portalincluir.com.br\/wp-content\/uploads\/2025\/03\/meias-scaled-1.jpg","articleSection":["Not\u00edcias","T21"],"inLanguage":"pt-BR","potentialAction":[{"@type":"CommentAction","name":"Comment","target":["https:\/\/portalincluir.com.br\/index.php\/2025\/03\/20\/510\/#respond"]}]},{"@type":"WebPage","@id":"https:\/\/portalincluir.com.br\/index.php\/2025\/03\/20\/510\/","url":"https:\/\/portalincluir.com.br\/index.php\/2025\/03\/20\/510\/","name":"Campanha \u2019\u2019meias trocadas\u2019\u2019: celebrando a diversidade - PORTAL INCLUIR","isPartOf":{"@id":"https:\/\/portalincluir.com.br\/#website"},"primaryImageOfPage":{"@id":"https:\/\/portalincluir.com.br\/index.php\/2025\/03\/20\/510\/#primaryimage"},"image":{"@id":"https:\/\/portalincluir.com.br\/index.php\/2025\/03\/20\/510\/#primaryimage"},"thumbnailUrl":"https:\/\/portalincluir.com.br\/wp-content\/uploads\/2025\/03\/meias-scaled-1.jpg","datePublished":"2025-03-20T21:44:28+00:00","dateModified":"2025-03-20T21:44:59+00:00","author":{"@id":"https:\/\/portalincluir.com.br\/#\/schema\/person\/8823664e5902eee555607fb75c4c35ae"},"breadcrumb":{"@id":"https:\/\/portalincluir.com.br\/index.php\/2025\/03\/20\/510\/#breadcrumb"},"inLanguage":"pt-BR","potentialAction":[{"@type":"ReadAction","target":["https:\/\/portalincluir.com.br\/index.php\/2025\/03\/20\/510\/"]}]},{"@type":"ImageObject","inLanguage":"pt-BR","@id":"https:\/\/portalincluir.com.br\/index.php\/2025\/03\/20\/510\/#primaryimage","url":"https:\/\/portalincluir.com.br\/wp-content\/uploads\/2025\/03\/meias-scaled-1.jpg","contentUrl":"https:\/\/portalincluir.com.br\/wp-content\/uploads\/2025\/03\/meias-scaled-1.jpg","width":2560,"height":1707},{"@type":"BreadcrumbList","@id":"https:\/\/portalincluir.com.br\/index.php\/2025\/03\/20\/510\/#breadcrumb","itemListElement":[{"@type":"ListItem","position":1,"name":"In\u00edcio","item":"https:\/\/portalincluir.com.br\/"},{"@type":"ListItem","position":2,"name":"Campanha \u2019\u2019meias trocadas\u2019\u2019: celebrando a diversidade"}]},{"@type":"WebSite","@id":"https:\/\/portalincluir.com.br\/#website","url":"https:\/\/portalincluir.com.br\/","name":"PORTAL INCLUIR","description":"","potentialAction":[{"@type":"SearchAction","target":{"@type":"EntryPoint","urlTemplate":"https:\/\/portalincluir.com.br\/?s={search_term_string}"},"query-input":{"@type":"PropertyValueSpecification","valueRequired":true,"valueName":"search_term_string"}}],"inLanguage":"pt-BR"},{"@type":"Person","@id":"https:\/\/portalincluir.com.br\/#\/schema\/person\/8823664e5902eee555607fb75c4c35ae","name":"Portal Incluir","image":{"@type":"ImageObject","inLanguage":"pt-BR","@id":"https:\/\/secure.gravatar.com\/avatar\/12085fe17e70c3550551519fe1f8f51fae69b1748563a47fc3bea53d91fbcbbd?s=96&d=mm&r=g","url":"https:\/\/secure.gravatar.com\/avatar\/12085fe17e70c3550551519fe1f8f51fae69b1748563a47fc3bea53d91fbcbbd?s=96&d=mm&r=g","contentUrl":"https:\/\/secure.gravatar.com\/avatar\/12085fe17e70c3550551519fe1f8f51fae69b1748563a47fc3bea53d91fbcbbd?s=96&d=mm&r=g","caption":"Portal Incluir"},"sameAs":["http:\/\/portalincluir.com.br"],"url":"https:\/\/portalincluir.com.br\/index.php\/author\/portalincluir-com-br\/"}]}},"_links":{"self":[{"href":"https:\/\/portalincluir.com.br\/index.php\/wp-json\/wp\/v2\/posts\/510","targetHints":{"allow":["GET"]}}],"collection":[{"href":"https:\/\/portalincluir.com.br\/index.php\/wp-json\/wp\/v2\/posts"}],"about":[{"href":"https:\/\/portalincluir.com.br\/index.php\/wp-json\/wp\/v2\/types\/post"}],"author":[{"embeddable":true,"href":"https:\/\/portalincluir.com.br\/index.php\/wp-json\/wp\/v2\/users\/1"}],"replies":[{"embeddable":true,"href":"https:\/\/portalincluir.com.br\/index.php\/wp-json\/wp\/v2\/comments?post=510"}],"version-history":[{"count":2,"href":"https:\/\/portalincluir.com.br\/index.php\/wp-json\/wp\/v2\/posts\/510\/revisions"}],"predecessor-version":[{"id":513,"href":"https:\/\/portalincluir.com.br\/index.php\/wp-json\/wp\/v2\/posts\/510\/revisions\/513"}],"wp:featuredmedia":[{"embeddable":true,"href":"https:\/\/portalincluir.com.br\/index.php\/wp-json\/wp\/v2\/media\/511"}],"wp:attachment":[{"href":"https:\/\/portalincluir.com.br\/index.php\/wp-json\/wp\/v2\/media?parent=510"}],"wp:term":[{"taxonomy":"category","embeddable":true,"href":"https:\/\/portalincluir.com.br\/index.php\/wp-json\/wp\/v2\/categories?post=510"},{"taxonomy":"post_tag","embeddable":true,"href":"https:\/\/portalincluir.com.br\/index.php\/wp-json\/wp\/v2\/tags?post=510"}],"curies":[{"name":"wp","href":"https:\/\/api.w.org\/{rel}","templated":true}]}}