{"id":519,"date":"2025-04-08T22:24:44","date_gmt":"2025-04-09T01:24:44","guid":{"rendered":"https:\/\/portalincluir.com.br\/?p=519"},"modified":"2025-04-08T22:35:05","modified_gmt":"2025-04-09T01:35:05","slug":"inclusao-digital-um-direito-de-todos-e-um-dever-dos-veiculos-de-comunicacao","status":"publish","type":"post","link":"https:\/\/portalincluir.com.br\/index.php\/2025\/04\/08\/inclusao-digital-um-direito-de-todos-e-um-dever-dos-veiculos-de-comunicacao\/","title":{"rendered":"Inclus\u00e3o digital: um direito de todos e um dever dos ve\u00edculos de comunica\u00e7\u00e3o"},"content":{"rendered":"\n<p>Em um mundo cada vez mais conectado, a informa\u00e7\u00e3o \u00e9 poder. Mas ser\u00e1 que todos t\u00eam acesso a ela? No Brasil, mais de&nbsp;<strong>17 milh\u00f5es de pessoas<\/strong>&nbsp;vivem com algum tipo de defici\u00eancia, segundo o IBGE, e muitas enfrentam barreiras di\u00e1rias para navegar na internet. A&nbsp;<strong>acessibilidade digital<\/strong>&nbsp;n\u00e3o \u00e9 apenas uma quest\u00e3o de responsabilidade social, mas um&nbsp;<strong>direito garantido por lei<\/strong>&nbsp;e um passo essencial para a constru\u00e7\u00e3o de uma sociedade verdadeiramente inclusiva.<\/p>\n\n\n\n<p>Diante desse cen\u00e1rio, a <strong>Mega R\u00e1dio VCA (megaradiovca.com.br)<\/strong>&nbsp;se tornou&nbsp;<strong>pioneiro em Vit\u00f3ria da Conquista<\/strong>&nbsp;ao implementar ferramentas de acessibilidade em seu site jornal\u00edstico, garantindo que pessoas com defici\u00eancia (PcD) possam consumir not\u00edcias com autonomia e dignidade.<\/p>\n\n\n\n<p><strong>Por que a acessibilidade digital n\u00e3o pode mais esperar?<\/strong><\/p>\n\n\n\n<p>A internet \u00e9 hoje a principal fonte de informa\u00e7\u00e3o, entretenimento e comunica\u00e7\u00e3o. No entanto, muitos sites ainda ignoram as necessidades de usu\u00e1rios com defici\u00eancia, criando barreiras como:<\/p>\n\n\n\n<ul class=\"wp-block-list\">\n<li><strong>Falta de leitor de tela<\/strong>&nbsp;para cegos e pessoas com baixa vis\u00e3o.<\/li>\n\n\n\n<li><strong>V\u00eddeos sem legendas ou libras<\/strong>, excluindo surdos e deficientes auditivos.<\/li>\n\n\n\n<li><strong>Navega\u00e7\u00e3o complicada<\/strong>&nbsp;para quem depende apenas do teclado.<\/li>\n\n\n\n<li><strong>Contraste insuficiente e fontes pequenas<\/strong>, dificultando a leitura.<\/li>\n<\/ul>\n\n\n\n<p>Essas limita\u00e7\u00f5es violam a&nbsp;<strong>Lei Brasileira de Inclus\u00e3o (LBI, 2015)<\/strong>, que determina que plataformas digitais devem ser acess\u00edveis. Al\u00e9m disso, empresas e ve\u00edculos de comunica\u00e7\u00e3o que n\u00e3o se adaptam perdem um p\u00fablico significativo e deixam de cumprir seu papel social.<\/p>\n\n\n\n<p><strong>Mega R\u00e1dio VCA: um exemplo a ser seguido<\/strong><\/p>\n\n\n\n<p>A mudan\u00e7a na&nbsp;<strong>Mega R\u00e1dio VCA<\/strong>&nbsp;foi impulsionada pelo programa&nbsp;<strong>&#8220;Inclus\u00e3o em Foco&#8221;<\/strong>, apresentado quinzenalmente pelo jornalista&nbsp;<strong>Junior Patente<\/strong>, que realiza um trabalho voltado \u00e0 acessibilidade digital atrav\u00e9s do&nbsp;<strong>Portal Incluir (portalincluir.com.br)<\/strong>&nbsp;e do&nbsp;<strong>Blog Viver Down (viverdown.com.br)<\/strong>.<\/p>\n\n\n\n<p>Com a chegada do programa, veio a conscientiza\u00e7\u00e3o de que&nbsp;<strong>informa\u00e7\u00e3o s\u00f3 \u00e9 democr\u00e1tica quando chega a todos<\/strong>. Agora, o site da Mega R\u00e1dio VCA oferece:<\/p>\n\n\n\n<p><br>\u2714&nbsp;<strong>Ajuste de contraste e tamanho da fonte<\/strong><\/p>\n\n\n\n<p>\u2714&nbsp;<strong>Navega\u00e7\u00e3o simplificada por teclado<\/strong>.<\/p>\n\n\n\n<p>\u2714&nbsp;<strong>Leitor de Libras, <\/strong>entre outros.<\/p>\n\n\n\n<p>Essas ferramentas n\u00e3o apenas&nbsp;<strong>incluem PcD<\/strong>, mas tamb\u00e9m melhoram a experi\u00eancia de idosos, pessoas com dislexia e outros usu\u00e1rios que se beneficiam de recursos adaptativos.<\/p>\n\n\n\n<p><strong>Um chamado \u00e0 a\u00e7\u00e3o: inclus\u00e3o digital \u00e9 urgente!<\/strong><\/p>\n\n\n\n<p>A iniciativa da&nbsp;<strong>Mega R\u00e1dio VCA<\/strong>&nbsp;deve servir de inspira\u00e7\u00e3o para&nbsp;<strong>outros sites, blogs e ve\u00edculos de comunica\u00e7\u00e3o<\/strong>. A expectativa \u00e9 que cada vez mais portais entendam que:<\/p>\n\n\n\n<p>\ud83d\udd39&nbsp;<strong>Inclus\u00e3o n\u00e3o \u00e9 favor, \u00e9 obriga\u00e7\u00e3o.<\/strong><br>\ud83d\udd39&nbsp;<strong>Acessibilidade beneficia todos, n\u00e3o apenas PcDs.<\/strong><br>\ud83d\udd39&nbsp;<strong>Sites adaptados alcan\u00e7am mais p\u00fablico e cumprem seu papel social.<\/strong><\/p>\n\n\n\n<p>Como afirma Junior Patente no&nbsp;<strong>&#8220;Inclus\u00e3o em Foco&#8221;<\/strong>: <em>&#8220;N\u00e3o basta falar sobre inclus\u00e3o; \u00e9 preciso pratic\u00e1-la. Se a informa\u00e7\u00e3o n\u00e3o chega a todos, ela n\u00e3o \u00e9 democr\u00e1tica.&#8221;<\/em><\/p>\n\n\n\n<p>Que outros ve\u00edculos sigam esse exemplo e transformem a internet em um espa\u00e7o&nbsp;<strong>realmente para todos<\/strong>.<\/p>\n\n\n\n<p><\/p>\n","protected":false},"excerpt":{"rendered":"<p>Em um mundo cada vez mais conectado, a informa\u00e7\u00e3o \u00e9 poder. Mas ser\u00e1 que todos<\/p>\n","protected":false},"author":1,"featured_media":521,"comment_status":"open","ping_status":"open","sticky":false,"template":"","format":"standard","meta":{"om_disable_all_campaigns":false,"_monsterinsights_skip_tracking":false,"_monsterinsights_sitenote_active":false,"_monsterinsights_sitenote_note":"","_monsterinsights_sitenote_category":0,"_uf_show_specific_survey":0,"_uf_disable_surveys":false,"footnotes":""},"categories":[9,13],"tags":[],"class_list":["post-519","post","type-post","status-publish","format-standard","has-post-thumbnail","hentry","category-noticias","category-podcast"],"yoast_head":"<!-- This site is optimized with the Yoast SEO plugin v27.4 - https:\/\/yoast.com\/product\/yoast-seo-wordpress\/ -->\n<title>Inclus\u00e3o digital: um direito de todos e um dever dos ve\u00edculos de comunica\u00e7\u00e3o - PORTAL INCLUIR<\/title>\n<meta name=\"robots\" content=\"index, follow, max-snippet:-1, max-image-preview:large, max-video-preview:-1\" \/>\n<link rel=\"canonical\" href=\"https:\/\/portalincluir.com.br\/index.php\/2025\/04\/08\/inclusao-digital-um-direito-de-todos-e-um-dever-dos-veiculos-de-comunicacao\/\" \/>\n<meta property=\"og:locale\" content=\"pt_BR\" \/>\n<meta property=\"og:type\" content=\"article\" \/>\n<meta property=\"og:title\" content=\"Inclus\u00e3o digital: um direito de todos e um dever dos ve\u00edculos de comunica\u00e7\u00e3o - PORTAL INCLUIR\" \/>\n<meta property=\"og:description\" content=\"Em um mundo cada vez mais conectado, a informa\u00e7\u00e3o \u00e9 poder. Mas ser\u00e1 que todos\" \/>\n<meta property=\"og:url\" content=\"https:\/\/portalincluir.com.br\/index.php\/2025\/04\/08\/inclusao-digital-um-direito-de-todos-e-um-dever-dos-veiculos-de-comunicacao\/\" \/>\n<meta property=\"og:site_name\" content=\"PORTAL INCLUIR\" \/>\n<meta property=\"article:published_time\" content=\"2025-04-09T01:24:44+00:00\" \/>\n<meta property=\"article:modified_time\" content=\"2025-04-09T01:35:05+00:00\" \/>\n<meta property=\"og:image\" content=\"https:\/\/portalincluir.com.br\/wp-content\/uploads\/2025\/04\/Copia-de-Foto-1200x800-2.png\" \/>\n\t<meta property=\"og:image:width\" content=\"1200\" \/>\n\t<meta property=\"og:image:height\" content=\"900\" \/>\n\t<meta property=\"og:image:type\" content=\"image\/png\" \/>\n<meta name=\"author\" content=\"Portal Incluir\" \/>\n<meta name=\"twitter:card\" content=\"summary_large_image\" \/>\n<meta name=\"twitter:label1\" content=\"Escrito por\" \/>\n\t<meta name=\"twitter:data1\" content=\"Portal Incluir\" \/>\n\t<meta name=\"twitter:label2\" content=\"Est. tempo de leitura\" \/>\n\t<meta name=\"twitter:data2\" content=\"3 minutos\" \/>\n<script type=\"application\/ld+json\" class=\"yoast-schema-graph\">{\"@context\":\"https:\\\/\\\/schema.org\",\"@graph\":[{\"@type\":[\"Article\",\"BlogPosting\"],\"@id\":\"https:\\\/\\\/portalincluir.com.br\\\/index.php\\\/2025\\\/04\\\/08\\\/inclusao-digital-um-direito-de-todos-e-um-dever-dos-veiculos-de-comunicacao\\\/#article\",\"isPartOf\":{\"@id\":\"https:\\\/\\\/portalincluir.com.br\\\/index.php\\\/2025\\\/04\\\/08\\\/inclusao-digital-um-direito-de-todos-e-um-dever-dos-veiculos-de-comunicacao\\\/\"},\"author\":{\"name\":\"Portal Incluir\",\"@id\":\"https:\\\/\\\/portalincluir.com.br\\\/#\\\/schema\\\/person\\\/8823664e5902eee555607fb75c4c35ae\"},\"headline\":\"Inclus\u00e3o digital: um direito de todos e um dever dos ve\u00edculos de comunica\u00e7\u00e3o\",\"datePublished\":\"2025-04-09T01:24:44+00:00\",\"dateModified\":\"2025-04-09T01:35:05+00:00\",\"mainEntityOfPage\":{\"@id\":\"https:\\\/\\\/portalincluir.com.br\\\/index.php\\\/2025\\\/04\\\/08\\\/inclusao-digital-um-direito-de-todos-e-um-dever-dos-veiculos-de-comunicacao\\\/\"},\"wordCount\":545,\"commentCount\":0,\"image\":{\"@id\":\"https:\\\/\\\/portalincluir.com.br\\\/index.php\\\/2025\\\/04\\\/08\\\/inclusao-digital-um-direito-de-todos-e-um-dever-dos-veiculos-de-comunicacao\\\/#primaryimage\"},\"thumbnailUrl\":\"https:\\\/\\\/portalincluir.com.br\\\/wp-content\\\/uploads\\\/2025\\\/04\\\/Copia-de-Foto-1200x800-2.png\",\"articleSection\":[\"Not\u00edcias\",\"PodCast\"],\"inLanguage\":\"pt-BR\",\"potentialAction\":[{\"@type\":\"CommentAction\",\"name\":\"Comment\",\"target\":[\"https:\\\/\\\/portalincluir.com.br\\\/index.php\\\/2025\\\/04\\\/08\\\/inclusao-digital-um-direito-de-todos-e-um-dever-dos-veiculos-de-comunicacao\\\/#respond\"]}]},{\"@type\":\"WebPage\",\"@id\":\"https:\\\/\\\/portalincluir.com.br\\\/index.php\\\/2025\\\/04\\\/08\\\/inclusao-digital-um-direito-de-todos-e-um-dever-dos-veiculos-de-comunicacao\\\/\",\"url\":\"https:\\\/\\\/portalincluir.com.br\\\/index.php\\\/2025\\\/04\\\/08\\\/inclusao-digital-um-direito-de-todos-e-um-dever-dos-veiculos-de-comunicacao\\\/\",\"name\":\"Inclus\u00e3o digital: um direito de todos e um dever dos ve\u00edculos de comunica\u00e7\u00e3o - PORTAL INCLUIR\",\"isPartOf\":{\"@id\":\"https:\\\/\\\/portalincluir.com.br\\\/#website\"},\"primaryImageOfPage\":{\"@id\":\"https:\\\/\\\/portalincluir.com.br\\\/index.php\\\/2025\\\/04\\\/08\\\/inclusao-digital-um-direito-de-todos-e-um-dever-dos-veiculos-de-comunicacao\\\/#primaryimage\"},\"image\":{\"@id\":\"https:\\\/\\\/portalincluir.com.br\\\/index.php\\\/2025\\\/04\\\/08\\\/inclusao-digital-um-direito-de-todos-e-um-dever-dos-veiculos-de-comunicacao\\\/#primaryimage\"},\"thumbnailUrl\":\"https:\\\/\\\/portalincluir.com.br\\\/wp-content\\\/uploads\\\/2025\\\/04\\\/Copia-de-Foto-1200x800-2.png\",\"datePublished\":\"2025-04-09T01:24:44+00:00\",\"dateModified\":\"2025-04-09T01:35:05+00:00\",\"author\":{\"@id\":\"https:\\\/\\\/portalincluir.com.br\\\/#\\\/schema\\\/person\\\/8823664e5902eee555607fb75c4c35ae\"},\"breadcrumb\":{\"@id\":\"https:\\\/\\\/portalincluir.com.br\\\/index.php\\\/2025\\\/04\\\/08\\\/inclusao-digital-um-direito-de-todos-e-um-dever-dos-veiculos-de-comunicacao\\\/#breadcrumb\"},\"inLanguage\":\"pt-BR\",\"potentialAction\":[{\"@type\":\"ReadAction\",\"target\":[\"https:\\\/\\\/portalincluir.com.br\\\/index.php\\\/2025\\\/04\\\/08\\\/inclusao-digital-um-direito-de-todos-e-um-dever-dos-veiculos-de-comunicacao\\\/\"]}]},{\"@type\":\"ImageObject\",\"inLanguage\":\"pt-BR\",\"@id\":\"https:\\\/\\\/portalincluir.com.br\\\/index.php\\\/2025\\\/04\\\/08\\\/inclusao-digital-um-direito-de-todos-e-um-dever-dos-veiculos-de-comunicacao\\\/#primaryimage\",\"url\":\"https:\\\/\\\/portalincluir.com.br\\\/wp-content\\\/uploads\\\/2025\\\/04\\\/Copia-de-Foto-1200x800-2.png\",\"contentUrl\":\"https:\\\/\\\/portalincluir.com.br\\\/wp-content\\\/uploads\\\/2025\\\/04\\\/Copia-de-Foto-1200x800-2.png\",\"width\":1200,\"height\":900},{\"@type\":\"BreadcrumbList\",\"@id\":\"https:\\\/\\\/portalincluir.com.br\\\/index.php\\\/2025\\\/04\\\/08\\\/inclusao-digital-um-direito-de-todos-e-um-dever-dos-veiculos-de-comunicacao\\\/#breadcrumb\",\"itemListElement\":[{\"@type\":\"ListItem\",\"position\":1,\"name\":\"In\u00edcio\",\"item\":\"https:\\\/\\\/portalincluir.com.br\\\/\"},{\"@type\":\"ListItem\",\"position\":2,\"name\":\"Inclus\u00e3o digital: um direito de todos e um dever dos ve\u00edculos de comunica\u00e7\u00e3o\"}]},{\"@type\":\"WebSite\",\"@id\":\"https:\\\/\\\/portalincluir.com.br\\\/#website\",\"url\":\"https:\\\/\\\/portalincluir.com.br\\\/\",\"name\":\"PORTAL INCLUIR\",\"description\":\"\",\"potentialAction\":[{\"@type\":\"SearchAction\",\"target\":{\"@type\":\"EntryPoint\",\"urlTemplate\":\"https:\\\/\\\/portalincluir.com.br\\\/?s={search_term_string}\"},\"query-input\":{\"@type\":\"PropertyValueSpecification\",\"valueRequired\":true,\"valueName\":\"search_term_string\"}}],\"inLanguage\":\"pt-BR\"},{\"@type\":\"Person\",\"@id\":\"https:\\\/\\\/portalincluir.com.br\\\/#\\\/schema\\\/person\\\/8823664e5902eee555607fb75c4c35ae\",\"name\":\"Portal Incluir\",\"image\":{\"@type\":\"ImageObject\",\"inLanguage\":\"pt-BR\",\"@id\":\"https:\\\/\\\/secure.gravatar.com\\\/avatar\\\/12085fe17e70c3550551519fe1f8f51fae69b1748563a47fc3bea53d91fbcbbd?s=96&d=mm&r=g\",\"url\":\"https:\\\/\\\/secure.gravatar.com\\\/avatar\\\/12085fe17e70c3550551519fe1f8f51fae69b1748563a47fc3bea53d91fbcbbd?s=96&d=mm&r=g\",\"contentUrl\":\"https:\\\/\\\/secure.gravatar.com\\\/avatar\\\/12085fe17e70c3550551519fe1f8f51fae69b1748563a47fc3bea53d91fbcbbd?s=96&d=mm&r=g\",\"caption\":\"Portal Incluir\"},\"sameAs\":[\"http:\\\/\\\/portalincluir.com.br\"],\"url\":\"https:\\\/\\\/portalincluir.com.br\\\/index.php\\\/author\\\/portalincluir-com-br\\\/\"}]}<\/script>\n<!-- \/ Yoast SEO plugin. -->","yoast_head_json":{"title":"Inclus\u00e3o digital: um direito de todos e um dever dos ve\u00edculos de comunica\u00e7\u00e3o - PORTAL INCLUIR","robots":{"index":"index","follow":"follow","max-snippet":"max-snippet:-1","max-image-preview":"max-image-preview:large","max-video-preview":"max-video-preview:-1"},"canonical":"https:\/\/portalincluir.com.br\/index.php\/2025\/04\/08\/inclusao-digital-um-direito-de-todos-e-um-dever-dos-veiculos-de-comunicacao\/","og_locale":"pt_BR","og_type":"article","og_title":"Inclus\u00e3o digital: um direito de todos e um dever dos ve\u00edculos de comunica\u00e7\u00e3o - PORTAL INCLUIR","og_description":"Em um mundo cada vez mais conectado, a informa\u00e7\u00e3o \u00e9 poder. Mas ser\u00e1 que todos","og_url":"https:\/\/portalincluir.com.br\/index.php\/2025\/04\/08\/inclusao-digital-um-direito-de-todos-e-um-dever-dos-veiculos-de-comunicacao\/","og_site_name":"PORTAL INCLUIR","article_published_time":"2025-04-09T01:24:44+00:00","article_modified_time":"2025-04-09T01:35:05+00:00","og_image":[{"width":1200,"height":900,"url":"https:\/\/portalincluir.com.br\/wp-content\/uploads\/2025\/04\/Copia-de-Foto-1200x800-2.png","type":"image\/png"}],"author":"Portal Incluir","twitter_card":"summary_large_image","twitter_misc":{"Escrito por":"Portal Incluir","Est. tempo de leitura":"3 minutos"},"schema":{"@context":"https:\/\/schema.org","@graph":[{"@type":["Article","BlogPosting"],"@id":"https:\/\/portalincluir.com.br\/index.php\/2025\/04\/08\/inclusao-digital-um-direito-de-todos-e-um-dever-dos-veiculos-de-comunicacao\/#article","isPartOf":{"@id":"https:\/\/portalincluir.com.br\/index.php\/2025\/04\/08\/inclusao-digital-um-direito-de-todos-e-um-dever-dos-veiculos-de-comunicacao\/"},"author":{"name":"Portal Incluir","@id":"https:\/\/portalincluir.com.br\/#\/schema\/person\/8823664e5902eee555607fb75c4c35ae"},"headline":"Inclus\u00e3o digital: um direito de todos e um dever dos ve\u00edculos de comunica\u00e7\u00e3o","datePublished":"2025-04-09T01:24:44+00:00","dateModified":"2025-04-09T01:35:05+00:00","mainEntityOfPage":{"@id":"https:\/\/portalincluir.com.br\/index.php\/2025\/04\/08\/inclusao-digital-um-direito-de-todos-e-um-dever-dos-veiculos-de-comunicacao\/"},"wordCount":545,"commentCount":0,"image":{"@id":"https:\/\/portalincluir.com.br\/index.php\/2025\/04\/08\/inclusao-digital-um-direito-de-todos-e-um-dever-dos-veiculos-de-comunicacao\/#primaryimage"},"thumbnailUrl":"https:\/\/portalincluir.com.br\/wp-content\/uploads\/2025\/04\/Copia-de-Foto-1200x800-2.png","articleSection":["Not\u00edcias","PodCast"],"inLanguage":"pt-BR","potentialAction":[{"@type":"CommentAction","name":"Comment","target":["https:\/\/portalincluir.com.br\/index.php\/2025\/04\/08\/inclusao-digital-um-direito-de-todos-e-um-dever-dos-veiculos-de-comunicacao\/#respond"]}]},{"@type":"WebPage","@id":"https:\/\/portalincluir.com.br\/index.php\/2025\/04\/08\/inclusao-digital-um-direito-de-todos-e-um-dever-dos-veiculos-de-comunicacao\/","url":"https:\/\/portalincluir.com.br\/index.php\/2025\/04\/08\/inclusao-digital-um-direito-de-todos-e-um-dever-dos-veiculos-de-comunicacao\/","name":"Inclus\u00e3o digital: um direito de todos e um dever dos ve\u00edculos de comunica\u00e7\u00e3o - PORTAL INCLUIR","isPartOf":{"@id":"https:\/\/portalincluir.com.br\/#website"},"primaryImageOfPage":{"@id":"https:\/\/portalincluir.com.br\/index.php\/2025\/04\/08\/inclusao-digital-um-direito-de-todos-e-um-dever-dos-veiculos-de-comunicacao\/#primaryimage"},"image":{"@id":"https:\/\/portalincluir.com.br\/index.php\/2025\/04\/08\/inclusao-digital-um-direito-de-todos-e-um-dever-dos-veiculos-de-comunicacao\/#primaryimage"},"thumbnailUrl":"https:\/\/portalincluir.com.br\/wp-content\/uploads\/2025\/04\/Copia-de-Foto-1200x800-2.png","datePublished":"2025-04-09T01:24:44+00:00","dateModified":"2025-04-09T01:35:05+00:00","author":{"@id":"https:\/\/portalincluir.com.br\/#\/schema\/person\/8823664e5902eee555607fb75c4c35ae"},"breadcrumb":{"@id":"https:\/\/portalincluir.com.br\/index.php\/2025\/04\/08\/inclusao-digital-um-direito-de-todos-e-um-dever-dos-veiculos-de-comunicacao\/#breadcrumb"},"inLanguage":"pt-BR","potentialAction":[{"@type":"ReadAction","target":["https:\/\/portalincluir.com.br\/index.php\/2025\/04\/08\/inclusao-digital-um-direito-de-todos-e-um-dever-dos-veiculos-de-comunicacao\/"]}]},{"@type":"ImageObject","inLanguage":"pt-BR","@id":"https:\/\/portalincluir.com.br\/index.php\/2025\/04\/08\/inclusao-digital-um-direito-de-todos-e-um-dever-dos-veiculos-de-comunicacao\/#primaryimage","url":"https:\/\/portalincluir.com.br\/wp-content\/uploads\/2025\/04\/Copia-de-Foto-1200x800-2.png","contentUrl":"https:\/\/portalincluir.com.br\/wp-content\/uploads\/2025\/04\/Copia-de-Foto-1200x800-2.png","width":1200,"height":900},{"@type":"BreadcrumbList","@id":"https:\/\/portalincluir.com.br\/index.php\/2025\/04\/08\/inclusao-digital-um-direito-de-todos-e-um-dever-dos-veiculos-de-comunicacao\/#breadcrumb","itemListElement":[{"@type":"ListItem","position":1,"name":"In\u00edcio","item":"https:\/\/portalincluir.com.br\/"},{"@type":"ListItem","position":2,"name":"Inclus\u00e3o digital: um direito de todos e um dever dos ve\u00edculos de comunica\u00e7\u00e3o"}]},{"@type":"WebSite","@id":"https:\/\/portalincluir.com.br\/#website","url":"https:\/\/portalincluir.com.br\/","name":"PORTAL INCLUIR","description":"","potentialAction":[{"@type":"SearchAction","target":{"@type":"EntryPoint","urlTemplate":"https:\/\/portalincluir.com.br\/?s={search_term_string}"},"query-input":{"@type":"PropertyValueSpecification","valueRequired":true,"valueName":"search_term_string"}}],"inLanguage":"pt-BR"},{"@type":"Person","@id":"https:\/\/portalincluir.com.br\/#\/schema\/person\/8823664e5902eee555607fb75c4c35ae","name":"Portal Incluir","image":{"@type":"ImageObject","inLanguage":"pt-BR","@id":"https:\/\/secure.gravatar.com\/avatar\/12085fe17e70c3550551519fe1f8f51fae69b1748563a47fc3bea53d91fbcbbd?s=96&d=mm&r=g","url":"https:\/\/secure.gravatar.com\/avatar\/12085fe17e70c3550551519fe1f8f51fae69b1748563a47fc3bea53d91fbcbbd?s=96&d=mm&r=g","contentUrl":"https:\/\/secure.gravatar.com\/avatar\/12085fe17e70c3550551519fe1f8f51fae69b1748563a47fc3bea53d91fbcbbd?s=96&d=mm&r=g","caption":"Portal Incluir"},"sameAs":["http:\/\/portalincluir.com.br"],"url":"https:\/\/portalincluir.com.br\/index.php\/author\/portalincluir-com-br\/"}]}},"_links":{"self":[{"href":"https:\/\/portalincluir.com.br\/index.php\/wp-json\/wp\/v2\/posts\/519","targetHints":{"allow":["GET"]}}],"collection":[{"href":"https:\/\/portalincluir.com.br\/index.php\/wp-json\/wp\/v2\/posts"}],"about":[{"href":"https:\/\/portalincluir.com.br\/index.php\/wp-json\/wp\/v2\/types\/post"}],"author":[{"embeddable":true,"href":"https:\/\/portalincluir.com.br\/index.php\/wp-json\/wp\/v2\/users\/1"}],"replies":[{"embeddable":true,"href":"https:\/\/portalincluir.com.br\/index.php\/wp-json\/wp\/v2\/comments?post=519"}],"version-history":[{"count":2,"href":"https:\/\/portalincluir.com.br\/index.php\/wp-json\/wp\/v2\/posts\/519\/revisions"}],"predecessor-version":[{"id":523,"href":"https:\/\/portalincluir.com.br\/index.php\/wp-json\/wp\/v2\/posts\/519\/revisions\/523"}],"wp:featuredmedia":[{"embeddable":true,"href":"https:\/\/portalincluir.com.br\/index.php\/wp-json\/wp\/v2\/media\/521"}],"wp:attachment":[{"href":"https:\/\/portalincluir.com.br\/index.php\/wp-json\/wp\/v2\/media?parent=519"}],"wp:term":[{"taxonomy":"category","embeddable":true,"href":"https:\/\/portalincluir.com.br\/index.php\/wp-json\/wp\/v2\/categories?post=519"},{"taxonomy":"post_tag","embeddable":true,"href":"https:\/\/portalincluir.com.br\/index.php\/wp-json\/wp\/v2\/tags?post=519"}],"curies":[{"name":"wp","href":"https:\/\/api.w.org\/{rel}","templated":true}]}}