{"id":532,"date":"2025-04-14T19:33:39","date_gmt":"2025-04-14T22:33:39","guid":{"rendered":"https:\/\/portalincluir.com.br\/?p=532"},"modified":"2025-04-14T19:33:40","modified_gmt":"2025-04-14T22:33:40","slug":"programa-inclusao-em-foco-edicao-08","status":"publish","type":"post","link":"https:\/\/portalincluir.com.br\/index.php\/2025\/04\/14\/programa-inclusao-em-foco-edicao-08\/","title":{"rendered":"Programa Inclus\u00e3o em Foco, edi\u00e7\u00e3o 08"},"content":{"rendered":"\n<p>A C\u00e2mara Municipal de Vit\u00f3ria da Conquista realizou na  \u00faltima ter\u00e7a-feira (8), audi\u00eancia p\u00fablica para marcar duas datas: o Dia Internacional da S\u00edndrome de Down, celebrado em 21 de mar\u00e7o, e o Dia Mundial de Conscientiza\u00e7\u00e3o do Autismo, comemorado em 2 de abril. A atividade foi proposta pelo mandato da vereadora M\u00e1rcia Viviane (PT).<\/p>\n\n\n\n<p>Confira no Inclus\u00e3o em foco os principais momentos desta audi\u00eancia e as falas de representantes de entidades que atendem a Pessoas com Defici\u00eancias, m\u00e3es e testemunho de algumas PcD. <\/p>\n\n\n\n<p>Outro destaque foi a aprova\u00e7\u00e3o na C\u00e2mara da Carteira de Identidade Nacional para Pessoas com Defici\u00eancia. Agora o projeto est\u00e1 no Senado.<\/p>\n\n\n\n<iframe src='https:\/\/www.4shared.com\/web\/embed\/audio\/file\/iLl8fhwrjq?type=NORMAL&#038;widgetWidth=530&#038;showArtwork=true&#038;playlistHeight=0&#038;widgetRid=884281240040' style='overflow:hidden;height:152px;width:530px;border: 0;margin:0;'><\/iframe>\n","protected":false},"excerpt":{"rendered":"<p>A C\u00e2mara Municipal de Vit\u00f3ria da Conquista realizou na \u00faltima ter\u00e7a-feira (8), audi\u00eancia p\u00fablica para<\/p>\n","protected":false},"author":1,"featured_media":533,"comment_status":"open","ping_status":"open","sticky":false,"template":"","format":"standard","meta":{"om_disable_all_campaigns":false,"_monsterinsights_skip_tracking":false,"_monsterinsights_sitenote_active":false,"_monsterinsights_sitenote_note":"","_monsterinsights_sitenote_category":0,"_uf_show_specific_survey":0,"_uf_disable_surveys":false,"footnotes":""},"categories":[13,1],"tags":[],"class_list":["post-532","post","type-post","status-publish","format-standard","has-post-thumbnail","hentry","category-podcast","category-portal"],"yoast_head":"<!-- This site is optimized with the Yoast SEO plugin v27.4 - https:\/\/yoast.com\/product\/yoast-seo-wordpress\/ -->\n<title>Programa Inclus\u00e3o em Foco, edi\u00e7\u00e3o 08 - PORTAL INCLUIR<\/title>\n<meta name=\"robots\" content=\"index, follow, max-snippet:-1, max-image-preview:large, max-video-preview:-1\" \/>\n<link rel=\"canonical\" href=\"https:\/\/portalincluir.com.br\/index.php\/2025\/04\/14\/programa-inclusao-em-foco-edicao-08\/\" \/>\n<meta property=\"og:locale\" content=\"pt_BR\" \/>\n<meta property=\"og:type\" content=\"article\" \/>\n<meta property=\"og:title\" content=\"Programa Inclus\u00e3o em Foco, edi\u00e7\u00e3o 08 - PORTAL INCLUIR\" \/>\n<meta property=\"og:description\" content=\"A C\u00e2mara Municipal de Vit\u00f3ria da Conquista realizou na \u00faltima ter\u00e7a-feira (8), audi\u00eancia p\u00fablica para\" \/>\n<meta property=\"og:url\" content=\"https:\/\/portalincluir.com.br\/index.php\/2025\/04\/14\/programa-inclusao-em-foco-edicao-08\/\" \/>\n<meta property=\"og:site_name\" content=\"PORTAL INCLUIR\" \/>\n<meta property=\"article:published_time\" content=\"2025-04-14T22:33:39+00:00\" \/>\n<meta property=\"article:modified_time\" content=\"2025-04-14T22:33:40+00:00\" \/>\n<meta property=\"og:image\" content=\"https:\/\/portalincluir.com.br\/wp-content\/uploads\/2025\/04\/audicneia.jpeg\" \/>\n\t<meta property=\"og:image:width\" content=\"800\" \/>\n\t<meta property=\"og:image:height\" content=\"533\" \/>\n\t<meta property=\"og:image:type\" content=\"image\/jpeg\" \/>\n<meta name=\"author\" content=\"Portal Incluir\" \/>\n<meta name=\"twitter:card\" content=\"summary_large_image\" \/>\n<meta name=\"twitter:label1\" content=\"Escrito por\" \/>\n\t<meta name=\"twitter:data1\" content=\"Portal Incluir\" \/>\n\t<meta name=\"twitter:label2\" content=\"Est. tempo de leitura\" \/>\n\t<meta name=\"twitter:data2\" content=\"1 minuto\" \/>\n<script type=\"application\/ld+json\" class=\"yoast-schema-graph\">{\"@context\":\"https:\\\/\\\/schema.org\",\"@graph\":[{\"@type\":[\"Article\",\"BlogPosting\"],\"@id\":\"https:\\\/\\\/portalincluir.com.br\\\/index.php\\\/2025\\\/04\\\/14\\\/programa-inclusao-em-foco-edicao-08\\\/#article\",\"isPartOf\":{\"@id\":\"https:\\\/\\\/portalincluir.com.br\\\/index.php\\\/2025\\\/04\\\/14\\\/programa-inclusao-em-foco-edicao-08\\\/\"},\"author\":{\"name\":\"Portal Incluir\",\"@id\":\"https:\\\/\\\/portalincluir.com.br\\\/#\\\/schema\\\/person\\\/8823664e5902eee555607fb75c4c35ae\"},\"headline\":\"Programa Inclus\u00e3o em Foco, edi\u00e7\u00e3o 08\",\"datePublished\":\"2025-04-14T22:33:39+00:00\",\"dateModified\":\"2025-04-14T22:33:40+00:00\",\"mainEntityOfPage\":{\"@id\":\"https:\\\/\\\/portalincluir.com.br\\\/index.php\\\/2025\\\/04\\\/14\\\/programa-inclusao-em-foco-edicao-08\\\/\"},\"wordCount\":125,\"commentCount\":0,\"image\":{\"@id\":\"https:\\\/\\\/portalincluir.com.br\\\/index.php\\\/2025\\\/04\\\/14\\\/programa-inclusao-em-foco-edicao-08\\\/#primaryimage\"},\"thumbnailUrl\":\"https:\\\/\\\/portalincluir.com.br\\\/wp-content\\\/uploads\\\/2025\\\/04\\\/audicneia.jpeg\",\"articleSection\":[\"PodCast\",\"Portal\"],\"inLanguage\":\"pt-BR\",\"potentialAction\":[{\"@type\":\"CommentAction\",\"name\":\"Comment\",\"target\":[\"https:\\\/\\\/portalincluir.com.br\\\/index.php\\\/2025\\\/04\\\/14\\\/programa-inclusao-em-foco-edicao-08\\\/#respond\"]}]},{\"@type\":\"WebPage\",\"@id\":\"https:\\\/\\\/portalincluir.com.br\\\/index.php\\\/2025\\\/04\\\/14\\\/programa-inclusao-em-foco-edicao-08\\\/\",\"url\":\"https:\\\/\\\/portalincluir.com.br\\\/index.php\\\/2025\\\/04\\\/14\\\/programa-inclusao-em-foco-edicao-08\\\/\",\"name\":\"Programa Inclus\u00e3o em Foco, edi\u00e7\u00e3o 08 - PORTAL INCLUIR\",\"isPartOf\":{\"@id\":\"https:\\\/\\\/portalincluir.com.br\\\/#website\"},\"primaryImageOfPage\":{\"@id\":\"https:\\\/\\\/portalincluir.com.br\\\/index.php\\\/2025\\\/04\\\/14\\\/programa-inclusao-em-foco-edicao-08\\\/#primaryimage\"},\"image\":{\"@id\":\"https:\\\/\\\/portalincluir.com.br\\\/index.php\\\/2025\\\/04\\\/14\\\/programa-inclusao-em-foco-edicao-08\\\/#primaryimage\"},\"thumbnailUrl\":\"https:\\\/\\\/portalincluir.com.br\\\/wp-content\\\/uploads\\\/2025\\\/04\\\/audicneia.jpeg\",\"datePublished\":\"2025-04-14T22:33:39+00:00\",\"dateModified\":\"2025-04-14T22:33:40+00:00\",\"author\":{\"@id\":\"https:\\\/\\\/portalincluir.com.br\\\/#\\\/schema\\\/person\\\/8823664e5902eee555607fb75c4c35ae\"},\"breadcrumb\":{\"@id\":\"https:\\\/\\\/portalincluir.com.br\\\/index.php\\\/2025\\\/04\\\/14\\\/programa-inclusao-em-foco-edicao-08\\\/#breadcrumb\"},\"inLanguage\":\"pt-BR\",\"potentialAction\":[{\"@type\":\"ReadAction\",\"target\":[\"https:\\\/\\\/portalincluir.com.br\\\/index.php\\\/2025\\\/04\\\/14\\\/programa-inclusao-em-foco-edicao-08\\\/\"]}]},{\"@type\":\"ImageObject\",\"inLanguage\":\"pt-BR\",\"@id\":\"https:\\\/\\\/portalincluir.com.br\\\/index.php\\\/2025\\\/04\\\/14\\\/programa-inclusao-em-foco-edicao-08\\\/#primaryimage\",\"url\":\"https:\\\/\\\/portalincluir.com.br\\\/wp-content\\\/uploads\\\/2025\\\/04\\\/audicneia.jpeg\",\"contentUrl\":\"https:\\\/\\\/portalincluir.com.br\\\/wp-content\\\/uploads\\\/2025\\\/04\\\/audicneia.jpeg\",\"width\":800,\"height\":533},{\"@type\":\"BreadcrumbList\",\"@id\":\"https:\\\/\\\/portalincluir.com.br\\\/index.php\\\/2025\\\/04\\\/14\\\/programa-inclusao-em-foco-edicao-08\\\/#breadcrumb\",\"itemListElement\":[{\"@type\":\"ListItem\",\"position\":1,\"name\":\"In\u00edcio\",\"item\":\"https:\\\/\\\/portalincluir.com.br\\\/\"},{\"@type\":\"ListItem\",\"position\":2,\"name\":\"Programa Inclus\u00e3o em Foco, edi\u00e7\u00e3o 08\"}]},{\"@type\":\"WebSite\",\"@id\":\"https:\\\/\\\/portalincluir.com.br\\\/#website\",\"url\":\"https:\\\/\\\/portalincluir.com.br\\\/\",\"name\":\"PORTAL INCLUIR\",\"description\":\"\",\"potentialAction\":[{\"@type\":\"SearchAction\",\"target\":{\"@type\":\"EntryPoint\",\"urlTemplate\":\"https:\\\/\\\/portalincluir.com.br\\\/?s={search_term_string}\"},\"query-input\":{\"@type\":\"PropertyValueSpecification\",\"valueRequired\":true,\"valueName\":\"search_term_string\"}}],\"inLanguage\":\"pt-BR\"},{\"@type\":\"Person\",\"@id\":\"https:\\\/\\\/portalincluir.com.br\\\/#\\\/schema\\\/person\\\/8823664e5902eee555607fb75c4c35ae\",\"name\":\"Portal Incluir\",\"image\":{\"@type\":\"ImageObject\",\"inLanguage\":\"pt-BR\",\"@id\":\"https:\\\/\\\/secure.gravatar.com\\\/avatar\\\/12085fe17e70c3550551519fe1f8f51fae69b1748563a47fc3bea53d91fbcbbd?s=96&d=mm&r=g\",\"url\":\"https:\\\/\\\/secure.gravatar.com\\\/avatar\\\/12085fe17e70c3550551519fe1f8f51fae69b1748563a47fc3bea53d91fbcbbd?s=96&d=mm&r=g\",\"contentUrl\":\"https:\\\/\\\/secure.gravatar.com\\\/avatar\\\/12085fe17e70c3550551519fe1f8f51fae69b1748563a47fc3bea53d91fbcbbd?s=96&d=mm&r=g\",\"caption\":\"Portal Incluir\"},\"sameAs\":[\"http:\\\/\\\/portalincluir.com.br\"],\"url\":\"https:\\\/\\\/portalincluir.com.br\\\/index.php\\\/author\\\/portalincluir-com-br\\\/\"}]}<\/script>\n<!-- \/ Yoast SEO plugin. -->","yoast_head_json":{"title":"Programa Inclus\u00e3o em Foco, edi\u00e7\u00e3o 08 - PORTAL INCLUIR","robots":{"index":"index","follow":"follow","max-snippet":"max-snippet:-1","max-image-preview":"max-image-preview:large","max-video-preview":"max-video-preview:-1"},"canonical":"https:\/\/portalincluir.com.br\/index.php\/2025\/04\/14\/programa-inclusao-em-foco-edicao-08\/","og_locale":"pt_BR","og_type":"article","og_title":"Programa Inclus\u00e3o em Foco, edi\u00e7\u00e3o 08 - PORTAL INCLUIR","og_description":"A C\u00e2mara Municipal de Vit\u00f3ria da Conquista realizou na \u00faltima ter\u00e7a-feira (8), audi\u00eancia p\u00fablica para","og_url":"https:\/\/portalincluir.com.br\/index.php\/2025\/04\/14\/programa-inclusao-em-foco-edicao-08\/","og_site_name":"PORTAL INCLUIR","article_published_time":"2025-04-14T22:33:39+00:00","article_modified_time":"2025-04-14T22:33:40+00:00","og_image":[{"width":800,"height":533,"url":"https:\/\/portalincluir.com.br\/wp-content\/uploads\/2025\/04\/audicneia.jpeg","type":"image\/jpeg"}],"author":"Portal Incluir","twitter_card":"summary_large_image","twitter_misc":{"Escrito por":"Portal Incluir","Est. tempo de leitura":"1 minuto"},"schema":{"@context":"https:\/\/schema.org","@graph":[{"@type":["Article","BlogPosting"],"@id":"https:\/\/portalincluir.com.br\/index.php\/2025\/04\/14\/programa-inclusao-em-foco-edicao-08\/#article","isPartOf":{"@id":"https:\/\/portalincluir.com.br\/index.php\/2025\/04\/14\/programa-inclusao-em-foco-edicao-08\/"},"author":{"name":"Portal Incluir","@id":"https:\/\/portalincluir.com.br\/#\/schema\/person\/8823664e5902eee555607fb75c4c35ae"},"headline":"Programa Inclus\u00e3o em Foco, edi\u00e7\u00e3o 08","datePublished":"2025-04-14T22:33:39+00:00","dateModified":"2025-04-14T22:33:40+00:00","mainEntityOfPage":{"@id":"https:\/\/portalincluir.com.br\/index.php\/2025\/04\/14\/programa-inclusao-em-foco-edicao-08\/"},"wordCount":125,"commentCount":0,"image":{"@id":"https:\/\/portalincluir.com.br\/index.php\/2025\/04\/14\/programa-inclusao-em-foco-edicao-08\/#primaryimage"},"thumbnailUrl":"https:\/\/portalincluir.com.br\/wp-content\/uploads\/2025\/04\/audicneia.jpeg","articleSection":["PodCast","Portal"],"inLanguage":"pt-BR","potentialAction":[{"@type":"CommentAction","name":"Comment","target":["https:\/\/portalincluir.com.br\/index.php\/2025\/04\/14\/programa-inclusao-em-foco-edicao-08\/#respond"]}]},{"@type":"WebPage","@id":"https:\/\/portalincluir.com.br\/index.php\/2025\/04\/14\/programa-inclusao-em-foco-edicao-08\/","url":"https:\/\/portalincluir.com.br\/index.php\/2025\/04\/14\/programa-inclusao-em-foco-edicao-08\/","name":"Programa Inclus\u00e3o em Foco, edi\u00e7\u00e3o 08 - PORTAL INCLUIR","isPartOf":{"@id":"https:\/\/portalincluir.com.br\/#website"},"primaryImageOfPage":{"@id":"https:\/\/portalincluir.com.br\/index.php\/2025\/04\/14\/programa-inclusao-em-foco-edicao-08\/#primaryimage"},"image":{"@id":"https:\/\/portalincluir.com.br\/index.php\/2025\/04\/14\/programa-inclusao-em-foco-edicao-08\/#primaryimage"},"thumbnailUrl":"https:\/\/portalincluir.com.br\/wp-content\/uploads\/2025\/04\/audicneia.jpeg","datePublished":"2025-04-14T22:33:39+00:00","dateModified":"2025-04-14T22:33:40+00:00","author":{"@id":"https:\/\/portalincluir.com.br\/#\/schema\/person\/8823664e5902eee555607fb75c4c35ae"},"breadcrumb":{"@id":"https:\/\/portalincluir.com.br\/index.php\/2025\/04\/14\/programa-inclusao-em-foco-edicao-08\/#breadcrumb"},"inLanguage":"pt-BR","potentialAction":[{"@type":"ReadAction","target":["https:\/\/portalincluir.com.br\/index.php\/2025\/04\/14\/programa-inclusao-em-foco-edicao-08\/"]}]},{"@type":"ImageObject","inLanguage":"pt-BR","@id":"https:\/\/portalincluir.com.br\/index.php\/2025\/04\/14\/programa-inclusao-em-foco-edicao-08\/#primaryimage","url":"https:\/\/portalincluir.com.br\/wp-content\/uploads\/2025\/04\/audicneia.jpeg","contentUrl":"https:\/\/portalincluir.com.br\/wp-content\/uploads\/2025\/04\/audicneia.jpeg","width":800,"height":533},{"@type":"BreadcrumbList","@id":"https:\/\/portalincluir.com.br\/index.php\/2025\/04\/14\/programa-inclusao-em-foco-edicao-08\/#breadcrumb","itemListElement":[{"@type":"ListItem","position":1,"name":"In\u00edcio","item":"https:\/\/portalincluir.com.br\/"},{"@type":"ListItem","position":2,"name":"Programa Inclus\u00e3o em Foco, edi\u00e7\u00e3o 08"}]},{"@type":"WebSite","@id":"https:\/\/portalincluir.com.br\/#website","url":"https:\/\/portalincluir.com.br\/","name":"PORTAL INCLUIR","description":"","potentialAction":[{"@type":"SearchAction","target":{"@type":"EntryPoint","urlTemplate":"https:\/\/portalincluir.com.br\/?s={search_term_string}"},"query-input":{"@type":"PropertyValueSpecification","valueRequired":true,"valueName":"search_term_string"}}],"inLanguage":"pt-BR"},{"@type":"Person","@id":"https:\/\/portalincluir.com.br\/#\/schema\/person\/8823664e5902eee555607fb75c4c35ae","name":"Portal Incluir","image":{"@type":"ImageObject","inLanguage":"pt-BR","@id":"https:\/\/secure.gravatar.com\/avatar\/12085fe17e70c3550551519fe1f8f51fae69b1748563a47fc3bea53d91fbcbbd?s=96&d=mm&r=g","url":"https:\/\/secure.gravatar.com\/avatar\/12085fe17e70c3550551519fe1f8f51fae69b1748563a47fc3bea53d91fbcbbd?s=96&d=mm&r=g","contentUrl":"https:\/\/secure.gravatar.com\/avatar\/12085fe17e70c3550551519fe1f8f51fae69b1748563a47fc3bea53d91fbcbbd?s=96&d=mm&r=g","caption":"Portal Incluir"},"sameAs":["http:\/\/portalincluir.com.br"],"url":"https:\/\/portalincluir.com.br\/index.php\/author\/portalincluir-com-br\/"}]}},"_links":{"self":[{"href":"https:\/\/portalincluir.com.br\/index.php\/wp-json\/wp\/v2\/posts\/532","targetHints":{"allow":["GET"]}}],"collection":[{"href":"https:\/\/portalincluir.com.br\/index.php\/wp-json\/wp\/v2\/posts"}],"about":[{"href":"https:\/\/portalincluir.com.br\/index.php\/wp-json\/wp\/v2\/types\/post"}],"author":[{"embeddable":true,"href":"https:\/\/portalincluir.com.br\/index.php\/wp-json\/wp\/v2\/users\/1"}],"replies":[{"embeddable":true,"href":"https:\/\/portalincluir.com.br\/index.php\/wp-json\/wp\/v2\/comments?post=532"}],"version-history":[{"count":1,"href":"https:\/\/portalincluir.com.br\/index.php\/wp-json\/wp\/v2\/posts\/532\/revisions"}],"predecessor-version":[{"id":534,"href":"https:\/\/portalincluir.com.br\/index.php\/wp-json\/wp\/v2\/posts\/532\/revisions\/534"}],"wp:featuredmedia":[{"embeddable":true,"href":"https:\/\/portalincluir.com.br\/index.php\/wp-json\/wp\/v2\/media\/533"}],"wp:attachment":[{"href":"https:\/\/portalincluir.com.br\/index.php\/wp-json\/wp\/v2\/media?parent=532"}],"wp:term":[{"taxonomy":"category","embeddable":true,"href":"https:\/\/portalincluir.com.br\/index.php\/wp-json\/wp\/v2\/categories?post=532"},{"taxonomy":"post_tag","embeddable":true,"href":"https:\/\/portalincluir.com.br\/index.php\/wp-json\/wp\/v2\/tags?post=532"}],"curies":[{"name":"wp","href":"https:\/\/api.w.org\/{rel}","templated":true}]}}