{"id":536,"date":"2025-04-22T15:01:44","date_gmt":"2025-04-22T18:01:44","guid":{"rendered":"https:\/\/portalincluir.com.br\/?p=536"},"modified":"2025-04-22T15:01:45","modified_gmt":"2025-04-22T18:01:45","slug":"audiencia-publica-destaca-importancia-dos-tradutores-e-interpretes-de-libras-na-inclusao-da-comunidade-surda","status":"publish","type":"post","link":"https:\/\/portalincluir.com.br\/index.php\/2025\/04\/22\/audiencia-publica-destaca-importancia-dos-tradutores-e-interpretes-de-libras-na-inclusao-da-comunidade-surda\/","title":{"rendered":"Audi\u00eancia p\u00fablica destaca import\u00e2ncia dos tradutores e int\u00e9rpretes de Libras na inclus\u00e3o da comunidade surda"},"content":{"rendered":"\n<p>Nesta ter\u00e7a-feira (22), \u00e0s 19h, a C\u00e2mara Municipal de Vit\u00f3ria da Conquista realiza uma audi\u00eancia p\u00fablica em comemora\u00e7\u00e3o ao Dia Nacional do Tradutor e Int\u00e9rprete de Libras, celebrado em 26 de julho. O evento vai reunir profissionais da \u00e1rea, representantes da comunidade surda, autoridades municipais e membros da sociedade civil, com o objetivo de reconhecer e valorizar o trabalho desses profissionais essenciais na promo\u00e7\u00e3o da inclus\u00e3o social e acessibilidade.;<\/p>\n\n\n\n<p>A iniciativa do vereador Adinilson Pereira (UB) refor\u00e7a a import\u00e2ncia de reconhecer o papel fundamental dos tradutores e int\u00e9rpretes de L\u00edngua Brasileira de Sinais (Libras) na comunica\u00e7\u00e3o entre surdos e ouvintes, garantindo direitos b\u00e1sicos como educa\u00e7\u00e3o, sa\u00fade, trabalho e participa\u00e7\u00e3o social. Durante a audi\u00eancia, ser\u00e3o discutidos os desafios enfrentados por esses profissionais, como a necessidade de maior valoriza\u00e7\u00e3o, forma\u00e7\u00e3o cont\u00ednua e reconhecimento oficial por parte do poder p\u00fablico.<\/p>\n\n\n\n<p>Segundo especialistas, a presen\u00e7a de tradutores e int\u00e9rpretes de Libras \u00e9 imprescind\u00edvel para assegurar o acesso \u00e0 informa\u00e7\u00e3o e a participa\u00e7\u00e3o plena da comunidade surda na sociedade. \u201cEles n\u00e3o apenas traduzem palavras, mas tamb\u00e9m promovem a inclus\u00e3o, a autonomia e o respeito \u00e0s diferen\u00e7as. \u00c9 fundamental que o poder p\u00fablico reconhe\u00e7a e apoie essa atua\u00e7\u00e3o\u201d, destacou o vereador.<\/p>\n\n\n\n<p>O Dia Nacional do Tradutor e Int\u00e9rprete de Libras \u00e9 uma oportunidade para refor\u00e7ar a import\u00e2ncia de pol\u00edticas p\u00fablicas que garantam a forma\u00e7\u00e3o, contrata\u00e7\u00e3o e valoriza\u00e7\u00e3o desses profissionais. A audi\u00eancia p\u00fablica tamb\u00e9m servir\u00e1 para sensibilizar a sociedade sobre a necessidade de promover ambientes acess\u00edveis e inclusivos, onde a comunica\u00e7\u00e3o seja um direito de todos.<\/p>\n\n\n\n<p>Segundo o presidente da C\u00e2mara, Ivan Cordeiro, a realiza\u00e7\u00e3o do evento na C\u00e2mara de Vereadores demonstra o compromisso do munic\u00edpio com a inclus\u00e3o e a diversidade, al\u00e9m de estimular a\u00e7\u00f5es concretas para ampliar o reconhecimento e a valoriza\u00e7\u00e3o dos tradutores e int\u00e9rpretes de Libras. \u201c\u00c9 uma oportunidade de fortalecer o di\u00e1logo entre o poder p\u00fablico, a sociedade e a comunidade surda, promovendo uma sociedade mais justa, igualit\u00e1ria e acess\u00edvel\u201d.<\/p>\n\n\n\n<p>A audi\u00eancia acontece no Plen\u00e1rio Carmen L\u00facia, aberta ao p\u00fablico e transmitida pela R\u00e1dio C\u00e2mara 90.3 FM. Acompanhe!<\/p>\n\n\n\n<p>Fonte: ASCOM Camara de Vereadores<\/p>\n","protected":false},"excerpt":{"rendered":"<p>Nesta ter\u00e7a-feira (22), \u00e0s 19h, a C\u00e2mara Municipal de Vit\u00f3ria da Conquista realiza uma audi\u00eancia<\/p>\n","protected":false},"author":1,"featured_media":538,"comment_status":"open","ping_status":"open","sticky":false,"template":"","format":"standard","meta":{"om_disable_all_campaigns":false,"_monsterinsights_skip_tracking":false,"_monsterinsights_sitenote_active":false,"_monsterinsights_sitenote_note":"","_monsterinsights_sitenote_category":0,"_uf_show_specific_survey":0,"_uf_disable_surveys":false,"footnotes":""},"categories":[18,9],"tags":[],"class_list":["post-536","post","type-post","status-publish","format-standard","has-post-thumbnail","hentry","category-deficiente-auditivo","category-noticias"],"yoast_head":"<!-- This site is optimized with the Yoast SEO plugin v27.4 - https:\/\/yoast.com\/product\/yoast-seo-wordpress\/ -->\n<title>Audi\u00eancia p\u00fablica destaca import\u00e2ncia dos tradutores e int\u00e9rpretes de Libras na inclus\u00e3o da comunidade surda - PORTAL INCLUIR<\/title>\n<meta name=\"robots\" content=\"index, follow, max-snippet:-1, max-image-preview:large, max-video-preview:-1\" \/>\n<link rel=\"canonical\" href=\"https:\/\/portalincluir.com.br\/index.php\/2025\/04\/22\/audiencia-publica-destaca-importancia-dos-tradutores-e-interpretes-de-libras-na-inclusao-da-comunidade-surda\/\" \/>\n<meta property=\"og:locale\" content=\"pt_BR\" \/>\n<meta property=\"og:type\" content=\"article\" \/>\n<meta property=\"og:title\" content=\"Audi\u00eancia p\u00fablica destaca import\u00e2ncia dos tradutores e int\u00e9rpretes de Libras na inclus\u00e3o da comunidade surda - PORTAL INCLUIR\" \/>\n<meta property=\"og:description\" content=\"Nesta ter\u00e7a-feira (22), \u00e0s 19h, a C\u00e2mara Municipal de Vit\u00f3ria da Conquista realiza uma audi\u00eancia\" \/>\n<meta property=\"og:url\" content=\"https:\/\/portalincluir.com.br\/index.php\/2025\/04\/22\/audiencia-publica-destaca-importancia-dos-tradutores-e-interpretes-de-libras-na-inclusao-da-comunidade-surda\/\" \/>\n<meta property=\"og:site_name\" content=\"PORTAL INCLUIR\" \/>\n<meta property=\"article:published_time\" content=\"2025-04-22T18:01:44+00:00\" \/>\n<meta property=\"article:modified_time\" content=\"2025-04-22T18:01:45+00:00\" \/>\n<meta property=\"og:image\" content=\"https:\/\/portalincluir.com.br\/wp-content\/uploads\/2025\/04\/image.png\" \/>\n\t<meta property=\"og:image:width\" content=\"700\" \/>\n\t<meta property=\"og:image:height\" content=\"467\" \/>\n\t<meta property=\"og:image:type\" content=\"image\/png\" \/>\n<meta name=\"author\" content=\"Portal Incluir\" \/>\n<meta name=\"twitter:card\" content=\"summary_large_image\" \/>\n<meta name=\"twitter:label1\" content=\"Escrito por\" \/>\n\t<meta name=\"twitter:data1\" content=\"Portal Incluir\" \/>\n\t<meta name=\"twitter:label2\" content=\"Est. tempo de leitura\" \/>\n\t<meta name=\"twitter:data2\" content=\"2 minutos\" \/>\n<script type=\"application\/ld+json\" class=\"yoast-schema-graph\">{\"@context\":\"https:\\\/\\\/schema.org\",\"@graph\":[{\"@type\":[\"Article\",\"BlogPosting\"],\"@id\":\"https:\\\/\\\/portalincluir.com.br\\\/index.php\\\/2025\\\/04\\\/22\\\/audiencia-publica-destaca-importancia-dos-tradutores-e-interpretes-de-libras-na-inclusao-da-comunidade-surda\\\/#article\",\"isPartOf\":{\"@id\":\"https:\\\/\\\/portalincluir.com.br\\\/index.php\\\/2025\\\/04\\\/22\\\/audiencia-publica-destaca-importancia-dos-tradutores-e-interpretes-de-libras-na-inclusao-da-comunidade-surda\\\/\"},\"author\":{\"name\":\"Portal Incluir\",\"@id\":\"https:\\\/\\\/portalincluir.com.br\\\/#\\\/schema\\\/person\\\/8823664e5902eee555607fb75c4c35ae\"},\"headline\":\"Audi\u00eancia p\u00fablica destaca import\u00e2ncia dos tradutores e int\u00e9rpretes de Libras na inclus\u00e3o da comunidade surda\",\"datePublished\":\"2025-04-22T18:01:44+00:00\",\"dateModified\":\"2025-04-22T18:01:45+00:00\",\"mainEntityOfPage\":{\"@id\":\"https:\\\/\\\/portalincluir.com.br\\\/index.php\\\/2025\\\/04\\\/22\\\/audiencia-publica-destaca-importancia-dos-tradutores-e-interpretes-de-libras-na-inclusao-da-comunidade-surda\\\/\"},\"wordCount\":421,\"commentCount\":0,\"image\":{\"@id\":\"https:\\\/\\\/portalincluir.com.br\\\/index.php\\\/2025\\\/04\\\/22\\\/audiencia-publica-destaca-importancia-dos-tradutores-e-interpretes-de-libras-na-inclusao-da-comunidade-surda\\\/#primaryimage\"},\"thumbnailUrl\":\"https:\\\/\\\/portalincluir.com.br\\\/wp-content\\\/uploads\\\/2025\\\/04\\\/image.png\",\"articleSection\":[\"Deficiente Auditivo\",\"Not\u00edcias\"],\"inLanguage\":\"pt-BR\",\"potentialAction\":[{\"@type\":\"CommentAction\",\"name\":\"Comment\",\"target\":[\"https:\\\/\\\/portalincluir.com.br\\\/index.php\\\/2025\\\/04\\\/22\\\/audiencia-publica-destaca-importancia-dos-tradutores-e-interpretes-de-libras-na-inclusao-da-comunidade-surda\\\/#respond\"]}]},{\"@type\":\"WebPage\",\"@id\":\"https:\\\/\\\/portalincluir.com.br\\\/index.php\\\/2025\\\/04\\\/22\\\/audiencia-publica-destaca-importancia-dos-tradutores-e-interpretes-de-libras-na-inclusao-da-comunidade-surda\\\/\",\"url\":\"https:\\\/\\\/portalincluir.com.br\\\/index.php\\\/2025\\\/04\\\/22\\\/audiencia-publica-destaca-importancia-dos-tradutores-e-interpretes-de-libras-na-inclusao-da-comunidade-surda\\\/\",\"name\":\"Audi\u00eancia p\u00fablica destaca import\u00e2ncia dos tradutores e int\u00e9rpretes de Libras na inclus\u00e3o da comunidade surda - PORTAL INCLUIR\",\"isPartOf\":{\"@id\":\"https:\\\/\\\/portalincluir.com.br\\\/#website\"},\"primaryImageOfPage\":{\"@id\":\"https:\\\/\\\/portalincluir.com.br\\\/index.php\\\/2025\\\/04\\\/22\\\/audiencia-publica-destaca-importancia-dos-tradutores-e-interpretes-de-libras-na-inclusao-da-comunidade-surda\\\/#primaryimage\"},\"image\":{\"@id\":\"https:\\\/\\\/portalincluir.com.br\\\/index.php\\\/2025\\\/04\\\/22\\\/audiencia-publica-destaca-importancia-dos-tradutores-e-interpretes-de-libras-na-inclusao-da-comunidade-surda\\\/#primaryimage\"},\"thumbnailUrl\":\"https:\\\/\\\/portalincluir.com.br\\\/wp-content\\\/uploads\\\/2025\\\/04\\\/image.png\",\"datePublished\":\"2025-04-22T18:01:44+00:00\",\"dateModified\":\"2025-04-22T18:01:45+00:00\",\"author\":{\"@id\":\"https:\\\/\\\/portalincluir.com.br\\\/#\\\/schema\\\/person\\\/8823664e5902eee555607fb75c4c35ae\"},\"breadcrumb\":{\"@id\":\"https:\\\/\\\/portalincluir.com.br\\\/index.php\\\/2025\\\/04\\\/22\\\/audiencia-publica-destaca-importancia-dos-tradutores-e-interpretes-de-libras-na-inclusao-da-comunidade-surda\\\/#breadcrumb\"},\"inLanguage\":\"pt-BR\",\"potentialAction\":[{\"@type\":\"ReadAction\",\"target\":[\"https:\\\/\\\/portalincluir.com.br\\\/index.php\\\/2025\\\/04\\\/22\\\/audiencia-publica-destaca-importancia-dos-tradutores-e-interpretes-de-libras-na-inclusao-da-comunidade-surda\\\/\"]}]},{\"@type\":\"ImageObject\",\"inLanguage\":\"pt-BR\",\"@id\":\"https:\\\/\\\/portalincluir.com.br\\\/index.php\\\/2025\\\/04\\\/22\\\/audiencia-publica-destaca-importancia-dos-tradutores-e-interpretes-de-libras-na-inclusao-da-comunidade-surda\\\/#primaryimage\",\"url\":\"https:\\\/\\\/portalincluir.com.br\\\/wp-content\\\/uploads\\\/2025\\\/04\\\/image.png\",\"contentUrl\":\"https:\\\/\\\/portalincluir.com.br\\\/wp-content\\\/uploads\\\/2025\\\/04\\\/image.png\",\"width\":700,\"height\":467,\"caption\":\"Imagem: https:\\\/\\\/faag.com.br\\\/\"},{\"@type\":\"BreadcrumbList\",\"@id\":\"https:\\\/\\\/portalincluir.com.br\\\/index.php\\\/2025\\\/04\\\/22\\\/audiencia-publica-destaca-importancia-dos-tradutores-e-interpretes-de-libras-na-inclusao-da-comunidade-surda\\\/#breadcrumb\",\"itemListElement\":[{\"@type\":\"ListItem\",\"position\":1,\"name\":\"In\u00edcio\",\"item\":\"https:\\\/\\\/portalincluir.com.br\\\/\"},{\"@type\":\"ListItem\",\"position\":2,\"name\":\"Audi\u00eancia p\u00fablica destaca import\u00e2ncia dos tradutores e int\u00e9rpretes de Libras na inclus\u00e3o da comunidade surda\"}]},{\"@type\":\"WebSite\",\"@id\":\"https:\\\/\\\/portalincluir.com.br\\\/#website\",\"url\":\"https:\\\/\\\/portalincluir.com.br\\\/\",\"name\":\"PORTAL INCLUIR\",\"description\":\"\",\"potentialAction\":[{\"@type\":\"SearchAction\",\"target\":{\"@type\":\"EntryPoint\",\"urlTemplate\":\"https:\\\/\\\/portalincluir.com.br\\\/?s={search_term_string}\"},\"query-input\":{\"@type\":\"PropertyValueSpecification\",\"valueRequired\":true,\"valueName\":\"search_term_string\"}}],\"inLanguage\":\"pt-BR\"},{\"@type\":\"Person\",\"@id\":\"https:\\\/\\\/portalincluir.com.br\\\/#\\\/schema\\\/person\\\/8823664e5902eee555607fb75c4c35ae\",\"name\":\"Portal Incluir\",\"image\":{\"@type\":\"ImageObject\",\"inLanguage\":\"pt-BR\",\"@id\":\"https:\\\/\\\/secure.gravatar.com\\\/avatar\\\/12085fe17e70c3550551519fe1f8f51fae69b1748563a47fc3bea53d91fbcbbd?s=96&d=mm&r=g\",\"url\":\"https:\\\/\\\/secure.gravatar.com\\\/avatar\\\/12085fe17e70c3550551519fe1f8f51fae69b1748563a47fc3bea53d91fbcbbd?s=96&d=mm&r=g\",\"contentUrl\":\"https:\\\/\\\/secure.gravatar.com\\\/avatar\\\/12085fe17e70c3550551519fe1f8f51fae69b1748563a47fc3bea53d91fbcbbd?s=96&d=mm&r=g\",\"caption\":\"Portal Incluir\"},\"sameAs\":[\"http:\\\/\\\/portalincluir.com.br\"],\"url\":\"https:\\\/\\\/portalincluir.com.br\\\/index.php\\\/author\\\/portalincluir-com-br\\\/\"}]}<\/script>\n<!-- \/ Yoast SEO plugin. -->","yoast_head_json":{"title":"Audi\u00eancia p\u00fablica destaca import\u00e2ncia dos tradutores e int\u00e9rpretes de Libras na inclus\u00e3o da comunidade surda - PORTAL INCLUIR","robots":{"index":"index","follow":"follow","max-snippet":"max-snippet:-1","max-image-preview":"max-image-preview:large","max-video-preview":"max-video-preview:-1"},"canonical":"https:\/\/portalincluir.com.br\/index.php\/2025\/04\/22\/audiencia-publica-destaca-importancia-dos-tradutores-e-interpretes-de-libras-na-inclusao-da-comunidade-surda\/","og_locale":"pt_BR","og_type":"article","og_title":"Audi\u00eancia p\u00fablica destaca import\u00e2ncia dos tradutores e int\u00e9rpretes de Libras na inclus\u00e3o da comunidade surda - PORTAL INCLUIR","og_description":"Nesta ter\u00e7a-feira (22), \u00e0s 19h, a C\u00e2mara Municipal de Vit\u00f3ria da Conquista realiza uma audi\u00eancia","og_url":"https:\/\/portalincluir.com.br\/index.php\/2025\/04\/22\/audiencia-publica-destaca-importancia-dos-tradutores-e-interpretes-de-libras-na-inclusao-da-comunidade-surda\/","og_site_name":"PORTAL INCLUIR","article_published_time":"2025-04-22T18:01:44+00:00","article_modified_time":"2025-04-22T18:01:45+00:00","og_image":[{"width":700,"height":467,"url":"https:\/\/portalincluir.com.br\/wp-content\/uploads\/2025\/04\/image.png","type":"image\/png"}],"author":"Portal Incluir","twitter_card":"summary_large_image","twitter_misc":{"Escrito por":"Portal Incluir","Est. tempo de leitura":"2 minutos"},"schema":{"@context":"https:\/\/schema.org","@graph":[{"@type":["Article","BlogPosting"],"@id":"https:\/\/portalincluir.com.br\/index.php\/2025\/04\/22\/audiencia-publica-destaca-importancia-dos-tradutores-e-interpretes-de-libras-na-inclusao-da-comunidade-surda\/#article","isPartOf":{"@id":"https:\/\/portalincluir.com.br\/index.php\/2025\/04\/22\/audiencia-publica-destaca-importancia-dos-tradutores-e-interpretes-de-libras-na-inclusao-da-comunidade-surda\/"},"author":{"name":"Portal Incluir","@id":"https:\/\/portalincluir.com.br\/#\/schema\/person\/8823664e5902eee555607fb75c4c35ae"},"headline":"Audi\u00eancia p\u00fablica destaca import\u00e2ncia dos tradutores e int\u00e9rpretes de Libras na inclus\u00e3o da comunidade surda","datePublished":"2025-04-22T18:01:44+00:00","dateModified":"2025-04-22T18:01:45+00:00","mainEntityOfPage":{"@id":"https:\/\/portalincluir.com.br\/index.php\/2025\/04\/22\/audiencia-publica-destaca-importancia-dos-tradutores-e-interpretes-de-libras-na-inclusao-da-comunidade-surda\/"},"wordCount":421,"commentCount":0,"image":{"@id":"https:\/\/portalincluir.com.br\/index.php\/2025\/04\/22\/audiencia-publica-destaca-importancia-dos-tradutores-e-interpretes-de-libras-na-inclusao-da-comunidade-surda\/#primaryimage"},"thumbnailUrl":"https:\/\/portalincluir.com.br\/wp-content\/uploads\/2025\/04\/image.png","articleSection":["Deficiente Auditivo","Not\u00edcias"],"inLanguage":"pt-BR","potentialAction":[{"@type":"CommentAction","name":"Comment","target":["https:\/\/portalincluir.com.br\/index.php\/2025\/04\/22\/audiencia-publica-destaca-importancia-dos-tradutores-e-interpretes-de-libras-na-inclusao-da-comunidade-surda\/#respond"]}]},{"@type":"WebPage","@id":"https:\/\/portalincluir.com.br\/index.php\/2025\/04\/22\/audiencia-publica-destaca-importancia-dos-tradutores-e-interpretes-de-libras-na-inclusao-da-comunidade-surda\/","url":"https:\/\/portalincluir.com.br\/index.php\/2025\/04\/22\/audiencia-publica-destaca-importancia-dos-tradutores-e-interpretes-de-libras-na-inclusao-da-comunidade-surda\/","name":"Audi\u00eancia p\u00fablica destaca import\u00e2ncia dos tradutores e int\u00e9rpretes de Libras na inclus\u00e3o da comunidade surda - PORTAL INCLUIR","isPartOf":{"@id":"https:\/\/portalincluir.com.br\/#website"},"primaryImageOfPage":{"@id":"https:\/\/portalincluir.com.br\/index.php\/2025\/04\/22\/audiencia-publica-destaca-importancia-dos-tradutores-e-interpretes-de-libras-na-inclusao-da-comunidade-surda\/#primaryimage"},"image":{"@id":"https:\/\/portalincluir.com.br\/index.php\/2025\/04\/22\/audiencia-publica-destaca-importancia-dos-tradutores-e-interpretes-de-libras-na-inclusao-da-comunidade-surda\/#primaryimage"},"thumbnailUrl":"https:\/\/portalincluir.com.br\/wp-content\/uploads\/2025\/04\/image.png","datePublished":"2025-04-22T18:01:44+00:00","dateModified":"2025-04-22T18:01:45+00:00","author":{"@id":"https:\/\/portalincluir.com.br\/#\/schema\/person\/8823664e5902eee555607fb75c4c35ae"},"breadcrumb":{"@id":"https:\/\/portalincluir.com.br\/index.php\/2025\/04\/22\/audiencia-publica-destaca-importancia-dos-tradutores-e-interpretes-de-libras-na-inclusao-da-comunidade-surda\/#breadcrumb"},"inLanguage":"pt-BR","potentialAction":[{"@type":"ReadAction","target":["https:\/\/portalincluir.com.br\/index.php\/2025\/04\/22\/audiencia-publica-destaca-importancia-dos-tradutores-e-interpretes-de-libras-na-inclusao-da-comunidade-surda\/"]}]},{"@type":"ImageObject","inLanguage":"pt-BR","@id":"https:\/\/portalincluir.com.br\/index.php\/2025\/04\/22\/audiencia-publica-destaca-importancia-dos-tradutores-e-interpretes-de-libras-na-inclusao-da-comunidade-surda\/#primaryimage","url":"https:\/\/portalincluir.com.br\/wp-content\/uploads\/2025\/04\/image.png","contentUrl":"https:\/\/portalincluir.com.br\/wp-content\/uploads\/2025\/04\/image.png","width":700,"height":467,"caption":"Imagem: https:\/\/faag.com.br\/"},{"@type":"BreadcrumbList","@id":"https:\/\/portalincluir.com.br\/index.php\/2025\/04\/22\/audiencia-publica-destaca-importancia-dos-tradutores-e-interpretes-de-libras-na-inclusao-da-comunidade-surda\/#breadcrumb","itemListElement":[{"@type":"ListItem","position":1,"name":"In\u00edcio","item":"https:\/\/portalincluir.com.br\/"},{"@type":"ListItem","position":2,"name":"Audi\u00eancia p\u00fablica destaca import\u00e2ncia dos tradutores e int\u00e9rpretes de Libras na inclus\u00e3o da comunidade surda"}]},{"@type":"WebSite","@id":"https:\/\/portalincluir.com.br\/#website","url":"https:\/\/portalincluir.com.br\/","name":"PORTAL INCLUIR","description":"","potentialAction":[{"@type":"SearchAction","target":{"@type":"EntryPoint","urlTemplate":"https:\/\/portalincluir.com.br\/?s={search_term_string}"},"query-input":{"@type":"PropertyValueSpecification","valueRequired":true,"valueName":"search_term_string"}}],"inLanguage":"pt-BR"},{"@type":"Person","@id":"https:\/\/portalincluir.com.br\/#\/schema\/person\/8823664e5902eee555607fb75c4c35ae","name":"Portal Incluir","image":{"@type":"ImageObject","inLanguage":"pt-BR","@id":"https:\/\/secure.gravatar.com\/avatar\/12085fe17e70c3550551519fe1f8f51fae69b1748563a47fc3bea53d91fbcbbd?s=96&d=mm&r=g","url":"https:\/\/secure.gravatar.com\/avatar\/12085fe17e70c3550551519fe1f8f51fae69b1748563a47fc3bea53d91fbcbbd?s=96&d=mm&r=g","contentUrl":"https:\/\/secure.gravatar.com\/avatar\/12085fe17e70c3550551519fe1f8f51fae69b1748563a47fc3bea53d91fbcbbd?s=96&d=mm&r=g","caption":"Portal Incluir"},"sameAs":["http:\/\/portalincluir.com.br"],"url":"https:\/\/portalincluir.com.br\/index.php\/author\/portalincluir-com-br\/"}]}},"_links":{"self":[{"href":"https:\/\/portalincluir.com.br\/index.php\/wp-json\/wp\/v2\/posts\/536","targetHints":{"allow":["GET"]}}],"collection":[{"href":"https:\/\/portalincluir.com.br\/index.php\/wp-json\/wp\/v2\/posts"}],"about":[{"href":"https:\/\/portalincluir.com.br\/index.php\/wp-json\/wp\/v2\/types\/post"}],"author":[{"embeddable":true,"href":"https:\/\/portalincluir.com.br\/index.php\/wp-json\/wp\/v2\/users\/1"}],"replies":[{"embeddable":true,"href":"https:\/\/portalincluir.com.br\/index.php\/wp-json\/wp\/v2\/comments?post=536"}],"version-history":[{"count":1,"href":"https:\/\/portalincluir.com.br\/index.php\/wp-json\/wp\/v2\/posts\/536\/revisions"}],"predecessor-version":[{"id":539,"href":"https:\/\/portalincluir.com.br\/index.php\/wp-json\/wp\/v2\/posts\/536\/revisions\/539"}],"wp:featuredmedia":[{"embeddable":true,"href":"https:\/\/portalincluir.com.br\/index.php\/wp-json\/wp\/v2\/media\/538"}],"wp:attachment":[{"href":"https:\/\/portalincluir.com.br\/index.php\/wp-json\/wp\/v2\/media?parent=536"}],"wp:term":[{"taxonomy":"category","embeddable":true,"href":"https:\/\/portalincluir.com.br\/index.php\/wp-json\/wp\/v2\/categories?post=536"},{"taxonomy":"post_tag","embeddable":true,"href":"https:\/\/portalincluir.com.br\/index.php\/wp-json\/wp\/v2\/tags?post=536"}],"curies":[{"name":"wp","href":"https:\/\/api.w.org\/{rel}","templated":true}]}}