{"id":540,"date":"2025-04-25T23:28:06","date_gmt":"2025-04-26T02:28:06","guid":{"rendered":"https:\/\/portalincluir.com.br\/?p=540"},"modified":"2025-04-25T23:29:43","modified_gmt":"2025-04-26T02:29:43","slug":"igreja-e-sociedade-devem-promover-inclusao-de-pessoas-com-deficiencia","status":"publish","type":"post","link":"https:\/\/portalincluir.com.br\/index.php\/2025\/04\/25\/igreja-e-sociedade-devem-promover-inclusao-de-pessoas-com-deficiencia\/","title":{"rendered":"\u201cIgreja e sociedade devem promover inclus\u00e3o de pessoas com defici\u00eancia&#8221;"},"content":{"rendered":"\n<p>Em dezembro de 2023, o Papa Francisco fez um apelo contundente para que a Igreja e a sociedade coloquem as pessoas com defici\u00eancia &#8220;no centro da aten\u00e7\u00e3o&#8221;, promovendo iniciativas que garantam sua participa\u00e7\u00e3o ativa. A mensagem foi divulgada no v\u00eddeo da Rede Mundial de Ora\u00e7\u00e3o do Papa, que destacou a necessidade de superar preconceitos e criar estruturas verdadeiramente inclusivas.<\/p>\n\n\n\n<p><strong>&#8220;Entre os mais fr\u00e1geis no meio de n\u00f3s, est\u00e3o as pessoas com defici\u00eancia&#8221;<\/strong>, afirmou o Pont\u00edfice, denunciando que muitas delas ainda sofrem rejei\u00e7\u00e3o devido \u00e0 ignor\u00e2ncia e ao estigma. Francisco refor\u00e7ou que institui\u00e7\u00f5es civis devem garantir acessibilidade \u00e0 educa\u00e7\u00e3o, ao emprego e a espa\u00e7os onde possam expressar sua criatividade.<\/p>\n\n\n\n<p>A reflex\u00e3o do Papa coincidiu com o&nbsp;<em>Dia Internacional das Pessoas com Defici\u00eancia<\/em>&nbsp;(3 de dezembro), data estabelecida pela ONU. No v\u00eddeo, Francisco destacou o conceito de&nbsp;<em>&#8220;capacidades diferentes&#8221;<\/em>, exemplificando com hist\u00f3rias inspiradoras, como a de atletas paraol\u00edmpicos, artistas e religiosos com defici\u00eancia que contribuem ativamente para a sociedade e a vida eclesial.<\/p>\n\n\n\n<p><strong>Mudan\u00e7a de mentalidade<\/strong><\/p>\n\n\n\n<p>O Papa alertou que n\u00e3o basta eliminar barreiras f\u00edsicas: \u00e9 preciso uma transforma\u00e7\u00e3o cultural.&nbsp;<em>&#8220;Precisamos deixar de falar de &#8216;eles&#8217; e passar a falar de &#8216;n\u00f3s'&#8221;<\/em>, disse, enfatizando a import\u00e2ncia de cora\u00e7\u00f5es abertos para acolher os talentos dessas pessoas.<\/p>\n\n\n\n<p>O cardeal Michael Czerny, do Dicast\u00e9rio para o Servi\u00e7o do Desenvolvimento Humano Integral, refor\u00e7ou que a Igreja deve seguir o exemplo de Jesus, que via &#8220;beleza e promessa&#8221; em cada pessoa, independentemente de suas limita\u00e7\u00f5es. Enquanto isso, o pe. Fr\u00e9d\u00e9ric Fornos, da Rede de Ora\u00e7\u00e3o, lembrou que&nbsp;<em>&#8220;com Jesus, ningu\u00e9m se sentia exclu\u00eddo&#8221;<\/em>, convidando todos a uma mudan\u00e7a de mentalidade.<\/p>\n\n\n\n<p><strong>Ora\u00e7\u00e3o e a\u00e7\u00e3o<\/strong><\/p>\n\n\n\n<p>Francisco encerrou com um pedido concreto:&nbsp;<em>&#8220;Rezemos para que as pessoas com defici\u00eancia estejam no centro da aten\u00e7\u00e3o da sociedade, e as institui\u00e7\u00f5es promovam programas de inclus\u00e3o que valorizem sua participa\u00e7\u00e3o ativa.&#8221;<\/em><\/p>\n\n\n\n<p>Uma mensagem que, em 2023, ecoou como um chamado \u00e0 fraternidade e \u00e0 constru\u00e7\u00e3o de um mundo sem exclus\u00f5es.<\/p>\n\n\n\n<p>Ou\u00e7a a reportagem com a voz do Papa.<\/p>\n\n\n\n<figure class=\"wp-block-audio\"><audio controls src=\"https:\/\/media.vaticannews.va\/media\/audio\/s1\/2023\/11\/28\/16\/137499487_F137499487.mp3\"><\/audio><\/figure>\n\n\n\n<p>J\u00fanior Patente, com informa\u00e7\u00f5es do site <a href=\"https:\/\/www.vaticannews.va\/pt\/papa\/news\/2023-11\/papa-francisco-intencao-oracao-dezembro-portadores-deficiencia.html\" data-type=\"link\" data-id=\"https:\/\/www.vaticannews.va\/pt\/papa\/news\/2023-11\/papa-francisco-intencao-oracao-dezembro-portadores-deficiencia.html\" target=\"_blank\" rel=\"noreferrer noopener\">Vatican News<\/a><\/p>\n","protected":false},"excerpt":{"rendered":"<p>Em dezembro de 2023, o Papa Francisco fez um apelo contundente para que a Igreja<\/p>\n","protected":false},"author":1,"featured_media":541,"comment_status":"open","ping_status":"open","sticky":false,"template":"","format":"standard","meta":{"om_disable_all_campaigns":false,"_monsterinsights_skip_tracking":false,"_monsterinsights_sitenote_active":false,"_monsterinsights_sitenote_note":"","_monsterinsights_sitenote_category":0,"_uf_show_specific_survey":0,"_uf_disable_surveys":false,"footnotes":""},"categories":[9,1],"tags":[],"class_list":["post-540","post","type-post","status-publish","format-standard","has-post-thumbnail","hentry","category-noticias","category-portal"],"yoast_head":"<!-- This site is optimized with the Yoast SEO plugin v27.4 - https:\/\/yoast.com\/product\/yoast-seo-wordpress\/ -->\n<title>\u201cIgreja e sociedade devem promover inclus\u00e3o de pessoas com defici\u00eancia&quot; - PORTAL INCLUIR<\/title>\n<meta name=\"robots\" content=\"index, follow, max-snippet:-1, max-image-preview:large, max-video-preview:-1\" \/>\n<link rel=\"canonical\" href=\"https:\/\/portalincluir.com.br\/index.php\/2025\/04\/25\/igreja-e-sociedade-devem-promover-inclusao-de-pessoas-com-deficiencia\/\" \/>\n<meta property=\"og:locale\" content=\"pt_BR\" \/>\n<meta property=\"og:type\" content=\"article\" \/>\n<meta property=\"og:title\" content=\"\u201cIgreja e sociedade devem promover inclus\u00e3o de pessoas com defici\u00eancia&quot; - PORTAL INCLUIR\" \/>\n<meta property=\"og:description\" content=\"Em dezembro de 2023, o Papa Francisco fez um apelo contundente para que a Igreja\" \/>\n<meta property=\"og:url\" content=\"https:\/\/portalincluir.com.br\/index.php\/2025\/04\/25\/igreja-e-sociedade-devem-promover-inclusao-de-pessoas-com-deficiencia\/\" \/>\n<meta property=\"og:site_name\" content=\"PORTAL INCLUIR\" \/>\n<meta property=\"article:published_time\" content=\"2025-04-26T02:28:06+00:00\" \/>\n<meta property=\"article:modified_time\" content=\"2025-04-26T02:29:43+00:00\" \/>\n<meta property=\"og:image\" content=\"https:\/\/portalincluir.com.br\/wp-content\/uploads\/2025\/04\/papa-pessoa-t21.jpg\" \/>\n\t<meta property=\"og:image:width\" content=\"1830\" \/>\n\t<meta property=\"og:image:height\" content=\"1220\" \/>\n\t<meta property=\"og:image:type\" content=\"image\/jpeg\" \/>\n<meta name=\"author\" content=\"Portal Incluir\" \/>\n<meta name=\"twitter:card\" content=\"summary_large_image\" \/>\n<meta name=\"twitter:label1\" content=\"Escrito por\" \/>\n\t<meta name=\"twitter:data1\" content=\"Portal Incluir\" \/>\n\t<meta name=\"twitter:label2\" content=\"Est. tempo de leitura\" \/>\n\t<meta name=\"twitter:data2\" content=\"2 minutos\" \/>\n<script type=\"application\/ld+json\" class=\"yoast-schema-graph\">{\"@context\":\"https:\\\/\\\/schema.org\",\"@graph\":[{\"@type\":[\"Article\",\"BlogPosting\"],\"@id\":\"https:\\\/\\\/portalincluir.com.br\\\/index.php\\\/2025\\\/04\\\/25\\\/igreja-e-sociedade-devem-promover-inclusao-de-pessoas-com-deficiencia\\\/#article\",\"isPartOf\":{\"@id\":\"https:\\\/\\\/portalincluir.com.br\\\/index.php\\\/2025\\\/04\\\/25\\\/igreja-e-sociedade-devem-promover-inclusao-de-pessoas-com-deficiencia\\\/\"},\"author\":{\"name\":\"Portal Incluir\",\"@id\":\"https:\\\/\\\/portalincluir.com.br\\\/#\\\/schema\\\/person\\\/8823664e5902eee555607fb75c4c35ae\"},\"headline\":\"\u201cIgreja e sociedade devem promover inclus\u00e3o de pessoas com defici\u00eancia&#8221;\",\"datePublished\":\"2025-04-26T02:28:06+00:00\",\"dateModified\":\"2025-04-26T02:29:43+00:00\",\"mainEntityOfPage\":{\"@id\":\"https:\\\/\\\/portalincluir.com.br\\\/index.php\\\/2025\\\/04\\\/25\\\/igreja-e-sociedade-devem-promover-inclusao-de-pessoas-com-deficiencia\\\/\"},\"wordCount\":394,\"commentCount\":0,\"image\":{\"@id\":\"https:\\\/\\\/portalincluir.com.br\\\/index.php\\\/2025\\\/04\\\/25\\\/igreja-e-sociedade-devem-promover-inclusao-de-pessoas-com-deficiencia\\\/#primaryimage\"},\"thumbnailUrl\":\"https:\\\/\\\/portalincluir.com.br\\\/wp-content\\\/uploads\\\/2025\\\/04\\\/papa-pessoa-t21.jpg\",\"articleSection\":[\"Not\u00edcias\",\"Portal\"],\"inLanguage\":\"pt-BR\",\"potentialAction\":[{\"@type\":\"CommentAction\",\"name\":\"Comment\",\"target\":[\"https:\\\/\\\/portalincluir.com.br\\\/index.php\\\/2025\\\/04\\\/25\\\/igreja-e-sociedade-devem-promover-inclusao-de-pessoas-com-deficiencia\\\/#respond\"]}]},{\"@type\":\"WebPage\",\"@id\":\"https:\\\/\\\/portalincluir.com.br\\\/index.php\\\/2025\\\/04\\\/25\\\/igreja-e-sociedade-devem-promover-inclusao-de-pessoas-com-deficiencia\\\/\",\"url\":\"https:\\\/\\\/portalincluir.com.br\\\/index.php\\\/2025\\\/04\\\/25\\\/igreja-e-sociedade-devem-promover-inclusao-de-pessoas-com-deficiencia\\\/\",\"name\":\"\u201cIgreja e sociedade devem promover inclus\u00e3o de pessoas com defici\u00eancia\\\" - PORTAL INCLUIR\",\"isPartOf\":{\"@id\":\"https:\\\/\\\/portalincluir.com.br\\\/#website\"},\"primaryImageOfPage\":{\"@id\":\"https:\\\/\\\/portalincluir.com.br\\\/index.php\\\/2025\\\/04\\\/25\\\/igreja-e-sociedade-devem-promover-inclusao-de-pessoas-com-deficiencia\\\/#primaryimage\"},\"image\":{\"@id\":\"https:\\\/\\\/portalincluir.com.br\\\/index.php\\\/2025\\\/04\\\/25\\\/igreja-e-sociedade-devem-promover-inclusao-de-pessoas-com-deficiencia\\\/#primaryimage\"},\"thumbnailUrl\":\"https:\\\/\\\/portalincluir.com.br\\\/wp-content\\\/uploads\\\/2025\\\/04\\\/papa-pessoa-t21.jpg\",\"datePublished\":\"2025-04-26T02:28:06+00:00\",\"dateModified\":\"2025-04-26T02:29:43+00:00\",\"author\":{\"@id\":\"https:\\\/\\\/portalincluir.com.br\\\/#\\\/schema\\\/person\\\/8823664e5902eee555607fb75c4c35ae\"},\"breadcrumb\":{\"@id\":\"https:\\\/\\\/portalincluir.com.br\\\/index.php\\\/2025\\\/04\\\/25\\\/igreja-e-sociedade-devem-promover-inclusao-de-pessoas-com-deficiencia\\\/#breadcrumb\"},\"inLanguage\":\"pt-BR\",\"potentialAction\":[{\"@type\":\"ReadAction\",\"target\":[\"https:\\\/\\\/portalincluir.com.br\\\/index.php\\\/2025\\\/04\\\/25\\\/igreja-e-sociedade-devem-promover-inclusao-de-pessoas-com-deficiencia\\\/\"]}]},{\"@type\":\"ImageObject\",\"inLanguage\":\"pt-BR\",\"@id\":\"https:\\\/\\\/portalincluir.com.br\\\/index.php\\\/2025\\\/04\\\/25\\\/igreja-e-sociedade-devem-promover-inclusao-de-pessoas-com-deficiencia\\\/#primaryimage\",\"url\":\"https:\\\/\\\/portalincluir.com.br\\\/wp-content\\\/uploads\\\/2025\\\/04\\\/papa-pessoa-t21.jpg\",\"contentUrl\":\"https:\\\/\\\/portalincluir.com.br\\\/wp-content\\\/uploads\\\/2025\\\/04\\\/papa-pessoa-t21.jpg\",\"width\":1830,\"height\":1220,\"caption\":\"Papa sempre demonstrou grande aten\u00e7\u00e3o \u00e0s pessoas com S\u00edndrome de Down \\\/Foto: Lucia Ballester\\\/CNA\"},{\"@type\":\"BreadcrumbList\",\"@id\":\"https:\\\/\\\/portalincluir.com.br\\\/index.php\\\/2025\\\/04\\\/25\\\/igreja-e-sociedade-devem-promover-inclusao-de-pessoas-com-deficiencia\\\/#breadcrumb\",\"itemListElement\":[{\"@type\":\"ListItem\",\"position\":1,\"name\":\"In\u00edcio\",\"item\":\"https:\\\/\\\/portalincluir.com.br\\\/\"},{\"@type\":\"ListItem\",\"position\":2,\"name\":\"\u201cIgreja e sociedade devem promover inclus\u00e3o de pessoas com defici\u00eancia&#8221;\"}]},{\"@type\":\"WebSite\",\"@id\":\"https:\\\/\\\/portalincluir.com.br\\\/#website\",\"url\":\"https:\\\/\\\/portalincluir.com.br\\\/\",\"name\":\"PORTAL INCLUIR\",\"description\":\"\",\"potentialAction\":[{\"@type\":\"SearchAction\",\"target\":{\"@type\":\"EntryPoint\",\"urlTemplate\":\"https:\\\/\\\/portalincluir.com.br\\\/?s={search_term_string}\"},\"query-input\":{\"@type\":\"PropertyValueSpecification\",\"valueRequired\":true,\"valueName\":\"search_term_string\"}}],\"inLanguage\":\"pt-BR\"},{\"@type\":\"Person\",\"@id\":\"https:\\\/\\\/portalincluir.com.br\\\/#\\\/schema\\\/person\\\/8823664e5902eee555607fb75c4c35ae\",\"name\":\"Portal Incluir\",\"image\":{\"@type\":\"ImageObject\",\"inLanguage\":\"pt-BR\",\"@id\":\"https:\\\/\\\/secure.gravatar.com\\\/avatar\\\/12085fe17e70c3550551519fe1f8f51fae69b1748563a47fc3bea53d91fbcbbd?s=96&d=mm&r=g\",\"url\":\"https:\\\/\\\/secure.gravatar.com\\\/avatar\\\/12085fe17e70c3550551519fe1f8f51fae69b1748563a47fc3bea53d91fbcbbd?s=96&d=mm&r=g\",\"contentUrl\":\"https:\\\/\\\/secure.gravatar.com\\\/avatar\\\/12085fe17e70c3550551519fe1f8f51fae69b1748563a47fc3bea53d91fbcbbd?s=96&d=mm&r=g\",\"caption\":\"Portal Incluir\"},\"sameAs\":[\"http:\\\/\\\/portalincluir.com.br\"],\"url\":\"https:\\\/\\\/portalincluir.com.br\\\/index.php\\\/author\\\/portalincluir-com-br\\\/\"}]}<\/script>\n<!-- \/ Yoast SEO plugin. -->","yoast_head_json":{"title":"\u201cIgreja e sociedade devem promover inclus\u00e3o de pessoas com defici\u00eancia\" - PORTAL INCLUIR","robots":{"index":"index","follow":"follow","max-snippet":"max-snippet:-1","max-image-preview":"max-image-preview:large","max-video-preview":"max-video-preview:-1"},"canonical":"https:\/\/portalincluir.com.br\/index.php\/2025\/04\/25\/igreja-e-sociedade-devem-promover-inclusao-de-pessoas-com-deficiencia\/","og_locale":"pt_BR","og_type":"article","og_title":"\u201cIgreja e sociedade devem promover inclus\u00e3o de pessoas com defici\u00eancia\" - PORTAL INCLUIR","og_description":"Em dezembro de 2023, o Papa Francisco fez um apelo contundente para que a Igreja","og_url":"https:\/\/portalincluir.com.br\/index.php\/2025\/04\/25\/igreja-e-sociedade-devem-promover-inclusao-de-pessoas-com-deficiencia\/","og_site_name":"PORTAL INCLUIR","article_published_time":"2025-04-26T02:28:06+00:00","article_modified_time":"2025-04-26T02:29:43+00:00","og_image":[{"width":1830,"height":1220,"url":"https:\/\/portalincluir.com.br\/wp-content\/uploads\/2025\/04\/papa-pessoa-t21.jpg","type":"image\/jpeg"}],"author":"Portal Incluir","twitter_card":"summary_large_image","twitter_misc":{"Escrito por":"Portal Incluir","Est. tempo de leitura":"2 minutos"},"schema":{"@context":"https:\/\/schema.org","@graph":[{"@type":["Article","BlogPosting"],"@id":"https:\/\/portalincluir.com.br\/index.php\/2025\/04\/25\/igreja-e-sociedade-devem-promover-inclusao-de-pessoas-com-deficiencia\/#article","isPartOf":{"@id":"https:\/\/portalincluir.com.br\/index.php\/2025\/04\/25\/igreja-e-sociedade-devem-promover-inclusao-de-pessoas-com-deficiencia\/"},"author":{"name":"Portal Incluir","@id":"https:\/\/portalincluir.com.br\/#\/schema\/person\/8823664e5902eee555607fb75c4c35ae"},"headline":"\u201cIgreja e sociedade devem promover inclus\u00e3o de pessoas com defici\u00eancia&#8221;","datePublished":"2025-04-26T02:28:06+00:00","dateModified":"2025-04-26T02:29:43+00:00","mainEntityOfPage":{"@id":"https:\/\/portalincluir.com.br\/index.php\/2025\/04\/25\/igreja-e-sociedade-devem-promover-inclusao-de-pessoas-com-deficiencia\/"},"wordCount":394,"commentCount":0,"image":{"@id":"https:\/\/portalincluir.com.br\/index.php\/2025\/04\/25\/igreja-e-sociedade-devem-promover-inclusao-de-pessoas-com-deficiencia\/#primaryimage"},"thumbnailUrl":"https:\/\/portalincluir.com.br\/wp-content\/uploads\/2025\/04\/papa-pessoa-t21.jpg","articleSection":["Not\u00edcias","Portal"],"inLanguage":"pt-BR","potentialAction":[{"@type":"CommentAction","name":"Comment","target":["https:\/\/portalincluir.com.br\/index.php\/2025\/04\/25\/igreja-e-sociedade-devem-promover-inclusao-de-pessoas-com-deficiencia\/#respond"]}]},{"@type":"WebPage","@id":"https:\/\/portalincluir.com.br\/index.php\/2025\/04\/25\/igreja-e-sociedade-devem-promover-inclusao-de-pessoas-com-deficiencia\/","url":"https:\/\/portalincluir.com.br\/index.php\/2025\/04\/25\/igreja-e-sociedade-devem-promover-inclusao-de-pessoas-com-deficiencia\/","name":"\u201cIgreja e sociedade devem promover inclus\u00e3o de pessoas com defici\u00eancia\" - PORTAL INCLUIR","isPartOf":{"@id":"https:\/\/portalincluir.com.br\/#website"},"primaryImageOfPage":{"@id":"https:\/\/portalincluir.com.br\/index.php\/2025\/04\/25\/igreja-e-sociedade-devem-promover-inclusao-de-pessoas-com-deficiencia\/#primaryimage"},"image":{"@id":"https:\/\/portalincluir.com.br\/index.php\/2025\/04\/25\/igreja-e-sociedade-devem-promover-inclusao-de-pessoas-com-deficiencia\/#primaryimage"},"thumbnailUrl":"https:\/\/portalincluir.com.br\/wp-content\/uploads\/2025\/04\/papa-pessoa-t21.jpg","datePublished":"2025-04-26T02:28:06+00:00","dateModified":"2025-04-26T02:29:43+00:00","author":{"@id":"https:\/\/portalincluir.com.br\/#\/schema\/person\/8823664e5902eee555607fb75c4c35ae"},"breadcrumb":{"@id":"https:\/\/portalincluir.com.br\/index.php\/2025\/04\/25\/igreja-e-sociedade-devem-promover-inclusao-de-pessoas-com-deficiencia\/#breadcrumb"},"inLanguage":"pt-BR","potentialAction":[{"@type":"ReadAction","target":["https:\/\/portalincluir.com.br\/index.php\/2025\/04\/25\/igreja-e-sociedade-devem-promover-inclusao-de-pessoas-com-deficiencia\/"]}]},{"@type":"ImageObject","inLanguage":"pt-BR","@id":"https:\/\/portalincluir.com.br\/index.php\/2025\/04\/25\/igreja-e-sociedade-devem-promover-inclusao-de-pessoas-com-deficiencia\/#primaryimage","url":"https:\/\/portalincluir.com.br\/wp-content\/uploads\/2025\/04\/papa-pessoa-t21.jpg","contentUrl":"https:\/\/portalincluir.com.br\/wp-content\/uploads\/2025\/04\/papa-pessoa-t21.jpg","width":1830,"height":1220,"caption":"Papa sempre demonstrou grande aten\u00e7\u00e3o \u00e0s pessoas com S\u00edndrome de Down \/Foto: Lucia Ballester\/CNA"},{"@type":"BreadcrumbList","@id":"https:\/\/portalincluir.com.br\/index.php\/2025\/04\/25\/igreja-e-sociedade-devem-promover-inclusao-de-pessoas-com-deficiencia\/#breadcrumb","itemListElement":[{"@type":"ListItem","position":1,"name":"In\u00edcio","item":"https:\/\/portalincluir.com.br\/"},{"@type":"ListItem","position":2,"name":"\u201cIgreja e sociedade devem promover inclus\u00e3o de pessoas com defici\u00eancia&#8221;"}]},{"@type":"WebSite","@id":"https:\/\/portalincluir.com.br\/#website","url":"https:\/\/portalincluir.com.br\/","name":"PORTAL INCLUIR","description":"","potentialAction":[{"@type":"SearchAction","target":{"@type":"EntryPoint","urlTemplate":"https:\/\/portalincluir.com.br\/?s={search_term_string}"},"query-input":{"@type":"PropertyValueSpecification","valueRequired":true,"valueName":"search_term_string"}}],"inLanguage":"pt-BR"},{"@type":"Person","@id":"https:\/\/portalincluir.com.br\/#\/schema\/person\/8823664e5902eee555607fb75c4c35ae","name":"Portal Incluir","image":{"@type":"ImageObject","inLanguage":"pt-BR","@id":"https:\/\/secure.gravatar.com\/avatar\/12085fe17e70c3550551519fe1f8f51fae69b1748563a47fc3bea53d91fbcbbd?s=96&d=mm&r=g","url":"https:\/\/secure.gravatar.com\/avatar\/12085fe17e70c3550551519fe1f8f51fae69b1748563a47fc3bea53d91fbcbbd?s=96&d=mm&r=g","contentUrl":"https:\/\/secure.gravatar.com\/avatar\/12085fe17e70c3550551519fe1f8f51fae69b1748563a47fc3bea53d91fbcbbd?s=96&d=mm&r=g","caption":"Portal Incluir"},"sameAs":["http:\/\/portalincluir.com.br"],"url":"https:\/\/portalincluir.com.br\/index.php\/author\/portalincluir-com-br\/"}]}},"_links":{"self":[{"href":"https:\/\/portalincluir.com.br\/index.php\/wp-json\/wp\/v2\/posts\/540","targetHints":{"allow":["GET"]}}],"collection":[{"href":"https:\/\/portalincluir.com.br\/index.php\/wp-json\/wp\/v2\/posts"}],"about":[{"href":"https:\/\/portalincluir.com.br\/index.php\/wp-json\/wp\/v2\/types\/post"}],"author":[{"embeddable":true,"href":"https:\/\/portalincluir.com.br\/index.php\/wp-json\/wp\/v2\/users\/1"}],"replies":[{"embeddable":true,"href":"https:\/\/portalincluir.com.br\/index.php\/wp-json\/wp\/v2\/comments?post=540"}],"version-history":[{"count":3,"href":"https:\/\/portalincluir.com.br\/index.php\/wp-json\/wp\/v2\/posts\/540\/revisions"}],"predecessor-version":[{"id":545,"href":"https:\/\/portalincluir.com.br\/index.php\/wp-json\/wp\/v2\/posts\/540\/revisions\/545"}],"wp:featuredmedia":[{"embeddable":true,"href":"https:\/\/portalincluir.com.br\/index.php\/wp-json\/wp\/v2\/media\/541"}],"wp:attachment":[{"href":"https:\/\/portalincluir.com.br\/index.php\/wp-json\/wp\/v2\/media?parent=540"}],"wp:term":[{"taxonomy":"category","embeddable":true,"href":"https:\/\/portalincluir.com.br\/index.php\/wp-json\/wp\/v2\/categories?post=540"},{"taxonomy":"post_tag","embeddable":true,"href":"https:\/\/portalincluir.com.br\/index.php\/wp-json\/wp\/v2\/tags?post=540"}],"curies":[{"name":"wp","href":"https:\/\/api.w.org\/{rel}","templated":true}]}}