{"id":546,"date":"2025-04-23T13:04:47","date_gmt":"2025-04-23T16:04:47","guid":{"rendered":"https:\/\/portalincluir.com.br\/?p=546"},"modified":"2025-04-27T13:07:44","modified_gmt":"2025-04-27T16:07:44","slug":"camara-celebra-dia-do-interprete-de-libras-com-audiencia-publica","status":"publish","type":"post","link":"https:\/\/portalincluir.com.br\/index.php\/2025\/04\/23\/camara-celebra-dia-do-interprete-de-libras-com-audiencia-publica\/","title":{"rendered":"C\u00e2mara celebra Dia do Int\u00e9rprete de Libras com audi\u00eancia p\u00fablica"},"content":{"rendered":"\n<p>Nesta ter\u00e7a-feira (22), a C\u00e2mara Municipal de Vit\u00f3ria da Conquista realizou audi\u00eancia p\u00fablica em celebra\u00e7\u00e3o ao Dia do Int\u00e9rprete de Libras, refor\u00e7ando o compromisso com a inclus\u00e3o e acessibilidade da comunidade surda na cidade. O evento contou com a participa\u00e7\u00e3o de autoridades, profissionais da \u00e1rea, representantes de entidades e membros da sociedade civil, que discutiram avan\u00e7os, desafios e a\u00e7\u00f5es futuras para garantir os direitos lingu\u00edsticos e culturais das pessoas surdas.<\/p>\n\n\n\n<p class=\"has-text-align-left\"><img decoding=\"async\" src=\"https:\/\/argus-cmvc.sfo2.digitaloceanspaces.com\/noticia\/2025-04-23\/Imagem_do_WhatsApp_de_20250422_s_2120104211982b.jpg\">Durante a sess\u00e3o, o vereador Adinilson Pereira (UB) destacou seu trabalho e dedica\u00e7\u00e3o na defesa dos direitos das pessoas surdas desde o in\u00edcio de seu mandato, em 2012. Ele ressaltou a cria\u00e7\u00e3o da Lei n\u00ba 2.230\/2018, que torna obrigat\u00f3ria a presen\u00e7a de int\u00e9rpretes de Libras em todos os eventos p\u00fablicos oficiais do munic\u00edpio, al\u00e9m de projetos voltados \u00e0 capacita\u00e7\u00e3o de servidores p\u00fablicos, cria\u00e7\u00e3o de empregos para tradutores e int\u00e9rpretes, e a proposta de escolas p\u00fablicas bil\u00edngues para surdos na sede de Vit\u00f3ria da Conquista. \u201cMais do que criar leis, \u00e9 preciso garantir que elas sejam cumpridas\u201d, afirmou o parlamentar, refor\u00e7ando a import\u00e2ncia de a\u00e7\u00f5es&nbsp;para promover dignidade e acessibilidade \u00e0 comunidade surda.<\/p>\n\n\n\n<p><img decoding=\"async\" src=\"https:\/\/argus-cmvc.sfo2.digitaloceanspaces.com\/noticia\/2025-04-23\/Imagem_do_WhatsApp_de_20250422_s_211758969ac23c.jpg\">A professora Jaqueline Fran\u00e7a, coordenadora da Central de Surdos e secret\u00e1ria da Associa\u00e7\u00e3o dos Surdos de Vit\u00f3ria da Conquista (ASVC), destacou a relev\u00e2ncia da central de interpreta\u00e7\u00e3o em Libras, que atua como um equipamento de inclus\u00e3o, atendendo a diversas demandas como consultas m\u00e9dicas, emiss\u00e3o de documentos e cadastro em programas sociais. Ela revelou que 75% dos atendimentos na central s\u00e3o realizados por mulheres, devido \u00e0 maior facilidade de comunica\u00e7\u00e3o com int\u00e9rpretes do sexo feminino, e que muitas pessoas de cidades vizinhas recorrem ao servi\u00e7o em busca de apoio.<\/p>\n\n\n\n<p><img decoding=\"async\" src=\"https:\/\/argus-cmvc.sfo2.digitaloceanspaces.com\/noticia\/2025-04-23\/Imagem_do_WhatsApp_de_20250422_s_2117587ed04830.jpg\">Outro destaque foi a fala de Rayan Soares dos Santos, especialista em Libras com vasta experi\u00eancia acad\u00eamica e profissional, que refor\u00e7ou a import\u00e2ncia da valoriza\u00e7\u00e3o dos int\u00e9rpretes e das pol\u00edticas p\u00fablicas que assegurem acessibilidade em espa\u00e7os educacionais e institucionais. \u201cSer int\u00e9rprete \u00e9 como uma ponte que une dois mundos\u201d, afirmou, ressaltando o papel fundamental desses profissionais na garantia da cidadania plena \u00e0s pessoas surdas.<\/p>\n\n\n\n<p><img decoding=\"async\" src=\"https:\/\/argus-cmvc.sfo2.digitaloceanspaces.com\/noticia\/2025-04-23\/Imagem_do_WhatsApp_de_20250422_s_211759aa43d159.jpg\">A professora Eva Alzira Dias, representante do minist\u00e9rio Efat\u00e1, grupo de comunidade surda da Igreja Assembleia de Deus, compartilhou sua trajet\u00f3ria e a paix\u00e3o pelo ensino de Libras, enfatizando que \u201ca acessibilidade lingu\u00edstica \u00e9 uma via de m\u00e3o dupla\u201d e que o trabalho do int\u00e9rprete conecta dois mundos diferentes.<\/p>\n\n\n\n<p><img decoding=\"async\" src=\"https:\/\/argus-cmvc.sfo2.digitaloceanspaces.com\/noticia\/2025-04-23\/Imagem_do_WhatsApp_de_20250422_s_21175983cf8eb9.jpg\">O coordenador de cultura, Alexandre Magno, refor\u00e7ou que \u201ca acessibilidade n\u00e3o \u00e9 um favor, \u00e9 um direito e um dever do poder p\u00fablico e da sociedade\u201d. Ele celebrou a cria\u00e7\u00e3o do primeiro edital de contrata\u00e7\u00e3o de int\u00e9rpretes de Libras do munic\u00edpio, garantindo acessibilidade nas festas juninas de 2025, e destacou a import\u00e2ncia de fortalecer pol\u00edticas p\u00fablicas que promovam a presen\u00e7a de int\u00e9rpretes em espa\u00e7os p\u00fablicos e escolas.<\/p>\n\n\n\n<p><img decoding=\"async\" src=\"https:\/\/argus-cmvc.sfo2.digitaloceanspaces.com\/noticia\/2025-04-23\/Imagem_do_WhatsApp_de_20250422_s_211759867d78a0.jpg\">Representando a Secretaria Municipal de Sa\u00fade, Gabriela Patez falou sobre a import\u00e2ncia de iniciativas que valorizem os profissionais int\u00e9rpretes de Libras e a inclus\u00e3o no sistema de sa\u00fade, lembrando que a acessibilidade \u00e9 um princ\u00edpio fundamental do SUS. J\u00e1 Romilson Pereira, da Secretaria de Educa\u00e7\u00e3o, destacou que o munic\u00edpio atende atualmente 2.400 alunos com defici\u00eancia, incluindo 42 surdos, com apoio de int\u00e9rpretes e professores especializados, reafirmando o compromisso de investir na educa\u00e7\u00e3o inclusiva.<\/p>\n\n\n\n<p><img decoding=\"async\" src=\"https:\/\/argus-cmvc.sfo2.digitaloceanspaces.com\/noticia\/2025-04-23\/Imagem_do_WhatsApp_de_20250422_s_211759da0e60ed.jpg\">Uma das falas mais emocionantes foi a de Rita de C\u00e1ssia Ribeiro Rocha, que compartilhou sua trajet\u00f3ria de supera\u00e7\u00e3o. Ela relatou as dificuldades enfrentadas durante sua forma\u00e7\u00e3o acad\u00eamica, como a necessidade de pagar int\u00e9rpretes de Libras para acompanhar as aulas, uma vez que a faculdade em que estudava n\u00e3o oferecia profissionais de tradu\u00e7\u00e3o. Rita destacou que, mesmo ap\u00f3s anos de luta, a comunidade surda ainda enfrenta obst\u00e1culos no acesso a servi\u00e7os b\u00e1sicos, como o transporte coletivo.<\/p>\n\n\n\n<p>\u201cComo ser\u00e1 o futuro? Ainda vamos precisar de int\u00e9rprete. Precisamos homenagear esses profissionais, que s\u00e3o essenciais desde as fases iniciais at\u00e9 na sociedade\u201d, afirmou Rita, refor\u00e7ando a import\u00e2ncia de valorizar e reconhecer o trabalho dos int\u00e9rpretes de Libras.<\/p>\n\n\n\n<p><img decoding=\"async\" src=\"https:\/\/argus-cmvc.sfo2.digitaloceanspaces.com\/noticia\/2025-04-23\/Imagem_do_WhatsApp_de_20250422_s_2121074326c058.jpg\">O vereador Siul Lima, de Itamb\u00e9, tamb\u00e9m refor\u00e7ou a necessidade de ampliar a acessibilidade em sua cidade, citando o exemplo de Vit\u00f3ria da Conquista. Ele destacou que seu mandato atua com um escrit\u00f3rio dedicado \u00e0 oferta de cursos gratuitos de Libras, al\u00e9m de iniciativas de educa\u00e7\u00e3o especial e contrata\u00e7\u00e3o de int\u00e9rpretes. \u201cAprovamos escolas bil\u00edngues e o trabalho de int\u00e9rpretes nas escolas do munic\u00edpio e do estado. \u00c9 uma luta cont\u00ednua para garantir o direito \u00e0 acessibilidade\u201d, afirmou Lima.<\/p>\n\n\n\n<p><img decoding=\"async\" src=\"https:\/\/argus-cmvc.sfo2.digitaloceanspaces.com\/noticia\/2025-04-23\/sessao28Mar25a4.jpg\">O debate tamb\u00e9m contou com a participa\u00e7\u00e3o do vereador Paulinho Oliveira (PSDB), que ressaltou a import\u00e2ncia de conscientizar a sociedade sobre os direitos da comunidade surda. \u201cA audi\u00eancia de hoje \u00e9 uma oportunidade de transforma\u00e7\u00e3o. Acho que todos que est\u00e3o aqui saem outra pessoa, mais conscientes da necessidade de avan\u00e7ar nas pol\u00edticas p\u00fablicas\u201d, declarou.<\/p>\n\n\n\n<p>Ele parabenizou os envolvidos na luta pela inclus\u00e3o e destacou que o trabalho di\u00e1rio dessas pessoas \u00e9 fundamental para que as mudan\u00e7as aconte\u00e7am.<\/p>\n\n\n\n<p>Durante o evento, uma apresenta\u00e7\u00e3o emocionante do Minist\u00e9rio de Surdos da Igreja Batista Candeias enriqueceu a sess\u00e3o, refor\u00e7ando o valor cultural e social da comunidade surda. Al\u00e9m disso, foi entregue uma Mo\u00e7\u00e3o de Louvor ao Instituto Federal Baiano (IFBA) pela implanta\u00e7\u00e3o do curso de Letras Libras no Campus de Itapetinga, na regi\u00e3o do Sudoeste da Bahia, reconhecendo o avan\u00e7o na forma\u00e7\u00e3o de profissionais qualificados para atuar na \u00e1rea.<\/p>\n\n\n\n<figure class=\"wp-block-image\"><img decoding=\"async\" src=\"https:\/\/argus-cmvc.sfo2.digitaloceanspaces.com\/noticia\/2025-04-23\/Imagem_do_WhatsApp_de_20250422_s_212630fbc416d8.jpg\" alt=\"\"\/><\/figure>\n\n\n\n<p>A audi\u00eancia p\u00fablica de Vit\u00f3ria da Conquista reafirmou o compromisso de todos os presentes com a promo\u00e7\u00e3o da inclus\u00e3o, da acessibilidade e do respeito aos direitos da comunidade surda, refor\u00e7ando que a luta por uma sociedade mais justa e acess\u00edvel continua.<\/p>\n\n\n\n<p>Fonte: ASCOM C\u00e2mara<\/p>\n","protected":false},"excerpt":{"rendered":"<p>Nesta ter\u00e7a-feira (22), a C\u00e2mara Municipal de Vit\u00f3ria da Conquista realizou audi\u00eancia p\u00fablica em celebra\u00e7\u00e3o<\/p>\n","protected":false},"author":1,"featured_media":547,"comment_status":"open","ping_status":"open","sticky":false,"template":"","format":"standard","meta":{"om_disable_all_campaigns":false,"_monsterinsights_skip_tracking":false,"_monsterinsights_sitenote_active":false,"_monsterinsights_sitenote_note":"","_monsterinsights_sitenote_category":0,"_uf_show_specific_survey":0,"_uf_disable_surveys":false,"footnotes":""},"categories":[18,9],"tags":[],"class_list":["post-546","post","type-post","status-publish","format-standard","has-post-thumbnail","hentry","category-deficiente-auditivo","category-noticias"],"yoast_head":"<!-- This site is optimized with the Yoast SEO plugin v27.4 - https:\/\/yoast.com\/product\/yoast-seo-wordpress\/ -->\n<title>C\u00e2mara celebra Dia do Int\u00e9rprete de Libras com audi\u00eancia p\u00fablica - PORTAL INCLUIR<\/title>\n<meta name=\"robots\" content=\"index, follow, max-snippet:-1, max-image-preview:large, max-video-preview:-1\" \/>\n<link rel=\"canonical\" href=\"https:\/\/portalincluir.com.br\/index.php\/2025\/04\/23\/camara-celebra-dia-do-interprete-de-libras-com-audiencia-publica\/\" \/>\n<meta property=\"og:locale\" content=\"pt_BR\" \/>\n<meta property=\"og:type\" content=\"article\" \/>\n<meta property=\"og:title\" content=\"C\u00e2mara celebra Dia do Int\u00e9rprete de Libras com audi\u00eancia p\u00fablica - PORTAL INCLUIR\" \/>\n<meta property=\"og:description\" content=\"Nesta ter\u00e7a-feira (22), a C\u00e2mara Municipal de Vit\u00f3ria da Conquista realizou audi\u00eancia p\u00fablica em celebra\u00e7\u00e3o\" \/>\n<meta property=\"og:url\" content=\"https:\/\/portalincluir.com.br\/index.php\/2025\/04\/23\/camara-celebra-dia-do-interprete-de-libras-com-audiencia-publica\/\" \/>\n<meta property=\"og:site_name\" content=\"PORTAL INCLUIR\" \/>\n<meta property=\"article:published_time\" content=\"2025-04-23T16:04:47+00:00\" \/>\n<meta property=\"article:modified_time\" content=\"2025-04-27T16:07:44+00:00\" \/>\n<meta property=\"og:image\" content=\"https:\/\/portalincluir.com.br\/wp-content\/uploads\/2025\/04\/audiencia-interprete-de-libras.jpg\" \/>\n\t<meta property=\"og:image:width\" content=\"800\" \/>\n\t<meta property=\"og:image:height\" content=\"600\" \/>\n\t<meta property=\"og:image:type\" content=\"image\/jpeg\" \/>\n<meta name=\"author\" content=\"Portal Incluir\" \/>\n<meta name=\"twitter:card\" content=\"summary_large_image\" \/>\n<meta name=\"twitter:label1\" content=\"Escrito por\" \/>\n\t<meta name=\"twitter:data1\" content=\"Portal Incluir\" \/>\n\t<meta name=\"twitter:label2\" content=\"Est. tempo de leitura\" \/>\n\t<meta name=\"twitter:data2\" content=\"5 minutos\" \/>\n<script type=\"application\/ld+json\" class=\"yoast-schema-graph\">{\"@context\":\"https:\\\/\\\/schema.org\",\"@graph\":[{\"@type\":[\"Article\",\"BlogPosting\"],\"@id\":\"https:\\\/\\\/portalincluir.com.br\\\/index.php\\\/2025\\\/04\\\/23\\\/camara-celebra-dia-do-interprete-de-libras-com-audiencia-publica\\\/#article\",\"isPartOf\":{\"@id\":\"https:\\\/\\\/portalincluir.com.br\\\/index.php\\\/2025\\\/04\\\/23\\\/camara-celebra-dia-do-interprete-de-libras-com-audiencia-publica\\\/\"},\"author\":{\"name\":\"Portal Incluir\",\"@id\":\"https:\\\/\\\/portalincluir.com.br\\\/#\\\/schema\\\/person\\\/8823664e5902eee555607fb75c4c35ae\"},\"headline\":\"C\u00e2mara celebra Dia do Int\u00e9rprete de Libras com audi\u00eancia p\u00fablica\",\"datePublished\":\"2025-04-23T16:04:47+00:00\",\"dateModified\":\"2025-04-27T16:07:44+00:00\",\"mainEntityOfPage\":{\"@id\":\"https:\\\/\\\/portalincluir.com.br\\\/index.php\\\/2025\\\/04\\\/23\\\/camara-celebra-dia-do-interprete-de-libras-com-audiencia-publica\\\/\"},\"wordCount\":1045,\"commentCount\":0,\"image\":{\"@id\":\"https:\\\/\\\/portalincluir.com.br\\\/index.php\\\/2025\\\/04\\\/23\\\/camara-celebra-dia-do-interprete-de-libras-com-audiencia-publica\\\/#primaryimage\"},\"thumbnailUrl\":\"https:\\\/\\\/portalincluir.com.br\\\/wp-content\\\/uploads\\\/2025\\\/04\\\/audiencia-interprete-de-libras.jpg\",\"articleSection\":[\"Deficiente Auditivo\",\"Not\u00edcias\"],\"inLanguage\":\"pt-BR\",\"potentialAction\":[{\"@type\":\"CommentAction\",\"name\":\"Comment\",\"target\":[\"https:\\\/\\\/portalincluir.com.br\\\/index.php\\\/2025\\\/04\\\/23\\\/camara-celebra-dia-do-interprete-de-libras-com-audiencia-publica\\\/#respond\"]}]},{\"@type\":\"WebPage\",\"@id\":\"https:\\\/\\\/portalincluir.com.br\\\/index.php\\\/2025\\\/04\\\/23\\\/camara-celebra-dia-do-interprete-de-libras-com-audiencia-publica\\\/\",\"url\":\"https:\\\/\\\/portalincluir.com.br\\\/index.php\\\/2025\\\/04\\\/23\\\/camara-celebra-dia-do-interprete-de-libras-com-audiencia-publica\\\/\",\"name\":\"C\u00e2mara celebra Dia do Int\u00e9rprete de Libras com audi\u00eancia p\u00fablica - PORTAL INCLUIR\",\"isPartOf\":{\"@id\":\"https:\\\/\\\/portalincluir.com.br\\\/#website\"},\"primaryImageOfPage\":{\"@id\":\"https:\\\/\\\/portalincluir.com.br\\\/index.php\\\/2025\\\/04\\\/23\\\/camara-celebra-dia-do-interprete-de-libras-com-audiencia-publica\\\/#primaryimage\"},\"image\":{\"@id\":\"https:\\\/\\\/portalincluir.com.br\\\/index.php\\\/2025\\\/04\\\/23\\\/camara-celebra-dia-do-interprete-de-libras-com-audiencia-publica\\\/#primaryimage\"},\"thumbnailUrl\":\"https:\\\/\\\/portalincluir.com.br\\\/wp-content\\\/uploads\\\/2025\\\/04\\\/audiencia-interprete-de-libras.jpg\",\"datePublished\":\"2025-04-23T16:04:47+00:00\",\"dateModified\":\"2025-04-27T16:07:44+00:00\",\"author\":{\"@id\":\"https:\\\/\\\/portalincluir.com.br\\\/#\\\/schema\\\/person\\\/8823664e5902eee555607fb75c4c35ae\"},\"breadcrumb\":{\"@id\":\"https:\\\/\\\/portalincluir.com.br\\\/index.php\\\/2025\\\/04\\\/23\\\/camara-celebra-dia-do-interprete-de-libras-com-audiencia-publica\\\/#breadcrumb\"},\"inLanguage\":\"pt-BR\",\"potentialAction\":[{\"@type\":\"ReadAction\",\"target\":[\"https:\\\/\\\/portalincluir.com.br\\\/index.php\\\/2025\\\/04\\\/23\\\/camara-celebra-dia-do-interprete-de-libras-com-audiencia-publica\\\/\"]}]},{\"@type\":\"ImageObject\",\"inLanguage\":\"pt-BR\",\"@id\":\"https:\\\/\\\/portalincluir.com.br\\\/index.php\\\/2025\\\/04\\\/23\\\/camara-celebra-dia-do-interprete-de-libras-com-audiencia-publica\\\/#primaryimage\",\"url\":\"https:\\\/\\\/portalincluir.com.br\\\/wp-content\\\/uploads\\\/2025\\\/04\\\/audiencia-interprete-de-libras.jpg\",\"contentUrl\":\"https:\\\/\\\/portalincluir.com.br\\\/wp-content\\\/uploads\\\/2025\\\/04\\\/audiencia-interprete-de-libras.jpg\",\"width\":800,\"height\":600,\"caption\":\"Foto: ASCOM C\u00e2mara\"},{\"@type\":\"BreadcrumbList\",\"@id\":\"https:\\\/\\\/portalincluir.com.br\\\/index.php\\\/2025\\\/04\\\/23\\\/camara-celebra-dia-do-interprete-de-libras-com-audiencia-publica\\\/#breadcrumb\",\"itemListElement\":[{\"@type\":\"ListItem\",\"position\":1,\"name\":\"In\u00edcio\",\"item\":\"https:\\\/\\\/portalincluir.com.br\\\/\"},{\"@type\":\"ListItem\",\"position\":2,\"name\":\"C\u00e2mara celebra Dia do Int\u00e9rprete de Libras com audi\u00eancia p\u00fablica\"}]},{\"@type\":\"WebSite\",\"@id\":\"https:\\\/\\\/portalincluir.com.br\\\/#website\",\"url\":\"https:\\\/\\\/portalincluir.com.br\\\/\",\"name\":\"PORTAL INCLUIR\",\"description\":\"\",\"potentialAction\":[{\"@type\":\"SearchAction\",\"target\":{\"@type\":\"EntryPoint\",\"urlTemplate\":\"https:\\\/\\\/portalincluir.com.br\\\/?s={search_term_string}\"},\"query-input\":{\"@type\":\"PropertyValueSpecification\",\"valueRequired\":true,\"valueName\":\"search_term_string\"}}],\"inLanguage\":\"pt-BR\"},{\"@type\":\"Person\",\"@id\":\"https:\\\/\\\/portalincluir.com.br\\\/#\\\/schema\\\/person\\\/8823664e5902eee555607fb75c4c35ae\",\"name\":\"Portal Incluir\",\"image\":{\"@type\":\"ImageObject\",\"inLanguage\":\"pt-BR\",\"@id\":\"https:\\\/\\\/secure.gravatar.com\\\/avatar\\\/12085fe17e70c3550551519fe1f8f51fae69b1748563a47fc3bea53d91fbcbbd?s=96&d=mm&r=g\",\"url\":\"https:\\\/\\\/secure.gravatar.com\\\/avatar\\\/12085fe17e70c3550551519fe1f8f51fae69b1748563a47fc3bea53d91fbcbbd?s=96&d=mm&r=g\",\"contentUrl\":\"https:\\\/\\\/secure.gravatar.com\\\/avatar\\\/12085fe17e70c3550551519fe1f8f51fae69b1748563a47fc3bea53d91fbcbbd?s=96&d=mm&r=g\",\"caption\":\"Portal Incluir\"},\"sameAs\":[\"http:\\\/\\\/portalincluir.com.br\"],\"url\":\"https:\\\/\\\/portalincluir.com.br\\\/index.php\\\/author\\\/portalincluir-com-br\\\/\"}]}<\/script>\n<!-- \/ Yoast SEO plugin. -->","yoast_head_json":{"title":"C\u00e2mara celebra Dia do Int\u00e9rprete de Libras com audi\u00eancia p\u00fablica - PORTAL INCLUIR","robots":{"index":"index","follow":"follow","max-snippet":"max-snippet:-1","max-image-preview":"max-image-preview:large","max-video-preview":"max-video-preview:-1"},"canonical":"https:\/\/portalincluir.com.br\/index.php\/2025\/04\/23\/camara-celebra-dia-do-interprete-de-libras-com-audiencia-publica\/","og_locale":"pt_BR","og_type":"article","og_title":"C\u00e2mara celebra Dia do Int\u00e9rprete de Libras com audi\u00eancia p\u00fablica - PORTAL INCLUIR","og_description":"Nesta ter\u00e7a-feira (22), a C\u00e2mara Municipal de Vit\u00f3ria da Conquista realizou audi\u00eancia p\u00fablica em celebra\u00e7\u00e3o","og_url":"https:\/\/portalincluir.com.br\/index.php\/2025\/04\/23\/camara-celebra-dia-do-interprete-de-libras-com-audiencia-publica\/","og_site_name":"PORTAL INCLUIR","article_published_time":"2025-04-23T16:04:47+00:00","article_modified_time":"2025-04-27T16:07:44+00:00","og_image":[{"width":800,"height":600,"url":"https:\/\/portalincluir.com.br\/wp-content\/uploads\/2025\/04\/audiencia-interprete-de-libras.jpg","type":"image\/jpeg"}],"author":"Portal Incluir","twitter_card":"summary_large_image","twitter_misc":{"Escrito por":"Portal Incluir","Est. tempo de leitura":"5 minutos"},"schema":{"@context":"https:\/\/schema.org","@graph":[{"@type":["Article","BlogPosting"],"@id":"https:\/\/portalincluir.com.br\/index.php\/2025\/04\/23\/camara-celebra-dia-do-interprete-de-libras-com-audiencia-publica\/#article","isPartOf":{"@id":"https:\/\/portalincluir.com.br\/index.php\/2025\/04\/23\/camara-celebra-dia-do-interprete-de-libras-com-audiencia-publica\/"},"author":{"name":"Portal Incluir","@id":"https:\/\/portalincluir.com.br\/#\/schema\/person\/8823664e5902eee555607fb75c4c35ae"},"headline":"C\u00e2mara celebra Dia do Int\u00e9rprete de Libras com audi\u00eancia p\u00fablica","datePublished":"2025-04-23T16:04:47+00:00","dateModified":"2025-04-27T16:07:44+00:00","mainEntityOfPage":{"@id":"https:\/\/portalincluir.com.br\/index.php\/2025\/04\/23\/camara-celebra-dia-do-interprete-de-libras-com-audiencia-publica\/"},"wordCount":1045,"commentCount":0,"image":{"@id":"https:\/\/portalincluir.com.br\/index.php\/2025\/04\/23\/camara-celebra-dia-do-interprete-de-libras-com-audiencia-publica\/#primaryimage"},"thumbnailUrl":"https:\/\/portalincluir.com.br\/wp-content\/uploads\/2025\/04\/audiencia-interprete-de-libras.jpg","articleSection":["Deficiente Auditivo","Not\u00edcias"],"inLanguage":"pt-BR","potentialAction":[{"@type":"CommentAction","name":"Comment","target":["https:\/\/portalincluir.com.br\/index.php\/2025\/04\/23\/camara-celebra-dia-do-interprete-de-libras-com-audiencia-publica\/#respond"]}]},{"@type":"WebPage","@id":"https:\/\/portalincluir.com.br\/index.php\/2025\/04\/23\/camara-celebra-dia-do-interprete-de-libras-com-audiencia-publica\/","url":"https:\/\/portalincluir.com.br\/index.php\/2025\/04\/23\/camara-celebra-dia-do-interprete-de-libras-com-audiencia-publica\/","name":"C\u00e2mara celebra Dia do Int\u00e9rprete de Libras com audi\u00eancia p\u00fablica - PORTAL INCLUIR","isPartOf":{"@id":"https:\/\/portalincluir.com.br\/#website"},"primaryImageOfPage":{"@id":"https:\/\/portalincluir.com.br\/index.php\/2025\/04\/23\/camara-celebra-dia-do-interprete-de-libras-com-audiencia-publica\/#primaryimage"},"image":{"@id":"https:\/\/portalincluir.com.br\/index.php\/2025\/04\/23\/camara-celebra-dia-do-interprete-de-libras-com-audiencia-publica\/#primaryimage"},"thumbnailUrl":"https:\/\/portalincluir.com.br\/wp-content\/uploads\/2025\/04\/audiencia-interprete-de-libras.jpg","datePublished":"2025-04-23T16:04:47+00:00","dateModified":"2025-04-27T16:07:44+00:00","author":{"@id":"https:\/\/portalincluir.com.br\/#\/schema\/person\/8823664e5902eee555607fb75c4c35ae"},"breadcrumb":{"@id":"https:\/\/portalincluir.com.br\/index.php\/2025\/04\/23\/camara-celebra-dia-do-interprete-de-libras-com-audiencia-publica\/#breadcrumb"},"inLanguage":"pt-BR","potentialAction":[{"@type":"ReadAction","target":["https:\/\/portalincluir.com.br\/index.php\/2025\/04\/23\/camara-celebra-dia-do-interprete-de-libras-com-audiencia-publica\/"]}]},{"@type":"ImageObject","inLanguage":"pt-BR","@id":"https:\/\/portalincluir.com.br\/index.php\/2025\/04\/23\/camara-celebra-dia-do-interprete-de-libras-com-audiencia-publica\/#primaryimage","url":"https:\/\/portalincluir.com.br\/wp-content\/uploads\/2025\/04\/audiencia-interprete-de-libras.jpg","contentUrl":"https:\/\/portalincluir.com.br\/wp-content\/uploads\/2025\/04\/audiencia-interprete-de-libras.jpg","width":800,"height":600,"caption":"Foto: ASCOM C\u00e2mara"},{"@type":"BreadcrumbList","@id":"https:\/\/portalincluir.com.br\/index.php\/2025\/04\/23\/camara-celebra-dia-do-interprete-de-libras-com-audiencia-publica\/#breadcrumb","itemListElement":[{"@type":"ListItem","position":1,"name":"In\u00edcio","item":"https:\/\/portalincluir.com.br\/"},{"@type":"ListItem","position":2,"name":"C\u00e2mara celebra Dia do Int\u00e9rprete de Libras com audi\u00eancia p\u00fablica"}]},{"@type":"WebSite","@id":"https:\/\/portalincluir.com.br\/#website","url":"https:\/\/portalincluir.com.br\/","name":"PORTAL INCLUIR","description":"","potentialAction":[{"@type":"SearchAction","target":{"@type":"EntryPoint","urlTemplate":"https:\/\/portalincluir.com.br\/?s={search_term_string}"},"query-input":{"@type":"PropertyValueSpecification","valueRequired":true,"valueName":"search_term_string"}}],"inLanguage":"pt-BR"},{"@type":"Person","@id":"https:\/\/portalincluir.com.br\/#\/schema\/person\/8823664e5902eee555607fb75c4c35ae","name":"Portal Incluir","image":{"@type":"ImageObject","inLanguage":"pt-BR","@id":"https:\/\/secure.gravatar.com\/avatar\/12085fe17e70c3550551519fe1f8f51fae69b1748563a47fc3bea53d91fbcbbd?s=96&d=mm&r=g","url":"https:\/\/secure.gravatar.com\/avatar\/12085fe17e70c3550551519fe1f8f51fae69b1748563a47fc3bea53d91fbcbbd?s=96&d=mm&r=g","contentUrl":"https:\/\/secure.gravatar.com\/avatar\/12085fe17e70c3550551519fe1f8f51fae69b1748563a47fc3bea53d91fbcbbd?s=96&d=mm&r=g","caption":"Portal Incluir"},"sameAs":["http:\/\/portalincluir.com.br"],"url":"https:\/\/portalincluir.com.br\/index.php\/author\/portalincluir-com-br\/"}]}},"_links":{"self":[{"href":"https:\/\/portalincluir.com.br\/index.php\/wp-json\/wp\/v2\/posts\/546","targetHints":{"allow":["GET"]}}],"collection":[{"href":"https:\/\/portalincluir.com.br\/index.php\/wp-json\/wp\/v2\/posts"}],"about":[{"href":"https:\/\/portalincluir.com.br\/index.php\/wp-json\/wp\/v2\/types\/post"}],"author":[{"embeddable":true,"href":"https:\/\/portalincluir.com.br\/index.php\/wp-json\/wp\/v2\/users\/1"}],"replies":[{"embeddable":true,"href":"https:\/\/portalincluir.com.br\/index.php\/wp-json\/wp\/v2\/comments?post=546"}],"version-history":[{"count":1,"href":"https:\/\/portalincluir.com.br\/index.php\/wp-json\/wp\/v2\/posts\/546\/revisions"}],"predecessor-version":[{"id":548,"href":"https:\/\/portalincluir.com.br\/index.php\/wp-json\/wp\/v2\/posts\/546\/revisions\/548"}],"wp:featuredmedia":[{"embeddable":true,"href":"https:\/\/portalincluir.com.br\/index.php\/wp-json\/wp\/v2\/media\/547"}],"wp:attachment":[{"href":"https:\/\/portalincluir.com.br\/index.php\/wp-json\/wp\/v2\/media?parent=546"}],"wp:term":[{"taxonomy":"category","embeddable":true,"href":"https:\/\/portalincluir.com.br\/index.php\/wp-json\/wp\/v2\/categories?post=546"},{"taxonomy":"post_tag","embeddable":true,"href":"https:\/\/portalincluir.com.br\/index.php\/wp-json\/wp\/v2\/tags?post=546"}],"curies":[{"name":"wp","href":"https:\/\/api.w.org\/{rel}","templated":true}]}}