{"id":558,"date":"2025-07-09T15:21:54","date_gmt":"2025-07-09T18:21:54","guid":{"rendered":"https:\/\/portalincluir.com.br\/?p=558"},"modified":"2025-07-09T15:23:58","modified_gmt":"2025-07-09T18:23:58","slug":"programa-inclusao-em-foco-entrevista-o-oftalmologista-jaime-roizenblatt","status":"publish","type":"post","link":"https:\/\/portalincluir.com.br\/index.php\/2025\/07\/09\/programa-inclusao-em-foco-entrevista-o-oftalmologista-jaime-roizenblatt\/","title":{"rendered":"Programa Inclus\u00e3o em Foco entrevista especialistas em T21, Isabela Amaral e Jaime Roizenblatt"},"content":{"rendered":"\n<p>Na 13\u00aa edi\u00e7\u00e3o do programa <em>Inclus\u00e3o em Foco<\/em>, o destaque foi uma conversa reveladora com o renomado oftalmologista Jaime Roisenblatt, refer\u00eancia nacional no atendimento a pessoas com Trissomia do 21 (S\u00edndrome de Down). Com vasta experi\u00eancia na \u00e1rea, o m\u00e9dico compartilhou insights valiosos sobre as particularidades visuais e as necessidades espec\u00edficas desse p\u00fablico.<\/p>\n\n\n\n<p>O epis\u00f3dio tamb\u00e9m trouxe uma reprise especial da entrevista com a pediatra Isabela Amaral, que abordou, com sensibilidade e precis\u00e3o, os cuidados essenciais na sa\u00fade e no desenvolvimento das pessoas com T21.<\/p>\n\n\n\n<p>Com conte\u00fado informativo e acess\u00edvel, o programa refor\u00e7a seu compromisso com a inclus\u00e3o e o bem-estar das pessoas com defici\u00eancia.<\/p>\n\n\n\n<iframe src='https:\/\/www.4shared.com\/web\/embed\/audio\/file\/U2AA2ZuAku?type=MINI&#038;widgetWidth=530&#038;playlistHeight=0&#038;widgetRid=821422912104' style='overflow:hidden;height:60px;width:530px;border: 0;margin:0;'><\/iframe>\n","protected":false},"excerpt":{"rendered":"<p>Na 13\u00aa edi\u00e7\u00e3o do programa Inclus\u00e3o em Foco, o destaque foi uma conversa reveladora com<\/p>\n","protected":false},"author":1,"featured_media":559,"comment_status":"open","ping_status":"open","sticky":false,"template":"","format":"standard","meta":{"om_disable_all_campaigns":false,"_monsterinsights_skip_tracking":false,"_monsterinsights_sitenote_active":false,"_monsterinsights_sitenote_note":"","_monsterinsights_sitenote_category":0,"_uf_show_specific_survey":0,"_uf_disable_surveys":false,"footnotes":""},"categories":[13,7],"tags":[],"class_list":["post-558","post","type-post","status-publish","format-standard","has-post-thumbnail","hentry","category-podcast","category-t21"],"yoast_head":"<!-- This site is optimized with the Yoast SEO plugin v27.4 - https:\/\/yoast.com\/product\/yoast-seo-wordpress\/ -->\n<title>Programa Inclus\u00e3o em Foco entrevista especialistas em T21, Isabela Amaral e Jaime Roizenblatt - PORTAL INCLUIR<\/title>\n<meta name=\"robots\" content=\"index, follow, max-snippet:-1, max-image-preview:large, max-video-preview:-1\" \/>\n<link rel=\"canonical\" href=\"https:\/\/portalincluir.com.br\/index.php\/2025\/07\/09\/programa-inclusao-em-foco-entrevista-o-oftalmologista-jaime-roizenblatt\/\" \/>\n<meta property=\"og:locale\" content=\"pt_BR\" \/>\n<meta property=\"og:type\" content=\"article\" \/>\n<meta property=\"og:title\" content=\"Programa Inclus\u00e3o em Foco entrevista especialistas em T21, Isabela Amaral e Jaime Roizenblatt - PORTAL INCLUIR\" \/>\n<meta property=\"og:description\" content=\"Na 13\u00aa edi\u00e7\u00e3o do programa Inclus\u00e3o em Foco, o destaque foi uma conversa reveladora com\" \/>\n<meta property=\"og:url\" content=\"https:\/\/portalincluir.com.br\/index.php\/2025\/07\/09\/programa-inclusao-em-foco-entrevista-o-oftalmologista-jaime-roizenblatt\/\" \/>\n<meta property=\"og:site_name\" content=\"PORTAL INCLUIR\" \/>\n<meta property=\"article:published_time\" content=\"2025-07-09T18:21:54+00:00\" \/>\n<meta property=\"article:modified_time\" content=\"2025-07-09T18:23:58+00:00\" \/>\n<meta property=\"og:image\" content=\"https:\/\/portalincluir.com.br\/wp-content\/uploads\/2025\/07\/isabela-e-jaime-1024x683.png\" \/>\n\t<meta property=\"og:image:width\" content=\"1024\" \/>\n\t<meta property=\"og:image:height\" content=\"683\" \/>\n\t<meta property=\"og:image:type\" content=\"image\/png\" \/>\n<meta name=\"author\" content=\"Portal Incluir\" \/>\n<meta name=\"twitter:card\" content=\"summary_large_image\" \/>\n<meta name=\"twitter:label1\" content=\"Escrito por\" \/>\n\t<meta name=\"twitter:data1\" content=\"Portal Incluir\" \/>\n\t<meta name=\"twitter:label2\" content=\"Est. tempo de leitura\" \/>\n\t<meta name=\"twitter:data2\" content=\"1 minuto\" \/>\n<script type=\"application\/ld+json\" class=\"yoast-schema-graph\">{\"@context\":\"https:\\\/\\\/schema.org\",\"@graph\":[{\"@type\":[\"Article\",\"BlogPosting\"],\"@id\":\"https:\\\/\\\/portalincluir.com.br\\\/index.php\\\/2025\\\/07\\\/09\\\/programa-inclusao-em-foco-entrevista-o-oftalmologista-jaime-roizenblatt\\\/#article\",\"isPartOf\":{\"@id\":\"https:\\\/\\\/portalincluir.com.br\\\/index.php\\\/2025\\\/07\\\/09\\\/programa-inclusao-em-foco-entrevista-o-oftalmologista-jaime-roizenblatt\\\/\"},\"author\":{\"name\":\"Portal Incluir\",\"@id\":\"https:\\\/\\\/portalincluir.com.br\\\/#\\\/schema\\\/person\\\/8823664e5902eee555607fb75c4c35ae\"},\"headline\":\"Programa Inclus\u00e3o em Foco entrevista especialistas em T21, Isabela Amaral e Jaime Roizenblatt\",\"datePublished\":\"2025-07-09T18:21:54+00:00\",\"dateModified\":\"2025-07-09T18:23:58+00:00\",\"mainEntityOfPage\":{\"@id\":\"https:\\\/\\\/portalincluir.com.br\\\/index.php\\\/2025\\\/07\\\/09\\\/programa-inclusao-em-foco-entrevista-o-oftalmologista-jaime-roizenblatt\\\/\"},\"wordCount\":134,\"commentCount\":0,\"image\":{\"@id\":\"https:\\\/\\\/portalincluir.com.br\\\/index.php\\\/2025\\\/07\\\/09\\\/programa-inclusao-em-foco-entrevista-o-oftalmologista-jaime-roizenblatt\\\/#primaryimage\"},\"thumbnailUrl\":\"https:\\\/\\\/portalincluir.com.br\\\/wp-content\\\/uploads\\\/2025\\\/07\\\/isabela-e-jaime.png\",\"articleSection\":[\"PodCast\",\"T21\"],\"inLanguage\":\"pt-BR\",\"potentialAction\":[{\"@type\":\"CommentAction\",\"name\":\"Comment\",\"target\":[\"https:\\\/\\\/portalincluir.com.br\\\/index.php\\\/2025\\\/07\\\/09\\\/programa-inclusao-em-foco-entrevista-o-oftalmologista-jaime-roizenblatt\\\/#respond\"]}]},{\"@type\":\"WebPage\",\"@id\":\"https:\\\/\\\/portalincluir.com.br\\\/index.php\\\/2025\\\/07\\\/09\\\/programa-inclusao-em-foco-entrevista-o-oftalmologista-jaime-roizenblatt\\\/\",\"url\":\"https:\\\/\\\/portalincluir.com.br\\\/index.php\\\/2025\\\/07\\\/09\\\/programa-inclusao-em-foco-entrevista-o-oftalmologista-jaime-roizenblatt\\\/\",\"name\":\"Programa Inclus\u00e3o em Foco entrevista especialistas em T21, Isabela Amaral e Jaime Roizenblatt - PORTAL INCLUIR\",\"isPartOf\":{\"@id\":\"https:\\\/\\\/portalincluir.com.br\\\/#website\"},\"primaryImageOfPage\":{\"@id\":\"https:\\\/\\\/portalincluir.com.br\\\/index.php\\\/2025\\\/07\\\/09\\\/programa-inclusao-em-foco-entrevista-o-oftalmologista-jaime-roizenblatt\\\/#primaryimage\"},\"image\":{\"@id\":\"https:\\\/\\\/portalincluir.com.br\\\/index.php\\\/2025\\\/07\\\/09\\\/programa-inclusao-em-foco-entrevista-o-oftalmologista-jaime-roizenblatt\\\/#primaryimage\"},\"thumbnailUrl\":\"https:\\\/\\\/portalincluir.com.br\\\/wp-content\\\/uploads\\\/2025\\\/07\\\/isabela-e-jaime.png\",\"datePublished\":\"2025-07-09T18:21:54+00:00\",\"dateModified\":\"2025-07-09T18:23:58+00:00\",\"author\":{\"@id\":\"https:\\\/\\\/portalincluir.com.br\\\/#\\\/schema\\\/person\\\/8823664e5902eee555607fb75c4c35ae\"},\"breadcrumb\":{\"@id\":\"https:\\\/\\\/portalincluir.com.br\\\/index.php\\\/2025\\\/07\\\/09\\\/programa-inclusao-em-foco-entrevista-o-oftalmologista-jaime-roizenblatt\\\/#breadcrumb\"},\"inLanguage\":\"pt-BR\",\"potentialAction\":[{\"@type\":\"ReadAction\",\"target\":[\"https:\\\/\\\/portalincluir.com.br\\\/index.php\\\/2025\\\/07\\\/09\\\/programa-inclusao-em-foco-entrevista-o-oftalmologista-jaime-roizenblatt\\\/\"]}]},{\"@type\":\"ImageObject\",\"inLanguage\":\"pt-BR\",\"@id\":\"https:\\\/\\\/portalincluir.com.br\\\/index.php\\\/2025\\\/07\\\/09\\\/programa-inclusao-em-foco-entrevista-o-oftalmologista-jaime-roizenblatt\\\/#primaryimage\",\"url\":\"https:\\\/\\\/portalincluir.com.br\\\/wp-content\\\/uploads\\\/2025\\\/07\\\/isabela-e-jaime.png\",\"contentUrl\":\"https:\\\/\\\/portalincluir.com.br\\\/wp-content\\\/uploads\\\/2025\\\/07\\\/isabela-e-jaime.png\",\"width\":1536,\"height\":1024,\"caption\":\"Dra Isabela Amaral e Dr. Jaime Roizenblatt\"},{\"@type\":\"BreadcrumbList\",\"@id\":\"https:\\\/\\\/portalincluir.com.br\\\/index.php\\\/2025\\\/07\\\/09\\\/programa-inclusao-em-foco-entrevista-o-oftalmologista-jaime-roizenblatt\\\/#breadcrumb\",\"itemListElement\":[{\"@type\":\"ListItem\",\"position\":1,\"name\":\"In\u00edcio\",\"item\":\"https:\\\/\\\/portalincluir.com.br\\\/\"},{\"@type\":\"ListItem\",\"position\":2,\"name\":\"Programa Inclus\u00e3o em Foco entrevista especialistas em T21, Isabela Amaral e Jaime Roizenblatt\"}]},{\"@type\":\"WebSite\",\"@id\":\"https:\\\/\\\/portalincluir.com.br\\\/#website\",\"url\":\"https:\\\/\\\/portalincluir.com.br\\\/\",\"name\":\"PORTAL INCLUIR\",\"description\":\"\",\"potentialAction\":[{\"@type\":\"SearchAction\",\"target\":{\"@type\":\"EntryPoint\",\"urlTemplate\":\"https:\\\/\\\/portalincluir.com.br\\\/?s={search_term_string}\"},\"query-input\":{\"@type\":\"PropertyValueSpecification\",\"valueRequired\":true,\"valueName\":\"search_term_string\"}}],\"inLanguage\":\"pt-BR\"},{\"@type\":\"Person\",\"@id\":\"https:\\\/\\\/portalincluir.com.br\\\/#\\\/schema\\\/person\\\/8823664e5902eee555607fb75c4c35ae\",\"name\":\"Portal Incluir\",\"image\":{\"@type\":\"ImageObject\",\"inLanguage\":\"pt-BR\",\"@id\":\"https:\\\/\\\/secure.gravatar.com\\\/avatar\\\/12085fe17e70c3550551519fe1f8f51fae69b1748563a47fc3bea53d91fbcbbd?s=96&d=mm&r=g\",\"url\":\"https:\\\/\\\/secure.gravatar.com\\\/avatar\\\/12085fe17e70c3550551519fe1f8f51fae69b1748563a47fc3bea53d91fbcbbd?s=96&d=mm&r=g\",\"contentUrl\":\"https:\\\/\\\/secure.gravatar.com\\\/avatar\\\/12085fe17e70c3550551519fe1f8f51fae69b1748563a47fc3bea53d91fbcbbd?s=96&d=mm&r=g\",\"caption\":\"Portal Incluir\"},\"sameAs\":[\"http:\\\/\\\/portalincluir.com.br\"],\"url\":\"https:\\\/\\\/portalincluir.com.br\\\/index.php\\\/author\\\/portalincluir-com-br\\\/\"}]}<\/script>\n<!-- \/ Yoast SEO plugin. -->","yoast_head_json":{"title":"Programa Inclus\u00e3o em Foco entrevista especialistas em T21, Isabela Amaral e Jaime Roizenblatt - PORTAL INCLUIR","robots":{"index":"index","follow":"follow","max-snippet":"max-snippet:-1","max-image-preview":"max-image-preview:large","max-video-preview":"max-video-preview:-1"},"canonical":"https:\/\/portalincluir.com.br\/index.php\/2025\/07\/09\/programa-inclusao-em-foco-entrevista-o-oftalmologista-jaime-roizenblatt\/","og_locale":"pt_BR","og_type":"article","og_title":"Programa Inclus\u00e3o em Foco entrevista especialistas em T21, Isabela Amaral e Jaime Roizenblatt - PORTAL INCLUIR","og_description":"Na 13\u00aa edi\u00e7\u00e3o do programa Inclus\u00e3o em Foco, o destaque foi uma conversa reveladora com","og_url":"https:\/\/portalincluir.com.br\/index.php\/2025\/07\/09\/programa-inclusao-em-foco-entrevista-o-oftalmologista-jaime-roizenblatt\/","og_site_name":"PORTAL INCLUIR","article_published_time":"2025-07-09T18:21:54+00:00","article_modified_time":"2025-07-09T18:23:58+00:00","og_image":[{"width":1024,"height":683,"url":"https:\/\/portalincluir.com.br\/wp-content\/uploads\/2025\/07\/isabela-e-jaime-1024x683.png","type":"image\/png"}],"author":"Portal Incluir","twitter_card":"summary_large_image","twitter_misc":{"Escrito por":"Portal Incluir","Est. tempo de leitura":"1 minuto"},"schema":{"@context":"https:\/\/schema.org","@graph":[{"@type":["Article","BlogPosting"],"@id":"https:\/\/portalincluir.com.br\/index.php\/2025\/07\/09\/programa-inclusao-em-foco-entrevista-o-oftalmologista-jaime-roizenblatt\/#article","isPartOf":{"@id":"https:\/\/portalincluir.com.br\/index.php\/2025\/07\/09\/programa-inclusao-em-foco-entrevista-o-oftalmologista-jaime-roizenblatt\/"},"author":{"name":"Portal Incluir","@id":"https:\/\/portalincluir.com.br\/#\/schema\/person\/8823664e5902eee555607fb75c4c35ae"},"headline":"Programa Inclus\u00e3o em Foco entrevista especialistas em T21, Isabela Amaral e Jaime Roizenblatt","datePublished":"2025-07-09T18:21:54+00:00","dateModified":"2025-07-09T18:23:58+00:00","mainEntityOfPage":{"@id":"https:\/\/portalincluir.com.br\/index.php\/2025\/07\/09\/programa-inclusao-em-foco-entrevista-o-oftalmologista-jaime-roizenblatt\/"},"wordCount":134,"commentCount":0,"image":{"@id":"https:\/\/portalincluir.com.br\/index.php\/2025\/07\/09\/programa-inclusao-em-foco-entrevista-o-oftalmologista-jaime-roizenblatt\/#primaryimage"},"thumbnailUrl":"https:\/\/portalincluir.com.br\/wp-content\/uploads\/2025\/07\/isabela-e-jaime.png","articleSection":["PodCast","T21"],"inLanguage":"pt-BR","potentialAction":[{"@type":"CommentAction","name":"Comment","target":["https:\/\/portalincluir.com.br\/index.php\/2025\/07\/09\/programa-inclusao-em-foco-entrevista-o-oftalmologista-jaime-roizenblatt\/#respond"]}]},{"@type":"WebPage","@id":"https:\/\/portalincluir.com.br\/index.php\/2025\/07\/09\/programa-inclusao-em-foco-entrevista-o-oftalmologista-jaime-roizenblatt\/","url":"https:\/\/portalincluir.com.br\/index.php\/2025\/07\/09\/programa-inclusao-em-foco-entrevista-o-oftalmologista-jaime-roizenblatt\/","name":"Programa Inclus\u00e3o em Foco entrevista especialistas em T21, Isabela Amaral e Jaime Roizenblatt - PORTAL INCLUIR","isPartOf":{"@id":"https:\/\/portalincluir.com.br\/#website"},"primaryImageOfPage":{"@id":"https:\/\/portalincluir.com.br\/index.php\/2025\/07\/09\/programa-inclusao-em-foco-entrevista-o-oftalmologista-jaime-roizenblatt\/#primaryimage"},"image":{"@id":"https:\/\/portalincluir.com.br\/index.php\/2025\/07\/09\/programa-inclusao-em-foco-entrevista-o-oftalmologista-jaime-roizenblatt\/#primaryimage"},"thumbnailUrl":"https:\/\/portalincluir.com.br\/wp-content\/uploads\/2025\/07\/isabela-e-jaime.png","datePublished":"2025-07-09T18:21:54+00:00","dateModified":"2025-07-09T18:23:58+00:00","author":{"@id":"https:\/\/portalincluir.com.br\/#\/schema\/person\/8823664e5902eee555607fb75c4c35ae"},"breadcrumb":{"@id":"https:\/\/portalincluir.com.br\/index.php\/2025\/07\/09\/programa-inclusao-em-foco-entrevista-o-oftalmologista-jaime-roizenblatt\/#breadcrumb"},"inLanguage":"pt-BR","potentialAction":[{"@type":"ReadAction","target":["https:\/\/portalincluir.com.br\/index.php\/2025\/07\/09\/programa-inclusao-em-foco-entrevista-o-oftalmologista-jaime-roizenblatt\/"]}]},{"@type":"ImageObject","inLanguage":"pt-BR","@id":"https:\/\/portalincluir.com.br\/index.php\/2025\/07\/09\/programa-inclusao-em-foco-entrevista-o-oftalmologista-jaime-roizenblatt\/#primaryimage","url":"https:\/\/portalincluir.com.br\/wp-content\/uploads\/2025\/07\/isabela-e-jaime.png","contentUrl":"https:\/\/portalincluir.com.br\/wp-content\/uploads\/2025\/07\/isabela-e-jaime.png","width":1536,"height":1024,"caption":"Dra Isabela Amaral e Dr. Jaime Roizenblatt"},{"@type":"BreadcrumbList","@id":"https:\/\/portalincluir.com.br\/index.php\/2025\/07\/09\/programa-inclusao-em-foco-entrevista-o-oftalmologista-jaime-roizenblatt\/#breadcrumb","itemListElement":[{"@type":"ListItem","position":1,"name":"In\u00edcio","item":"https:\/\/portalincluir.com.br\/"},{"@type":"ListItem","position":2,"name":"Programa Inclus\u00e3o em Foco entrevista especialistas em T21, Isabela Amaral e Jaime Roizenblatt"}]},{"@type":"WebSite","@id":"https:\/\/portalincluir.com.br\/#website","url":"https:\/\/portalincluir.com.br\/","name":"PORTAL INCLUIR","description":"","potentialAction":[{"@type":"SearchAction","target":{"@type":"EntryPoint","urlTemplate":"https:\/\/portalincluir.com.br\/?s={search_term_string}"},"query-input":{"@type":"PropertyValueSpecification","valueRequired":true,"valueName":"search_term_string"}}],"inLanguage":"pt-BR"},{"@type":"Person","@id":"https:\/\/portalincluir.com.br\/#\/schema\/person\/8823664e5902eee555607fb75c4c35ae","name":"Portal Incluir","image":{"@type":"ImageObject","inLanguage":"pt-BR","@id":"https:\/\/secure.gravatar.com\/avatar\/12085fe17e70c3550551519fe1f8f51fae69b1748563a47fc3bea53d91fbcbbd?s=96&d=mm&r=g","url":"https:\/\/secure.gravatar.com\/avatar\/12085fe17e70c3550551519fe1f8f51fae69b1748563a47fc3bea53d91fbcbbd?s=96&d=mm&r=g","contentUrl":"https:\/\/secure.gravatar.com\/avatar\/12085fe17e70c3550551519fe1f8f51fae69b1748563a47fc3bea53d91fbcbbd?s=96&d=mm&r=g","caption":"Portal Incluir"},"sameAs":["http:\/\/portalincluir.com.br"],"url":"https:\/\/portalincluir.com.br\/index.php\/author\/portalincluir-com-br\/"}]}},"_links":{"self":[{"href":"https:\/\/portalincluir.com.br\/index.php\/wp-json\/wp\/v2\/posts\/558","targetHints":{"allow":["GET"]}}],"collection":[{"href":"https:\/\/portalincluir.com.br\/index.php\/wp-json\/wp\/v2\/posts"}],"about":[{"href":"https:\/\/portalincluir.com.br\/index.php\/wp-json\/wp\/v2\/types\/post"}],"author":[{"embeddable":true,"href":"https:\/\/portalincluir.com.br\/index.php\/wp-json\/wp\/v2\/users\/1"}],"replies":[{"embeddable":true,"href":"https:\/\/portalincluir.com.br\/index.php\/wp-json\/wp\/v2\/comments?post=558"}],"version-history":[{"count":2,"href":"https:\/\/portalincluir.com.br\/index.php\/wp-json\/wp\/v2\/posts\/558\/revisions"}],"predecessor-version":[{"id":561,"href":"https:\/\/portalincluir.com.br\/index.php\/wp-json\/wp\/v2\/posts\/558\/revisions\/561"}],"wp:featuredmedia":[{"embeddable":true,"href":"https:\/\/portalincluir.com.br\/index.php\/wp-json\/wp\/v2\/media\/559"}],"wp:attachment":[{"href":"https:\/\/portalincluir.com.br\/index.php\/wp-json\/wp\/v2\/media?parent=558"}],"wp:term":[{"taxonomy":"category","embeddable":true,"href":"https:\/\/portalincluir.com.br\/index.php\/wp-json\/wp\/v2\/categories?post=558"},{"taxonomy":"post_tag","embeddable":true,"href":"https:\/\/portalincluir.com.br\/index.php\/wp-json\/wp\/v2\/tags?post=558"}],"curies":[{"name":"wp","href":"https:\/\/api.w.org\/{rel}","templated":true}]}}