{"id":563,"date":"2025-07-28T09:15:42","date_gmt":"2025-07-28T12:15:42","guid":{"rendered":"https:\/\/portalincluir.com.br\/?p=563"},"modified":"2025-07-28T09:26:58","modified_gmt":"2025-07-28T12:26:58","slug":"amigos-constroem-vila-no-interior-de-sp-para-morar-juntos-na-velhice","status":"publish","type":"post","link":"https:\/\/portalincluir.com.br\/index.php\/2025\/07\/28\/amigos-constroem-vila-no-interior-de-sp-para-morar-juntos-na-velhice\/","title":{"rendered":"Amigos constroem vila no interior de SP para morar juntos na velhice"},"content":{"rendered":"\n<p>Um grupo de amigos de Campinas, no interior de S\u00e3o Paulo, encontrou uma maneira inovadora de enfrentar a solid\u00e3o na terceira idade. Eles criaram a Vila ConViver, um projeto pioneiro de moradia colaborativa para idosos.<\/p>\n\n\n\n<p>A ideia surgiu da preocupa\u00e7\u00e3o com os \u00faltimos anos de vida. Muitos temem o isolamento, mas esse grupo decidiu fazer diferente. Inspirados por projetos da Dinamarca, Espanha e Canad\u00e1, resolveram criar uma vila em que amigos compartilham o dia a dia, sem abrir m\u00e3o da privacidade.<\/p>\n\n\n\n<p>A iniciativa j\u00e1 tem nome, terreno e projeto pronto. Batizada de Vila ConViver, ser\u00e1 a primeira cohousing s\u00eanior do Brasil. O termo, que vem do ingl\u00eas, significa \u201ccoabita\u00e7\u00e3o\u201d e define uma comunidade residencial planejada para promover integra\u00e7\u00e3o entre os moradores.<\/p>\n\n\n\n<p>A cidade escolhida foi Campinas, a maior do interior paulista. O terreno tem 24 mil metros quadrados e est\u00e1 localizado no Jardim Alto da Cidade Universit\u00e1ria, a cerca de sete quil\u00f4metros da Unicamp, uma das principais universidades do pa\u00eds.<\/p>\n\n\n\n<figure class=\"wp-block-image alignright size-large is-resized\"><a href=\"https:\/\/engenharconstrutora.com\/\" target=\"_blank\" rel=\" noreferrer noopener\"><img loading=\"lazy\" decoding=\"async\" width=\"1024\" height=\"260\" src=\"https:\/\/portalincluir.com.br\/wp-content\/uploads\/2025\/07\/ChatGPT-Image-28-de-jul.-de-2025-09_05_23-1-1024x260.png\" alt=\"Empresa parceira\" class=\"wp-image-568\" style=\"width:419px;height:auto\" srcset=\"https:\/\/portalincluir.com.br\/wp-content\/uploads\/2025\/07\/ChatGPT-Image-28-de-jul.-de-2025-09_05_23-1-1024x260.png 1024w, https:\/\/portalincluir.com.br\/wp-content\/uploads\/2025\/07\/ChatGPT-Image-28-de-jul.-de-2025-09_05_23-1-300x76.png 300w, https:\/\/portalincluir.com.br\/wp-content\/uploads\/2025\/07\/ChatGPT-Image-28-de-jul.-de-2025-09_05_23-1-768x195.png 768w, https:\/\/portalincluir.com.br\/wp-content\/uploads\/2025\/07\/ChatGPT-Image-28-de-jul.-de-2025-09_05_23-1.png 1488w\" sizes=\"auto, (max-width: 1024px) 100vw, 1024px\" \/><\/a><figcaption class=\"wp-element-caption\">Empresa parceira<\/figcaption><\/figure>\n\n\n\n<p>O local foi adquirido em 2019 e conta com apoio da Associa\u00e7\u00e3o de Docentes da Unicamp (ADunicamp), que tem colaborado com os moradores desde o in\u00edcio. A localiza\u00e7\u00e3o estrat\u00e9gica garante acesso a servi\u00e7os essenciais, lazer e centros de sa\u00fade.<\/p>\n\n\n\n<p><strong>O foco \u00e9 conv\u00edvio sem abrir m\u00e3o da privacidade<\/strong><\/p>\n\n\n\n<p>A vila foi pensada para pessoas a partir dos 50 anos que desejam viver em comunidade, mas manter a individualidade. Ser\u00e3o 34 resid\u00eancias privativas com dois ou tr\u00eas dormit\u00f3rios, constru\u00eddas ao redor de uma grande \u00e1rea comum.<\/p>\n\n\n\n<p>O projeto prioriza o bem-estar e a conviv\u00eancia harmoniosa. Os moradores ter\u00e3o acesso a espa\u00e7os comunit\u00e1rios como cozinha compartilhada, academia, salas multiuso, quiosques e ambientes para atividades culturais e de lazer.<\/p>\n\n\n\n<p><strong>Solid\u00e3o \u00e9 vista como o maior inimigo<\/strong><\/p>\n\n\n\n<p>Segundo os membros da Associa\u00e7\u00e3o de Moradores da Vila ConViver, o principal problema da velhice \u00e9 a solid\u00e3o. \u201cEst\u00e1 claro que o maior problema do idoso \u00e9 a solid\u00e3o e a falta de perspectivas\u201d, refor\u00e7am os idealizadores.<\/p>\n\n\n\n<p>Por isso, al\u00e9m das casas individuais, o projeto investe em atividades como saraus, palestras, sess\u00f5es de cinema e oficinas. O objetivo \u00e9 criar uma rotina ativa e significativa, fortalecendo os la\u00e7os entre os moradores.<\/p>\n\n\n\n<p><strong>Comunidade intencional \u00e9 tend\u00eancia global<\/strong><\/p>\n\n\n\n<p>Esse tipo de moradia, conhecido como comunidade intencional, existe h\u00e1 mais de 40 anos em pa\u00edses como a Dinamarca. L\u00e1, o conceito se consolidou como uma alternativa ao modelo tradicional de asilos e casas de repouso.<\/p>\n\n\n\n<p>No Brasil, a Vila ConViver representa um marco. \u00c9 uma proposta de vida para quem busca envelhecer com autonomia, em um ambiente solid\u00e1rio, cercado de amigos e com atividades que estimulem corpo e mente.<\/p>\n\n\n\n<p><strong>Um projeto que inspira outras gera\u00e7\u00f5es<\/strong><\/p>\n\n\n\n<p>O modelo pode inspirar outras cidades e grupos a seguirem o mesmo caminho. A ideia de planejar a velhice de forma coletiva quebra o estigma da depend\u00eancia e prop\u00f5e um novo olhar sobre o envelhecimento.<\/p>\n\n\n\n<p>Enquanto muitos ainda n\u00e3o sabem como passar\u00e3o seus \u00faltimos anos, esse grupo de Campinas mostra que viver bem a terceira idade pode ser uma escolha consciente, planejada e, acima de tudo, compartilhada.<\/p>\n\n\n\n<p>Mat\u00e9ria de Leonardo Sandre<\/p>\n\n\n\n<p>Leia mais em: <a href=\"https:\/\/www.gazetasp.com.br\/gazeta-mais\/curiosidades\/amigos-constroem-vila-no-interior-de-sp-para-morar-juntos-na-velhice\/1157641\/\" target=\"_blank\" rel=\"noreferrer noopener\">GAZETA DE S\u00c3O PAULO<\/a><\/p>\n\n\n\n<p><\/p>\n","protected":false},"excerpt":{"rendered":"<p>Grupo de amigos dividem responsabilidades, despesas e momentos de lazer ap\u00f3s os 60 anos<\/p>\n","protected":false},"author":1,"featured_media":564,"comment_status":"open","ping_status":"open","sticky":false,"template":"","format":"standard","meta":{"om_disable_all_campaigns":false,"_monsterinsights_skip_tracking":false,"_monsterinsights_sitenote_active":false,"_monsterinsights_sitenote_note":"","_monsterinsights_sitenote_category":0,"_uf_show_specific_survey":0,"_uf_disable_surveys":false,"footnotes":""},"categories":[9,1],"tags":[],"class_list":["post-563","post","type-post","status-publish","format-standard","has-post-thumbnail","hentry","category-noticias","category-portal"],"yoast_head":"<!-- This site is optimized with the Yoast SEO plugin v27.4 - https:\/\/yoast.com\/product\/yoast-seo-wordpress\/ -->\n<title>Amigos constroem vila no interior de SP para morar juntos na velhice - PORTAL INCLUIR<\/title>\n<meta name=\"robots\" content=\"index, follow, max-snippet:-1, max-image-preview:large, max-video-preview:-1\" \/>\n<link rel=\"canonical\" href=\"https:\/\/portalincluir.com.br\/index.php\/2025\/07\/28\/amigos-constroem-vila-no-interior-de-sp-para-morar-juntos-na-velhice\/\" \/>\n<meta property=\"og:locale\" content=\"pt_BR\" \/>\n<meta property=\"og:type\" content=\"article\" \/>\n<meta property=\"og:title\" content=\"Amigos constroem vila no interior de SP para morar juntos na velhice - PORTAL INCLUIR\" \/>\n<meta property=\"og:description\" content=\"Grupo de amigos dividem responsabilidades, despesas e momentos de lazer ap\u00f3s os 60 anos\" \/>\n<meta property=\"og:url\" content=\"https:\/\/portalincluir.com.br\/index.php\/2025\/07\/28\/amigos-constroem-vila-no-interior-de-sp-para-morar-juntos-na-velhice\/\" \/>\n<meta property=\"og:site_name\" content=\"PORTAL INCLUIR\" \/>\n<meta property=\"article:published_time\" content=\"2025-07-28T12:15:42+00:00\" \/>\n<meta property=\"article:modified_time\" content=\"2025-07-28T12:26:58+00:00\" \/>\n<meta property=\"og:image\" content=\"https:\/\/portalincluir.com.br\/wp-content\/uploads\/2025\/07\/vila-conviverx.jpg\" \/>\n\t<meta property=\"og:image:width\" content=\"825\" \/>\n\t<meta property=\"og:image:height\" content=\"500\" \/>\n\t<meta property=\"og:image:type\" content=\"image\/jpeg\" \/>\n<meta name=\"author\" content=\"Portal Incluir\" \/>\n<meta name=\"twitter:card\" content=\"summary_large_image\" \/>\n<meta name=\"twitter:label1\" content=\"Escrito por\" \/>\n\t<meta name=\"twitter:data1\" content=\"Portal Incluir\" \/>\n\t<meta name=\"twitter:label2\" content=\"Est. tempo de leitura\" \/>\n\t<meta name=\"twitter:data2\" content=\"3 minutos\" \/>\n<script type=\"application\/ld+json\" class=\"yoast-schema-graph\">{\"@context\":\"https:\\\/\\\/schema.org\",\"@graph\":[{\"@type\":[\"Article\",\"BlogPosting\"],\"@id\":\"https:\\\/\\\/portalincluir.com.br\\\/index.php\\\/2025\\\/07\\\/28\\\/amigos-constroem-vila-no-interior-de-sp-para-morar-juntos-na-velhice\\\/#article\",\"isPartOf\":{\"@id\":\"https:\\\/\\\/portalincluir.com.br\\\/index.php\\\/2025\\\/07\\\/28\\\/amigos-constroem-vila-no-interior-de-sp-para-morar-juntos-na-velhice\\\/\"},\"author\":{\"name\":\"Portal Incluir\",\"@id\":\"https:\\\/\\\/portalincluir.com.br\\\/#\\\/schema\\\/person\\\/8823664e5902eee555607fb75c4c35ae\"},\"headline\":\"Amigos constroem vila no interior de SP para morar juntos na velhice\",\"datePublished\":\"2025-07-28T12:15:42+00:00\",\"dateModified\":\"2025-07-28T12:26:58+00:00\",\"mainEntityOfPage\":{\"@id\":\"https:\\\/\\\/portalincluir.com.br\\\/index.php\\\/2025\\\/07\\\/28\\\/amigos-constroem-vila-no-interior-de-sp-para-morar-juntos-na-velhice\\\/\"},\"wordCount\":561,\"commentCount\":0,\"image\":{\"@id\":\"https:\\\/\\\/portalincluir.com.br\\\/index.php\\\/2025\\\/07\\\/28\\\/amigos-constroem-vila-no-interior-de-sp-para-morar-juntos-na-velhice\\\/#primaryimage\"},\"thumbnailUrl\":\"https:\\\/\\\/portalincluir.com.br\\\/wp-content\\\/uploads\\\/2025\\\/07\\\/vila-conviverx.jpg\",\"articleSection\":[\"Not\u00edcias\",\"Portal\"],\"inLanguage\":\"pt-BR\",\"potentialAction\":[{\"@type\":\"CommentAction\",\"name\":\"Comment\",\"target\":[\"https:\\\/\\\/portalincluir.com.br\\\/index.php\\\/2025\\\/07\\\/28\\\/amigos-constroem-vila-no-interior-de-sp-para-morar-juntos-na-velhice\\\/#respond\"]}]},{\"@type\":\"WebPage\",\"@id\":\"https:\\\/\\\/portalincluir.com.br\\\/index.php\\\/2025\\\/07\\\/28\\\/amigos-constroem-vila-no-interior-de-sp-para-morar-juntos-na-velhice\\\/\",\"url\":\"https:\\\/\\\/portalincluir.com.br\\\/index.php\\\/2025\\\/07\\\/28\\\/amigos-constroem-vila-no-interior-de-sp-para-morar-juntos-na-velhice\\\/\",\"name\":\"Amigos constroem vila no interior de SP para morar juntos na velhice - PORTAL INCLUIR\",\"isPartOf\":{\"@id\":\"https:\\\/\\\/portalincluir.com.br\\\/#website\"},\"primaryImageOfPage\":{\"@id\":\"https:\\\/\\\/portalincluir.com.br\\\/index.php\\\/2025\\\/07\\\/28\\\/amigos-constroem-vila-no-interior-de-sp-para-morar-juntos-na-velhice\\\/#primaryimage\"},\"image\":{\"@id\":\"https:\\\/\\\/portalincluir.com.br\\\/index.php\\\/2025\\\/07\\\/28\\\/amigos-constroem-vila-no-interior-de-sp-para-morar-juntos-na-velhice\\\/#primaryimage\"},\"thumbnailUrl\":\"https:\\\/\\\/portalincluir.com.br\\\/wp-content\\\/uploads\\\/2025\\\/07\\\/vila-conviverx.jpg\",\"datePublished\":\"2025-07-28T12:15:42+00:00\",\"dateModified\":\"2025-07-28T12:26:58+00:00\",\"author\":{\"@id\":\"https:\\\/\\\/portalincluir.com.br\\\/#\\\/schema\\\/person\\\/8823664e5902eee555607fb75c4c35ae\"},\"breadcrumb\":{\"@id\":\"https:\\\/\\\/portalincluir.com.br\\\/index.php\\\/2025\\\/07\\\/28\\\/amigos-constroem-vila-no-interior-de-sp-para-morar-juntos-na-velhice\\\/#breadcrumb\"},\"inLanguage\":\"pt-BR\",\"potentialAction\":[{\"@type\":\"ReadAction\",\"target\":[\"https:\\\/\\\/portalincluir.com.br\\\/index.php\\\/2025\\\/07\\\/28\\\/amigos-constroem-vila-no-interior-de-sp-para-morar-juntos-na-velhice\\\/\"]}]},{\"@type\":\"ImageObject\",\"inLanguage\":\"pt-BR\",\"@id\":\"https:\\\/\\\/portalincluir.com.br\\\/index.php\\\/2025\\\/07\\\/28\\\/amigos-constroem-vila-no-interior-de-sp-para-morar-juntos-na-velhice\\\/#primaryimage\",\"url\":\"https:\\\/\\\/portalincluir.com.br\\\/wp-content\\\/uploads\\\/2025\\\/07\\\/vila-conviverx.jpg\",\"contentUrl\":\"https:\\\/\\\/portalincluir.com.br\\\/wp-content\\\/uploads\\\/2025\\\/07\\\/vila-conviverx.jpg\",\"width\":825,\"height\":500},{\"@type\":\"BreadcrumbList\",\"@id\":\"https:\\\/\\\/portalincluir.com.br\\\/index.php\\\/2025\\\/07\\\/28\\\/amigos-constroem-vila-no-interior-de-sp-para-morar-juntos-na-velhice\\\/#breadcrumb\",\"itemListElement\":[{\"@type\":\"ListItem\",\"position\":1,\"name\":\"In\u00edcio\",\"item\":\"https:\\\/\\\/portalincluir.com.br\\\/\"},{\"@type\":\"ListItem\",\"position\":2,\"name\":\"Amigos constroem vila no interior de SP para morar juntos na velhice\"}]},{\"@type\":\"WebSite\",\"@id\":\"https:\\\/\\\/portalincluir.com.br\\\/#website\",\"url\":\"https:\\\/\\\/portalincluir.com.br\\\/\",\"name\":\"PORTAL INCLUIR\",\"description\":\"\",\"potentialAction\":[{\"@type\":\"SearchAction\",\"target\":{\"@type\":\"EntryPoint\",\"urlTemplate\":\"https:\\\/\\\/portalincluir.com.br\\\/?s={search_term_string}\"},\"query-input\":{\"@type\":\"PropertyValueSpecification\",\"valueRequired\":true,\"valueName\":\"search_term_string\"}}],\"inLanguage\":\"pt-BR\"},{\"@type\":\"Person\",\"@id\":\"https:\\\/\\\/portalincluir.com.br\\\/#\\\/schema\\\/person\\\/8823664e5902eee555607fb75c4c35ae\",\"name\":\"Portal Incluir\",\"image\":{\"@type\":\"ImageObject\",\"inLanguage\":\"pt-BR\",\"@id\":\"https:\\\/\\\/secure.gravatar.com\\\/avatar\\\/12085fe17e70c3550551519fe1f8f51fae69b1748563a47fc3bea53d91fbcbbd?s=96&d=mm&r=g\",\"url\":\"https:\\\/\\\/secure.gravatar.com\\\/avatar\\\/12085fe17e70c3550551519fe1f8f51fae69b1748563a47fc3bea53d91fbcbbd?s=96&d=mm&r=g\",\"contentUrl\":\"https:\\\/\\\/secure.gravatar.com\\\/avatar\\\/12085fe17e70c3550551519fe1f8f51fae69b1748563a47fc3bea53d91fbcbbd?s=96&d=mm&r=g\",\"caption\":\"Portal Incluir\"},\"sameAs\":[\"http:\\\/\\\/portalincluir.com.br\"],\"url\":\"https:\\\/\\\/portalincluir.com.br\\\/index.php\\\/author\\\/portalincluir-com-br\\\/\"}]}<\/script>\n<!-- \/ Yoast SEO plugin. -->","yoast_head_json":{"title":"Amigos constroem vila no interior de SP para morar juntos na velhice - PORTAL INCLUIR","robots":{"index":"index","follow":"follow","max-snippet":"max-snippet:-1","max-image-preview":"max-image-preview:large","max-video-preview":"max-video-preview:-1"},"canonical":"https:\/\/portalincluir.com.br\/index.php\/2025\/07\/28\/amigos-constroem-vila-no-interior-de-sp-para-morar-juntos-na-velhice\/","og_locale":"pt_BR","og_type":"article","og_title":"Amigos constroem vila no interior de SP para morar juntos na velhice - PORTAL INCLUIR","og_description":"Grupo de amigos dividem responsabilidades, despesas e momentos de lazer ap\u00f3s os 60 anos","og_url":"https:\/\/portalincluir.com.br\/index.php\/2025\/07\/28\/amigos-constroem-vila-no-interior-de-sp-para-morar-juntos-na-velhice\/","og_site_name":"PORTAL INCLUIR","article_published_time":"2025-07-28T12:15:42+00:00","article_modified_time":"2025-07-28T12:26:58+00:00","og_image":[{"width":825,"height":500,"url":"https:\/\/portalincluir.com.br\/wp-content\/uploads\/2025\/07\/vila-conviverx.jpg","type":"image\/jpeg"}],"author":"Portal Incluir","twitter_card":"summary_large_image","twitter_misc":{"Escrito por":"Portal Incluir","Est. tempo de leitura":"3 minutos"},"schema":{"@context":"https:\/\/schema.org","@graph":[{"@type":["Article","BlogPosting"],"@id":"https:\/\/portalincluir.com.br\/index.php\/2025\/07\/28\/amigos-constroem-vila-no-interior-de-sp-para-morar-juntos-na-velhice\/#article","isPartOf":{"@id":"https:\/\/portalincluir.com.br\/index.php\/2025\/07\/28\/amigos-constroem-vila-no-interior-de-sp-para-morar-juntos-na-velhice\/"},"author":{"name":"Portal Incluir","@id":"https:\/\/portalincluir.com.br\/#\/schema\/person\/8823664e5902eee555607fb75c4c35ae"},"headline":"Amigos constroem vila no interior de SP para morar juntos na velhice","datePublished":"2025-07-28T12:15:42+00:00","dateModified":"2025-07-28T12:26:58+00:00","mainEntityOfPage":{"@id":"https:\/\/portalincluir.com.br\/index.php\/2025\/07\/28\/amigos-constroem-vila-no-interior-de-sp-para-morar-juntos-na-velhice\/"},"wordCount":561,"commentCount":0,"image":{"@id":"https:\/\/portalincluir.com.br\/index.php\/2025\/07\/28\/amigos-constroem-vila-no-interior-de-sp-para-morar-juntos-na-velhice\/#primaryimage"},"thumbnailUrl":"https:\/\/portalincluir.com.br\/wp-content\/uploads\/2025\/07\/vila-conviverx.jpg","articleSection":["Not\u00edcias","Portal"],"inLanguage":"pt-BR","potentialAction":[{"@type":"CommentAction","name":"Comment","target":["https:\/\/portalincluir.com.br\/index.php\/2025\/07\/28\/amigos-constroem-vila-no-interior-de-sp-para-morar-juntos-na-velhice\/#respond"]}]},{"@type":"WebPage","@id":"https:\/\/portalincluir.com.br\/index.php\/2025\/07\/28\/amigos-constroem-vila-no-interior-de-sp-para-morar-juntos-na-velhice\/","url":"https:\/\/portalincluir.com.br\/index.php\/2025\/07\/28\/amigos-constroem-vila-no-interior-de-sp-para-morar-juntos-na-velhice\/","name":"Amigos constroem vila no interior de SP para morar juntos na velhice - PORTAL INCLUIR","isPartOf":{"@id":"https:\/\/portalincluir.com.br\/#website"},"primaryImageOfPage":{"@id":"https:\/\/portalincluir.com.br\/index.php\/2025\/07\/28\/amigos-constroem-vila-no-interior-de-sp-para-morar-juntos-na-velhice\/#primaryimage"},"image":{"@id":"https:\/\/portalincluir.com.br\/index.php\/2025\/07\/28\/amigos-constroem-vila-no-interior-de-sp-para-morar-juntos-na-velhice\/#primaryimage"},"thumbnailUrl":"https:\/\/portalincluir.com.br\/wp-content\/uploads\/2025\/07\/vila-conviverx.jpg","datePublished":"2025-07-28T12:15:42+00:00","dateModified":"2025-07-28T12:26:58+00:00","author":{"@id":"https:\/\/portalincluir.com.br\/#\/schema\/person\/8823664e5902eee555607fb75c4c35ae"},"breadcrumb":{"@id":"https:\/\/portalincluir.com.br\/index.php\/2025\/07\/28\/amigos-constroem-vila-no-interior-de-sp-para-morar-juntos-na-velhice\/#breadcrumb"},"inLanguage":"pt-BR","potentialAction":[{"@type":"ReadAction","target":["https:\/\/portalincluir.com.br\/index.php\/2025\/07\/28\/amigos-constroem-vila-no-interior-de-sp-para-morar-juntos-na-velhice\/"]}]},{"@type":"ImageObject","inLanguage":"pt-BR","@id":"https:\/\/portalincluir.com.br\/index.php\/2025\/07\/28\/amigos-constroem-vila-no-interior-de-sp-para-morar-juntos-na-velhice\/#primaryimage","url":"https:\/\/portalincluir.com.br\/wp-content\/uploads\/2025\/07\/vila-conviverx.jpg","contentUrl":"https:\/\/portalincluir.com.br\/wp-content\/uploads\/2025\/07\/vila-conviverx.jpg","width":825,"height":500},{"@type":"BreadcrumbList","@id":"https:\/\/portalincluir.com.br\/index.php\/2025\/07\/28\/amigos-constroem-vila-no-interior-de-sp-para-morar-juntos-na-velhice\/#breadcrumb","itemListElement":[{"@type":"ListItem","position":1,"name":"In\u00edcio","item":"https:\/\/portalincluir.com.br\/"},{"@type":"ListItem","position":2,"name":"Amigos constroem vila no interior de SP para morar juntos na velhice"}]},{"@type":"WebSite","@id":"https:\/\/portalincluir.com.br\/#website","url":"https:\/\/portalincluir.com.br\/","name":"PORTAL INCLUIR","description":"","potentialAction":[{"@type":"SearchAction","target":{"@type":"EntryPoint","urlTemplate":"https:\/\/portalincluir.com.br\/?s={search_term_string}"},"query-input":{"@type":"PropertyValueSpecification","valueRequired":true,"valueName":"search_term_string"}}],"inLanguage":"pt-BR"},{"@type":"Person","@id":"https:\/\/portalincluir.com.br\/#\/schema\/person\/8823664e5902eee555607fb75c4c35ae","name":"Portal Incluir","image":{"@type":"ImageObject","inLanguage":"pt-BR","@id":"https:\/\/secure.gravatar.com\/avatar\/12085fe17e70c3550551519fe1f8f51fae69b1748563a47fc3bea53d91fbcbbd?s=96&d=mm&r=g","url":"https:\/\/secure.gravatar.com\/avatar\/12085fe17e70c3550551519fe1f8f51fae69b1748563a47fc3bea53d91fbcbbd?s=96&d=mm&r=g","contentUrl":"https:\/\/secure.gravatar.com\/avatar\/12085fe17e70c3550551519fe1f8f51fae69b1748563a47fc3bea53d91fbcbbd?s=96&d=mm&r=g","caption":"Portal Incluir"},"sameAs":["http:\/\/portalincluir.com.br"],"url":"https:\/\/portalincluir.com.br\/index.php\/author\/portalincluir-com-br\/"}]}},"_links":{"self":[{"href":"https:\/\/portalincluir.com.br\/index.php\/wp-json\/wp\/v2\/posts\/563","targetHints":{"allow":["GET"]}}],"collection":[{"href":"https:\/\/portalincluir.com.br\/index.php\/wp-json\/wp\/v2\/posts"}],"about":[{"href":"https:\/\/portalincluir.com.br\/index.php\/wp-json\/wp\/v2\/types\/post"}],"author":[{"embeddable":true,"href":"https:\/\/portalincluir.com.br\/index.php\/wp-json\/wp\/v2\/users\/1"}],"replies":[{"embeddable":true,"href":"https:\/\/portalincluir.com.br\/index.php\/wp-json\/wp\/v2\/comments?post=563"}],"version-history":[{"count":4,"href":"https:\/\/portalincluir.com.br\/index.php\/wp-json\/wp\/v2\/posts\/563\/revisions"}],"predecessor-version":[{"id":572,"href":"https:\/\/portalincluir.com.br\/index.php\/wp-json\/wp\/v2\/posts\/563\/revisions\/572"}],"wp:featuredmedia":[{"embeddable":true,"href":"https:\/\/portalincluir.com.br\/index.php\/wp-json\/wp\/v2\/media\/564"}],"wp:attachment":[{"href":"https:\/\/portalincluir.com.br\/index.php\/wp-json\/wp\/v2\/media?parent=563"}],"wp:term":[{"taxonomy":"category","embeddable":true,"href":"https:\/\/portalincluir.com.br\/index.php\/wp-json\/wp\/v2\/categories?post=563"},{"taxonomy":"post_tag","embeddable":true,"href":"https:\/\/portalincluir.com.br\/index.php\/wp-json\/wp\/v2\/tags?post=563"}],"curies":[{"name":"wp","href":"https:\/\/api.w.org\/{rel}","templated":true}]}}