{"id":574,"date":"2025-08-06T17:30:26","date_gmt":"2025-08-06T20:30:26","guid":{"rendered":"https:\/\/portalincluir.com.br\/?p=574"},"modified":"2025-08-06T21:16:40","modified_gmt":"2025-08-07T00:16:40","slug":"inclusao-em-foco-episodio-15","status":"publish","type":"post","link":"https:\/\/portalincluir.com.br\/index.php\/2025\/08\/06\/inclusao-em-foco-episodio-15\/","title":{"rendered":"Inclus\u00e3o em Foco, epis\u00f3dio 15"},"content":{"rendered":"\n<figure class=\"wp-block-image alignleft size-full is-resized\"><img decoding=\"async\" src=\"https:\/\/portalincluir.com.br\/wp-content\/uploads\/2025\/08\/Noticias-Diarias-Post-Feed-Para-Instagram-Vermelho-E-Branco-4.png\" alt=\"\" class=\"wp-image-575\" style=\"width:171px;height:auto\"\/><\/figure>\n\n\n\n<p>Nesta edi\u00e7\u00e3o: hist\u00f3rias que inspiram, refletem e apontam para o futuro<\/p>\n\n\n\n<p>Prepare-se para uma edi\u00e7\u00e3o especial, recheada de conte\u00fado relevante, emocionante e transformador. Confira os destaques:<\/p>\n\n\n\n<h3 class=\"wp-block-heading\">\ud83c\udf99\ufe0f Entrevista exclusiva com Cida Carvalho<\/h3>\n\n\n\n<p>A advogada baiana Cida Carvalho fala com coragem e firmeza sobre um tema que ainda machuca \u2014 o racismo nas redes sociais. Um relato forte, que escancara a urg\u00eancia de enfrentar esse problema, ainda t\u00e3o presente no cotidiano de muitas pessoas negras no Brasil.<\/p>\n\n\n\n<h3 class=\"wp-block-heading\">\ud83c\udfc3\u200d\u2642\ufe0f Supera\u00e7\u00e3o e recome\u00e7o: Ilano Couto<\/h3>\n\n\n\n<p>Conhe\u00e7a a trajet\u00f3ria do paratleta Ilano Couto. Depois de um grave acidente automobil\u00edstico, ele venceu a dor e o trauma com o apoio da fam\u00edlia e a for\u00e7a do esporte. Um testemunho emocionante de resili\u00eancia e inspira\u00e7\u00e3o.<\/p>\n\n\n\n<h3 class=\"wp-block-heading\">\ud83c\udfe1 Inova\u00e7\u00e3o para quem tem 50+<\/h3>\n\n\n\n<p>Vit\u00f3ria da Conquista ser\u00e1 pioneira em um novo conceito de moradia voltado para pessoas com mais de 50 anos. O arquiteto Maur\u00edcio Mui\u00f1os apresenta o projeto de um condom\u00ednio inclusivo, acolhedor e pensado para o bem-estar dessa faixa et\u00e1ria. Descubra o que o motivou a idealizar essa proposta.<\/p>\n\n\n\n<h3 class=\"wp-block-heading\">\u267f Inclus\u00e3o em pauta: novo s\u00edmbolo pode virar lei no Brasil<\/h3>\n\n\n\n<p>Voc\u00ea sabia que o Brasil pode adotar oficialmente o novo s\u00edmbolo internacional de acessibilidade? A proposta j\u00e1 foi aprovada pelo Senado e promete representar, de forma mais humana e universal, a luta por inclus\u00e3o em todos os espa\u00e7os.<\/p>\n\n\n\n<p>Ou\u00e7a<\/p>\n\n\n\n<iframe src='https:\/\/www.4shared.com\/web\/embed\/audio\/file\/lomfZA8ijq?type=MINI&#038;widgetWidth=530&#038;showArtwork=true&#038;playlistHeight=0&#038;widgetRid=649672715029' style='overflow:hidden;height:60px;width:530px;border: 0;margin:0;'><\/iframe>\n","protected":false},"excerpt":{"rendered":"<p>Nesta edi\u00e7\u00e3o: hist\u00f3rias que inspiram, refletem e apontam para o futuro Prepare-se para uma edi\u00e7\u00e3o<\/p>\n","protected":false},"author":1,"featured_media":0,"comment_status":"open","ping_status":"open","sticky":false,"template":"","format":"standard","meta":{"om_disable_all_campaigns":false,"_monsterinsights_skip_tracking":false,"_monsterinsights_sitenote_active":false,"_monsterinsights_sitenote_note":"","_monsterinsights_sitenote_category":0,"_uf_show_specific_survey":0,"_uf_disable_surveys":false,"footnotes":""},"categories":[9,13],"tags":[],"class_list":["post-574","post","type-post","status-publish","format-standard","hentry","category-noticias","category-podcast"],"yoast_head":"<!-- This site is optimized with the Yoast SEO plugin v27.4 - https:\/\/yoast.com\/product\/yoast-seo-wordpress\/ -->\n<title>Inclus\u00e3o em Foco, epis\u00f3dio 15 - PORTAL INCLUIR<\/title>\n<meta name=\"robots\" content=\"index, follow, max-snippet:-1, max-image-preview:large, max-video-preview:-1\" \/>\n<link rel=\"canonical\" href=\"https:\/\/portalincluir.com.br\/index.php\/2025\/08\/06\/inclusao-em-foco-episodio-15\/\" \/>\n<meta property=\"og:locale\" content=\"pt_BR\" \/>\n<meta property=\"og:type\" content=\"article\" \/>\n<meta property=\"og:title\" content=\"Inclus\u00e3o em Foco, epis\u00f3dio 15 - PORTAL INCLUIR\" \/>\n<meta property=\"og:description\" content=\"Nesta edi\u00e7\u00e3o: hist\u00f3rias que inspiram, refletem e apontam para o futuro Prepare-se para uma edi\u00e7\u00e3o\" \/>\n<meta property=\"og:url\" content=\"https:\/\/portalincluir.com.br\/index.php\/2025\/08\/06\/inclusao-em-foco-episodio-15\/\" \/>\n<meta property=\"og:site_name\" content=\"PORTAL INCLUIR\" \/>\n<meta property=\"article:published_time\" content=\"2025-08-06T20:30:26+00:00\" \/>\n<meta property=\"article:modified_time\" content=\"2025-08-07T00:16:40+00:00\" \/>\n<meta property=\"og:image\" content=\"https:\/\/portalincluir.com.br\/wp-content\/uploads\/2025\/08\/Noticias-Diarias-Post-Feed-Para-Instagram-Vermelho-E-Branco-4.png\" \/>\n<meta name=\"author\" content=\"Portal Incluir\" \/>\n<meta name=\"twitter:card\" content=\"summary_large_image\" \/>\n<meta name=\"twitter:label1\" content=\"Escrito por\" \/>\n\t<meta name=\"twitter:data1\" content=\"Portal Incluir\" \/>\n\t<meta name=\"twitter:label2\" content=\"Est. tempo de leitura\" \/>\n\t<meta name=\"twitter:data2\" content=\"1 minuto\" \/>\n<script type=\"application\/ld+json\" class=\"yoast-schema-graph\">{\"@context\":\"https:\\\/\\\/schema.org\",\"@graph\":[{\"@type\":[\"Article\",\"BlogPosting\"],\"@id\":\"https:\\\/\\\/portalincluir.com.br\\\/index.php\\\/2025\\\/08\\\/06\\\/inclusao-em-foco-episodio-15\\\/#article\",\"isPartOf\":{\"@id\":\"https:\\\/\\\/portalincluir.com.br\\\/index.php\\\/2025\\\/08\\\/06\\\/inclusao-em-foco-episodio-15\\\/\"},\"author\":{\"name\":\"Portal Incluir\",\"@id\":\"https:\\\/\\\/portalincluir.com.br\\\/#\\\/schema\\\/person\\\/8823664e5902eee555607fb75c4c35ae\"},\"headline\":\"Inclus\u00e3o em Foco, epis\u00f3dio 15\",\"datePublished\":\"2025-08-06T20:30:26+00:00\",\"dateModified\":\"2025-08-07T00:16:40+00:00\",\"mainEntityOfPage\":{\"@id\":\"https:\\\/\\\/portalincluir.com.br\\\/index.php\\\/2025\\\/08\\\/06\\\/inclusao-em-foco-episodio-15\\\/\"},\"wordCount\":249,\"commentCount\":0,\"image\":{\"@id\":\"https:\\\/\\\/portalincluir.com.br\\\/index.php\\\/2025\\\/08\\\/06\\\/inclusao-em-foco-episodio-15\\\/#primaryimage\"},\"thumbnailUrl\":\"https:\\\/\\\/portalincluir.com.br\\\/wp-content\\\/uploads\\\/2025\\\/08\\\/Noticias-Diarias-Post-Feed-Para-Instagram-Vermelho-E-Branco-4.png\",\"articleSection\":[\"Not\u00edcias\",\"PodCast\"],\"inLanguage\":\"pt-BR\",\"potentialAction\":[{\"@type\":\"CommentAction\",\"name\":\"Comment\",\"target\":[\"https:\\\/\\\/portalincluir.com.br\\\/index.php\\\/2025\\\/08\\\/06\\\/inclusao-em-foco-episodio-15\\\/#respond\"]}]},{\"@type\":\"WebPage\",\"@id\":\"https:\\\/\\\/portalincluir.com.br\\\/index.php\\\/2025\\\/08\\\/06\\\/inclusao-em-foco-episodio-15\\\/\",\"url\":\"https:\\\/\\\/portalincluir.com.br\\\/index.php\\\/2025\\\/08\\\/06\\\/inclusao-em-foco-episodio-15\\\/\",\"name\":\"Inclus\u00e3o em Foco, epis\u00f3dio 15 - PORTAL INCLUIR\",\"isPartOf\":{\"@id\":\"https:\\\/\\\/portalincluir.com.br\\\/#website\"},\"primaryImageOfPage\":{\"@id\":\"https:\\\/\\\/portalincluir.com.br\\\/index.php\\\/2025\\\/08\\\/06\\\/inclusao-em-foco-episodio-15\\\/#primaryimage\"},\"image\":{\"@id\":\"https:\\\/\\\/portalincluir.com.br\\\/index.php\\\/2025\\\/08\\\/06\\\/inclusao-em-foco-episodio-15\\\/#primaryimage\"},\"thumbnailUrl\":\"https:\\\/\\\/portalincluir.com.br\\\/wp-content\\\/uploads\\\/2025\\\/08\\\/Noticias-Diarias-Post-Feed-Para-Instagram-Vermelho-E-Branco-4.png\",\"datePublished\":\"2025-08-06T20:30:26+00:00\",\"dateModified\":\"2025-08-07T00:16:40+00:00\",\"author\":{\"@id\":\"https:\\\/\\\/portalincluir.com.br\\\/#\\\/schema\\\/person\\\/8823664e5902eee555607fb75c4c35ae\"},\"breadcrumb\":{\"@id\":\"https:\\\/\\\/portalincluir.com.br\\\/index.php\\\/2025\\\/08\\\/06\\\/inclusao-em-foco-episodio-15\\\/#breadcrumb\"},\"inLanguage\":\"pt-BR\",\"potentialAction\":[{\"@type\":\"ReadAction\",\"target\":[\"https:\\\/\\\/portalincluir.com.br\\\/index.php\\\/2025\\\/08\\\/06\\\/inclusao-em-foco-episodio-15\\\/\"]}]},{\"@type\":\"ImageObject\",\"inLanguage\":\"pt-BR\",\"@id\":\"https:\\\/\\\/portalincluir.com.br\\\/index.php\\\/2025\\\/08\\\/06\\\/inclusao-em-foco-episodio-15\\\/#primaryimage\",\"url\":\"https:\\\/\\\/portalincluir.com.br\\\/wp-content\\\/uploads\\\/2025\\\/08\\\/Noticias-Diarias-Post-Feed-Para-Instagram-Vermelho-E-Branco-4-e1770755448225.png\",\"contentUrl\":\"https:\\\/\\\/portalincluir.com.br\\\/wp-content\\\/uploads\\\/2025\\\/08\\\/Noticias-Diarias-Post-Feed-Para-Instagram-Vermelho-E-Branco-4-e1770755448225.png\",\"width\":410,\"height\":512},{\"@type\":\"BreadcrumbList\",\"@id\":\"https:\\\/\\\/portalincluir.com.br\\\/index.php\\\/2025\\\/08\\\/06\\\/inclusao-em-foco-episodio-15\\\/#breadcrumb\",\"itemListElement\":[{\"@type\":\"ListItem\",\"position\":1,\"name\":\"In\u00edcio\",\"item\":\"https:\\\/\\\/portalincluir.com.br\\\/\"},{\"@type\":\"ListItem\",\"position\":2,\"name\":\"Inclus\u00e3o em Foco, epis\u00f3dio 15\"}]},{\"@type\":\"WebSite\",\"@id\":\"https:\\\/\\\/portalincluir.com.br\\\/#website\",\"url\":\"https:\\\/\\\/portalincluir.com.br\\\/\",\"name\":\"PORTAL INCLUIR\",\"description\":\"\",\"potentialAction\":[{\"@type\":\"SearchAction\",\"target\":{\"@type\":\"EntryPoint\",\"urlTemplate\":\"https:\\\/\\\/portalincluir.com.br\\\/?s={search_term_string}\"},\"query-input\":{\"@type\":\"PropertyValueSpecification\",\"valueRequired\":true,\"valueName\":\"search_term_string\"}}],\"inLanguage\":\"pt-BR\"},{\"@type\":\"Person\",\"@id\":\"https:\\\/\\\/portalincluir.com.br\\\/#\\\/schema\\\/person\\\/8823664e5902eee555607fb75c4c35ae\",\"name\":\"Portal Incluir\",\"image\":{\"@type\":\"ImageObject\",\"inLanguage\":\"pt-BR\",\"@id\":\"https:\\\/\\\/secure.gravatar.com\\\/avatar\\\/12085fe17e70c3550551519fe1f8f51fae69b1748563a47fc3bea53d91fbcbbd?s=96&d=mm&r=g\",\"url\":\"https:\\\/\\\/secure.gravatar.com\\\/avatar\\\/12085fe17e70c3550551519fe1f8f51fae69b1748563a47fc3bea53d91fbcbbd?s=96&d=mm&r=g\",\"contentUrl\":\"https:\\\/\\\/secure.gravatar.com\\\/avatar\\\/12085fe17e70c3550551519fe1f8f51fae69b1748563a47fc3bea53d91fbcbbd?s=96&d=mm&r=g\",\"caption\":\"Portal Incluir\"},\"sameAs\":[\"http:\\\/\\\/portalincluir.com.br\"],\"url\":\"https:\\\/\\\/portalincluir.com.br\\\/index.php\\\/author\\\/portalincluir-com-br\\\/\"}]}<\/script>\n<!-- \/ Yoast SEO plugin. -->","yoast_head_json":{"title":"Inclus\u00e3o em Foco, epis\u00f3dio 15 - PORTAL INCLUIR","robots":{"index":"index","follow":"follow","max-snippet":"max-snippet:-1","max-image-preview":"max-image-preview:large","max-video-preview":"max-video-preview:-1"},"canonical":"https:\/\/portalincluir.com.br\/index.php\/2025\/08\/06\/inclusao-em-foco-episodio-15\/","og_locale":"pt_BR","og_type":"article","og_title":"Inclus\u00e3o em Foco, epis\u00f3dio 15 - PORTAL INCLUIR","og_description":"Nesta edi\u00e7\u00e3o: hist\u00f3rias que inspiram, refletem e apontam para o futuro Prepare-se para uma edi\u00e7\u00e3o","og_url":"https:\/\/portalincluir.com.br\/index.php\/2025\/08\/06\/inclusao-em-foco-episodio-15\/","og_site_name":"PORTAL INCLUIR","article_published_time":"2025-08-06T20:30:26+00:00","article_modified_time":"2025-08-07T00:16:40+00:00","og_image":[{"url":"https:\/\/portalincluir.com.br\/wp-content\/uploads\/2025\/08\/Noticias-Diarias-Post-Feed-Para-Instagram-Vermelho-E-Branco-4.png","type":"","width":"","height":""}],"author":"Portal Incluir","twitter_card":"summary_large_image","twitter_misc":{"Escrito por":"Portal Incluir","Est. tempo de leitura":"1 minuto"},"schema":{"@context":"https:\/\/schema.org","@graph":[{"@type":["Article","BlogPosting"],"@id":"https:\/\/portalincluir.com.br\/index.php\/2025\/08\/06\/inclusao-em-foco-episodio-15\/#article","isPartOf":{"@id":"https:\/\/portalincluir.com.br\/index.php\/2025\/08\/06\/inclusao-em-foco-episodio-15\/"},"author":{"name":"Portal Incluir","@id":"https:\/\/portalincluir.com.br\/#\/schema\/person\/8823664e5902eee555607fb75c4c35ae"},"headline":"Inclus\u00e3o em Foco, epis\u00f3dio 15","datePublished":"2025-08-06T20:30:26+00:00","dateModified":"2025-08-07T00:16:40+00:00","mainEntityOfPage":{"@id":"https:\/\/portalincluir.com.br\/index.php\/2025\/08\/06\/inclusao-em-foco-episodio-15\/"},"wordCount":249,"commentCount":0,"image":{"@id":"https:\/\/portalincluir.com.br\/index.php\/2025\/08\/06\/inclusao-em-foco-episodio-15\/#primaryimage"},"thumbnailUrl":"https:\/\/portalincluir.com.br\/wp-content\/uploads\/2025\/08\/Noticias-Diarias-Post-Feed-Para-Instagram-Vermelho-E-Branco-4.png","articleSection":["Not\u00edcias","PodCast"],"inLanguage":"pt-BR","potentialAction":[{"@type":"CommentAction","name":"Comment","target":["https:\/\/portalincluir.com.br\/index.php\/2025\/08\/06\/inclusao-em-foco-episodio-15\/#respond"]}]},{"@type":"WebPage","@id":"https:\/\/portalincluir.com.br\/index.php\/2025\/08\/06\/inclusao-em-foco-episodio-15\/","url":"https:\/\/portalincluir.com.br\/index.php\/2025\/08\/06\/inclusao-em-foco-episodio-15\/","name":"Inclus\u00e3o em Foco, epis\u00f3dio 15 - PORTAL INCLUIR","isPartOf":{"@id":"https:\/\/portalincluir.com.br\/#website"},"primaryImageOfPage":{"@id":"https:\/\/portalincluir.com.br\/index.php\/2025\/08\/06\/inclusao-em-foco-episodio-15\/#primaryimage"},"image":{"@id":"https:\/\/portalincluir.com.br\/index.php\/2025\/08\/06\/inclusao-em-foco-episodio-15\/#primaryimage"},"thumbnailUrl":"https:\/\/portalincluir.com.br\/wp-content\/uploads\/2025\/08\/Noticias-Diarias-Post-Feed-Para-Instagram-Vermelho-E-Branco-4.png","datePublished":"2025-08-06T20:30:26+00:00","dateModified":"2025-08-07T00:16:40+00:00","author":{"@id":"https:\/\/portalincluir.com.br\/#\/schema\/person\/8823664e5902eee555607fb75c4c35ae"},"breadcrumb":{"@id":"https:\/\/portalincluir.com.br\/index.php\/2025\/08\/06\/inclusao-em-foco-episodio-15\/#breadcrumb"},"inLanguage":"pt-BR","potentialAction":[{"@type":"ReadAction","target":["https:\/\/portalincluir.com.br\/index.php\/2025\/08\/06\/inclusao-em-foco-episodio-15\/"]}]},{"@type":"ImageObject","inLanguage":"pt-BR","@id":"https:\/\/portalincluir.com.br\/index.php\/2025\/08\/06\/inclusao-em-foco-episodio-15\/#primaryimage","url":"https:\/\/portalincluir.com.br\/wp-content\/uploads\/2025\/08\/Noticias-Diarias-Post-Feed-Para-Instagram-Vermelho-E-Branco-4-e1770755448225.png","contentUrl":"https:\/\/portalincluir.com.br\/wp-content\/uploads\/2025\/08\/Noticias-Diarias-Post-Feed-Para-Instagram-Vermelho-E-Branco-4-e1770755448225.png","width":410,"height":512},{"@type":"BreadcrumbList","@id":"https:\/\/portalincluir.com.br\/index.php\/2025\/08\/06\/inclusao-em-foco-episodio-15\/#breadcrumb","itemListElement":[{"@type":"ListItem","position":1,"name":"In\u00edcio","item":"https:\/\/portalincluir.com.br\/"},{"@type":"ListItem","position":2,"name":"Inclus\u00e3o em Foco, epis\u00f3dio 15"}]},{"@type":"WebSite","@id":"https:\/\/portalincluir.com.br\/#website","url":"https:\/\/portalincluir.com.br\/","name":"PORTAL INCLUIR","description":"","potentialAction":[{"@type":"SearchAction","target":{"@type":"EntryPoint","urlTemplate":"https:\/\/portalincluir.com.br\/?s={search_term_string}"},"query-input":{"@type":"PropertyValueSpecification","valueRequired":true,"valueName":"search_term_string"}}],"inLanguage":"pt-BR"},{"@type":"Person","@id":"https:\/\/portalincluir.com.br\/#\/schema\/person\/8823664e5902eee555607fb75c4c35ae","name":"Portal Incluir","image":{"@type":"ImageObject","inLanguage":"pt-BR","@id":"https:\/\/secure.gravatar.com\/avatar\/12085fe17e70c3550551519fe1f8f51fae69b1748563a47fc3bea53d91fbcbbd?s=96&d=mm&r=g","url":"https:\/\/secure.gravatar.com\/avatar\/12085fe17e70c3550551519fe1f8f51fae69b1748563a47fc3bea53d91fbcbbd?s=96&d=mm&r=g","contentUrl":"https:\/\/secure.gravatar.com\/avatar\/12085fe17e70c3550551519fe1f8f51fae69b1748563a47fc3bea53d91fbcbbd?s=96&d=mm&r=g","caption":"Portal Incluir"},"sameAs":["http:\/\/portalincluir.com.br"],"url":"https:\/\/portalincluir.com.br\/index.php\/author\/portalincluir-com-br\/"}]}},"_links":{"self":[{"href":"https:\/\/portalincluir.com.br\/index.php\/wp-json\/wp\/v2\/posts\/574","targetHints":{"allow":["GET"]}}],"collection":[{"href":"https:\/\/portalincluir.com.br\/index.php\/wp-json\/wp\/v2\/posts"}],"about":[{"href":"https:\/\/portalincluir.com.br\/index.php\/wp-json\/wp\/v2\/types\/post"}],"author":[{"embeddable":true,"href":"https:\/\/portalincluir.com.br\/index.php\/wp-json\/wp\/v2\/users\/1"}],"replies":[{"embeddable":true,"href":"https:\/\/portalincluir.com.br\/index.php\/wp-json\/wp\/v2\/comments?post=574"}],"version-history":[{"count":7,"href":"https:\/\/portalincluir.com.br\/index.php\/wp-json\/wp\/v2\/posts\/574\/revisions"}],"predecessor-version":[{"id":585,"href":"https:\/\/portalincluir.com.br\/index.php\/wp-json\/wp\/v2\/posts\/574\/revisions\/585"}],"wp:attachment":[{"href":"https:\/\/portalincluir.com.br\/index.php\/wp-json\/wp\/v2\/media?parent=574"}],"wp:term":[{"taxonomy":"category","embeddable":true,"href":"https:\/\/portalincluir.com.br\/index.php\/wp-json\/wp\/v2\/categories?post=574"},{"taxonomy":"post_tag","embeddable":true,"href":"https:\/\/portalincluir.com.br\/index.php\/wp-json\/wp\/v2\/tags?post=574"}],"curies":[{"name":"wp","href":"https:\/\/api.w.org\/{rel}","templated":true}]}}