{"id":591,"date":"2025-08-10T09:27:10","date_gmt":"2025-08-10T12:27:10","guid":{"rendered":"https:\/\/portalincluir.com.br\/?p=591"},"modified":"2025-08-10T09:29:36","modified_gmt":"2025-08-10T12:29:36","slug":"o-pai-que-recomeca-alem-do-sonho-a-coragem-de-amar-diferente","status":"publish","type":"post","link":"https:\/\/portalincluir.com.br\/index.php\/2025\/08\/10\/o-pai-que-recomeca-alem-do-sonho-a-coragem-de-amar-diferente\/","title":{"rendered":"O Pai que Recome\u00e7a: al\u00e9m do sonho, a coragem de amar diferente"},"content":{"rendered":"\n<p>Ser pai costuma vir acompanhado de um sonho: o de encantar-se com o primeiro sorriso do beb\u00ea, de conduzir os passos vacilantes do filho at\u00e9 que caminhe com confian\u00e7a \u2014 e de se ver refletido em seu olhar. Mas quando vem um diagn\u00f3stico de defici\u00eancia, esse sonho muda. N\u00e3o desaparece, mas ganha novos contornos.<\/p>\n\n\n\n<p>Uma not\u00edcia pode trazer um sentimento devastador \u2014 de culpa, incerteza ou medo. Alguns pais se recuperaram nesse momento. Outros, entretanto, encontram na paternidade um prop\u00f3sito ainda maior: o de proteger e amar incondicionalmente.<\/p>\n\n\n\n<p>Esses pais s\u00e3o her\u00f3is do cotidiano. \u201cN\u00e3o \u00e9 o que aconteceu comigo, mas conhe\u00e7o muitos que simplesmente somem\u201d, aponta um jovem em coment\u00e1rio emocional num f\u00f3rum. &#8220;Mas a gente quer falar das coisas bonitas, de legados. Pais que fazem diferen\u00e7a pela sua presen\u00e7a, mesmo quando partem cedo&#8221;&nbsp;<\/p>\n\n\n\n<h3 class=\"wp-block-heading\"><strong>Os que enfrentam o desafio e movem montanhas<\/strong><\/h3>\n\n\n\n<p>No cen\u00e1rio nacional, h\u00e1 exemplos inspiradores:<\/p>\n\n\n\n<h2 class=\"wp-block-heading\"><strong>Edison Zarnot \u2014 pai que luta e ama sem desistir<\/strong><\/h2>\n\n\n\n<figure class=\"wp-block-image size-large\"><img loading=\"lazy\" decoding=\"async\" width=\"1024\" height=\"939\" src=\"https:\/\/portalincluir.com.br\/wp-content\/uploads\/2025\/08\/zanot2-1024x939.png\" alt=\"\" class=\"wp-image-592\" srcset=\"https:\/\/portalincluir.com.br\/wp-content\/uploads\/2025\/08\/zanot2-1024x939.png 1024w, https:\/\/portalincluir.com.br\/wp-content\/uploads\/2025\/08\/zanot2-300x275.png 300w, https:\/\/portalincluir.com.br\/wp-content\/uploads\/2025\/08\/zanot2-768x705.png 768w, https:\/\/portalincluir.com.br\/wp-content\/uploads\/2025\/08\/zanot2.png 1536w\" sizes=\"auto, (max-width: 1024px) 100vw, 1024px\" \/><\/figure>\n\n\n\n<p>Edison \u00e9 marido de Darleni e pai de dois meninos: Erick, de 13 anos, e Diogo, de 5, relatados com Atrofia Muscular Espinhal (AME) tipo II. Diante do desafio de garantir o tratamento da ca\u00e7ula \u2014 que inclui a aplica\u00e7\u00e3o do medicamento Spinraza, cujo custo por dose chega a cerca de R$ 330 mil \u2014 a fam\u00edlia se mobilizou e lan\u00e7ou uma campanha de arrecada\u00e7\u00e3o de fundos. Gra\u00e7as \u00e0 solidariedade de muitas pessoas, obtive as quatro primeiras doses por meio de doa\u00e7\u00f5es.<\/p>\n\n\n\n<p>A vit\u00f3ria seguinte veio com a garantia do tratamento pelo SUS, aliviando parte do peso financeiro. Hoje, Edison e sua fam\u00edlia seguem a rotina di\u00e1ria no perfil&nbsp;<strong>\u201cAme o Diogo\u201d<\/strong>&nbsp;no Instagram, com o objetivo de inspirar e apoiar outras fam\u00edlias que vivem realidade semelhante.<\/p>\n\n\n\n<p>Com simplicidade e afeto, Edison volta \u00e0 ess\u00eancia de sua luta:<\/p>\n\n\n\n<blockquote class=\"wp-block-quote is-layout-flow wp-block-quote-is-layout-flow\">\n<p>\u201cN\u00e3o desista de lutar pela crian\u00e7a que \u00e9 deficiente, ame a crian\u00e7a deficiente, ela \u00e9 a mesma crian\u00e7a como qualquer outra.\u201d<\/p>\n<\/blockquote>\n\n\n\n<hr class=\"wp-block-separator has-alpha-channel-opacity\"\/>\n\n\n\n<h2 class=\"wp-block-heading\"><strong>Henri Zylberstajn \u2013 Um pai que virou protagonista da inclus\u00e3o<\/strong><\/h2>\n\n\n\n<figure class=\"wp-block-image size-full\"><img loading=\"lazy\" decoding=\"async\" width=\"640\" height=\"360\" src=\"https:\/\/portalincluir.com.br\/wp-content\/uploads\/2025\/08\/Henri-Zylberstajn.jpg\" alt=\"\" class=\"wp-image-593\" srcset=\"https:\/\/portalincluir.com.br\/wp-content\/uploads\/2025\/08\/Henri-Zylberstajn.jpg 640w, https:\/\/portalincluir.com.br\/wp-content\/uploads\/2025\/08\/Henri-Zylberstajn-300x169.jpg 300w\" sizes=\"auto, (max-width: 640px) 100vw, 640px\" \/><\/figure>\n\n\n\n<p>Ap\u00f3s o nascimento de seu terceiro filho, Pedro (o \u201cPepo\u201d), com s\u00edndrome de Down, o empres\u00e1rio Henri Zylberstajn decidiu compartilhar sua viv\u00eancia real no Instagram. O perfil viralizou em poucos dias, atingindo milhares de seguidores. Em vez de esconder o desafio, ele escolheu mostrar o cotidiano com transpar\u00eancia e acolhimento. Essa visibilidade se transformou em impacto real: Henri e sua esposa fundaram a ONG&nbsp;<strong>Serendipidade<\/strong>&nbsp;, que arrecadou cerca de&nbsp;<strong>R$ 750 mil<\/strong>&nbsp;para apoio a institui\u00e7\u00f5es de inclus\u00e3o \u2014 e segue crescendo.<\/p>\n\n\n\n<h2 class=\"wp-block-heading\"><strong>L\u00facio Marques \u2013 Ser refer\u00eancia com presen\u00e7a e afeto<\/strong><\/h2>\n\n\n\n<figure class=\"wp-block-image alignright size-full is-resized\"><img loading=\"lazy\" decoding=\"async\" width=\"300\" height=\"401\" src=\"https:\/\/portalincluir.com.br\/wp-content\/uploads\/2025\/08\/Lucio-e-Amanda-rotinadown-edit1.jpg\" alt=\"\" class=\"wp-image-594\" style=\"width:300px;height:auto\" srcset=\"https:\/\/portalincluir.com.br\/wp-content\/uploads\/2025\/08\/Lucio-e-Amanda-rotinadown-edit1.jpg 300w, https:\/\/portalincluir.com.br\/wp-content\/uploads\/2025\/08\/Lucio-e-Amanda-rotinadown-edit1-224x300.jpg 224w\" sizes=\"auto, (max-width: 300px) 100vw, 300px\" \/><\/figure>\n\n\n\n<p>No relato publicado no blog&nbsp;<em>Rotina Down<\/em>&nbsp;, L\u00facio compartilha sua experi\u00eancia como pai de Amanda (5 anos), com S\u00edndrome de Down. Ele exp\u00f5e um sentimento comum, mas pouco abordado: a invisibilidade emocional dos pais. Enquanto todos se voltam para a m\u00e3e e para a crian\u00e7a, o pai precisa manter-se firme como refer\u00eancia. L\u00facio valorizou estar presente em todas as etapas \u2014 consultas, cuidados, decis\u00f5es \u2014 e aprendeu que seu papel era permitir que Amanda evolu\u00edsse com autonomia, amor e respeito ao tempo dela.<\/p>\n\n\n\n<h3 class=\"wp-block-heading\">&nbsp;<\/h3>\n\n\n\n<h3 class=\"wp-block-heading\"><strong>A origem do Dia dos Pais \u2014 uma homenagem ao pai guerreiro<\/strong><\/h3>\n\n\n\n<p>No Brasil, o&nbsp;<strong>Dia dos Pais<\/strong>&nbsp;\u00e9 celebrado no&nbsp;<strong>segundo domingo de agosto<\/strong>&nbsp;. Os dados foram idealizados no in\u00edcio da d\u00e9cada de 1950 pelo publicit\u00e1rio&nbsp;<strong>Sylvio Bhering<\/strong>&nbsp;, ent\u00e3o diretor do jornal&nbsp;<em>O Globo<\/em>&nbsp;e da R\u00e1dio Globo. A estrat\u00e9gia visava aquecer o com\u00e9rcio \u2014 e escolheu-se o dia 16 de agosto, data da celebra\u00e7\u00e3o de&nbsp;<strong>S\u00e3o Joaquim<\/strong>&nbsp;, pai de Maria \u2014 para dar for\u00e7a \u00e0 homenagem. Com o tempo, a data foi realocada para o domingo, tornando-se tradi\u00e7\u00e3o familiar.<\/p>\n\n\n\n<p>Longe de ser apenas comercial, o Dia dos Pais ganha hoje um sentido mais profundo: \u00e9 o dia de considerar o amor, o sacrif\u00edcio e os rein\u00edcios que muitos homens enfrentam por seus filhos \u2014 especialmente aqueles que, contra todas as expectativas, escolheram lutar ao lado de seus filhos com defici\u00eancia.<\/p>\n\n\n\n<hr class=\"wp-block-separator has-alpha-channel-opacity\"\/>\n\n\n\n<h3 class=\"wp-block-heading\"><strong>Homenagem final<\/strong><\/h3>\n\n\n\n<p>Este Dia dos Pais \u00e9 dedicado a voc\u00eas,&nbsp;<strong>pais at\u00edpicos<\/strong>&nbsp;, que n\u00e3o abandonaram, que ouviram o diagn\u00f3stico com o cora\u00e7\u00e3o fechado e depois vestiram a coragem como capa. Voc\u00eas que reinventam rotinas, aprendem com m\u00e9dicos e terapeutas, se tornam porta-vozes, criam redes de apoio, enfrentam preconceitos \u2014 mas tamb\u00e9m vivem os sorrisos mais sinceros, as conquistas mais bonitas.<\/p>\n\n\n\n<p>Voc\u00eas s\u00e3o uma prova viva de que o amor n\u00e3o escolhe facilidade: ele transforma, ele ensina. Obrigado por serem os primeiros her\u00f3is dos seus filhos \u2014 pelo exemplo, pela presen\u00e7a, pela esperan\u00e7a que continuem alimentando.<\/p>\n\n\n\n<p>Feliz Dia dos Pais \u2014 com gratid\u00e3o e emo\u00e7\u00e3o.<\/p>\n\n\n\n<p>Fontes: Ag\u00eancia Brasil, Wikipedia, Blog Freedom, Extra e Viver Down<\/p>\n","protected":false},"excerpt":{"rendered":"<p>Ser pai costuma vir acompanhado de um sonho: o de encantar-se com o primeiro sorriso<\/p>\n","protected":false},"author":1,"featured_media":595,"comment_status":"open","ping_status":"open","sticky":false,"template":"","format":"standard","meta":{"om_disable_all_campaigns":false,"_monsterinsights_skip_tracking":false,"_monsterinsights_sitenote_active":false,"_monsterinsights_sitenote_note":"","_monsterinsights_sitenote_category":0,"_uf_show_specific_survey":0,"_uf_disable_surveys":false,"footnotes":""},"categories":[9,1],"tags":[],"class_list":["post-591","post","type-post","status-publish","format-standard","has-post-thumbnail","hentry","category-noticias","category-portal"],"yoast_head":"<!-- This site is optimized with the Yoast SEO plugin v27.4 - https:\/\/yoast.com\/product\/yoast-seo-wordpress\/ -->\n<title>O Pai que Recome\u00e7a: al\u00e9m do sonho, a coragem de amar diferente - PORTAL INCLUIR<\/title>\n<meta name=\"robots\" content=\"index, follow, max-snippet:-1, max-image-preview:large, max-video-preview:-1\" \/>\n<link rel=\"canonical\" href=\"https:\/\/portalincluir.com.br\/index.php\/2025\/08\/10\/o-pai-que-recomeca-alem-do-sonho-a-coragem-de-amar-diferente\/\" \/>\n<meta property=\"og:locale\" content=\"pt_BR\" \/>\n<meta property=\"og:type\" content=\"article\" \/>\n<meta property=\"og:title\" content=\"O Pai que Recome\u00e7a: al\u00e9m do sonho, a coragem de amar diferente - PORTAL INCLUIR\" \/>\n<meta property=\"og:description\" content=\"Ser pai costuma vir acompanhado de um sonho: o de encantar-se com o primeiro sorriso\" \/>\n<meta property=\"og:url\" content=\"https:\/\/portalincluir.com.br\/index.php\/2025\/08\/10\/o-pai-que-recomeca-alem-do-sonho-a-coragem-de-amar-diferente\/\" \/>\n<meta property=\"og:site_name\" content=\"PORTAL INCLUIR\" \/>\n<meta property=\"article:published_time\" content=\"2025-08-10T12:27:10+00:00\" \/>\n<meta property=\"article:modified_time\" content=\"2025-08-10T12:29:36+00:00\" \/>\n<meta property=\"og:image\" content=\"https:\/\/portalincluir.com.br\/wp-content\/uploads\/2025\/08\/img-1024x683.png\" \/>\n\t<meta property=\"og:image:width\" content=\"1024\" \/>\n\t<meta property=\"og:image:height\" content=\"683\" \/>\n\t<meta property=\"og:image:type\" content=\"image\/png\" \/>\n<meta name=\"author\" content=\"Portal Incluir\" \/>\n<meta name=\"twitter:card\" content=\"summary_large_image\" \/>\n<meta name=\"twitter:label1\" content=\"Escrito por\" \/>\n\t<meta name=\"twitter:data1\" content=\"Portal Incluir\" \/>\n\t<meta name=\"twitter:label2\" content=\"Est. tempo de leitura\" \/>\n\t<meta name=\"twitter:data2\" content=\"4 minutos\" \/>\n<script type=\"application\/ld+json\" class=\"yoast-schema-graph\">{\"@context\":\"https:\\\/\\\/schema.org\",\"@graph\":[{\"@type\":[\"Article\",\"BlogPosting\"],\"@id\":\"https:\\\/\\\/portalincluir.com.br\\\/index.php\\\/2025\\\/08\\\/10\\\/o-pai-que-recomeca-alem-do-sonho-a-coragem-de-amar-diferente\\\/#article\",\"isPartOf\":{\"@id\":\"https:\\\/\\\/portalincluir.com.br\\\/index.php\\\/2025\\\/08\\\/10\\\/o-pai-que-recomeca-alem-do-sonho-a-coragem-de-amar-diferente\\\/\"},\"author\":{\"name\":\"Portal Incluir\",\"@id\":\"https:\\\/\\\/portalincluir.com.br\\\/#\\\/schema\\\/person\\\/8823664e5902eee555607fb75c4c35ae\"},\"headline\":\"O Pai que Recome\u00e7a: al\u00e9m do sonho, a coragem de amar diferente\",\"datePublished\":\"2025-08-10T12:27:10+00:00\",\"dateModified\":\"2025-08-10T12:29:36+00:00\",\"mainEntityOfPage\":{\"@id\":\"https:\\\/\\\/portalincluir.com.br\\\/index.php\\\/2025\\\/08\\\/10\\\/o-pai-que-recomeca-alem-do-sonho-a-coragem-de-amar-diferente\\\/\"},\"wordCount\":843,\"commentCount\":0,\"image\":{\"@id\":\"https:\\\/\\\/portalincluir.com.br\\\/index.php\\\/2025\\\/08\\\/10\\\/o-pai-que-recomeca-alem-do-sonho-a-coragem-de-amar-diferente\\\/#primaryimage\"},\"thumbnailUrl\":\"https:\\\/\\\/portalincluir.com.br\\\/wp-content\\\/uploads\\\/2025\\\/08\\\/img.png\",\"articleSection\":[\"Not\u00edcias\",\"Portal\"],\"inLanguage\":\"pt-BR\",\"potentialAction\":[{\"@type\":\"CommentAction\",\"name\":\"Comment\",\"target\":[\"https:\\\/\\\/portalincluir.com.br\\\/index.php\\\/2025\\\/08\\\/10\\\/o-pai-que-recomeca-alem-do-sonho-a-coragem-de-amar-diferente\\\/#respond\"]}]},{\"@type\":\"WebPage\",\"@id\":\"https:\\\/\\\/portalincluir.com.br\\\/index.php\\\/2025\\\/08\\\/10\\\/o-pai-que-recomeca-alem-do-sonho-a-coragem-de-amar-diferente\\\/\",\"url\":\"https:\\\/\\\/portalincluir.com.br\\\/index.php\\\/2025\\\/08\\\/10\\\/o-pai-que-recomeca-alem-do-sonho-a-coragem-de-amar-diferente\\\/\",\"name\":\"O Pai que Recome\u00e7a: al\u00e9m do sonho, a coragem de amar diferente - PORTAL INCLUIR\",\"isPartOf\":{\"@id\":\"https:\\\/\\\/portalincluir.com.br\\\/#website\"},\"primaryImageOfPage\":{\"@id\":\"https:\\\/\\\/portalincluir.com.br\\\/index.php\\\/2025\\\/08\\\/10\\\/o-pai-que-recomeca-alem-do-sonho-a-coragem-de-amar-diferente\\\/#primaryimage\"},\"image\":{\"@id\":\"https:\\\/\\\/portalincluir.com.br\\\/index.php\\\/2025\\\/08\\\/10\\\/o-pai-que-recomeca-alem-do-sonho-a-coragem-de-amar-diferente\\\/#primaryimage\"},\"thumbnailUrl\":\"https:\\\/\\\/portalincluir.com.br\\\/wp-content\\\/uploads\\\/2025\\\/08\\\/img.png\",\"datePublished\":\"2025-08-10T12:27:10+00:00\",\"dateModified\":\"2025-08-10T12:29:36+00:00\",\"author\":{\"@id\":\"https:\\\/\\\/portalincluir.com.br\\\/#\\\/schema\\\/person\\\/8823664e5902eee555607fb75c4c35ae\"},\"breadcrumb\":{\"@id\":\"https:\\\/\\\/portalincluir.com.br\\\/index.php\\\/2025\\\/08\\\/10\\\/o-pai-que-recomeca-alem-do-sonho-a-coragem-de-amar-diferente\\\/#breadcrumb\"},\"inLanguage\":\"pt-BR\",\"potentialAction\":[{\"@type\":\"ReadAction\",\"target\":[\"https:\\\/\\\/portalincluir.com.br\\\/index.php\\\/2025\\\/08\\\/10\\\/o-pai-que-recomeca-alem-do-sonho-a-coragem-de-amar-diferente\\\/\"]}]},{\"@type\":\"ImageObject\",\"inLanguage\":\"pt-BR\",\"@id\":\"https:\\\/\\\/portalincluir.com.br\\\/index.php\\\/2025\\\/08\\\/10\\\/o-pai-que-recomeca-alem-do-sonho-a-coragem-de-amar-diferente\\\/#primaryimage\",\"url\":\"https:\\\/\\\/portalincluir.com.br\\\/wp-content\\\/uploads\\\/2025\\\/08\\\/img.png\",\"contentUrl\":\"https:\\\/\\\/portalincluir.com.br\\\/wp-content\\\/uploads\\\/2025\\\/08\\\/img.png\",\"width\":1536,\"height\":1024},{\"@type\":\"BreadcrumbList\",\"@id\":\"https:\\\/\\\/portalincluir.com.br\\\/index.php\\\/2025\\\/08\\\/10\\\/o-pai-que-recomeca-alem-do-sonho-a-coragem-de-amar-diferente\\\/#breadcrumb\",\"itemListElement\":[{\"@type\":\"ListItem\",\"position\":1,\"name\":\"In\u00edcio\",\"item\":\"https:\\\/\\\/portalincluir.com.br\\\/\"},{\"@type\":\"ListItem\",\"position\":2,\"name\":\"O Pai que Recome\u00e7a: al\u00e9m do sonho, a coragem de amar diferente\"}]},{\"@type\":\"WebSite\",\"@id\":\"https:\\\/\\\/portalincluir.com.br\\\/#website\",\"url\":\"https:\\\/\\\/portalincluir.com.br\\\/\",\"name\":\"PORTAL INCLUIR\",\"description\":\"\",\"potentialAction\":[{\"@type\":\"SearchAction\",\"target\":{\"@type\":\"EntryPoint\",\"urlTemplate\":\"https:\\\/\\\/portalincluir.com.br\\\/?s={search_term_string}\"},\"query-input\":{\"@type\":\"PropertyValueSpecification\",\"valueRequired\":true,\"valueName\":\"search_term_string\"}}],\"inLanguage\":\"pt-BR\"},{\"@type\":\"Person\",\"@id\":\"https:\\\/\\\/portalincluir.com.br\\\/#\\\/schema\\\/person\\\/8823664e5902eee555607fb75c4c35ae\",\"name\":\"Portal Incluir\",\"image\":{\"@type\":\"ImageObject\",\"inLanguage\":\"pt-BR\",\"@id\":\"https:\\\/\\\/secure.gravatar.com\\\/avatar\\\/12085fe17e70c3550551519fe1f8f51fae69b1748563a47fc3bea53d91fbcbbd?s=96&d=mm&r=g\",\"url\":\"https:\\\/\\\/secure.gravatar.com\\\/avatar\\\/12085fe17e70c3550551519fe1f8f51fae69b1748563a47fc3bea53d91fbcbbd?s=96&d=mm&r=g\",\"contentUrl\":\"https:\\\/\\\/secure.gravatar.com\\\/avatar\\\/12085fe17e70c3550551519fe1f8f51fae69b1748563a47fc3bea53d91fbcbbd?s=96&d=mm&r=g\",\"caption\":\"Portal Incluir\"},\"sameAs\":[\"http:\\\/\\\/portalincluir.com.br\"],\"url\":\"https:\\\/\\\/portalincluir.com.br\\\/index.php\\\/author\\\/portalincluir-com-br\\\/\"}]}<\/script>\n<!-- \/ Yoast SEO plugin. -->","yoast_head_json":{"title":"O Pai que Recome\u00e7a: al\u00e9m do sonho, a coragem de amar diferente - PORTAL INCLUIR","robots":{"index":"index","follow":"follow","max-snippet":"max-snippet:-1","max-image-preview":"max-image-preview:large","max-video-preview":"max-video-preview:-1"},"canonical":"https:\/\/portalincluir.com.br\/index.php\/2025\/08\/10\/o-pai-que-recomeca-alem-do-sonho-a-coragem-de-amar-diferente\/","og_locale":"pt_BR","og_type":"article","og_title":"O Pai que Recome\u00e7a: al\u00e9m do sonho, a coragem de amar diferente - PORTAL INCLUIR","og_description":"Ser pai costuma vir acompanhado de um sonho: o de encantar-se com o primeiro sorriso","og_url":"https:\/\/portalincluir.com.br\/index.php\/2025\/08\/10\/o-pai-que-recomeca-alem-do-sonho-a-coragem-de-amar-diferente\/","og_site_name":"PORTAL INCLUIR","article_published_time":"2025-08-10T12:27:10+00:00","article_modified_time":"2025-08-10T12:29:36+00:00","og_image":[{"width":1024,"height":683,"url":"https:\/\/portalincluir.com.br\/wp-content\/uploads\/2025\/08\/img-1024x683.png","type":"image\/png"}],"author":"Portal Incluir","twitter_card":"summary_large_image","twitter_misc":{"Escrito por":"Portal Incluir","Est. tempo de leitura":"4 minutos"},"schema":{"@context":"https:\/\/schema.org","@graph":[{"@type":["Article","BlogPosting"],"@id":"https:\/\/portalincluir.com.br\/index.php\/2025\/08\/10\/o-pai-que-recomeca-alem-do-sonho-a-coragem-de-amar-diferente\/#article","isPartOf":{"@id":"https:\/\/portalincluir.com.br\/index.php\/2025\/08\/10\/o-pai-que-recomeca-alem-do-sonho-a-coragem-de-amar-diferente\/"},"author":{"name":"Portal Incluir","@id":"https:\/\/portalincluir.com.br\/#\/schema\/person\/8823664e5902eee555607fb75c4c35ae"},"headline":"O Pai que Recome\u00e7a: al\u00e9m do sonho, a coragem de amar diferente","datePublished":"2025-08-10T12:27:10+00:00","dateModified":"2025-08-10T12:29:36+00:00","mainEntityOfPage":{"@id":"https:\/\/portalincluir.com.br\/index.php\/2025\/08\/10\/o-pai-que-recomeca-alem-do-sonho-a-coragem-de-amar-diferente\/"},"wordCount":843,"commentCount":0,"image":{"@id":"https:\/\/portalincluir.com.br\/index.php\/2025\/08\/10\/o-pai-que-recomeca-alem-do-sonho-a-coragem-de-amar-diferente\/#primaryimage"},"thumbnailUrl":"https:\/\/portalincluir.com.br\/wp-content\/uploads\/2025\/08\/img.png","articleSection":["Not\u00edcias","Portal"],"inLanguage":"pt-BR","potentialAction":[{"@type":"CommentAction","name":"Comment","target":["https:\/\/portalincluir.com.br\/index.php\/2025\/08\/10\/o-pai-que-recomeca-alem-do-sonho-a-coragem-de-amar-diferente\/#respond"]}]},{"@type":"WebPage","@id":"https:\/\/portalincluir.com.br\/index.php\/2025\/08\/10\/o-pai-que-recomeca-alem-do-sonho-a-coragem-de-amar-diferente\/","url":"https:\/\/portalincluir.com.br\/index.php\/2025\/08\/10\/o-pai-que-recomeca-alem-do-sonho-a-coragem-de-amar-diferente\/","name":"O Pai que Recome\u00e7a: al\u00e9m do sonho, a coragem de amar diferente - PORTAL INCLUIR","isPartOf":{"@id":"https:\/\/portalincluir.com.br\/#website"},"primaryImageOfPage":{"@id":"https:\/\/portalincluir.com.br\/index.php\/2025\/08\/10\/o-pai-que-recomeca-alem-do-sonho-a-coragem-de-amar-diferente\/#primaryimage"},"image":{"@id":"https:\/\/portalincluir.com.br\/index.php\/2025\/08\/10\/o-pai-que-recomeca-alem-do-sonho-a-coragem-de-amar-diferente\/#primaryimage"},"thumbnailUrl":"https:\/\/portalincluir.com.br\/wp-content\/uploads\/2025\/08\/img.png","datePublished":"2025-08-10T12:27:10+00:00","dateModified":"2025-08-10T12:29:36+00:00","author":{"@id":"https:\/\/portalincluir.com.br\/#\/schema\/person\/8823664e5902eee555607fb75c4c35ae"},"breadcrumb":{"@id":"https:\/\/portalincluir.com.br\/index.php\/2025\/08\/10\/o-pai-que-recomeca-alem-do-sonho-a-coragem-de-amar-diferente\/#breadcrumb"},"inLanguage":"pt-BR","potentialAction":[{"@type":"ReadAction","target":["https:\/\/portalincluir.com.br\/index.php\/2025\/08\/10\/o-pai-que-recomeca-alem-do-sonho-a-coragem-de-amar-diferente\/"]}]},{"@type":"ImageObject","inLanguage":"pt-BR","@id":"https:\/\/portalincluir.com.br\/index.php\/2025\/08\/10\/o-pai-que-recomeca-alem-do-sonho-a-coragem-de-amar-diferente\/#primaryimage","url":"https:\/\/portalincluir.com.br\/wp-content\/uploads\/2025\/08\/img.png","contentUrl":"https:\/\/portalincluir.com.br\/wp-content\/uploads\/2025\/08\/img.png","width":1536,"height":1024},{"@type":"BreadcrumbList","@id":"https:\/\/portalincluir.com.br\/index.php\/2025\/08\/10\/o-pai-que-recomeca-alem-do-sonho-a-coragem-de-amar-diferente\/#breadcrumb","itemListElement":[{"@type":"ListItem","position":1,"name":"In\u00edcio","item":"https:\/\/portalincluir.com.br\/"},{"@type":"ListItem","position":2,"name":"O Pai que Recome\u00e7a: al\u00e9m do sonho, a coragem de amar diferente"}]},{"@type":"WebSite","@id":"https:\/\/portalincluir.com.br\/#website","url":"https:\/\/portalincluir.com.br\/","name":"PORTAL INCLUIR","description":"","potentialAction":[{"@type":"SearchAction","target":{"@type":"EntryPoint","urlTemplate":"https:\/\/portalincluir.com.br\/?s={search_term_string}"},"query-input":{"@type":"PropertyValueSpecification","valueRequired":true,"valueName":"search_term_string"}}],"inLanguage":"pt-BR"},{"@type":"Person","@id":"https:\/\/portalincluir.com.br\/#\/schema\/person\/8823664e5902eee555607fb75c4c35ae","name":"Portal Incluir","image":{"@type":"ImageObject","inLanguage":"pt-BR","@id":"https:\/\/secure.gravatar.com\/avatar\/12085fe17e70c3550551519fe1f8f51fae69b1748563a47fc3bea53d91fbcbbd?s=96&d=mm&r=g","url":"https:\/\/secure.gravatar.com\/avatar\/12085fe17e70c3550551519fe1f8f51fae69b1748563a47fc3bea53d91fbcbbd?s=96&d=mm&r=g","contentUrl":"https:\/\/secure.gravatar.com\/avatar\/12085fe17e70c3550551519fe1f8f51fae69b1748563a47fc3bea53d91fbcbbd?s=96&d=mm&r=g","caption":"Portal Incluir"},"sameAs":["http:\/\/portalincluir.com.br"],"url":"https:\/\/portalincluir.com.br\/index.php\/author\/portalincluir-com-br\/"}]}},"_links":{"self":[{"href":"https:\/\/portalincluir.com.br\/index.php\/wp-json\/wp\/v2\/posts\/591","targetHints":{"allow":["GET"]}}],"collection":[{"href":"https:\/\/portalincluir.com.br\/index.php\/wp-json\/wp\/v2\/posts"}],"about":[{"href":"https:\/\/portalincluir.com.br\/index.php\/wp-json\/wp\/v2\/types\/post"}],"author":[{"embeddable":true,"href":"https:\/\/portalincluir.com.br\/index.php\/wp-json\/wp\/v2\/users\/1"}],"replies":[{"embeddable":true,"href":"https:\/\/portalincluir.com.br\/index.php\/wp-json\/wp\/v2\/comments?post=591"}],"version-history":[{"count":3,"href":"https:\/\/portalincluir.com.br\/index.php\/wp-json\/wp\/v2\/posts\/591\/revisions"}],"predecessor-version":[{"id":598,"href":"https:\/\/portalincluir.com.br\/index.php\/wp-json\/wp\/v2\/posts\/591\/revisions\/598"}],"wp:featuredmedia":[{"embeddable":true,"href":"https:\/\/portalincluir.com.br\/index.php\/wp-json\/wp\/v2\/media\/595"}],"wp:attachment":[{"href":"https:\/\/portalincluir.com.br\/index.php\/wp-json\/wp\/v2\/media?parent=591"}],"wp:term":[{"taxonomy":"category","embeddable":true,"href":"https:\/\/portalincluir.com.br\/index.php\/wp-json\/wp\/v2\/categories?post=591"},{"taxonomy":"post_tag","embeddable":true,"href":"https:\/\/portalincluir.com.br\/index.php\/wp-json\/wp\/v2\/tags?post=591"}],"curies":[{"name":"wp","href":"https:\/\/api.w.org\/{rel}","templated":true}]}}