{"id":6,"date":"2023-08-24T23:52:56","date_gmt":"2023-08-25T02:52:56","guid":{"rendered":"http:\/\/portalincluir.com.br\/index.php\/2023\/08\/24\/inclusao-criando-um-mundo-onde-todos-tem-oportunidades\/"},"modified":"2024-03-03T23:03:41","modified_gmt":"2024-03-04T02:03:41","slug":"inclusao-criando-um-mundo-onde-todos-tem-oportunidades","status":"publish","type":"post","link":"https:\/\/portalincluir.com.br\/index.php\/2023\/08\/24\/inclusao-criando-um-mundo-onde-todos-tem-oportunidades\/","title":{"rendered":"Inclus\u00e3o: Criando um mundo onde todos t\u00eam oportunidades"},"content":{"rendered":"<h2>Seja bem-vindo ao nosso portal de inclus\u00e3o!<\/h2>\n<p>Aqui, acreditamos que todas as pessoas merecem ter oportunidades iguais, independentemente das suas defici\u00eancias. Estamos comprometidos em criar um mundo mais inclusivo, onde todos possam desfrutar de uma vida plena e enriquecedora.<\/p>\n<p>Sabemos que a defici\u00eancia n\u00e3o define uma pessoa, e \u00e9 por isso que buscamos oferecer uma plataforma que promova a inclus\u00e3o em todas as \u00e1reas da vida. Queremos conectar pessoas com defici\u00eancias aos recursos, informa\u00e7\u00f5es e oportunidades que podem ajud\u00e1-las a alcan\u00e7ar seus objetivos e viver suas vidas ao m\u00e1ximo.<\/p>\n<h3>Benef\u00edcios da inclus\u00e3o<\/h3>\n<p>A inclus\u00e3o n\u00e3o \u00e9 apenas uma quest\u00e3o de justi\u00e7a social, mas tamb\u00e9m traz in\u00fameros benef\u00edcios para a sociedade como um todo. Quando todos t\u00eam oportunidades iguais, a diversidade de talentos, habilidades e perspectivas enriquece nosso mundo. A inclus\u00e3o promove a inova\u00e7\u00e3o, a criatividade e a colabora\u00e7\u00e3o, impulsionando o desenvolvimento econ\u00f4mico e social.<\/p>\n<p>Al\u00e9m disso, a inclus\u00e3o cria um ambiente mais justo e emp\u00e1tico, onde todos se sentem valorizados e respeitados. Isso melhora a qualidade de vida das pessoas com defici\u00eancia e fortalece a coes\u00e3o social.<\/p>\n<h3>O papel de cada um<\/h3>\n<p>A inclus\u00e3o n\u00e3o \u00e9 responsabilidade apenas de uma pessoa ou de um grupo espec\u00edfico. \u00c9 uma responsabilidade compartilhada por toda a sociedade. Cada um de n\u00f3s pode contribuir para criar um mundo mais inclusivo e igualit\u00e1rio.<\/p>\n<p>Como empresa, estamos comprometidos em fornecer recursos e suporte para aqueles que buscam se envolver na inclus\u00e3o. Queremos capacitar as pessoas com defici\u00eancias e suas fam\u00edlias, oferecendo informa\u00e7\u00f5es e orienta\u00e7\u00f5es para que possam acessar os servi\u00e7os e as oportunidades dispon\u00edveis.<\/p>\n<p>Al\u00e9m disso, convidamos todos os nossos leitores a se envolverem na causa da inclus\u00e3o. Seja por meio de a\u00e7\u00f5es individuais, como adotar pr\u00e1ticas inclusivas em seu local de trabalho ou comunidade, ou por meio do apoio a organiza\u00e7\u00f5es e projetos que promovem a inclus\u00e3o, cada gesto conta.<\/p>\n<h2>Vamos juntos criar um mundo mais inclusivo!<\/h2>\n","protected":false},"excerpt":{"rendered":"<p>Seja bem-vindo ao nosso portal de inclus\u00e3o! Aqui, acreditamos que todas as pessoas merecem ter<\/p>\n","protected":false},"author":1,"featured_media":202,"comment_status":"open","ping_status":"open","sticky":false,"template":"","format":"standard","meta":{"om_disable_all_campaigns":false,"_monsterinsights_skip_tracking":false,"_monsterinsights_sitenote_active":false,"_monsterinsights_sitenote_note":"","_monsterinsights_sitenote_category":0,"_uf_show_specific_survey":0,"_uf_disable_surveys":false,"footnotes":""},"categories":[1],"tags":[],"class_list":["post-6","post","type-post","status-publish","format-standard","has-post-thumbnail","hentry","category-portal"],"yoast_head":"<!-- This site is optimized with the Yoast SEO plugin v27.4 - https:\/\/yoast.com\/product\/yoast-seo-wordpress\/ -->\n<title>Inclus\u00e3o: Criando um mundo onde todos t\u00eam oportunidades - PORTAL INCLUIR<\/title>\n<meta name=\"robots\" content=\"index, follow, max-snippet:-1, max-image-preview:large, max-video-preview:-1\" \/>\n<link rel=\"canonical\" href=\"https:\/\/portalincluir.com.br\/index.php\/2023\/08\/24\/inclusao-criando-um-mundo-onde-todos-tem-oportunidades\/\" \/>\n<meta property=\"og:locale\" content=\"pt_BR\" \/>\n<meta property=\"og:type\" content=\"article\" \/>\n<meta property=\"og:title\" content=\"Inclus\u00e3o: Criando um mundo onde todos t\u00eam oportunidades - PORTAL INCLUIR\" \/>\n<meta property=\"og:description\" content=\"Seja bem-vindo ao nosso portal de inclus\u00e3o! Aqui, acreditamos que todas as pessoas merecem ter\" \/>\n<meta property=\"og:url\" content=\"https:\/\/portalincluir.com.br\/index.php\/2023\/08\/24\/inclusao-criando-um-mundo-onde-todos-tem-oportunidades\/\" \/>\n<meta property=\"og:site_name\" content=\"PORTAL INCLUIR\" \/>\n<meta property=\"article:published_time\" content=\"2023-08-25T02:52:56+00:00\" \/>\n<meta property=\"article:modified_time\" content=\"2024-03-04T02:03:41+00:00\" \/>\n<meta property=\"og:image\" content=\"https:\/\/portalincluir.com.br\/wp-content\/uploads\/2023\/08\/3.png\" \/>\n\t<meta property=\"og:image:width\" content=\"599\" \/>\n\t<meta property=\"og:image:height\" content=\"377\" \/>\n\t<meta property=\"og:image:type\" content=\"image\/png\" \/>\n<meta name=\"author\" content=\"Portal Incluir\" \/>\n<meta name=\"twitter:card\" content=\"summary_large_image\" \/>\n<meta name=\"twitter:label1\" content=\"Escrito por\" \/>\n\t<meta name=\"twitter:data1\" content=\"Portal Incluir\" \/>\n\t<meta name=\"twitter:label2\" content=\"Est. tempo de leitura\" \/>\n\t<meta name=\"twitter:data2\" content=\"2 minutos\" \/>\n<script type=\"application\/ld+json\" class=\"yoast-schema-graph\">{\"@context\":\"https:\\\/\\\/schema.org\",\"@graph\":[{\"@type\":[\"Article\",\"BlogPosting\"],\"@id\":\"https:\\\/\\\/portalincluir.com.br\\\/index.php\\\/2023\\\/08\\\/24\\\/inclusao-criando-um-mundo-onde-todos-tem-oportunidades\\\/#article\",\"isPartOf\":{\"@id\":\"https:\\\/\\\/portalincluir.com.br\\\/index.php\\\/2023\\\/08\\\/24\\\/inclusao-criando-um-mundo-onde-todos-tem-oportunidades\\\/\"},\"author\":{\"name\":\"Portal Incluir\",\"@id\":\"https:\\\/\\\/portalincluir.com.br\\\/#\\\/schema\\\/person\\\/8823664e5902eee555607fb75c4c35ae\"},\"headline\":\"Inclus\u00e3o: Criando um mundo onde todos t\u00eam oportunidades\",\"datePublished\":\"2023-08-25T02:52:56+00:00\",\"dateModified\":\"2024-03-04T02:03:41+00:00\",\"mainEntityOfPage\":{\"@id\":\"https:\\\/\\\/portalincluir.com.br\\\/index.php\\\/2023\\\/08\\\/24\\\/inclusao-criando-um-mundo-onde-todos-tem-oportunidades\\\/\"},\"wordCount\":365,\"commentCount\":0,\"image\":{\"@id\":\"https:\\\/\\\/portalincluir.com.br\\\/index.php\\\/2023\\\/08\\\/24\\\/inclusao-criando-um-mundo-onde-todos-tem-oportunidades\\\/#primaryimage\"},\"thumbnailUrl\":\"https:\\\/\\\/portalincluir.com.br\\\/wp-content\\\/uploads\\\/2023\\\/08\\\/3.png\",\"articleSection\":[\"Portal\"],\"inLanguage\":\"pt-BR\",\"potentialAction\":[{\"@type\":\"CommentAction\",\"name\":\"Comment\",\"target\":[\"https:\\\/\\\/portalincluir.com.br\\\/index.php\\\/2023\\\/08\\\/24\\\/inclusao-criando-um-mundo-onde-todos-tem-oportunidades\\\/#respond\"]}]},{\"@type\":\"WebPage\",\"@id\":\"https:\\\/\\\/portalincluir.com.br\\\/index.php\\\/2023\\\/08\\\/24\\\/inclusao-criando-um-mundo-onde-todos-tem-oportunidades\\\/\",\"url\":\"https:\\\/\\\/portalincluir.com.br\\\/index.php\\\/2023\\\/08\\\/24\\\/inclusao-criando-um-mundo-onde-todos-tem-oportunidades\\\/\",\"name\":\"Inclus\u00e3o: Criando um mundo onde todos t\u00eam oportunidades - PORTAL INCLUIR\",\"isPartOf\":{\"@id\":\"https:\\\/\\\/portalincluir.com.br\\\/#website\"},\"primaryImageOfPage\":{\"@id\":\"https:\\\/\\\/portalincluir.com.br\\\/index.php\\\/2023\\\/08\\\/24\\\/inclusao-criando-um-mundo-onde-todos-tem-oportunidades\\\/#primaryimage\"},\"image\":{\"@id\":\"https:\\\/\\\/portalincluir.com.br\\\/index.php\\\/2023\\\/08\\\/24\\\/inclusao-criando-um-mundo-onde-todos-tem-oportunidades\\\/#primaryimage\"},\"thumbnailUrl\":\"https:\\\/\\\/portalincluir.com.br\\\/wp-content\\\/uploads\\\/2023\\\/08\\\/3.png\",\"datePublished\":\"2023-08-25T02:52:56+00:00\",\"dateModified\":\"2024-03-04T02:03:41+00:00\",\"author\":{\"@id\":\"https:\\\/\\\/portalincluir.com.br\\\/#\\\/schema\\\/person\\\/8823664e5902eee555607fb75c4c35ae\"},\"breadcrumb\":{\"@id\":\"https:\\\/\\\/portalincluir.com.br\\\/index.php\\\/2023\\\/08\\\/24\\\/inclusao-criando-um-mundo-onde-todos-tem-oportunidades\\\/#breadcrumb\"},\"inLanguage\":\"pt-BR\",\"potentialAction\":[{\"@type\":\"ReadAction\",\"target\":[\"https:\\\/\\\/portalincluir.com.br\\\/index.php\\\/2023\\\/08\\\/24\\\/inclusao-criando-um-mundo-onde-todos-tem-oportunidades\\\/\"]}]},{\"@type\":\"ImageObject\",\"inLanguage\":\"pt-BR\",\"@id\":\"https:\\\/\\\/portalincluir.com.br\\\/index.php\\\/2023\\\/08\\\/24\\\/inclusao-criando-um-mundo-onde-todos-tem-oportunidades\\\/#primaryimage\",\"url\":\"https:\\\/\\\/portalincluir.com.br\\\/wp-content\\\/uploads\\\/2023\\\/08\\\/3.png\",\"contentUrl\":\"https:\\\/\\\/portalincluir.com.br\\\/wp-content\\\/uploads\\\/2023\\\/08\\\/3.png\",\"width\":599,\"height\":377},{\"@type\":\"BreadcrumbList\",\"@id\":\"https:\\\/\\\/portalincluir.com.br\\\/index.php\\\/2023\\\/08\\\/24\\\/inclusao-criando-um-mundo-onde-todos-tem-oportunidades\\\/#breadcrumb\",\"itemListElement\":[{\"@type\":\"ListItem\",\"position\":1,\"name\":\"In\u00edcio\",\"item\":\"https:\\\/\\\/portalincluir.com.br\\\/\"},{\"@type\":\"ListItem\",\"position\":2,\"name\":\"Inclus\u00e3o: Criando um mundo onde todos t\u00eam oportunidades\"}]},{\"@type\":\"WebSite\",\"@id\":\"https:\\\/\\\/portalincluir.com.br\\\/#website\",\"url\":\"https:\\\/\\\/portalincluir.com.br\\\/\",\"name\":\"PORTAL INCLUIR\",\"description\":\"\",\"potentialAction\":[{\"@type\":\"SearchAction\",\"target\":{\"@type\":\"EntryPoint\",\"urlTemplate\":\"https:\\\/\\\/portalincluir.com.br\\\/?s={search_term_string}\"},\"query-input\":{\"@type\":\"PropertyValueSpecification\",\"valueRequired\":true,\"valueName\":\"search_term_string\"}}],\"inLanguage\":\"pt-BR\"},{\"@type\":\"Person\",\"@id\":\"https:\\\/\\\/portalincluir.com.br\\\/#\\\/schema\\\/person\\\/8823664e5902eee555607fb75c4c35ae\",\"name\":\"Portal Incluir\",\"image\":{\"@type\":\"ImageObject\",\"inLanguage\":\"pt-BR\",\"@id\":\"https:\\\/\\\/secure.gravatar.com\\\/avatar\\\/12085fe17e70c3550551519fe1f8f51fae69b1748563a47fc3bea53d91fbcbbd?s=96&d=mm&r=g\",\"url\":\"https:\\\/\\\/secure.gravatar.com\\\/avatar\\\/12085fe17e70c3550551519fe1f8f51fae69b1748563a47fc3bea53d91fbcbbd?s=96&d=mm&r=g\",\"contentUrl\":\"https:\\\/\\\/secure.gravatar.com\\\/avatar\\\/12085fe17e70c3550551519fe1f8f51fae69b1748563a47fc3bea53d91fbcbbd?s=96&d=mm&r=g\",\"caption\":\"Portal Incluir\"},\"sameAs\":[\"http:\\\/\\\/portalincluir.com.br\"],\"url\":\"https:\\\/\\\/portalincluir.com.br\\\/index.php\\\/author\\\/portalincluir-com-br\\\/\"}]}<\/script>\n<!-- \/ Yoast SEO plugin. -->","yoast_head_json":{"title":"Inclus\u00e3o: Criando um mundo onde todos t\u00eam oportunidades - PORTAL INCLUIR","robots":{"index":"index","follow":"follow","max-snippet":"max-snippet:-1","max-image-preview":"max-image-preview:large","max-video-preview":"max-video-preview:-1"},"canonical":"https:\/\/portalincluir.com.br\/index.php\/2023\/08\/24\/inclusao-criando-um-mundo-onde-todos-tem-oportunidades\/","og_locale":"pt_BR","og_type":"article","og_title":"Inclus\u00e3o: Criando um mundo onde todos t\u00eam oportunidades - PORTAL INCLUIR","og_description":"Seja bem-vindo ao nosso portal de inclus\u00e3o! Aqui, acreditamos que todas as pessoas merecem ter","og_url":"https:\/\/portalincluir.com.br\/index.php\/2023\/08\/24\/inclusao-criando-um-mundo-onde-todos-tem-oportunidades\/","og_site_name":"PORTAL INCLUIR","article_published_time":"2023-08-25T02:52:56+00:00","article_modified_time":"2024-03-04T02:03:41+00:00","og_image":[{"width":599,"height":377,"url":"https:\/\/portalincluir.com.br\/wp-content\/uploads\/2023\/08\/3.png","type":"image\/png"}],"author":"Portal Incluir","twitter_card":"summary_large_image","twitter_misc":{"Escrito por":"Portal Incluir","Est. tempo de leitura":"2 minutos"},"schema":{"@context":"https:\/\/schema.org","@graph":[{"@type":["Article","BlogPosting"],"@id":"https:\/\/portalincluir.com.br\/index.php\/2023\/08\/24\/inclusao-criando-um-mundo-onde-todos-tem-oportunidades\/#article","isPartOf":{"@id":"https:\/\/portalincluir.com.br\/index.php\/2023\/08\/24\/inclusao-criando-um-mundo-onde-todos-tem-oportunidades\/"},"author":{"name":"Portal Incluir","@id":"https:\/\/portalincluir.com.br\/#\/schema\/person\/8823664e5902eee555607fb75c4c35ae"},"headline":"Inclus\u00e3o: Criando um mundo onde todos t\u00eam oportunidades","datePublished":"2023-08-25T02:52:56+00:00","dateModified":"2024-03-04T02:03:41+00:00","mainEntityOfPage":{"@id":"https:\/\/portalincluir.com.br\/index.php\/2023\/08\/24\/inclusao-criando-um-mundo-onde-todos-tem-oportunidades\/"},"wordCount":365,"commentCount":0,"image":{"@id":"https:\/\/portalincluir.com.br\/index.php\/2023\/08\/24\/inclusao-criando-um-mundo-onde-todos-tem-oportunidades\/#primaryimage"},"thumbnailUrl":"https:\/\/portalincluir.com.br\/wp-content\/uploads\/2023\/08\/3.png","articleSection":["Portal"],"inLanguage":"pt-BR","potentialAction":[{"@type":"CommentAction","name":"Comment","target":["https:\/\/portalincluir.com.br\/index.php\/2023\/08\/24\/inclusao-criando-um-mundo-onde-todos-tem-oportunidades\/#respond"]}]},{"@type":"WebPage","@id":"https:\/\/portalincluir.com.br\/index.php\/2023\/08\/24\/inclusao-criando-um-mundo-onde-todos-tem-oportunidades\/","url":"https:\/\/portalincluir.com.br\/index.php\/2023\/08\/24\/inclusao-criando-um-mundo-onde-todos-tem-oportunidades\/","name":"Inclus\u00e3o: Criando um mundo onde todos t\u00eam oportunidades - PORTAL INCLUIR","isPartOf":{"@id":"https:\/\/portalincluir.com.br\/#website"},"primaryImageOfPage":{"@id":"https:\/\/portalincluir.com.br\/index.php\/2023\/08\/24\/inclusao-criando-um-mundo-onde-todos-tem-oportunidades\/#primaryimage"},"image":{"@id":"https:\/\/portalincluir.com.br\/index.php\/2023\/08\/24\/inclusao-criando-um-mundo-onde-todos-tem-oportunidades\/#primaryimage"},"thumbnailUrl":"https:\/\/portalincluir.com.br\/wp-content\/uploads\/2023\/08\/3.png","datePublished":"2023-08-25T02:52:56+00:00","dateModified":"2024-03-04T02:03:41+00:00","author":{"@id":"https:\/\/portalincluir.com.br\/#\/schema\/person\/8823664e5902eee555607fb75c4c35ae"},"breadcrumb":{"@id":"https:\/\/portalincluir.com.br\/index.php\/2023\/08\/24\/inclusao-criando-um-mundo-onde-todos-tem-oportunidades\/#breadcrumb"},"inLanguage":"pt-BR","potentialAction":[{"@type":"ReadAction","target":["https:\/\/portalincluir.com.br\/index.php\/2023\/08\/24\/inclusao-criando-um-mundo-onde-todos-tem-oportunidades\/"]}]},{"@type":"ImageObject","inLanguage":"pt-BR","@id":"https:\/\/portalincluir.com.br\/index.php\/2023\/08\/24\/inclusao-criando-um-mundo-onde-todos-tem-oportunidades\/#primaryimage","url":"https:\/\/portalincluir.com.br\/wp-content\/uploads\/2023\/08\/3.png","contentUrl":"https:\/\/portalincluir.com.br\/wp-content\/uploads\/2023\/08\/3.png","width":599,"height":377},{"@type":"BreadcrumbList","@id":"https:\/\/portalincluir.com.br\/index.php\/2023\/08\/24\/inclusao-criando-um-mundo-onde-todos-tem-oportunidades\/#breadcrumb","itemListElement":[{"@type":"ListItem","position":1,"name":"In\u00edcio","item":"https:\/\/portalincluir.com.br\/"},{"@type":"ListItem","position":2,"name":"Inclus\u00e3o: Criando um mundo onde todos t\u00eam oportunidades"}]},{"@type":"WebSite","@id":"https:\/\/portalincluir.com.br\/#website","url":"https:\/\/portalincluir.com.br\/","name":"PORTAL INCLUIR","description":"","potentialAction":[{"@type":"SearchAction","target":{"@type":"EntryPoint","urlTemplate":"https:\/\/portalincluir.com.br\/?s={search_term_string}"},"query-input":{"@type":"PropertyValueSpecification","valueRequired":true,"valueName":"search_term_string"}}],"inLanguage":"pt-BR"},{"@type":"Person","@id":"https:\/\/portalincluir.com.br\/#\/schema\/person\/8823664e5902eee555607fb75c4c35ae","name":"Portal Incluir","image":{"@type":"ImageObject","inLanguage":"pt-BR","@id":"https:\/\/secure.gravatar.com\/avatar\/12085fe17e70c3550551519fe1f8f51fae69b1748563a47fc3bea53d91fbcbbd?s=96&d=mm&r=g","url":"https:\/\/secure.gravatar.com\/avatar\/12085fe17e70c3550551519fe1f8f51fae69b1748563a47fc3bea53d91fbcbbd?s=96&d=mm&r=g","contentUrl":"https:\/\/secure.gravatar.com\/avatar\/12085fe17e70c3550551519fe1f8f51fae69b1748563a47fc3bea53d91fbcbbd?s=96&d=mm&r=g","caption":"Portal Incluir"},"sameAs":["http:\/\/portalincluir.com.br"],"url":"https:\/\/portalincluir.com.br\/index.php\/author\/portalincluir-com-br\/"}]}},"_links":{"self":[{"href":"https:\/\/portalincluir.com.br\/index.php\/wp-json\/wp\/v2\/posts\/6","targetHints":{"allow":["GET"]}}],"collection":[{"href":"https:\/\/portalincluir.com.br\/index.php\/wp-json\/wp\/v2\/posts"}],"about":[{"href":"https:\/\/portalincluir.com.br\/index.php\/wp-json\/wp\/v2\/types\/post"}],"author":[{"embeddable":true,"href":"https:\/\/portalincluir.com.br\/index.php\/wp-json\/wp\/v2\/users\/1"}],"replies":[{"embeddable":true,"href":"https:\/\/portalincluir.com.br\/index.php\/wp-json\/wp\/v2\/comments?post=6"}],"version-history":[{"count":1,"href":"https:\/\/portalincluir.com.br\/index.php\/wp-json\/wp\/v2\/posts\/6\/revisions"}],"predecessor-version":[{"id":16,"href":"https:\/\/portalincluir.com.br\/index.php\/wp-json\/wp\/v2\/posts\/6\/revisions\/16"}],"wp:featuredmedia":[{"embeddable":true,"href":"https:\/\/portalincluir.com.br\/index.php\/wp-json\/wp\/v2\/media\/202"}],"wp:attachment":[{"href":"https:\/\/portalincluir.com.br\/index.php\/wp-json\/wp\/v2\/media?parent=6"}],"wp:term":[{"taxonomy":"category","embeddable":true,"href":"https:\/\/portalincluir.com.br\/index.php\/wp-json\/wp\/v2\/categories?post=6"},{"taxonomy":"post_tag","embeddable":true,"href":"https:\/\/portalincluir.com.br\/index.php\/wp-json\/wp\/v2\/tags?post=6"}],"curies":[{"name":"wp","href":"https:\/\/api.w.org\/{rel}","templated":true}]}}