{"id":600,"date":"2025-08-27T08:48:52","date_gmt":"2025-08-27T11:48:52","guid":{"rendered":"https:\/\/portalincluir.com.br\/?p=600"},"modified":"2025-08-27T08:50:10","modified_gmt":"2025-08-27T11:50:10","slug":"quando-o-perigo-esta-em-casa-acidentes-com-idosos-e-o-desafio-da-prevencao-no-brasil","status":"publish","type":"post","link":"https:\/\/portalincluir.com.br\/index.php\/2025\/08\/27\/quando-o-perigo-esta-em-casa-acidentes-com-idosos-e-o-desafio-da-prevencao-no-brasil\/","title":{"rendered":"Quando o perigo est\u00e1 em casa: acidentes com idosos e o desafio da preven\u00e7\u00e3o no Brasil"},"content":{"rendered":"\n<p>O lar, muitas vezes visto como um espa\u00e7o de acolhimento e seguran\u00e7a, pode esconder riscos silenciosos para a popula\u00e7\u00e3o idosa. Escadas sem corrim\u00e3o, tapetes soltos, ilumina\u00e7\u00e3o deficiente e superf\u00edcies escorregadias est\u00e3o entre os principais fatores que transformam as resid\u00eancias em cen\u00e1rios de acidentes graves \u2014 que, na maioria das vezes, poderiam ser evitados.<\/p>\n\n\n\n<p>Dados do Minist\u00e9rio da Sa\u00fade mostram que, entre 2023 e 2024, <strong>11.801 idosos morreram em decorr\u00eancia de acidentes ocorridos dentro de casa<\/strong>, sendo as <strong>quedas a principal causa<\/strong>. Entre os tipos mais comuns, destacam-se as quedas no mesmo n\u00edvel (4.813 \u00f3bitos), os escorreg\u00f5es e trope\u00e7os (2.537) e incidentes n\u00e3o especificados (902).<\/p>\n\n\n\n<p>No mesmo per\u00edodo, o <strong>Sistema de Informa\u00e7\u00f5es Hospitalares (SIH\/SUS)<\/strong> contabilizou <strong>328.355 interna\u00e7\u00f5es de pessoas com 65 anos ou mais<\/strong> relacionadas a esse tipo de ocorr\u00eancia.<\/p>\n\n\n\n<p>\u201c<strong>O que vemos nos dados \u00e9 alarmante: milhares de interna\u00e7\u00f5es e mortes poderiam ser evitadas com simples ajustes dom\u00e9sticos e cuidado di\u00e1rio<\/strong>\u201d, alerta o Dr. F\u00e1bio Gomes, coordenador de pr\u00e1ticas m\u00e9dicas do Hospital Alem\u00e3o Oswaldo Cruz.<\/p>\n\n\n\n<hr class=\"wp-block-separator has-alpha-channel-opacity\"\/>\n\n\n\n<h2 class=\"wp-block-heading\"><strong>Um problema dentro de casa<\/strong><\/h2>\n\n\n\n<p>Pesquisas indicam que <strong>70% dos acidentes envolvendo idosos acontecem em ambientes dom\u00e9sticos<\/strong>. Entre aqueles com 80 anos ou mais, cerca de <strong>40% sofrem pelo menos uma queda por ano<\/strong>.<\/p>\n\n\n\n<figure class=\"wp-block-image alignright size-large is-resized\"><img loading=\"lazy\" decoding=\"async\" width=\"1024\" height=\"260\" src=\"https:\/\/portalincluir.com.br\/wp-content\/uploads\/2025\/07\/ChatGPT-Image-28-de-jul.-de-2025-09_05_23-1-1024x260.png\" alt=\"Empresa parceira\" class=\"wp-image-568\" style=\"width:447px;height:auto\" srcset=\"https:\/\/portalincluir.com.br\/wp-content\/uploads\/2025\/07\/ChatGPT-Image-28-de-jul.-de-2025-09_05_23-1-1024x260.png 1024w, https:\/\/portalincluir.com.br\/wp-content\/uploads\/2025\/07\/ChatGPT-Image-28-de-jul.-de-2025-09_05_23-1-300x76.png 300w, https:\/\/portalincluir.com.br\/wp-content\/uploads\/2025\/07\/ChatGPT-Image-28-de-jul.-de-2025-09_05_23-1-768x195.png 768w, https:\/\/portalincluir.com.br\/wp-content\/uploads\/2025\/07\/ChatGPT-Image-28-de-jul.-de-2025-09_05_23-1.png 1488w\" sizes=\"auto, (max-width: 1024px) 100vw, 1024px\" \/><figcaption class=\"wp-element-caption\">Empresa parceira<\/figcaption><\/figure>\n\n\n\n<p>A enfermeira Priscila Matiussi, tamb\u00e9m do Hospital Alem\u00e3o Oswaldo Cruz, chama aten\u00e7\u00e3o para as consequ\u00eancias invis\u00edveis dessas ocorr\u00eancias:<\/p>\n\n\n\n<blockquote class=\"wp-block-quote is-layout-flow wp-block-quote-is-layout-flow\">\n<p>\u201cA queda frequentemente inicia um ciclo de isolamento, fragilidade e depend\u00eancia que compromete profundamente a qualidade de vida.\u201d<\/p>\n<\/blockquote>\n\n\n\n<hr class=\"wp-block-separator has-alpha-channel-opacity\"\/>\n\n\n\n<h2 class=\"wp-block-heading\"><strong>Fatores de risco e solu\u00e7\u00f5es acess\u00edveis<\/strong><\/h2>\n\n\n\n<p>Os principais riscos dentro das resid\u00eancias incluem:<\/p>\n\n\n\n<ul class=\"wp-block-list\">\n<li><strong>Tapetes soltos<\/strong> ou mal fixados<\/li>\n\n\n\n<li><strong>Superf\u00edcies escorregadias<\/strong><\/li>\n\n\n\n<li><strong>Ilumina\u00e7\u00e3o deficiente<\/strong>, especialmente \u00e0 noite<\/li>\n\n\n\n<li><strong>Banheiros sem barras de apoio<\/strong><\/li>\n\n\n\n<li><strong>Escadas sem corrim\u00e3o<\/strong><\/li>\n<\/ul>\n\n\n\n<p>Especialistas refor\u00e7am que a <strong>preven\u00e7\u00e3o \u00e9 simples e de baixo custo<\/strong>. Entre as medidas recomendadas est\u00e3o:<\/p>\n\n\n\n<ul class=\"wp-block-list\">\n<li>Fixar ou remover tapetes;<\/li>\n\n\n\n<li>Instalar <strong>barras de apoio<\/strong> em banheiros e corrim\u00e3os em escadas;<\/li>\n\n\n\n<li>Utilizar <strong>pisos antiderrapantes<\/strong>;<\/li>\n\n\n\n<li>Garantir <strong>boa ilumina\u00e7\u00e3o<\/strong> em corredores e quartos;<\/li>\n\n\n\n<li>Manter as \u00e1reas de circula\u00e7\u00e3o <strong>livres de obst\u00e1culos<\/strong> como fios e m\u00f3veis mal posicionados.<\/li>\n<\/ul>\n\n\n\n<p>Al\u00e9m das adapta\u00e7\u00f5es estruturais, o cuidado deve envolver tamb\u00e9m a <strong>aten\u00e7\u00e3o integral \u00e0 sa\u00fade<\/strong>. Avalia\u00e7\u00f5es regulares de vis\u00e3o, equil\u00edbrio e for\u00e7a muscular, assim como a revis\u00e3o de medicamentos que possam causar tontura, s\u00e3o medidas essenciais.<\/p>\n\n\n\n<p>A pr\u00e1tica de atividades f\u00edsicas \u2014 como caminhadas, pilates e dan\u00e7a adaptada \u2014 fortalece o corpo e melhora a coordena\u00e7\u00e3o motora, reduzindo significativamente os riscos.<\/p>\n\n\n\n<hr class=\"wp-block-separator has-alpha-channel-opacity\"\/>\n\n\n\n<h2 class=\"wp-block-heading\"><strong>Um compromisso coletivo<\/strong><\/h2>\n\n\n\n<p>Promover a seguran\u00e7a de pessoas idosas dentro de casa \u00e9 mais do que uma medida de sa\u00fade p\u00fablica. \u00c9 um gesto de respeito e responsabilidade social.<\/p>\n\n\n\n<p>\u201c<strong>Cada medida adotada, por menor que pare\u00e7a, contribui para preservar a autonomia, fortalecer v\u00ednculos familiares e garantir que o envelhecimento ocorra com mais dignidade<\/strong>\u201d, refor\u00e7a a equipe do Hospital Alem\u00e3o Oswaldo Cruz.<\/p>\n\n\n\n<p>O desafio \u00e9 coletivo: fam\u00edlias, profissionais de sa\u00fade, gestores p\u00fablicos e a sociedade precisam atuar juntos para transformar os lares em <strong>espa\u00e7os de cuidado e n\u00e3o de risco<\/strong>.<\/p>\n","protected":false},"excerpt":{"rendered":"<p>O lar, muitas vezes visto como um espa\u00e7o de acolhimento e seguran\u00e7a, pode esconder riscos<\/p>\n","protected":false},"author":1,"featured_media":601,"comment_status":"open","ping_status":"open","sticky":false,"template":"","format":"standard","meta":{"om_disable_all_campaigns":false,"_monsterinsights_skip_tracking":false,"_monsterinsights_sitenote_active":false,"_monsterinsights_sitenote_note":"","_monsterinsights_sitenote_category":0,"_uf_show_specific_survey":0,"_uf_disable_surveys":false,"footnotes":""},"categories":[19,9],"tags":[],"class_list":["post-600","post","type-post","status-publish","format-standard","has-post-thumbnail","hentry","category-idosos","category-noticias"],"yoast_head":"<!-- This site is optimized with the Yoast SEO plugin v27.4 - https:\/\/yoast.com\/product\/yoast-seo-wordpress\/ -->\n<title>Quando o perigo est\u00e1 em casa: acidentes com idosos e o desafio da preven\u00e7\u00e3o no Brasil - PORTAL INCLUIR<\/title>\n<meta name=\"robots\" content=\"index, follow, max-snippet:-1, max-image-preview:large, max-video-preview:-1\" \/>\n<link rel=\"canonical\" href=\"https:\/\/portalincluir.com.br\/index.php\/2025\/08\/27\/quando-o-perigo-esta-em-casa-acidentes-com-idosos-e-o-desafio-da-prevencao-no-brasil\/\" \/>\n<meta property=\"og:locale\" content=\"pt_BR\" \/>\n<meta property=\"og:type\" content=\"article\" \/>\n<meta property=\"og:title\" content=\"Quando o perigo est\u00e1 em casa: acidentes com idosos e o desafio da preven\u00e7\u00e3o no Brasil - PORTAL INCLUIR\" \/>\n<meta property=\"og:description\" content=\"O lar, muitas vezes visto como um espa\u00e7o de acolhimento e seguran\u00e7a, pode esconder riscos\" \/>\n<meta property=\"og:url\" content=\"https:\/\/portalincluir.com.br\/index.php\/2025\/08\/27\/quando-o-perigo-esta-em-casa-acidentes-com-idosos-e-o-desafio-da-prevencao-no-brasil\/\" \/>\n<meta property=\"og:site_name\" content=\"PORTAL INCLUIR\" \/>\n<meta property=\"article:published_time\" content=\"2025-08-27T11:48:52+00:00\" \/>\n<meta property=\"article:modified_time\" content=\"2025-08-27T11:50:10+00:00\" \/>\n<meta property=\"og:image\" content=\"https:\/\/portalincluir.com.br\/wp-content\/uploads\/2025\/08\/quedas-em-idosos.jpg.jpg\" \/>\n\t<meta property=\"og:image:width\" content=\"610\" \/>\n\t<meta property=\"og:image:height\" content=\"380\" \/>\n\t<meta property=\"og:image:type\" content=\"image\/jpeg\" \/>\n<meta name=\"author\" content=\"Portal Incluir\" \/>\n<meta name=\"twitter:card\" content=\"summary_large_image\" \/>\n<meta name=\"twitter:label1\" content=\"Escrito por\" \/>\n\t<meta name=\"twitter:data1\" content=\"Portal Incluir\" \/>\n\t<meta name=\"twitter:label2\" content=\"Est. tempo de leitura\" \/>\n\t<meta name=\"twitter:data2\" content=\"3 minutos\" \/>\n<script type=\"application\/ld+json\" class=\"yoast-schema-graph\">{\"@context\":\"https:\\\/\\\/schema.org\",\"@graph\":[{\"@type\":[\"Article\",\"BlogPosting\"],\"@id\":\"https:\\\/\\\/portalincluir.com.br\\\/index.php\\\/2025\\\/08\\\/27\\\/quando-o-perigo-esta-em-casa-acidentes-com-idosos-e-o-desafio-da-prevencao-no-brasil\\\/#article\",\"isPartOf\":{\"@id\":\"https:\\\/\\\/portalincluir.com.br\\\/index.php\\\/2025\\\/08\\\/27\\\/quando-o-perigo-esta-em-casa-acidentes-com-idosos-e-o-desafio-da-prevencao-no-brasil\\\/\"},\"author\":{\"name\":\"Portal Incluir\",\"@id\":\"https:\\\/\\\/portalincluir.com.br\\\/#\\\/schema\\\/person\\\/8823664e5902eee555607fb75c4c35ae\"},\"headline\":\"Quando o perigo est\u00e1 em casa: acidentes com idosos e o desafio da preven\u00e7\u00e3o no Brasil\",\"datePublished\":\"2025-08-27T11:48:52+00:00\",\"dateModified\":\"2025-08-27T11:50:10+00:00\",\"mainEntityOfPage\":{\"@id\":\"https:\\\/\\\/portalincluir.com.br\\\/index.php\\\/2025\\\/08\\\/27\\\/quando-o-perigo-esta-em-casa-acidentes-com-idosos-e-o-desafio-da-prevencao-no-brasil\\\/\"},\"wordCount\":546,\"commentCount\":0,\"image\":{\"@id\":\"https:\\\/\\\/portalincluir.com.br\\\/index.php\\\/2025\\\/08\\\/27\\\/quando-o-perigo-esta-em-casa-acidentes-com-idosos-e-o-desafio-da-prevencao-no-brasil\\\/#primaryimage\"},\"thumbnailUrl\":\"https:\\\/\\\/portalincluir.com.br\\\/wp-content\\\/uploads\\\/2025\\\/08\\\/quedas-em-idosos.jpg.jpg\",\"articleSection\":[\"Idosos\",\"Not\u00edcias\"],\"inLanguage\":\"pt-BR\",\"potentialAction\":[{\"@type\":\"CommentAction\",\"name\":\"Comment\",\"target\":[\"https:\\\/\\\/portalincluir.com.br\\\/index.php\\\/2025\\\/08\\\/27\\\/quando-o-perigo-esta-em-casa-acidentes-com-idosos-e-o-desafio-da-prevencao-no-brasil\\\/#respond\"]}]},{\"@type\":\"WebPage\",\"@id\":\"https:\\\/\\\/portalincluir.com.br\\\/index.php\\\/2025\\\/08\\\/27\\\/quando-o-perigo-esta-em-casa-acidentes-com-idosos-e-o-desafio-da-prevencao-no-brasil\\\/\",\"url\":\"https:\\\/\\\/portalincluir.com.br\\\/index.php\\\/2025\\\/08\\\/27\\\/quando-o-perigo-esta-em-casa-acidentes-com-idosos-e-o-desafio-da-prevencao-no-brasil\\\/\",\"name\":\"Quando o perigo est\u00e1 em casa: acidentes com idosos e o desafio da preven\u00e7\u00e3o no Brasil - PORTAL INCLUIR\",\"isPartOf\":{\"@id\":\"https:\\\/\\\/portalincluir.com.br\\\/#website\"},\"primaryImageOfPage\":{\"@id\":\"https:\\\/\\\/portalincluir.com.br\\\/index.php\\\/2025\\\/08\\\/27\\\/quando-o-perigo-esta-em-casa-acidentes-com-idosos-e-o-desafio-da-prevencao-no-brasil\\\/#primaryimage\"},\"image\":{\"@id\":\"https:\\\/\\\/portalincluir.com.br\\\/index.php\\\/2025\\\/08\\\/27\\\/quando-o-perigo-esta-em-casa-acidentes-com-idosos-e-o-desafio-da-prevencao-no-brasil\\\/#primaryimage\"},\"thumbnailUrl\":\"https:\\\/\\\/portalincluir.com.br\\\/wp-content\\\/uploads\\\/2025\\\/08\\\/quedas-em-idosos.jpg.jpg\",\"datePublished\":\"2025-08-27T11:48:52+00:00\",\"dateModified\":\"2025-08-27T11:50:10+00:00\",\"author\":{\"@id\":\"https:\\\/\\\/portalincluir.com.br\\\/#\\\/schema\\\/person\\\/8823664e5902eee555607fb75c4c35ae\"},\"breadcrumb\":{\"@id\":\"https:\\\/\\\/portalincluir.com.br\\\/index.php\\\/2025\\\/08\\\/27\\\/quando-o-perigo-esta-em-casa-acidentes-com-idosos-e-o-desafio-da-prevencao-no-brasil\\\/#breadcrumb\"},\"inLanguage\":\"pt-BR\",\"potentialAction\":[{\"@type\":\"ReadAction\",\"target\":[\"https:\\\/\\\/portalincluir.com.br\\\/index.php\\\/2025\\\/08\\\/27\\\/quando-o-perigo-esta-em-casa-acidentes-com-idosos-e-o-desafio-da-prevencao-no-brasil\\\/\"]}]},{\"@type\":\"ImageObject\",\"inLanguage\":\"pt-BR\",\"@id\":\"https:\\\/\\\/portalincluir.com.br\\\/index.php\\\/2025\\\/08\\\/27\\\/quando-o-perigo-esta-em-casa-acidentes-com-idosos-e-o-desafio-da-prevencao-no-brasil\\\/#primaryimage\",\"url\":\"https:\\\/\\\/portalincluir.com.br\\\/wp-content\\\/uploads\\\/2025\\\/08\\\/quedas-em-idosos.jpg.jpg\",\"contentUrl\":\"https:\\\/\\\/portalincluir.com.br\\\/wp-content\\\/uploads\\\/2025\\\/08\\\/quedas-em-idosos.jpg.jpg\",\"width\":610,\"height\":380,\"caption\":\"Imagem: Site Conecta Pato Branco\"},{\"@type\":\"BreadcrumbList\",\"@id\":\"https:\\\/\\\/portalincluir.com.br\\\/index.php\\\/2025\\\/08\\\/27\\\/quando-o-perigo-esta-em-casa-acidentes-com-idosos-e-o-desafio-da-prevencao-no-brasil\\\/#breadcrumb\",\"itemListElement\":[{\"@type\":\"ListItem\",\"position\":1,\"name\":\"In\u00edcio\",\"item\":\"https:\\\/\\\/portalincluir.com.br\\\/\"},{\"@type\":\"ListItem\",\"position\":2,\"name\":\"Quando o perigo est\u00e1 em casa: acidentes com idosos e o desafio da preven\u00e7\u00e3o no Brasil\"}]},{\"@type\":\"WebSite\",\"@id\":\"https:\\\/\\\/portalincluir.com.br\\\/#website\",\"url\":\"https:\\\/\\\/portalincluir.com.br\\\/\",\"name\":\"PORTAL INCLUIR\",\"description\":\"\",\"potentialAction\":[{\"@type\":\"SearchAction\",\"target\":{\"@type\":\"EntryPoint\",\"urlTemplate\":\"https:\\\/\\\/portalincluir.com.br\\\/?s={search_term_string}\"},\"query-input\":{\"@type\":\"PropertyValueSpecification\",\"valueRequired\":true,\"valueName\":\"search_term_string\"}}],\"inLanguage\":\"pt-BR\"},{\"@type\":\"Person\",\"@id\":\"https:\\\/\\\/portalincluir.com.br\\\/#\\\/schema\\\/person\\\/8823664e5902eee555607fb75c4c35ae\",\"name\":\"Portal Incluir\",\"image\":{\"@type\":\"ImageObject\",\"inLanguage\":\"pt-BR\",\"@id\":\"https:\\\/\\\/secure.gravatar.com\\\/avatar\\\/12085fe17e70c3550551519fe1f8f51fae69b1748563a47fc3bea53d91fbcbbd?s=96&d=mm&r=g\",\"url\":\"https:\\\/\\\/secure.gravatar.com\\\/avatar\\\/12085fe17e70c3550551519fe1f8f51fae69b1748563a47fc3bea53d91fbcbbd?s=96&d=mm&r=g\",\"contentUrl\":\"https:\\\/\\\/secure.gravatar.com\\\/avatar\\\/12085fe17e70c3550551519fe1f8f51fae69b1748563a47fc3bea53d91fbcbbd?s=96&d=mm&r=g\",\"caption\":\"Portal Incluir\"},\"sameAs\":[\"http:\\\/\\\/portalincluir.com.br\"],\"url\":\"https:\\\/\\\/portalincluir.com.br\\\/index.php\\\/author\\\/portalincluir-com-br\\\/\"}]}<\/script>\n<!-- \/ Yoast SEO plugin. -->","yoast_head_json":{"title":"Quando o perigo est\u00e1 em casa: acidentes com idosos e o desafio da preven\u00e7\u00e3o no Brasil - PORTAL INCLUIR","robots":{"index":"index","follow":"follow","max-snippet":"max-snippet:-1","max-image-preview":"max-image-preview:large","max-video-preview":"max-video-preview:-1"},"canonical":"https:\/\/portalincluir.com.br\/index.php\/2025\/08\/27\/quando-o-perigo-esta-em-casa-acidentes-com-idosos-e-o-desafio-da-prevencao-no-brasil\/","og_locale":"pt_BR","og_type":"article","og_title":"Quando o perigo est\u00e1 em casa: acidentes com idosos e o desafio da preven\u00e7\u00e3o no Brasil - PORTAL INCLUIR","og_description":"O lar, muitas vezes visto como um espa\u00e7o de acolhimento e seguran\u00e7a, pode esconder riscos","og_url":"https:\/\/portalincluir.com.br\/index.php\/2025\/08\/27\/quando-o-perigo-esta-em-casa-acidentes-com-idosos-e-o-desafio-da-prevencao-no-brasil\/","og_site_name":"PORTAL INCLUIR","article_published_time":"2025-08-27T11:48:52+00:00","article_modified_time":"2025-08-27T11:50:10+00:00","og_image":[{"width":610,"height":380,"url":"https:\/\/portalincluir.com.br\/wp-content\/uploads\/2025\/08\/quedas-em-idosos.jpg.jpg","type":"image\/jpeg"}],"author":"Portal Incluir","twitter_card":"summary_large_image","twitter_misc":{"Escrito por":"Portal Incluir","Est. tempo de leitura":"3 minutos"},"schema":{"@context":"https:\/\/schema.org","@graph":[{"@type":["Article","BlogPosting"],"@id":"https:\/\/portalincluir.com.br\/index.php\/2025\/08\/27\/quando-o-perigo-esta-em-casa-acidentes-com-idosos-e-o-desafio-da-prevencao-no-brasil\/#article","isPartOf":{"@id":"https:\/\/portalincluir.com.br\/index.php\/2025\/08\/27\/quando-o-perigo-esta-em-casa-acidentes-com-idosos-e-o-desafio-da-prevencao-no-brasil\/"},"author":{"name":"Portal Incluir","@id":"https:\/\/portalincluir.com.br\/#\/schema\/person\/8823664e5902eee555607fb75c4c35ae"},"headline":"Quando o perigo est\u00e1 em casa: acidentes com idosos e o desafio da preven\u00e7\u00e3o no Brasil","datePublished":"2025-08-27T11:48:52+00:00","dateModified":"2025-08-27T11:50:10+00:00","mainEntityOfPage":{"@id":"https:\/\/portalincluir.com.br\/index.php\/2025\/08\/27\/quando-o-perigo-esta-em-casa-acidentes-com-idosos-e-o-desafio-da-prevencao-no-brasil\/"},"wordCount":546,"commentCount":0,"image":{"@id":"https:\/\/portalincluir.com.br\/index.php\/2025\/08\/27\/quando-o-perigo-esta-em-casa-acidentes-com-idosos-e-o-desafio-da-prevencao-no-brasil\/#primaryimage"},"thumbnailUrl":"https:\/\/portalincluir.com.br\/wp-content\/uploads\/2025\/08\/quedas-em-idosos.jpg.jpg","articleSection":["Idosos","Not\u00edcias"],"inLanguage":"pt-BR","potentialAction":[{"@type":"CommentAction","name":"Comment","target":["https:\/\/portalincluir.com.br\/index.php\/2025\/08\/27\/quando-o-perigo-esta-em-casa-acidentes-com-idosos-e-o-desafio-da-prevencao-no-brasil\/#respond"]}]},{"@type":"WebPage","@id":"https:\/\/portalincluir.com.br\/index.php\/2025\/08\/27\/quando-o-perigo-esta-em-casa-acidentes-com-idosos-e-o-desafio-da-prevencao-no-brasil\/","url":"https:\/\/portalincluir.com.br\/index.php\/2025\/08\/27\/quando-o-perigo-esta-em-casa-acidentes-com-idosos-e-o-desafio-da-prevencao-no-brasil\/","name":"Quando o perigo est\u00e1 em casa: acidentes com idosos e o desafio da preven\u00e7\u00e3o no Brasil - PORTAL INCLUIR","isPartOf":{"@id":"https:\/\/portalincluir.com.br\/#website"},"primaryImageOfPage":{"@id":"https:\/\/portalincluir.com.br\/index.php\/2025\/08\/27\/quando-o-perigo-esta-em-casa-acidentes-com-idosos-e-o-desafio-da-prevencao-no-brasil\/#primaryimage"},"image":{"@id":"https:\/\/portalincluir.com.br\/index.php\/2025\/08\/27\/quando-o-perigo-esta-em-casa-acidentes-com-idosos-e-o-desafio-da-prevencao-no-brasil\/#primaryimage"},"thumbnailUrl":"https:\/\/portalincluir.com.br\/wp-content\/uploads\/2025\/08\/quedas-em-idosos.jpg.jpg","datePublished":"2025-08-27T11:48:52+00:00","dateModified":"2025-08-27T11:50:10+00:00","author":{"@id":"https:\/\/portalincluir.com.br\/#\/schema\/person\/8823664e5902eee555607fb75c4c35ae"},"breadcrumb":{"@id":"https:\/\/portalincluir.com.br\/index.php\/2025\/08\/27\/quando-o-perigo-esta-em-casa-acidentes-com-idosos-e-o-desafio-da-prevencao-no-brasil\/#breadcrumb"},"inLanguage":"pt-BR","potentialAction":[{"@type":"ReadAction","target":["https:\/\/portalincluir.com.br\/index.php\/2025\/08\/27\/quando-o-perigo-esta-em-casa-acidentes-com-idosos-e-o-desafio-da-prevencao-no-brasil\/"]}]},{"@type":"ImageObject","inLanguage":"pt-BR","@id":"https:\/\/portalincluir.com.br\/index.php\/2025\/08\/27\/quando-o-perigo-esta-em-casa-acidentes-com-idosos-e-o-desafio-da-prevencao-no-brasil\/#primaryimage","url":"https:\/\/portalincluir.com.br\/wp-content\/uploads\/2025\/08\/quedas-em-idosos.jpg.jpg","contentUrl":"https:\/\/portalincluir.com.br\/wp-content\/uploads\/2025\/08\/quedas-em-idosos.jpg.jpg","width":610,"height":380,"caption":"Imagem: Site Conecta Pato Branco"},{"@type":"BreadcrumbList","@id":"https:\/\/portalincluir.com.br\/index.php\/2025\/08\/27\/quando-o-perigo-esta-em-casa-acidentes-com-idosos-e-o-desafio-da-prevencao-no-brasil\/#breadcrumb","itemListElement":[{"@type":"ListItem","position":1,"name":"In\u00edcio","item":"https:\/\/portalincluir.com.br\/"},{"@type":"ListItem","position":2,"name":"Quando o perigo est\u00e1 em casa: acidentes com idosos e o desafio da preven\u00e7\u00e3o no Brasil"}]},{"@type":"WebSite","@id":"https:\/\/portalincluir.com.br\/#website","url":"https:\/\/portalincluir.com.br\/","name":"PORTAL INCLUIR","description":"","potentialAction":[{"@type":"SearchAction","target":{"@type":"EntryPoint","urlTemplate":"https:\/\/portalincluir.com.br\/?s={search_term_string}"},"query-input":{"@type":"PropertyValueSpecification","valueRequired":true,"valueName":"search_term_string"}}],"inLanguage":"pt-BR"},{"@type":"Person","@id":"https:\/\/portalincluir.com.br\/#\/schema\/person\/8823664e5902eee555607fb75c4c35ae","name":"Portal Incluir","image":{"@type":"ImageObject","inLanguage":"pt-BR","@id":"https:\/\/secure.gravatar.com\/avatar\/12085fe17e70c3550551519fe1f8f51fae69b1748563a47fc3bea53d91fbcbbd?s=96&d=mm&r=g","url":"https:\/\/secure.gravatar.com\/avatar\/12085fe17e70c3550551519fe1f8f51fae69b1748563a47fc3bea53d91fbcbbd?s=96&d=mm&r=g","contentUrl":"https:\/\/secure.gravatar.com\/avatar\/12085fe17e70c3550551519fe1f8f51fae69b1748563a47fc3bea53d91fbcbbd?s=96&d=mm&r=g","caption":"Portal Incluir"},"sameAs":["http:\/\/portalincluir.com.br"],"url":"https:\/\/portalincluir.com.br\/index.php\/author\/portalincluir-com-br\/"}]}},"_links":{"self":[{"href":"https:\/\/portalincluir.com.br\/index.php\/wp-json\/wp\/v2\/posts\/600","targetHints":{"allow":["GET"]}}],"collection":[{"href":"https:\/\/portalincluir.com.br\/index.php\/wp-json\/wp\/v2\/posts"}],"about":[{"href":"https:\/\/portalincluir.com.br\/index.php\/wp-json\/wp\/v2\/types\/post"}],"author":[{"embeddable":true,"href":"https:\/\/portalincluir.com.br\/index.php\/wp-json\/wp\/v2\/users\/1"}],"replies":[{"embeddable":true,"href":"https:\/\/portalincluir.com.br\/index.php\/wp-json\/wp\/v2\/comments?post=600"}],"version-history":[{"count":2,"href":"https:\/\/portalincluir.com.br\/index.php\/wp-json\/wp\/v2\/posts\/600\/revisions"}],"predecessor-version":[{"id":603,"href":"https:\/\/portalincluir.com.br\/index.php\/wp-json\/wp\/v2\/posts\/600\/revisions\/603"}],"wp:featuredmedia":[{"embeddable":true,"href":"https:\/\/portalincluir.com.br\/index.php\/wp-json\/wp\/v2\/media\/601"}],"wp:attachment":[{"href":"https:\/\/portalincluir.com.br\/index.php\/wp-json\/wp\/v2\/media?parent=600"}],"wp:term":[{"taxonomy":"category","embeddable":true,"href":"https:\/\/portalincluir.com.br\/index.php\/wp-json\/wp\/v2\/categories?post=600"},{"taxonomy":"post_tag","embeddable":true,"href":"https:\/\/portalincluir.com.br\/index.php\/wp-json\/wp\/v2\/tags?post=600"}],"curies":[{"name":"wp","href":"https:\/\/api.w.org\/{rel}","templated":true}]}}